{"id":5795,"date":"2015-01-11T14:09:46","date_gmt":"2015-01-11T12:09:46","guid":{"rendered":"http:\/\/balcilar-blog.com\/?p=5795"},"modified":"2015-01-12T11:36:11","modified_gmt":"2015-01-12T09:36:11","slug":"burak-ozcivitin-yeni-dizi-partneri-neslihan-atagul-oldu","status":"publish","type":"post","link":"https:\/\/balcilar-blog.com\/?p=5795","title":{"rendered":"Burak \u00d6z\u00e7ivit\u2019in yeni dizi Partneri, Neslihan Atag\u00fcl oldu!"},"content":{"rendered":"<p><a href=\"http:\/\/balcilar-blog.com\/wp-content\/uploads\/2015\/01\/100120151346069519986.jpg\"><img loading=\"lazy\" decoding=\"async\" class=\"alignnone size-full wp-image-5797\" src=\"http:\/\/balcilar-blog.com\/wp-content\/uploads\/2015\/01\/100120151346069519986.jpg\" alt=\"100120151346069519986\" width=\"650\" height=\"365\" srcset=\"https:\/\/balcilar-blog.com\/wp-content\/uploads\/2015\/01\/100120151346069519986.jpg 650w, https:\/\/balcilar-blog.com\/wp-content\/uploads\/2015\/01\/100120151346069519986-300x168.jpg 300w\" sizes=\"auto, (max-width: 650px) 100vw, 650px\" \/><\/a><\/p>\n<p>Burak \u00d6z\u00e7ivit ge\u00e7ti\u011fimiz y\u0131l Star Tv ile anla\u015fm\u0131\u015f, bundan b\u00f6yle Ay Yap\u0131m ile \u00e7al\u0131\u015faca\u011f\u0131n\u0131 duyurmu\u015ftu. \u015eimdi de yeni dizisinde Neslihan Atag\u00fcl ile partner oldu.<\/p>\n<p>Aslen Gaziantep&#8217;li olan 1984 \u0130stanbul do\u011fumlu Burak \u00d6z\u00e7ivit, eski mankendir. \u00d6z\u00e7ivit, 2005 Best Model of Turkey yar\u0131\u015fmas\u0131na kat\u0131lm\u0131\u015f, birinci olmu\u015ftur. Buna ba\u011fl\u0131 olarak da Best Model of The Word&#8217;e kat\u0131lm\u0131\u015f ve d\u00fcnyan\u0131n en iyi ikinci mankeni se\u00e7ilmi\u015ftir. Faruk Sara\u00e7, Abbate, Tween ve Network gibi markalar\u0131n defileleri ve yurt d\u0131\u015f\u0131 fuar defilelerinde g\u00f6rev alm\u0131\u015ft\u0131r.<\/p>\n<p>\u0130lk Oyunculuk deneyimini Eksi 18 dizisinde gen\u00e7 komiser Murat&#8217;\u0131 canland\u0131rarak ba\u015flam\u0131\u015ft\u0131r. Kas\u0131m 2007&#8217;de g\u00f6sterime giren Musallat isimli sinema filminde rol alm\u0131\u015ft\u0131r.<\/p>\n<p>Kanal D&#8217;de yay\u0131nlanan ve y\u00f6netmenli\u011fini Kartal Tibet&#8217;in yapt\u0131\u011f\u0131 &#8216;Zoraki Koca&#8217; adl\u0131 dizide oynam\u0131\u015ft\u0131r. 2008 yaz aylar\u0131nda &#8216;Baba Oca\u011f\u0131&#8217; adl\u0131 dizide G\u00fcven adl\u0131 karakteri canland\u0131rm\u0131\u015f ve \u00e7ok sevilmi\u015ftir. Daha sonra, &#8216;K\u00fc\u00e7\u00fck S\u0131rlar&#8217; adl\u0131 dizide &#8216;\u00c7etin&#8217; karakterini canland\u0131rm\u0131\u015ft\u0131r.<\/p>\n<p>2011-2012 y\u0131llar\u0131nda Muhte\u015fem Y\u00fczy\u0131l dizisinde Malko\u00e7o\u011flu karakterini canland\u0131rm\u0131\u015ft\u0131. 2013 y\u0131l\u0131nda Re\u015fat Nuri G\u00fcntekin&#8217;in ayn\u0131 adl\u0131 roman\u0131ndan uyarlanan &#8216;\u00c7al\u0131ku\u015fu&#8217; dizisinde &#8216;Kamran&#8217; rol\u00fcn\u00fc canland\u0131rm\u0131\u015ft\u0131r.<\/p>\n<p>Ge\u00e7en y\u0131l Fahriye Evcen ile oynad\u0131\u011f\u0131 sinema filmini bitiren \u00d6z\u00e7ivit bombay\u0131 parlatt\u0131 ve Neslihan Atag\u00fcl ile Partner oldu. \u00c7ok yak\u0131nda da yeni dizisinin \u00e7ekimlerini ba\u015fl\u0131yor.<\/p>\n<p>Senaryosunu \u00d6zlem Y\u0131lmaz ile An\u0131l Eke\u2019nin kaleme alaca\u011f\u0131 dizide, \u00e7ok fakirken birdenbire zenginle\u015fen bir genci canland\u0131racakm\u0131\u015f. Yak\u0131\u015f\u0131kl\u0131 oyuncu Burak \u00d6z\u00e7ivit, Neslihan ile tutkulu bir a\u015fk\u0131n kahraman\u0131 olacakm\u0131\u015f.<\/p>\n<p>Ay Yap\u0131m\u2019\u0131n yap\u0131mc\u0131s\u0131 oldu\u011fu dizinin ad\u0131 hen\u00fcz a\u00e7\u0131klanmad\u0131. Star Tv. ekranlar\u0131nda yay\u0131nlanacak.<\/p>\n<p><a href=\"http:\/\/balcilar-blog.com\/wp-content\/uploads\/2015\/01\/maxresdefault.jpg\"><img loading=\"lazy\" decoding=\"async\" class=\"alignnone size-medium wp-image-5800\" src=\"http:\/\/balcilar-blog.com\/wp-content\/uploads\/2015\/01\/maxresdefault-300x196.jpg\" alt=\"maxresdefault\" width=\"300\" height=\"196\" srcset=\"https:\/\/balcilar-blog.com\/wp-content\/uploads\/2015\/01\/maxresdefault-300x196.jpg 300w, https:\/\/balcilar-blog.com\/wp-content\/uploads\/2015\/01\/maxresdefault.jpg 850w\" sizes=\"auto, (max-width: 300px) 100vw, 300px\" \/><\/a><\/p>\n<p>Burak \u00d6z\u00e7ivit \u015fu s\u0131ralarda Fahriye Evcen ile birlikte oynad\u0131klar\u0131 \u00a0\u2018A\u015fk Sana Benzer\u2019 in 23 Ocak\u2019ta Vizyona girecek yeni sinema filmin heyecan\u0131n\u0131 ya\u015f\u0131yor.<\/p>\n<p><a href=\"http:\/\/balcilar-blog.com\/wp-content\/uploads\/2015\/01\/images.jpg\"><img loading=\"lazy\" decoding=\"async\" class=\"alignnone size-full wp-image-5798\" src=\"http:\/\/balcilar-blog.com\/wp-content\/uploads\/2015\/01\/images.jpg\" alt=\"images\" width=\"240\" height=\"180\" \/><\/a><\/p>\n<p>Neslihan Atag\u00fcl de oynayaca\u011f\u0131 bu diziye ba\u015flamadan, \u015fu s\u0131ralarda \u00e7ekimleri devam eden Abdullah O\u011fuz\u2019un \u2018Senden Bana Kalan\u2019 filmini bitirecek. Bu filmde Elif ile \u00d6zg\u00fcr adl\u0131 iki gencin a\u015fk\u0131n\u0131 anlatan filmde Ekin Ko\u00e7 ile oynuyor. Filmin \u00e7ekimleri Ayval\u0131k ve Adatepe\u2019de devam ediyormu\u015f.<\/p>\n<p><a href=\"http:\/\/balcilar-blog.com\/wp-content\/uploads\/2015\/01\/kadir-dogulu-neslihan-atagul-01.jpg\"><img loading=\"lazy\" decoding=\"async\" class=\"alignnone size-medium wp-image-5796\" src=\"http:\/\/balcilar-blog.com\/wp-content\/uploads\/2015\/01\/kadir-dogulu-neslihan-atagul-01-300x199.jpg\" alt=\"kadir-dogulu-neslihan-atagul-01\" width=\"300\" height=\"199\" srcset=\"https:\/\/balcilar-blog.com\/wp-content\/uploads\/2015\/01\/kadir-dogulu-neslihan-atagul-01-300x199.jpg 300w, https:\/\/balcilar-blog.com\/wp-content\/uploads\/2015\/01\/kadir-dogulu-neslihan-atagul-01.jpg 620w\" sizes=\"auto, (max-width: 300px) 100vw, 300px\" \/><\/a><\/p>\n<p>Neslihan Atag\u00fcl ge\u00e7ti\u011fimiz y\u0131l 50.b\u00f6l\u00fcmde final yapan \u2018Fatih Harbiye\u2019 dizisinde Neriman karakterini oynam\u0131\u015ft\u0131. Kadir do\u011fulu ile \u00e7ok g\u00fczel bir ikili olu\u015fturmu\u015flar, Neriman-Macit a\u015fk\u0131n\u0131 ya\u015fatm\u0131\u015flard\u0131. Kadir Do\u011fulu da \u015fu s\u0131ralarda Atv\u2019nin \u2018Sevdam Alabora\u2019 adl\u0131 yeni dizi \u00e7ekimlerini El\u00e7in Sangu ile devam ediyor.<\/p>\n<p><a href=\"http:\/\/balcilar-blog.com\/wp-content\/uploads\/2015\/01\/burak_ozcivit_neslihan_atagul.jpg\"><img loading=\"lazy\" decoding=\"async\" class=\"alignnone size-full wp-image-5802\" src=\"http:\/\/balcilar-blog.com\/wp-content\/uploads\/2015\/01\/burak_ozcivit_neslihan_atagul.jpg\" alt=\"burak_ozcivit_neslihan_atagul\" width=\"600\" height=\"400\" srcset=\"https:\/\/balcilar-blog.com\/wp-content\/uploads\/2015\/01\/burak_ozcivit_neslihan_atagul.jpg 600w, https:\/\/balcilar-blog.com\/wp-content\/uploads\/2015\/01\/burak_ozcivit_neslihan_atagul-300x200.jpg 300w\" sizes=\"auto, (max-width: 600px) 100vw, 600px\" \/><\/a><\/p>\n<p>Burak \u00d6z\u00e7ivit ile Neslihan Atag\u00fcl\u2019\u00fcn yeni dizileri Star Tv\u2019de, muhtemelen \u015eubat ay\u0131 i\u00e7inde ekranlara gelece\u011fi tahmin ediliyor.<\/p>\n<p>Burak \u00d6z\u00e7ivit ve Neslihan Atag\u00fcl\u2019e yeni dizilerinde ba\u015far\u0131lar ve de uzun soluklu bir yap\u0131m olmas\u0131n\u0131 dilerim.<\/p>\n<p>&nbsp;<\/p>\n<p>\u015eimdiden iyi Seyirler.<\/p>\n<p>Sayg\u0131lar, sevgiler.<\/p>\n<p>Abdurrahman Balc\u0131lar<\/p>\n<p>Twitter: abdurrahman balc\u0131lar@abbalcilar<\/p>\n<p>Mail : <a href=\"mailto:ab.balcilar@hotmail.com\">ab.balcilar@hotmail.com<\/a><\/p>\n<p>Blog: milliyet.com.tr\/cansever<\/p>\n<p>Blog: balcilar-blog.com<\/p>\n<p>Not: G\u00f6rseller internetten al\u0131nm\u0131\u015ft\u0131r.<\/p>\n<p>&nbsp;<\/p>\n<p>&nbsp;<\/p>\n","protected":false},"excerpt":{"rendered":"<p>Burak \u00d6z\u00e7ivit ge\u00e7ti\u011fimiz y\u0131l Star Tv ile anla\u015fm\u0131\u015f, bundan b\u00f6yle Ay Yap\u0131m ile \u00e7al\u0131\u015faca\u011f\u0131n\u0131 duyurmu\u015ftu. \u015eimdi de yeni dizisinde Neslihan Atag\u00fcl ile partner oldu. Aslen Gaziantep&#8217;li olan 1984 \u0130stanbul do\u011fumlu Burak \u00d6z\u00e7ivit, eski mankendir. \u00d6z\u00e7ivit, 2005 Best Model of Turkey yar\u0131\u015fmas\u0131na kat\u0131lm\u0131\u015f, birinci olmu\u015ftur. Buna ba\u011fl\u0131 olarak da Best Model of The Word&#8217;e kat\u0131lm\u0131\u015f ve [&hellip;]<\/p>\n","protected":false},"author":3,"featured_media":0,"comment_status":"open","ping_status":"open","sticky":false,"template":"","format":"standard","meta":{"footnotes":""},"categories":[2],"tags":[26,409,119,25],"class_list":["post-5795","post","type-post","status-publish","format-standard","hentry","category-tv-programlari","tag-ay-yapim","tag-burak-ozcivit","tag-neslihan-atagul","tag-star-tv"],"views":14571,"blog_post_layout_featured_media_urls":{"thumbnail":"","full":""},"categories_names":{"2":{"name":"TV Programlar\u0131","link":"https:\/\/balcilar-blog.com\/?cat=2"}},"tags_names":{"26":{"name":"Ay Yap\u0131m","link":"https:\/\/balcilar-blog.com\/?tag=ay-yapim"},"409":{"name":"Burak \u00d6z\u00e7ivit","link":"https:\/\/balcilar-blog.com\/?tag=burak-ozcivit"},"119":{"name":"Neslihan Atag\u00fcl","link":"https:\/\/balcilar-blog.com\/?tag=neslihan-atagul"},"25":{"name":"Star Tv","link":"https:\/\/balcilar-blog.com\/?tag=star-tv"}},"comments_number":"0","wpmagazine_modules_lite_featured_media_urls":{"thumbnail":"","cvmm-medium":"","cvmm-medium-plus":"","cvmm-portrait":"","cvmm-medium-square":"","cvmm-large":"","cvmm-small":"","full":""},"_links":{"self":[{"href":"https:\/\/balcilar-blog.com\/index.php?rest_route=\/wp\/v2\/posts\/5795","targetHints":{"allow":["GET"]}}],"collection":[{"href":"https:\/\/balcilar-blog.com\/index.php?rest_route=\/wp\/v2\/posts"}],"about":[{"href":"https:\/\/balcilar-blog.com\/index.php?rest_route=\/wp\/v2\/types\/post"}],"author":[{"embeddable":true,"href":"https:\/\/balcilar-blog.com\/index.php?rest_route=\/wp\/v2\/users\/3"}],"replies":[{"embeddable":true,"href":"https:\/\/balcilar-blog.com\/index.php?rest_route=%2Fwp%2Fv2%2Fcomments&post=5795"}],"version-history":[{"count":4,"href":"https:\/\/balcilar-blog.com\/index.php?rest_route=\/wp\/v2\/posts\/5795\/revisions"}],"predecessor-version":[{"id":5806,"href":"https:\/\/balcilar-blog.com\/index.php?rest_route=\/wp\/v2\/posts\/5795\/revisions\/5806"}],"wp:attachment":[{"href":"https:\/\/balcilar-blog.com\/index.php?rest_route=%2Fwp%2Fv2%2Fmedia&parent=5795"}],"wp:term":[{"taxonomy":"category","embeddable":true,"href":"https:\/\/balcilar-blog.com\/index.php?rest_route=%2Fwp%2Fv2%2Fcategories&post=5795"},{"taxonomy":"post_tag","embeddable":true,"href":"https:\/\/balcilar-blog.com\/index.php?rest_route=%2Fwp%2Fv2%2Ftags&post=5795"}],"curies":[{"name":"wp","href":"https:\/\/api.w.org\/{rel}","templated":true}]}}