{"id":5761,"date":"2015-01-10T19:25:54","date_gmt":"2015-01-10T17:25:54","guid":{"rendered":"http:\/\/balcilar-blog.com\/?p=5761"},"modified":"2015-01-12T22:38:28","modified_gmt":"2015-01-12T20:38:28","slug":"medcezirin-55-bolumunde-reytingler-taban-yapti-sebebi-ne","status":"publish","type":"post","link":"https:\/\/balcilar-blog.com\/?p=5761","title":{"rendered":"Medcezir\u2019in 55.B\u00f6l\u00fcm\u00fcnde reytingler taban yapt\u0131! Sebebi ne?"},"content":{"rendered":"<p><a href=\"http:\/\/balcilar-blog.com\/wp-content\/uploads\/2015\/01\/B7ATlS7IcAA28F8.jpg-large.jpg\"><img loading=\"lazy\" decoding=\"async\" class=\"alignnone size-full wp-image-5793\" src=\"http:\/\/balcilar-blog.com\/wp-content\/uploads\/2015\/01\/B7ATlS7IcAA28F8.jpg-large.jpg\" alt=\"B7ATlS7IcAA28F8.jpg large\" width=\"420\" height=\"574\" srcset=\"https:\/\/balcilar-blog.com\/wp-content\/uploads\/2015\/01\/B7ATlS7IcAA28F8.jpg-large.jpg 420w, https:\/\/balcilar-blog.com\/wp-content\/uploads\/2015\/01\/B7ATlS7IcAA28F8.jpg-large-220x300.jpg 220w\" sizes=\"auto, (max-width: 420px) 100vw, 420px\" \/><\/a><\/p>\n<p>Star Tv\u2019in fenomen dizisi Medcezir d\u00fcn gece sade bir b\u00f6l\u00fcm ile kar\u015f\u0131m\u0131zdayd\u0131. Sade diyorum, s\u0131radan bir b\u00f6l\u00fcmd\u00fc ve reytingleri resmen taban yapt\u0131. Bu g\u00fcne kadar g\u00f6sterilen 54 b\u00f6l\u00fcm\u00fcn en d\u00fc\u015f\u00fck reytinglerini alm\u0131\u015f. AB\u2019de 4.s\u0131rada, Total\u2019de 5.s\u0131rada yer alm\u0131\u015f. Niye bu kadar reytingleri d\u00fc\u015ft\u00fc diye d\u00fc\u015f\u00fcnmeden de edemedim. Burada senarist su\u00e7lu Ece Y\u00f6ren\u00e7 mi? Say\u0131n Y\u00f6ren\u00e7, senaryoyu yazarken hat\u0131r g\u00f6n\u00fcl meselesi yap\u0131yor mu? Roller dengeli da\u011f\u0131t\u0131l\u0131yor mu? Sonu\u00e7 ortada. Maalesef bu b\u00f6l\u00fcmde ba\u015frol oyuncu gibi Sedef \u00a0\u00f6ne \u00e7\u0131kart\u0131ld\u0131. Sanki Yaman ile Mira yard\u0131mc\u0131 oyuncu gibiydi. Ta ba\u015f\u0131nda \u00f6zetlerde fark ettim, Selim ile Sedef\u2019in ikili diyalo\u011funu \u00e7ok uzun verdiler. Dizi de ikili sahneleri gerekti\u011finden fazlayd\u0131. Defne Kayalar\u2019\u0131n Ali Bilgin\u2019in sevgilisi oldu\u011funu, bu nedenle torpil ge\u00e7ildi\u011fini bir yerde okumu\u015ftum. G\u00f6rd\u00fcklerimiz do\u011fruluyor gibi geldi bana. Bar\u0131\u015f Falay\u2019a s\u00f6z\u00fcm yok, verilen rol\u00fc ziyadesiyle yap\u0131yor. Sedef Kayalar&#8217;\u0131n \u015fahs\u0131na da bir itiraz\u0131m yok.<\/p>\n<p>Say\u0131n Ece Y\u00f6ren\u00e7 ta\u015flar\u0131 yerine koyal\u0131m, rolleri dizinin gere\u011fi gibi da\u011f\u0131tal\u0131m ki, izleyiciyi k\u00fcst\u00fcrmeyelim. \u0130zleyici ne istiyorsa, neyi g\u00f6rmek istiyorsa onu verelim ve senaryoyu ona g\u00f6re yazal\u0131m. Tek ba\u015f\u0131na akl\u0131n\u0131z yetmiyorsa yard\u0131mc\u0131lar\u0131n\u0131z\u0131 kulak verin. Hatta Melek Gen\u00e7o\u011flu\u2019nu tekrar al\u0131n, senaryoyu birlikte yaz\u0131n derim. Selim Beye yeni e\u015f olarak, Deniz Han\u0131m \u00a0daha uygun. \u015eimdi i\u015f bald\u0131za d\u00f6nd\u00fc.<\/p>\n<p>Ben gene konuya geleyim.<\/p>\n<p>Ge\u00e7en b\u00f6l\u00fcm y\u0131lba\u015f\u0131 kutlamalar\u0131n\u0131n ard\u0131ndan hediye paketlerinin a\u00e7\u0131lmas\u0131 sonucunda intihar eden Cengiz\u2019in ihbar niteli\u011findeki hediye paketini, Yaman\u2019\u0131n a\u00e7mas\u0131 ile Nadir Beyin kanl\u0131 g\u00f6le\u011fi ve tabancas\u0131 ortaya \u00e7\u0131kar. Selim Bey hemen polise ihbar etse de Nadir Bey gene ka\u00e7may\u0131 ba\u015far\u0131r.<\/p>\n<p>Gelen polis ekipleri eli bo\u015f d\u00f6ner. Nadir Bey kar\u0131s\u0131 Leyla\u2019y\u0131 da alarak sahildeki As\u0131m Beyin yat\u0131n\u0131n anahtar\u0131n\u0131 Sude Han\u0131mdan \u015fantaj ile alarak bu i\u015fi ba\u015farm\u0131\u015ft\u0131r.<\/p>\n<p><a href=\"http:\/\/balcilar-blog.com\/wp-content\/uploads\/2015\/01\/Ekran-Al\u0131nt\u0131s\u0131MD55.1.png\"><img loading=\"lazy\" decoding=\"async\" class=\"alignnone size-full wp-image-5762\" src=\"http:\/\/balcilar-blog.com\/wp-content\/uploads\/2015\/01\/Ekran-Al\u0131nt\u0131s\u0131MD55.1.png\" alt=\"Ekran Al\u0131nt\u0131s\u0131MD55.1\" width=\"608\" height=\"389\" srcset=\"https:\/\/balcilar-blog.com\/wp-content\/uploads\/2015\/01\/Ekran-Al\u0131nt\u0131s\u0131MD55.1.png 608w, https:\/\/balcilar-blog.com\/wp-content\/uploads\/2015\/01\/Ekran-Al\u0131nt\u0131s\u0131MD55.1-300x192.png 300w\" sizes=\"auto, (max-width: 608px) 100vw, 608px\" \/><\/a><\/p>\n<p>Leyla tekneden mesaj atar, yerini tespit etmeye \u00e7al\u0131\u015f\u0131rlar. Nadir Bey bot ile ka\u00e7m\u0131\u015ft\u0131r. Selim Bey, Leyla\u2019ya y\u00f6nlendirerek tekneyi durdurur ve i\u015faret fi\u015fe\u011fi att\u0131r\u0131r, yeri tespit edilir ve kurtar\u0131l\u0131r. Nadir Bey Karaya \u00e7\u0131kar ve bir helikopter ile ka\u00e7ar.<\/p>\n<p><a href=\"http:\/\/balcilar-blog.com\/wp-content\/uploads\/2015\/01\/Ekran-Al\u0131nt\u0131s\u0131MD55.2A.png\"><img loading=\"lazy\" decoding=\"async\" class=\"alignnone size-full wp-image-5763\" src=\"http:\/\/balcilar-blog.com\/wp-content\/uploads\/2015\/01\/Ekran-Al\u0131nt\u0131s\u0131MD55.2A.png\" alt=\"Ekran Al\u0131nt\u0131s\u0131MD55.2A\" width=\"599\" height=\"378\" srcset=\"https:\/\/balcilar-blog.com\/wp-content\/uploads\/2015\/01\/Ekran-Al\u0131nt\u0131s\u0131MD55.2A.png 599w, https:\/\/balcilar-blog.com\/wp-content\/uploads\/2015\/01\/Ekran-Al\u0131nt\u0131s\u0131MD55.2A-300x189.png 300w\" sizes=\"auto, (max-width: 599px) 100vw, 599px\" \/><\/a><\/p>\n<p>Karakolda herkesin sorgusu yap\u0131l\u0131r. Leyla, Giray, Hasan, Kenan ve Ay\u015fe\u2019nin ifadesi al\u0131n\u0131r.<\/p>\n<p>Ertesi sabah \u00e7\u0131\u011f\u0131rtkan k\u0131z\u0131m\u0131z Beren, olaylar olaylar diyerek ablas\u0131 Mira\u2019y\u0131 uyand\u0131r\u0131r. Yaman\u2019\u0131n d\u00fcn ak\u015famki par\u00e7as\u0131n\u0131n t\u0131klanma rekoru k\u0131rmas\u0131n\u0131 g\u00f6sterir.<\/p>\n<p><a href=\"http:\/\/balcilar-blog.com\/wp-content\/uploads\/2015\/01\/Ekran-Al\u0131nt\u0131s\u0131MD55.3.png\"><img loading=\"lazy\" decoding=\"async\" class=\"alignnone size-full wp-image-5764\" src=\"http:\/\/balcilar-blog.com\/wp-content\/uploads\/2015\/01\/Ekran-Al\u0131nt\u0131s\u0131MD55.3.png\" alt=\"Ekran Al\u0131nt\u0131s\u0131MD55.3\" width=\"598\" height=\"389\" srcset=\"https:\/\/balcilar-blog.com\/wp-content\/uploads\/2015\/01\/Ekran-Al\u0131nt\u0131s\u0131MD55.3.png 598w, https:\/\/balcilar-blog.com\/wp-content\/uploads\/2015\/01\/Ekran-Al\u0131nt\u0131s\u0131MD55.3-300x195.png 300w\" sizes=\"auto, (max-width: 598px) 100vw, 598px\" \/><\/a><\/p>\n<p>Sabah kahvalt\u0131s\u0131nda herkes Deniz de dahil Serez\u2019lerin evindedir. Mert telefon eden Eyl\u00fcl\u2019\u00fc de kahvalt\u0131ya \u00e7a\u011f\u0131r\u0131r. Mira, \u00e7\u0131\u011fl\u0131k \u00e7\u0131\u011fl\u0131\u011fa Yaman diye ba\u011f\u0131rarak gelir. Yaman\u2019\u0131n \u00fcst\u00fcne \u00f6yle atlar ki, onu y\u0131kacak gibi olur. G\u00fczel haberi Yaman\u2019a verir. Yaman\u2019\u0131n yana\u011f\u0131ndan vantuz gibi \u00f6per.<\/p>\n<p>Nevin Han\u0131m o gece Can bebe\u011fi \u00e7ok iyi bakm\u0131\u015ft\u0131r. Kar\u015f\u0131l\u0131\u011f\u0131nda verilen \u00fccreti kabul etmez, neticede devaml\u0131 bak\u0131m i\u00e7in yat\u0131l\u0131 olarak i\u015fe al\u0131n\u0131r.<\/p>\n<p>Kahvalt\u0131da Yaman\u2019\u0131n t\u0131klanma rekoru k\u0131ran durumu konu\u015fulur. Deniz Han\u0131m ben bir gazeteci arkada\u015f\u0131ma s\u00f6ylesem t\u0131klama rekorlar\u0131 k\u0131rd\u0131 diye\u2026 S\u00f6z yazars\u0131n, alb\u00fcm yapars\u0131n deyince Yaman m\u00fctevazi davran\u0131r bu i\u015fler bu kadar kolay m\u0131 ya\u2026 Konserler, turneler\u2026 Mert, k\u0131zlar kendilerini par\u00e7al\u0131yorlar sana dokunabilmek i\u00e7in.<\/p>\n<p><a href=\"http:\/\/balcilar-blog.com\/wp-content\/uploads\/2015\/01\/fft81_mf5164224.jpeg\"><img loading=\"lazy\" decoding=\"async\" class=\"alignnone size-full wp-image-5745\" src=\"http:\/\/balcilar-blog.com\/wp-content\/uploads\/2015\/01\/fft81_mf5164224.jpeg\" alt=\"fft81_mf5164224\" width=\"646\" height=\"437\" srcset=\"https:\/\/balcilar-blog.com\/wp-content\/uploads\/2015\/01\/fft81_mf5164224.jpeg 646w, https:\/\/balcilar-blog.com\/wp-content\/uploads\/2015\/01\/fft81_mf5164224-300x203.jpeg 300w\" sizes=\"auto, (max-width: 646px) 100vw, 646px\" \/><\/a><\/p>\n<p>Bu hayal Yaman\u2019\u0131 sahneye atar, Mira d\u00fc\u015f\u00fcnd\u00fck\u00e7e i\u00e7i burkulur. Acaba Yaman\u2019\u0131 kaybediyormuyum diye\u2026 Beren\u2019in bir \u015fey s\u00f6yleyeyim mi, siz kesin ayr\u0131l\u0131rs\u0131n\u0131z deyince, Mira \u00e7ok bozulur. Elindeki kremal\u0131 ekme\u011fi h\u0131rsla yer.<\/p>\n<p><a href=\"http:\/\/balcilar-blog.com\/wp-content\/uploads\/2015\/01\/Ekran-Al\u0131nt\u0131s\u0131MD55.4.png\"><img loading=\"lazy\" decoding=\"async\" class=\"alignnone size-full wp-image-5765\" src=\"http:\/\/balcilar-blog.com\/wp-content\/uploads\/2015\/01\/Ekran-Al\u0131nt\u0131s\u0131MD55.4.png\" alt=\"Ekran Al\u0131nt\u0131s\u0131MD55.4\" width=\"603\" height=\"387\" srcset=\"https:\/\/balcilar-blog.com\/wp-content\/uploads\/2015\/01\/Ekran-Al\u0131nt\u0131s\u0131MD55.4.png 603w, https:\/\/balcilar-blog.com\/wp-content\/uploads\/2015\/01\/Ekran-Al\u0131nt\u0131s\u0131MD55.4-300x193.png 300w\" sizes=\"auto, (max-width: 603px) 100vw, 603px\" \/><\/a><\/p>\n<p>Yaman\u2019\u0131n Mira\u2019ya; \u201cHi\u015ft\u2026 Ta\u015f\u0131yabilecek misin beni.\u201d\u00a0 Laf\u0131 herkesi g\u00fcld\u00fcr\u00fcr. Yaman sonra Mira\u2019n\u0131n g\u00f6nl\u00fcn\u00fc al\u0131r, ben o besteyi Mira i\u00e7in yapt\u0131m. E\u011fer bir s\u00f6z yaz\u0131lacaksa sadece onun i\u00e7in yazar\u0131m.<\/p>\n<p>Nevin ile Eyl\u00fcl gelir, Gamze Han\u0131mlarda yat\u0131l\u0131 i\u015fe ba\u015fl\u0131yorum haberi, ba\u015fta Yaman herkesi \u00e7ok sevindirir.<\/p>\n<p>Sude Han\u0131m Kenan ile konu\u015furken As\u0131m Bey gelir. Sude\u2019ye bl\u00f6f yapar. Kamera kay\u0131tlar\u0131n\u0131 izledim, neden teknenin anahtarlar\u0131n\u0131 o adama verdin deyince, Sude korktu\u011funu, \u00f6l\u00fcmle tehdit etti\u011fini s\u00f6yler.<\/p>\n<p><a href=\"http:\/\/balcilar-blog.com\/wp-content\/uploads\/2015\/01\/Ekran-Al\u0131nt\u0131s\u0131MD55.5.png\"><img loading=\"lazy\" decoding=\"async\" class=\"alignnone size-full wp-image-5766\" src=\"http:\/\/balcilar-blog.com\/wp-content\/uploads\/2015\/01\/Ekran-Al\u0131nt\u0131s\u0131MD55.5.png\" alt=\"Ekran Al\u0131nt\u0131s\u0131MD55.5\" width=\"604\" height=\"393\" srcset=\"https:\/\/balcilar-blog.com\/wp-content\/uploads\/2015\/01\/Ekran-Al\u0131nt\u0131s\u0131MD55.5.png 604w, https:\/\/balcilar-blog.com\/wp-content\/uploads\/2015\/01\/Ekran-Al\u0131nt\u0131s\u0131MD55.5-300x195.png 300w\" sizes=\"auto, (max-width: 604px) 100vw, 604px\" \/><\/a><\/p>\n<p>Selim Bey Sedef ve Deniz Han\u0131m ile bah\u00e7ede mangalda kastane yaparlar. \u0130\u00e7eride Mira, Eyl\u00fcl ve Mert ile konu\u015furken Kenan\u2019a i\u015f ak\u0131llar\u0131na gelir. Eyl\u00fcl \u00e7al\u0131\u015ft\u0131\u011f\u0131 yerde makenlik i\u00e7in Kenan\u2019\u0131 \u00f6nerece\u011fini s\u00f6yler.<\/p>\n<p>Sude Han\u0131m Kenan\u2019a telefon a\u00e7ar, evdeysen gelece\u011fim, der. Sude\u2019nin taksi ile gidi\u015fini Faruk Bey g\u00f6r\u00fcr ve onu takip eder.<\/p>\n<p>Hasan eve gelir, Yaman\u2019a Selim bey evde mi diye sorar, konu\u015fmak ister. Yaman onu Selim\u2019e g\u00f6t\u00fcr\u00fcr. \u00c7al\u0131\u015fma odas\u0131na \u00e7\u0131karlar. Hasan \u00f6nden gider, kap\u0131ya yakla\u015f\u0131nca, Yaman bu oda oldu\u011funu nereden bildin diye sorar. Hasan daha \u00f6nce bilgi h\u0131rs\u0131zl\u0131\u011f\u0131 i\u00e7in gelmi\u015ftir. Hasan \u00f6zel konu\u015fmak ister. Yaman konu Turun\u00e7 Nadir ise \u00f6zel yok, ben de dinleyece\u011fim, der.<\/p>\n<p>Hasan b\u00fct\u00fcn bildiklerini anlat\u0131r, bu adam Turun\u00e7 Nadir, der. O an Yaman kendisini kaybeder, bunca zamand\u0131r nas\u0131l saklars\u0131n diyerek Hasan\u2019\u0131n \u00fcst\u00fcne y\u00fcr\u00fcr. Selim Yaman\u2019\u0131 zor zapt eder.<\/p>\n<p><a href=\"http:\/\/balcilar-blog.com\/wp-content\/uploads\/2015\/01\/Ekran-Al\u0131nt\u0131s\u0131MD55.6.png\"><img loading=\"lazy\" decoding=\"async\" class=\"alignnone size-full wp-image-5767\" src=\"http:\/\/balcilar-blog.com\/wp-content\/uploads\/2015\/01\/Ekran-Al\u0131nt\u0131s\u0131MD55.6.png\" alt=\"Ekran Al\u0131nt\u0131s\u0131MD55.6\" width=\"598\" height=\"394\" srcset=\"https:\/\/balcilar-blog.com\/wp-content\/uploads\/2015\/01\/Ekran-Al\u0131nt\u0131s\u0131MD55.6.png 598w, https:\/\/balcilar-blog.com\/wp-content\/uploads\/2015\/01\/Ekran-Al\u0131nt\u0131s\u0131MD55.6-300x198.png 300w\" sizes=\"auto, (max-width: 598px) 100vw, 598px\" \/><\/a><\/p>\n<p>Hepiniz katilsiniz der. Sen de babam\u0131n katilisin. Hasan, hayat\u0131n\u0131 bana bor\u00e7lusun. O bomba benim sayemde patlamad\u0131 diye a\u00e7\u0131klama yapar. Hasan tam giderken, Selim kal oldu\u011fun yerde, hi\u00e7bir yere gitmiyorsun. Bu anlatt\u0131klar\u0131n\u0131 polise de anlatacaks\u0131n. Merdivende Mert Hasan\u2019\u0131n \u00e7enesine bir yumruk vurarak yere d\u00fc\u015f\u00fcr\u00fcr ve gitmesini engeller.<\/p>\n<p><a href=\"http:\/\/balcilar-blog.com\/wp-content\/uploads\/2015\/01\/Ekran-Al\u0131nt\u0131s\u0131MD8ABC.png\"><img loading=\"lazy\" decoding=\"async\" class=\"alignnone size-full wp-image-5847\" src=\"http:\/\/balcilar-blog.com\/wp-content\/uploads\/2015\/01\/Ekran-Al\u0131nt\u0131s\u0131MD8ABC.png\" alt=\"Ekran Al\u0131nt\u0131s\u0131MD8ABC\" width=\"579\" height=\"383\" srcset=\"https:\/\/balcilar-blog.com\/wp-content\/uploads\/2015\/01\/Ekran-Al\u0131nt\u0131s\u0131MD8ABC.png 579w, https:\/\/balcilar-blog.com\/wp-content\/uploads\/2015\/01\/Ekran-Al\u0131nt\u0131s\u0131MD8ABC-300x198.png 300w\" sizes=\"auto, (max-width: 579px) 100vw, 579px\" \/><\/a><\/p>\n<p>&nbsp;<\/p>\n<p>Mert bu hareketi ile baya\u011f\u0131 b\u00f6b\u00fcrlenir. Eyl\u00fcl&#8217;\u00fcn g\u00f6z\u00fcnde de kahraman olur.<\/p>\n<p><a href=\"http:\/\/balcilar-blog.com\/wp-content\/uploads\/2015\/01\/Ekran-Al\u0131nt\u0131s\u0131MD55.8A.png\"><img loading=\"lazy\" decoding=\"async\" class=\"alignnone size-medium wp-image-5768\" src=\"http:\/\/balcilar-blog.com\/wp-content\/uploads\/2015\/01\/Ekran-Al\u0131nt\u0131s\u0131MD55.8A-300x192.png\" alt=\"Ekran Al\u0131nt\u0131s\u0131MD55.8A\" width=\"300\" height=\"192\" srcset=\"https:\/\/balcilar-blog.com\/wp-content\/uploads\/2015\/01\/Ekran-Al\u0131nt\u0131s\u0131MD55.8A-300x192.png 300w, https:\/\/balcilar-blog.com\/wp-content\/uploads\/2015\/01\/Ekran-Al\u0131nt\u0131s\u0131MD55.8A.png 611w\" sizes=\"auto, (max-width: 300px) 100vw, 300px\" \/><\/a>\u00a0<a href=\"http:\/\/balcilar-blog.com\/wp-content\/uploads\/2015\/01\/Ekran-Al\u0131nt\u0131s\u0131MD55.8B.png\"><img loading=\"lazy\" decoding=\"async\" class=\"alignnone size-medium wp-image-5769\" src=\"http:\/\/balcilar-blog.com\/wp-content\/uploads\/2015\/01\/Ekran-Al\u0131nt\u0131s\u0131MD55.8B-300x196.png\" alt=\"Ekran Al\u0131nt\u0131s\u0131MD55.8B\" width=\"300\" height=\"196\" srcset=\"https:\/\/balcilar-blog.com\/wp-content\/uploads\/2015\/01\/Ekran-Al\u0131nt\u0131s\u0131MD55.8B-300x196.png 300w, https:\/\/balcilar-blog.com\/wp-content\/uploads\/2015\/01\/Ekran-Al\u0131nt\u0131s\u0131MD55.8B.png 601w\" sizes=\"auto, (max-width: 300px) 100vw, 300px\" \/><\/a><\/p>\n<p>Yaman Mira ile konu\u015fur, Hasan yapt\u0131klar\u0131n\u0131 tart\u0131\u015f\u0131rlar. Mira Yaman\u2019\u0131 zor ikna eder. Ona sar\u0131l\u0131r, ne olur sen de \u00f6fkeni teslim olma\u2026<\/p>\n<p><a href=\"http:\/\/balcilar-blog.com\/wp-content\/uploads\/2015\/01\/Ekran-Al\u0131nt\u0131s\u0131MD55.9.png\"><img loading=\"lazy\" decoding=\"async\" class=\"alignnone size-full wp-image-5770\" src=\"http:\/\/balcilar-blog.com\/wp-content\/uploads\/2015\/01\/Ekran-Al\u0131nt\u0131s\u0131MD55.9.png\" alt=\"Ekran Al\u0131nt\u0131s\u0131MD55.9\" width=\"610\" height=\"386\" srcset=\"https:\/\/balcilar-blog.com\/wp-content\/uploads\/2015\/01\/Ekran-Al\u0131nt\u0131s\u0131MD55.9.png 610w, https:\/\/balcilar-blog.com\/wp-content\/uploads\/2015\/01\/Ekran-Al\u0131nt\u0131s\u0131MD55.9-300x190.png 300w\" sizes=\"auto, (max-width: 610px) 100vw, 610px\" \/><\/a><\/p>\n<p>Hasan polise g\u00f6t\u00fcr\u00fcl\u00fcr, ifadesi al\u0131n\u0131r. Mert, elini g\u00f6stererek ben onun cezas\u0131n\u0131 zaten kestim diye espri yapar. \u015ei\u015fen eli buz ile kompres yapar.<\/p>\n<p>Sude Kenan\u2019a kendisine \u015fantaj yapan\u0131n nadir bakt\u0131ro\u011flu oldu\u011funu s\u00f6yler. O s\u0131rada kap\u0131ya gelen Faruk cep telefonu ile arar, a\u00e7maz. Kenan Sude&#8217;ye neden benden gizledin diyerek, \u00e7ok k\u0131zar. O s\u0131rada kap\u0131ya gelen Furuk, onu arabaya g\u00f6nderir. Kenan\u2019a da ailemden uzak dur, der.<\/p>\n<p><a href=\"http:\/\/balcilar-blog.com\/wp-content\/uploads\/2015\/01\/Ekran-Al\u0131nt\u0131s\u0131MD55.10.png\"><img loading=\"lazy\" decoding=\"async\" class=\"alignnone size-full wp-image-5771\" src=\"http:\/\/balcilar-blog.com\/wp-content\/uploads\/2015\/01\/Ekran-Al\u0131nt\u0131s\u0131MD55.10.png\" alt=\"Ekran Al\u0131nt\u0131s\u0131MD55.10\" width=\"600\" height=\"385\" srcset=\"https:\/\/balcilar-blog.com\/wp-content\/uploads\/2015\/01\/Ekran-Al\u0131nt\u0131s\u0131MD55.10.png 600w, https:\/\/balcilar-blog.com\/wp-content\/uploads\/2015\/01\/Ekran-Al\u0131nt\u0131s\u0131MD55.10-300x193.png 300w\" sizes=\"auto, (max-width: 600px) 100vw, 600px\" \/><\/a><\/p>\n<p>Arabada Faruk Bey, kendi hayat\u0131na verece\u011fin zarar zerre kadar umurumda de\u011fil, ama k\u0131zlar\u0131ma pisli\u011fini bula\u015ft\u0131rmayacaks\u0131n. Onlara bunu yapmana izin vermeyece\u011fim. Kenan kap\u0131dan onlar\u0131 seyreder.<\/p>\n<p><a href=\"http:\/\/balcilar-blog.com\/wp-content\/uploads\/2015\/01\/Ekran-Al\u0131nt\u0131s\u0131MD55.11.png\"><img loading=\"lazy\" decoding=\"async\" class=\"alignnone size-full wp-image-5772\" src=\"http:\/\/balcilar-blog.com\/wp-content\/uploads\/2015\/01\/Ekran-Al\u0131nt\u0131s\u0131MD55.11.png\" alt=\"Ekran Al\u0131nt\u0131s\u0131MD55.11\" width=\"599\" height=\"391\" srcset=\"https:\/\/balcilar-blog.com\/wp-content\/uploads\/2015\/01\/Ekran-Al\u0131nt\u0131s\u0131MD55.11.png 599w, https:\/\/balcilar-blog.com\/wp-content\/uploads\/2015\/01\/Ekran-Al\u0131nt\u0131s\u0131MD55.11-300x196.png 300w\" sizes=\"auto, (max-width: 599px) 100vw, 599px\" \/><\/a><\/p>\n<p>Sude; seviyorum, hayat\u0131mda ilk defa \u015farts\u0131z \u015furtsuz deli gibi seviliyorum. Faruk, o zaman kocandan bo\u015fan. Kap\u0131y\u0131 a\u00e7ar, bo\u015fanaca\u011f\u0131m de ve bu kap\u0131dan in git sevgilinin yan\u0131na\u2026 Sude, araban\u0131n kap\u0131s\u0131n\u0131 kapat\u0131r, inmez. Giderler, Kenan arkalar\u0131ndan boynu b\u00fck\u00fck, bakar kal\u0131r.<\/p>\n<p>Yaman, Mira, Mert ve Eyl\u00fcl kendin pi\u015fir kenin ye, ocakba\u015f\u0131na yeme\u011fe giderler. Eyl\u00fcl kokudan rahats\u0131z olur, hep s\u0131zlan\u0131r. Eyl\u00fcl\u2019e Kenan\u2019a ayarlad\u0131\u011f\u0131 i\u015f i\u00e7in telefon gelir. Yaman merak eder, Mira Kenan\u2019a ayarlad\u0131klar\u0131 mankenlik i\u015fini anlat\u0131r. Yaman bu habere g\u00fcler.<\/p>\n<p><a href=\"http:\/\/balcilar-blog.com\/wp-content\/uploads\/2015\/01\/Ekran-Al\u0131nt\u0131s\u0131MD55.12.png\"><img loading=\"lazy\" decoding=\"async\" class=\"alignnone size-full wp-image-5773\" src=\"http:\/\/balcilar-blog.com\/wp-content\/uploads\/2015\/01\/Ekran-Al\u0131nt\u0131s\u0131MD55.12.png\" alt=\"Ekran Al\u0131nt\u0131s\u0131MD55.12\" width=\"582\" height=\"387\" srcset=\"https:\/\/balcilar-blog.com\/wp-content\/uploads\/2015\/01\/Ekran-Al\u0131nt\u0131s\u0131MD55.12.png 582w, https:\/\/balcilar-blog.com\/wp-content\/uploads\/2015\/01\/Ekran-Al\u0131nt\u0131s\u0131MD55.12-300x199.png 300w\" sizes=\"auto, (max-width: 582px) 100vw, 582px\" \/><\/a><\/p>\n<p>Sedef yoga yaparken Selim Bey gelir. Deniz ile konu\u015fmalar\u0131n\u0131 ve Deniz Han\u0131m\u0131n sitemlerini anlat\u0131r. Sedef\u2019e bana da \u00f6\u011fretsene rahatlamaya ihtiyac\u0131m var. Uzun uzun konu\u015furlar.\u00a0 Sedef, bu i\u015flerin bir form\u00fcl\u00fc yok, ak\u0131\u015f\u0131na b\u0131rak. G\u00f6nl\u00fcn\u00fc al, k\u0131rma k\u0131z\u0131.<\/p>\n<p><a href=\"http:\/\/balcilar-blog.com\/wp-content\/uploads\/2015\/01\/Ekran-Al\u0131nt\u0131s\u0131MD55.13.png\"><img loading=\"lazy\" decoding=\"async\" class=\"alignnone size-full wp-image-5774\" src=\"http:\/\/balcilar-blog.com\/wp-content\/uploads\/2015\/01\/Ekran-Al\u0131nt\u0131s\u0131MD55.13.png\" alt=\"Ekran Al\u0131nt\u0131s\u0131MD55.13\" width=\"586\" height=\"390\" srcset=\"https:\/\/balcilar-blog.com\/wp-content\/uploads\/2015\/01\/Ekran-Al\u0131nt\u0131s\u0131MD55.13.png 586w, https:\/\/balcilar-blog.com\/wp-content\/uploads\/2015\/01\/Ekran-Al\u0131nt\u0131s\u0131MD55.13-300x200.png 300w\" sizes=\"auto, (max-width: 586px) 100vw, 586px\" \/><\/a><\/p>\n<p>Orkun ile Uzay da lokantaya gelirler. Mert\u2019e orkun\u2019un yapt\u0131\u011f\u0131 \u015faka, hem Mert\u2019i hem de Yanan\u0131 biraz sinirlendirir. Mira masaya oturmalar\u0131n\u0131 istemez, ba\u015fka bir masaya ge\u00e7erler.<\/p>\n<p>Sude Han\u0131m\u0131 Nadir Bey arar. K\u00fc\u00e7\u00fck bir para yard\u0131m\u0131 yaparsan hayat\u0131ndan hemen \u00e7ekilip giderim. 100 bin dolar para ister, benden haber bekle der ve telefonu kapat\u0131r.<\/p>\n<p>Yaman\u2019lar eve d\u00f6nerken Mira Yaman\u2019\u0131n g\u00f6\u011fs\u00fcnde uyur kal\u0131r. Bir r\u00fcya g\u00f6r\u00fcr. Yaman odas\u0131nda oturmu\u015f, Elif bale g\u00f6sterisi yaparken onu seyrediyordur. \u00c7alan m\u00fczik de Yaman\u2019\u0131n bestesidir. Mira m\u00fczik sesine odaya direr. G\u00f6r\u00fcnce \u015fok olur. Ne oluyor burada diye sorar.<\/p>\n<p><a href=\"http:\/\/balcilar-blog.com\/wp-content\/uploads\/2015\/01\/Ekran-Al\u0131nt\u0131s\u0131MD55.14.png\"><img loading=\"lazy\" decoding=\"async\" class=\"alignnone size-full wp-image-5775\" src=\"http:\/\/balcilar-blog.com\/wp-content\/uploads\/2015\/01\/Ekran-Al\u0131nt\u0131s\u0131MD55.14.png\" alt=\"Ekran Al\u0131nt\u0131s\u0131MD55.14\" width=\"599\" height=\"387\" srcset=\"https:\/\/balcilar-blog.com\/wp-content\/uploads\/2015\/01\/Ekran-Al\u0131nt\u0131s\u0131MD55.14.png 599w, https:\/\/balcilar-blog.com\/wp-content\/uploads\/2015\/01\/Ekran-Al\u0131nt\u0131s\u0131MD55.14-300x194.png 300w\" sizes=\"auto, (max-width: 599px) 100vw, 599px\" \/><\/a><\/p>\n<p>Mira aniden uyan\u0131r. Yaman g\u00f6rd\u00fc\u011f\u00fc r\u00fcyay\u0131 sorar, ama Mira bir \u015fey anlatmaz. Arabadan iner, hemen eve ko\u015far. Yaman da pe\u015finden. O s\u0131rada Faruk kap\u0131ya \u00e7\u0131kar.<\/p>\n<p>Kenan\u2019\u0131n deneme foto\u011fraf \u00e7ekimleri yap\u0131l\u0131r. Kenan bu i\u015ften pek ho\u015flanmaz. Sonunda \u00f6deme i\u00e7in hesap numas\u0131n\u0131 sorar. Muhasebeye g\u00f6nderirler.<\/p>\n<p>Yaman bah\u00e7ede \u00e7imleri bi\u00e7er. Mira balkondan seslenir, \u00e7al\u0131\u015fam\u0131yorum. Mira, akl\u0131m sana gidiyor, der. Yaman, ben de senin g\u00f6remeyece\u011fin bir yerde ba\u015fka bir yerde \u00e7al\u0131\u015fay\u0131m. Mira, yan\u0131ma gel\u2026 Yaman senin ders \u00e7al\u0131\u015fman laz\u0131m. Ak\u015fama birlikte \u00e7al\u0131\u015f\u0131r\u0131z. O s\u0131rada Deniz Han\u0131m arar, Yaman bir m\u00fczik yap\u0131mc\u0131s\u0131 numaran\u0131 istedi vereyim mi? Yaman ak\u015fam Selim abi ile konu\u015fay\u0131m ben haber veririm.<\/p>\n<p><a href=\"http:\/\/balcilar-blog.com\/wp-content\/uploads\/2015\/01\/Ekran-Al\u0131nt\u0131s\u0131MD55.15.png\"><img loading=\"lazy\" decoding=\"async\" class=\"alignnone size-full wp-image-5776\" src=\"http:\/\/balcilar-blog.com\/wp-content\/uploads\/2015\/01\/Ekran-Al\u0131nt\u0131s\u0131MD55.15.png\" alt=\"Ekran Al\u0131nt\u0131s\u0131MD55.15\" width=\"608\" height=\"392\" srcset=\"https:\/\/balcilar-blog.com\/wp-content\/uploads\/2015\/01\/Ekran-Al\u0131nt\u0131s\u0131MD55.15.png 608w, https:\/\/balcilar-blog.com\/wp-content\/uploads\/2015\/01\/Ekran-Al\u0131nt\u0131s\u0131MD55.15-300x193.png 300w\" sizes=\"auto, (max-width: 608px) 100vw, 608px\" \/><\/a><\/p>\n<p>Mert ile Uzay \u00e7izimlerini karikat\u00fcrist Erdil Ya\u015faro\u011flu\u2019a g\u00f6t\u00fcr\u00fcler. Ne yapmak istediklerini anlat\u0131rlar. Ana karakter Eyl\u00fcl konusunda anla\u015famazlar. Siz kendi aran\u0131zda bir karar verin, der. O s\u0131rada Eyl\u00fcl arar, ne oldu her \u015fey tatmam m\u0131 diye sorar? Uzay Mert\u2019in elinden telefonu al\u0131nca Mert bozulur. Uzay, hikaye seninse fikir de benimdi. Erdil Beyin Kar\u015f\u0131s\u0131nda bir t\u00fcrl\u00fc anla\u015famazlar. Sonra Erdil Ya\u015faro\u011flu\u2019na te\u015fek\u00fcr eder ve \u00e7\u0131karlar.<\/p>\n<p><a href=\"http:\/\/balcilar-blog.com\/wp-content\/uploads\/2015\/01\/Ekran-Al\u0131nt\u0131s\u0131MD55.16B.png\"><img loading=\"lazy\" decoding=\"async\" class=\"alignnone size-medium wp-image-5778\" src=\"http:\/\/balcilar-blog.com\/wp-content\/uploads\/2015\/01\/Ekran-Al\u0131nt\u0131s\u0131MD55.16B-300x195.png\" alt=\"Ekran Al\u0131nt\u0131s\u0131MD55.16B\" width=\"300\" height=\"195\" srcset=\"https:\/\/balcilar-blog.com\/wp-content\/uploads\/2015\/01\/Ekran-Al\u0131nt\u0131s\u0131MD55.16B-300x195.png 300w, https:\/\/balcilar-blog.com\/wp-content\/uploads\/2015\/01\/Ekran-Al\u0131nt\u0131s\u0131MD55.16B.png 601w\" sizes=\"auto, (max-width: 300px) 100vw, 300px\" \/><\/a>\u00a0<a href=\"http:\/\/balcilar-blog.com\/wp-content\/uploads\/2015\/01\/Ekran-Al\u0131nt\u0131s\u0131MD55.16A.png\"><img loading=\"lazy\" decoding=\"async\" class=\"alignnone size-medium wp-image-5777\" src=\"http:\/\/balcilar-blog.com\/wp-content\/uploads\/2015\/01\/Ekran-Al\u0131nt\u0131s\u0131MD55.16A-300x194.png\" alt=\"Ekran Al\u0131nt\u0131s\u0131MD55.16A\" width=\"300\" height=\"194\" srcset=\"https:\/\/balcilar-blog.com\/wp-content\/uploads\/2015\/01\/Ekran-Al\u0131nt\u0131s\u0131MD55.16A-300x194.png 300w, https:\/\/balcilar-blog.com\/wp-content\/uploads\/2015\/01\/Ekran-Al\u0131nt\u0131s\u0131MD55.16A.png 597w\" sizes=\"auto, (max-width: 300px) 100vw, 300px\" \/><\/a><\/p>\n<p>Sude evde yemek yaparken Kenan arar, telefonunu cevap vermez. Arkas\u0131ndan Nadir arar, zaman\u0131 geldi, bu gece paray\u0131 istiyorum. Bir yanl\u0131\u015f yaparsan filmini caddelerdeki o dev ekranlarda izlersin.<\/p>\n<p>Sedef Han\u0131m\u0131n bo\u015fanma davas\u0131 g\u00f6r\u00fcl\u00fcr ve Lance\u2019den tek celsede bo\u015fan\u0131r. Sedef bo\u015fanmalar\u0131na karar verilmi\u015ftir laf\u0131n\u0131 duyunca alk\u0131\u015flamak ister. Selim Bey elini tutarak indir, bu tutu\u015f pek normal bir tutma de\u011fildir. Aralar\u0131nda bir a\u015fk oldu\u011funun i\u015faretidir.<\/p>\n<p><a href=\"http:\/\/balcilar-blog.com\/wp-content\/uploads\/2015\/01\/Ekran-Al\u0131nt\u0131s\u0131MD55.17.png\"><img loading=\"lazy\" decoding=\"async\" class=\"alignnone size-full wp-image-5779\" src=\"http:\/\/balcilar-blog.com\/wp-content\/uploads\/2015\/01\/Ekran-Al\u0131nt\u0131s\u0131MD55.17.png\" alt=\"Ekran Al\u0131nt\u0131s\u0131MD55.17\" width=\"601\" height=\"387\" srcset=\"https:\/\/balcilar-blog.com\/wp-content\/uploads\/2015\/01\/Ekran-Al\u0131nt\u0131s\u0131MD55.17.png 601w, https:\/\/balcilar-blog.com\/wp-content\/uploads\/2015\/01\/Ekran-Al\u0131nt\u0131s\u0131MD55.17-300x193.png 300w\" sizes=\"auto, (max-width: 601px) 100vw, 601px\" \/><\/a><\/p>\n<p>Lance o ak\u015fam Sedef\u2019e yemek bile \u0131smarlamadan biletini alm\u0131\u015ft\u0131r, yurt d\u0131\u015f\u0131na u\u00e7acakt\u0131r. Sedef ile vedala\u015f\u0131rlar.<\/p>\n<p>Sedef Selim\u2019e ben sana bir yemek \u0131smarlayay\u0131m. Selim Deniz\u2019e s\u00f6z\u00fcm vard\u0131. \u0130stersen onu da \u00e7a\u011f\u0131ral\u0131m. \u00c7ocuklar\u0131 da \u00e7a\u011f\u0131r\u0131r\u0131z.<\/p>\n<p><a href=\"http:\/\/balcilar-blog.com\/wp-content\/uploads\/2015\/01\/Ekran-Al\u0131nt\u0131s\u0131MD55.20.png\"><img loading=\"lazy\" decoding=\"async\" class=\"alignnone size-full wp-image-5783\" src=\"http:\/\/balcilar-blog.com\/wp-content\/uploads\/2015\/01\/Ekran-Al\u0131nt\u0131s\u0131MD55.20.png\" alt=\"Ekran Al\u0131nt\u0131s\u0131MD55.20\" width=\"603\" height=\"394\" srcset=\"https:\/\/balcilar-blog.com\/wp-content\/uploads\/2015\/01\/Ekran-Al\u0131nt\u0131s\u0131MD55.20.png 603w, https:\/\/balcilar-blog.com\/wp-content\/uploads\/2015\/01\/Ekran-Al\u0131nt\u0131s\u0131MD55.20-300x196.png 300w\" sizes=\"auto, (max-width: 603px) 100vw, 603px\" \/><\/a><\/p>\n<p>Mert, Eyl\u00fcl\u2019\u00fcn blog sayfas\u0131 i\u00e7in montajlar\u0131na yard\u0131m edece\u011finden, Yaman da Mira\u2019ya ders \u00e7al\u0131\u015ft\u0131rd\u0131\u011f\u0131ndan gelmezler. Mert, bir daha ki sefere in\u015fallah, der. Sedef senin i\u00e7in bir daha evlenip bo\u015fanmaya hi\u00e7 niyetim yok. Yeme\u011fe \u00fc\u00e7\u00fc giderler.<\/p>\n<p><a href=\"http:\/\/balcilar-blog.com\/wp-content\/uploads\/2015\/01\/B67X6wcCYAE6Xc0.jpg\"><img loading=\"lazy\" decoding=\"async\" class=\"alignnone size-full wp-image-5791\" src=\"http:\/\/balcilar-blog.com\/wp-content\/uploads\/2015\/01\/B67X6wcCYAE6Xc0.jpg\" alt=\"B67X6wcCYAE6Xc0\" width=\"515\" height=\"345\" srcset=\"https:\/\/balcilar-blog.com\/wp-content\/uploads\/2015\/01\/B67X6wcCYAE6Xc0.jpg 515w, https:\/\/balcilar-blog.com\/wp-content\/uploads\/2015\/01\/B67X6wcCYAE6Xc0-300x201.jpg 300w\" sizes=\"auto, (max-width: 515px) 100vw, 515px\" \/><\/a><\/p>\n<p>Yaman Mira\u2019ya ders anlat\u0131r. Mira dalg\u0131n bir \u015fekilde Yaman\u2019\u0131n y\u00fcz\u00fcn\u00fc seyreder. Yaman, bakma bana \u00f6yle\u2026 Mira, ne yapay\u0131m, istatistikten daha \u00e7ok ilgimi \u00e7ekiyorsun, der. Yaman, bak ama gidece\u011fim, bir s\u00fcr\u00fc i\u015f var. Mira, ne i\u015fin var, beste mi yapacaks\u0131n yoksa\u2026<\/p>\n<p><a href=\"http:\/\/balcilar-blog.com\/wp-content\/uploads\/2015\/01\/Ekran-Al\u0131nt\u0131s\u0131MD55.18B.png\"><img loading=\"lazy\" decoding=\"async\" class=\"alignnone size-medium wp-image-5781\" src=\"http:\/\/balcilar-blog.com\/wp-content\/uploads\/2015\/01\/Ekran-Al\u0131nt\u0131s\u0131MD55.18B-300x187.png\" alt=\"Ekran Al\u0131nt\u0131s\u0131MD55.18B\" width=\"300\" height=\"187\" srcset=\"https:\/\/balcilar-blog.com\/wp-content\/uploads\/2015\/01\/Ekran-Al\u0131nt\u0131s\u0131MD55.18B-300x187.png 300w, https:\/\/balcilar-blog.com\/wp-content\/uploads\/2015\/01\/Ekran-Al\u0131nt\u0131s\u0131MD55.18B.png 607w\" sizes=\"auto, (max-width: 300px) 100vw, 300px\" \/><\/a>\u00a0<a href=\"http:\/\/balcilar-blog.com\/wp-content\/uploads\/2015\/01\/Ekran-Al\u0131nt\u0131s\u0131MD55.18A.png\"><img loading=\"lazy\" decoding=\"async\" class=\"alignnone size-medium wp-image-5780\" src=\"http:\/\/balcilar-blog.com\/wp-content\/uploads\/2015\/01\/Ekran-Al\u0131nt\u0131s\u0131MD55.18A-300x198.png\" alt=\"Ekran Al\u0131nt\u0131s\u0131MD55.18A\" width=\"300\" height=\"198\" srcset=\"https:\/\/balcilar-blog.com\/wp-content\/uploads\/2015\/01\/Ekran-Al\u0131nt\u0131s\u0131MD55.18A-300x198.png 300w, https:\/\/balcilar-blog.com\/wp-content\/uploads\/2015\/01\/Ekran-Al\u0131nt\u0131s\u0131MD55.18A.png 590w\" sizes=\"auto, (max-width: 300px) 100vw, 300px\" \/><\/a><\/p>\n<p>O s\u0131rada Faruk Bey, Mira\u2019n\u0131n kap\u0131s\u0131n\u0131n \u00f6n\u00fcndedir. A\u00e7\u0131k s\u00f6zl\u00fc Beren, baba kap\u0131 m\u0131 dinliyorsun sen? Annemden ge\u00e7ti herhalde.<\/p>\n<p><a href=\"http:\/\/balcilar-blog.com\/wp-content\/uploads\/2015\/01\/Ekran-Al\u0131nt\u0131s\u0131MD55.19.png\"><img loading=\"lazy\" decoding=\"async\" class=\"alignnone size-full wp-image-5788\" src=\"http:\/\/balcilar-blog.com\/wp-content\/uploads\/2015\/01\/Ekran-Al\u0131nt\u0131s\u0131MD55.19.png\" alt=\"Ekran Al\u0131nt\u0131s\u0131MD55.19\" width=\"590\" height=\"390\" srcset=\"https:\/\/balcilar-blog.com\/wp-content\/uploads\/2015\/01\/Ekran-Al\u0131nt\u0131s\u0131MD55.19.png 590w, https:\/\/balcilar-blog.com\/wp-content\/uploads\/2015\/01\/Ekran-Al\u0131nt\u0131s\u0131MD55.19-300x198.png 300w\" sizes=\"auto, (max-width: 590px) 100vw, 590px\" \/><\/a><\/p>\n<p>Sude Han\u0131m Faruk Beyin evine gelir. Konu\u015fmam\u0131z laz\u0131m, der. Faruk, \u00e7ocuklar evde, Yaman ile Mira ders \u00e7al\u0131\u015f\u0131yorlar. Sude, Merak etme i\u015f konu\u015fmaya geldim.\u00a0 O s\u0131rada Yaman Mira\u2019ya sen \u00e7al\u0131\u015fadur diyerek \u00e7\u0131kar. Sude, 500 bin dolara ihtiyac\u0131m var. Faruk Kenan\u2019\u0131 kastederek, yoksa o herif ayr\u0131lmak i\u00e7in \u015fart m\u0131 ko\u015ftu? Yaman Sude\u2019ye merhaba der, kitap almaya gitti\u011fini s\u00f6yler. Sude son d\u00f6nemde sana kazand\u0131rd\u0131\u011f\u0131m paradan acil istiyorum. Faruk, \u00fczg\u00fcn\u00fcm o paran\u0131n hepsi ba\u011fl\u0131. Sen niye As\u0131m Beyden istemiyorsun? Sude y\u00fcz\u00fcst\u00fc geri d\u00f6ner. Kap\u0131dan \u00e7\u0131karken Nadir Bey tekrar arar, haz\u0131r m\u0131s\u0131n, hemen paralar\u0131 \u00e7\u00f6p torbas\u0131na koyup getir, orman yolunda seni bekliyorum.\u00a0 Sude, sonra beni \u00f6ld\u00fcrmeyece\u011fini nereden bileyim. Nadir, bu kadar ucuza gitmezsin merak etme.<\/p>\n<p><a href=\"http:\/\/balcilar-blog.com\/wp-content\/uploads\/2015\/01\/Ekran-Al\u0131nt\u0131s\u0131MD55.21A.png\"><img loading=\"lazy\" decoding=\"async\" class=\"alignnone size-medium wp-image-5784\" src=\"http:\/\/balcilar-blog.com\/wp-content\/uploads\/2015\/01\/Ekran-Al\u0131nt\u0131s\u0131MD55.21A-300x197.png\" alt=\"Ekran Al\u0131nt\u0131s\u0131MD55.21A\" width=\"300\" height=\"197\" srcset=\"https:\/\/balcilar-blog.com\/wp-content\/uploads\/2015\/01\/Ekran-Al\u0131nt\u0131s\u0131MD55.21A-300x197.png 300w, https:\/\/balcilar-blog.com\/wp-content\/uploads\/2015\/01\/Ekran-Al\u0131nt\u0131s\u0131MD55.21A.png 592w\" sizes=\"auto, (max-width: 300px) 100vw, 300px\" \/><\/a>\u00a0<a href=\"http:\/\/balcilar-blog.com\/wp-content\/uploads\/2015\/01\/Ekran-Al\u0131nt\u0131s\u0131MD55.21B.png\"><img loading=\"lazy\" decoding=\"async\" class=\"alignnone size-medium wp-image-5785\" src=\"http:\/\/balcilar-blog.com\/wp-content\/uploads\/2015\/01\/Ekran-Al\u0131nt\u0131s\u0131MD55.21B-300x191.png\" alt=\"Ekran Al\u0131nt\u0131s\u0131MD55.21B\" width=\"300\" height=\"191\" srcset=\"https:\/\/balcilar-blog.com\/wp-content\/uploads\/2015\/01\/Ekran-Al\u0131nt\u0131s\u0131MD55.21B-300x191.png 300w, https:\/\/balcilar-blog.com\/wp-content\/uploads\/2015\/01\/Ekran-Al\u0131nt\u0131s\u0131MD55.21B.png 601w\" sizes=\"auto, (max-width: 300px) 100vw, 300px\" \/><\/a><\/p>\n<p>Sude bana yard\u0131m et Allah\u2019\u0131m diye a\u011flamaya ba\u015flar. O s\u0131rada kitap ile d\u00f6nen Yaman, Sude Han\u0131m iyimi siniz diye sorar.<\/p>\n<p><a href=\"http:\/\/balcilar-blog.com\/wp-content\/uploads\/2015\/01\/Ekran-Al\u0131nt\u0131s\u0131MD55.23.png\"><img loading=\"lazy\" decoding=\"async\" class=\"alignnone size-full wp-image-5786\" src=\"http:\/\/balcilar-blog.com\/wp-content\/uploads\/2015\/01\/Ekran-Al\u0131nt\u0131s\u0131MD55.23.png\" alt=\"Ekran Al\u0131nt\u0131s\u0131MD55.23\" width=\"606\" height=\"385\" srcset=\"https:\/\/balcilar-blog.com\/wp-content\/uploads\/2015\/01\/Ekran-Al\u0131nt\u0131s\u0131MD55.23.png 606w, https:\/\/balcilar-blog.com\/wp-content\/uploads\/2015\/01\/Ekran-Al\u0131nt\u0131s\u0131MD55.23-300x191.png 300w\" sizes=\"auto, (max-width: 606px) 100vw, 606px\" \/><\/a><\/p>\n<p>&nbsp;<\/p>\n<p>Sude, Nadir Bakt\u0131ro\u011flu ile ba\u015f\u0131m belada. Bu gece bana yard\u0131m et. Yaman \u015fa\u015fk\u0131nl\u0131ktan ne s\u00f6yleyece\u011fini bilemez, a\u00e7ar g\u00f6zlerini Sude Han\u0131ma bakar ve b\u00f6l\u00fcm burada sona erer.<\/p>\n<p><a href=\"http:\/\/balcilar-blog.com\/wp-content\/uploads\/2015\/01\/Ekran-Al\u0131nt\u0131s\u0131MD55.24.png\"><img loading=\"lazy\" decoding=\"async\" class=\"alignnone size-full wp-image-5787\" src=\"http:\/\/balcilar-blog.com\/wp-content\/uploads\/2015\/01\/Ekran-Al\u0131nt\u0131s\u0131MD55.24.png\" alt=\"Ekran Al\u0131nt\u0131s\u0131MD55.24\" width=\"619\" height=\"385\" srcset=\"https:\/\/balcilar-blog.com\/wp-content\/uploads\/2015\/01\/Ekran-Al\u0131nt\u0131s\u0131MD55.24.png 619w, https:\/\/balcilar-blog.com\/wp-content\/uploads\/2015\/01\/Ekran-Al\u0131nt\u0131s\u0131MD55.24-300x187.png 300w\" sizes=\"auto, (max-width: 619px) 100vw, 619px\" \/><\/a><\/p>\n<p>Ay Yap\u0131m\u2019\u0131n bu g\u00fczel dizisinde bundan sonra neler olacak? Yaman mustakbel kay\u0131nvalidesine yard\u0131m edebilecek mi? Bu yard\u0131m i\u00e7in ba\u015f\u0131n\u0131 gene belaya m\u0131 sokacak. \u015eayet Yaman\u2019\u0131n ba\u015f\u0131 derde girerse Mira annesini hi\u00e7 af etmeyecek. Yaman iyile\u015fti\u011finde annesinin y\u00fcz\u00fcne bunu a\u00e7\u0131k\u00e7a s\u00f6ylemi\u015fti. Haftaya bekleyip hep birlikte g\u00f6rece\u011fiz.<\/p>\n<p>Son s\u00f6z:\u00a0 Bu dizide b\u00fct\u00fcn rol verilen oyuncular rollerini ziyadesi ile yap\u0131yorlar. Hi\u00e7bir oyuncunun \u015fahs\u0131na s\u00f6z\u00fcm yok. Her biri birer yetenek, yeter ki karakterlere roller iyi yaz\u0131ls\u0131n. Yoksa reytingler iyice taban yapacak. Serenay Sar\u0131kaya ve \u00c7a\u011fatay Ulusoy, Mira ve Yaman olarak rollerinde fevkalede ba\u015far\u0131l\u0131lar. \u00c7ok iyi yaz\u0131lm\u0131\u015f senaryoda harikalar yaratacaklar\u0131n\u0131 biliyorum. Hep s\u00f6yledi\u011fim gibi b\u00fct\u00fcn i\u015f senariste d\u00fc\u015f\u00fcyor. Al\u0131nmay\u0131n Ece Y\u00f6ren\u00e7 s\u00f6z\u00fcm gene size. Eminim biraz daha kafa yorarak harikalar yaratabilir, taban yaban reytingleri pek ala zirve de yapt\u0131rabilirsiniz.<\/p>\n<p>Yukar\u0131da Defne Kayalar&#8217;\u0131n sevgilisi oldu\u011funu s\u00f6ylemi\u015ftim. Bu haber do\u011fru \u00e7\u0131kt\u0131, ikili evlenmi\u015fler. Haber \u015e\u00f6yle:\u00a0Defne Kayalar ile Ali Bilgin \u00e7iftinin ge\u00e7en haftalarda aile i\u00e7inde sessiz sedas\u0131z evlendi\u011fi ortaya \u00e7\u0131kt\u0131. Evlilik haberini sadece yak\u0131n dostlar\u0131yla payla\u015fan <strong>y\u00f6netmen Ali Bilgin, ge\u00e7en sezon dizinin kadrosuna konuk oyuncu olarak kat\u0131lan sevgilisi Defne Kayalar\u2019\u0131n rol\u00fcn\u00fcn artmas\u0131n\u0131 ve bu sezon ana karakterlerin aras\u0131na kat\u0131lmas\u0131n\u0131 sa\u011flad\u0131\u011f\u0131 iddia ediliyordu.<\/strong><\/p>\n<p>&nbsp;<\/p>\n<p>Keyifli Seyirler.<\/p>\n<p>Sayg\u0131lar, sevgiler.<\/p>\n<p>Abdurrahman Balc\u0131lar<\/p>\n<p>Twitter: abdurrahman balc\u0131lar@abbalcilar<\/p>\n<p>Mail : <a href=\"mailto:ab.balcilar@hotmail.com\">ab.balcilar@hotmail.com<\/a><\/p>\n<p>Blog: milliyet.com.tr\/cansever<\/p>\n<p>Blog: balcilar-blog.com<\/p>\n<p>Not: G\u00f6rseller taraf\u0131mdan diziden kopyalanarak al\u0131nm\u0131\u015ft\u0131r.<\/p>\n<p>&nbsp;<\/p>\n<p>&nbsp;<\/p>\n","protected":false},"excerpt":{"rendered":"<p>Star Tv\u2019in fenomen dizisi Medcezir d\u00fcn gece sade bir b\u00f6l\u00fcm ile kar\u015f\u0131m\u0131zdayd\u0131. Sade diyorum, s\u0131radan bir b\u00f6l\u00fcmd\u00fc ve reytingleri resmen taban yapt\u0131. Bu g\u00fcne kadar g\u00f6sterilen 54 b\u00f6l\u00fcm\u00fcn en d\u00fc\u015f\u00fck reytinglerini alm\u0131\u015f. AB\u2019de 4.s\u0131rada, Total\u2019de 5.s\u0131rada yer alm\u0131\u015f. Niye bu kadar reytingleri d\u00fc\u015ft\u00fc diye d\u00fc\u015f\u00fcnmeden de edemedim. Burada senarist su\u00e7lu Ece Y\u00f6ren\u00e7 mi? Say\u0131n Y\u00f6ren\u00e7, [&hellip;]<\/p>\n","protected":false},"author":3,"featured_media":0,"comment_status":"open","ping_status":"open","sticky":false,"template":"","format":"standard","meta":{"footnotes":""},"categories":[2],"tags":[26,15,29,16,27,25],"class_list":["post-5761","post","type-post","status-publish","format-standard","hentry","category-tv-programlari","tag-ay-yapim","tag-cagatay-ulusoy","tag-ece-yorenc","tag-medcezir","tag-serenay-sarikaya","tag-star-tv"],"views":4757,"blog_post_layout_featured_media_urls":{"thumbnail":"","full":""},"categories_names":{"2":{"name":"TV Programlar\u0131","link":"https:\/\/balcilar-blog.com\/?cat=2"}},"tags_names":{"26":{"name":"Ay Yap\u0131m","link":"https:\/\/balcilar-blog.com\/?tag=ay-yapim"},"15":{"name":"\u00e7a\u011fatay ulusoy","link":"https:\/\/balcilar-blog.com\/?tag=cagatay-ulusoy"},"29":{"name":"Ece Y\u00f6ren\u00e7","link":"https:\/\/balcilar-blog.com\/?tag=ece-yorenc"},"16":{"name":"medcezir","link":"https:\/\/balcilar-blog.com\/?tag=medcezir"},"27":{"name":"Serenay Sar\u0131kaya","link":"https:\/\/balcilar-blog.com\/?tag=serenay-sarikaya"},"25":{"name":"Star Tv","link":"https:\/\/balcilar-blog.com\/?tag=star-tv"}},"comments_number":"0","wpmagazine_modules_lite_featured_media_urls":{"thumbnail":"","cvmm-medium":"","cvmm-medium-plus":"","cvmm-portrait":"","cvmm-medium-square":"","cvmm-large":"","cvmm-small":"","full":""},"_links":{"self":[{"href":"https:\/\/balcilar-blog.com\/index.php?rest_route=\/wp\/v2\/posts\/5761","targetHints":{"allow":["GET"]}}],"collection":[{"href":"https:\/\/balcilar-blog.com\/index.php?rest_route=\/wp\/v2\/posts"}],"about":[{"href":"https:\/\/balcilar-blog.com\/index.php?rest_route=\/wp\/v2\/types\/post"}],"author":[{"embeddable":true,"href":"https:\/\/balcilar-blog.com\/index.php?rest_route=\/wp\/v2\/users\/3"}],"replies":[{"embeddable":true,"href":"https:\/\/balcilar-blog.com\/index.php?rest_route=%2Fwp%2Fv2%2Fcomments&post=5761"}],"version-history":[{"count":6,"href":"https:\/\/balcilar-blog.com\/index.php?rest_route=\/wp\/v2\/posts\/5761\/revisions"}],"predecessor-version":[{"id":5850,"href":"https:\/\/balcilar-blog.com\/index.php?rest_route=\/wp\/v2\/posts\/5761\/revisions\/5850"}],"wp:attachment":[{"href":"https:\/\/balcilar-blog.com\/index.php?rest_route=%2Fwp%2Fv2%2Fmedia&parent=5761"}],"wp:term":[{"taxonomy":"category","embeddable":true,"href":"https:\/\/balcilar-blog.com\/index.php?rest_route=%2Fwp%2Fv2%2Fcategories&post=5761"},{"taxonomy":"post_tag","embeddable":true,"href":"https:\/\/balcilar-blog.com\/index.php?rest_route=%2Fwp%2Fv2%2Ftags&post=5761"}],"curies":[{"name":"wp","href":"https:\/\/api.w.org\/{rel}","templated":true}]}}