{"id":5747,"date":"2015-01-09T13:33:25","date_gmt":"2015-01-09T11:33:25","guid":{"rendered":"http:\/\/balcilar-blog.com\/?p=5747"},"modified":"2015-01-09T13:44:51","modified_gmt":"2015-01-09T11:44:51","slug":"medcezire-erdil-yasaroglu-konuk-oluyor","status":"publish","type":"post","link":"https:\/\/balcilar-blog.com\/?p=5747","title":{"rendered":"Medcezir&#8217;e Erdil Ya\u015faro\u011flu konuk oluyor!"},"content":{"rendered":"<p><a href=\"http:\/\/balcilar-blog.com\/wp-content\/uploads\/2015\/01\/55-31.jpg\"><img loading=\"lazy\" decoding=\"async\" class=\"alignnone size-full wp-image-5751\" src=\"http:\/\/balcilar-blog.com\/wp-content\/uploads\/2015\/01\/55-31.jpg\" alt=\"55-3\" width=\"778\" height=\"481\" srcset=\"https:\/\/balcilar-blog.com\/wp-content\/uploads\/2015\/01\/55-31.jpg 778w, https:\/\/balcilar-blog.com\/wp-content\/uploads\/2015\/01\/55-31-300x185.jpg 300w\" sizes=\"auto, (max-width: 778px) 100vw, 778px\" \/><\/a><\/p>\n<p>2014&#8217;de sosyal medyada en \u00e7ok konu\u015fulan program se\u00e7ilen Medcezir&#8217;in yeni y\u0131l\u0131n ilk b\u00f6l\u00fcm\u00fcne \u00fcnl\u00fc Karikat\u00fcrist Erdil Ya\u015faro\u011flu konuk oluyor.<\/p>\n<p>Ekranlar\u0131n fenomen dizisi Medcezir,\u00a0 her b\u00f6l\u00fcm\u00fcyle izleyenlere farkl\u0131\u00a0 s\u00fcrprizler ya\u015fatmaya devam ediyor. Dizinin yeni b\u00f6l\u00fcm\u00fcnde ise karikat\u00fcrist Erdil Ya\u015faro\u011flu konuk oluyor.<\/p>\n<p>Mert (Taner \u00d6lmez) ve Uzay (Bar\u0131\u015f Alpaykut) \u00e7izdikleri karikat\u00fcrleri profesyonel hayata ta\u015f\u0131mak i\u00e7in Erdil Ya\u015faro\u011flu&#8217;nun kap\u0131s\u0131n\u0131 \u00e7alacaklar.<\/p>\n<p>Alt\u0131nkoy&#8217;un renkli hayat\u0131n\u0131 \u00e7izgi romana ta\u015f\u0131maya karar veren Mert ile Uzay,\u00a0 Ya\u015faro\u011flu&#8217;yla \u00e7izimlerini ve fikirlerini payla\u015facaklar.<\/p>\n<p>E\u011flenceli anlar\u0131n ekrana yans\u0131yaca\u011f\u0131 sahnenin \u00e7ekimleri de ge\u00e7ti\u011fimiz g\u00fcnlerde Penguen dergisinde ger\u00e7ekle\u015fti.<\/p>\n<p><a href=\"http:\/\/balcilar-blog.com\/wp-content\/uploads\/2015\/01\/55-21.jpg\"><img loading=\"lazy\" decoding=\"async\" class=\"alignnone size-medium wp-image-5750\" src=\"http:\/\/balcilar-blog.com\/wp-content\/uploads\/2015\/01\/55-21-300x240.jpg\" alt=\"55-2\" width=\"300\" height=\"240\" srcset=\"https:\/\/balcilar-blog.com\/wp-content\/uploads\/2015\/01\/55-21-300x240.jpg 300w, https:\/\/balcilar-blog.com\/wp-content\/uploads\/2015\/01\/55-21.jpg 812w\" sizes=\"auto, (max-width: 300px) 100vw, 300px\" \/><\/a><\/p>\n<p><strong>2014&#8217;\u00dcN SOSYAL MEDYA EN&#8217;\u0130 MEDCEZ\u0130R!<\/strong><\/p>\n<p>Medcezir, sosyal medyada 2014 y\u0131l\u0131nda en \u00e7ok konu\u015fulan program olarak rakiplerine fark att\u0131. Sosyal medya ara\u015ft\u0131rma \u015firketi Somera&#8217;n\u0131n yapt\u0131\u011f\u0131 ara\u015ft\u0131rmada dizi 1.256.432 tweetle y\u0131la damga vurdu.<\/p>\n<p><a href=\"http:\/\/balcilar-blog.com\/wp-content\/uploads\/2015\/01\/55-41.jpg\"><img loading=\"lazy\" decoding=\"async\" class=\"alignnone size-medium wp-image-5748\" src=\"http:\/\/balcilar-blog.com\/wp-content\/uploads\/2015\/01\/55-41-300x232.jpg\" alt=\"55-4\" width=\"300\" height=\"232\" srcset=\"https:\/\/balcilar-blog.com\/wp-content\/uploads\/2015\/01\/55-41-300x232.jpg 300w, https:\/\/balcilar-blog.com\/wp-content\/uploads\/2015\/01\/55-41.jpg 828w\" sizes=\"auto, (max-width: 300px) 100vw, 300px\" \/><\/a>\u00a0<a href=\"http:\/\/balcilar-blog.com\/wp-content\/uploads\/2015\/01\/55-11.jpg\"><img loading=\"lazy\" decoding=\"async\" class=\"alignnone size-medium wp-image-5749\" src=\"http:\/\/balcilar-blog.com\/wp-content\/uploads\/2015\/01\/55-11-300x228.jpg\" alt=\"55-1\" width=\"300\" height=\"228\" srcset=\"https:\/\/balcilar-blog.com\/wp-content\/uploads\/2015\/01\/55-11-300x228.jpg 300w, https:\/\/balcilar-blog.com\/wp-content\/uploads\/2015\/01\/55-11.jpg 808w\" sizes=\"auto, (max-width: 300px) 100vw, 300px\" \/><\/a><\/p>\n<p>Ay Yap\u0131m imzal\u0131, senaristli\u011fini Ece Y\u00f6ren\u00e7&#8217;in, y\u00f6netmenli\u011fini ise Ali Bilgin&#8217;in \u00fcstlendi\u011fi Medcezir heyecan dolu yeni b\u00f6l\u00fcm\u00fcyle 9 Ocak Cuma g\u00fcn\u00fc saat 20:30&#8217;da Star TV&#8217;de&#8230;<\/p>\n<p>&nbsp;<\/p>\n<p><iframe loading=\"lazy\" title=\"Medcezir 55.B\u00f6l\u00fcm Fragman 2\" width=\"640\" height=\"360\" src=\"https:\/\/www.youtube.com\/embed\/0OD_T9VR0Wc?feature=oembed\" frameborder=\"0\" allow=\"accelerometer; autoplay; clipboard-write; encrypted-media; gyroscope; picture-in-picture; web-share\" referrerpolicy=\"strict-origin-when-cross-origin\" allowfullscreen><\/iframe><\/p>\n<p>&nbsp;<\/p>\n<p>Keyifli Seyirler.<\/p>\n<p>Sayg\u0131lar, sevgiler.<\/p>\n<p>Abdurrahman Balc\u0131lar<\/p>\n<p>Twitter: abdurrahman balc\u0131lar@abbalcilar<\/p>\n<p>Mail : <a href=\"mailto:ab.balcilar@hotmail.com\">ab.balcilar@hotmail.com<\/a><\/p>\n<p>Blog: milliyet.com.tr\/cansever<\/p>\n<p>Blog: balcilar-blog.com<\/p>\n<p>Not: Haber ve G\u00f6rseller Ay Yap\u0131m, Persona Sanat bas\u0131n b\u00fclteninden al\u0131nm\u0131\u015ft\u0131r.<\/p>\n<p>&nbsp;<\/p>\n<p>&nbsp;<\/p>\n<p>&nbsp;<\/p>\n","protected":false},"excerpt":{"rendered":"<p>2014&#8217;de sosyal medyada en \u00e7ok konu\u015fulan program se\u00e7ilen Medcezir&#8217;in yeni y\u0131l\u0131n ilk b\u00f6l\u00fcm\u00fcne \u00fcnl\u00fc Karikat\u00fcrist Erdil Ya\u015faro\u011flu konuk oluyor. Ekranlar\u0131n fenomen dizisi Medcezir,\u00a0 her b\u00f6l\u00fcm\u00fcyle izleyenlere farkl\u0131\u00a0 s\u00fcrprizler ya\u015fatmaya devam ediyor. Dizinin yeni b\u00f6l\u00fcm\u00fcnde ise karikat\u00fcrist Erdil Ya\u015faro\u011flu konuk oluyor. Mert (Taner \u00d6lmez) ve Uzay (Bar\u0131\u015f Alpaykut) \u00e7izdikleri karikat\u00fcrleri profesyonel hayata ta\u015f\u0131mak i\u00e7in Erdil Ya\u015faro\u011flu&#8217;nun [&hellip;]<\/p>\n","protected":false},"author":3,"featured_media":0,"comment_status":"open","ping_status":"open","sticky":false,"template":"","format":"standard","meta":{"footnotes":""},"categories":[2],"tags":[31,589,26,588,29,587,16,28],"class_list":["post-5747","post","type-post","status-publish","format-standard","hentry","category-tv-programlari","tag-ali-bilgin","tag-alpaykut","tag-ay-yapim","tag-baris","tag-ece-yorenc","tag-erdil-yasaroglu","tag-medcezir","tag-taner-olmez"],"views":5222,"blog_post_layout_featured_media_urls":{"thumbnail":"","full":""},"categories_names":{"2":{"name":"TV Programlar\u0131","link":"https:\/\/balcilar-blog.com\/?cat=2"}},"tags_names":{"31":{"name":"Ali Bilgin","link":"https:\/\/balcilar-blog.com\/?tag=ali-bilgin"},"589":{"name":"Alpaykut","link":"https:\/\/balcilar-blog.com\/?tag=alpaykut"},"26":{"name":"Ay Yap\u0131m","link":"https:\/\/balcilar-blog.com\/?tag=ay-yapim"},"588":{"name":"Bar\u0131\u015f","link":"https:\/\/balcilar-blog.com\/?tag=baris"},"29":{"name":"Ece Y\u00f6ren\u00e7","link":"https:\/\/balcilar-blog.com\/?tag=ece-yorenc"},"587":{"name":"Erdil Ya\u015faro\u011flu","link":"https:\/\/balcilar-blog.com\/?tag=erdil-yasaroglu"},"16":{"name":"medcezir","link":"https:\/\/balcilar-blog.com\/?tag=medcezir"},"28":{"name":"Taner \u00d6lmez","link":"https:\/\/balcilar-blog.com\/?tag=taner-olmez"}},"comments_number":"0","wpmagazine_modules_lite_featured_media_urls":{"thumbnail":"","cvmm-medium":"","cvmm-medium-plus":"","cvmm-portrait":"","cvmm-medium-square":"","cvmm-large":"","cvmm-small":"","full":""},"_links":{"self":[{"href":"https:\/\/balcilar-blog.com\/index.php?rest_route=\/wp\/v2\/posts\/5747","targetHints":{"allow":["GET"]}}],"collection":[{"href":"https:\/\/balcilar-blog.com\/index.php?rest_route=\/wp\/v2\/posts"}],"about":[{"href":"https:\/\/balcilar-blog.com\/index.php?rest_route=\/wp\/v2\/types\/post"}],"author":[{"embeddable":true,"href":"https:\/\/balcilar-blog.com\/index.php?rest_route=\/wp\/v2\/users\/3"}],"replies":[{"embeddable":true,"href":"https:\/\/balcilar-blog.com\/index.php?rest_route=%2Fwp%2Fv2%2Fcomments&post=5747"}],"version-history":[{"count":2,"href":"https:\/\/balcilar-blog.com\/index.php?rest_route=\/wp\/v2\/posts\/5747\/revisions"}],"predecessor-version":[{"id":5753,"href":"https:\/\/balcilar-blog.com\/index.php?rest_route=\/wp\/v2\/posts\/5747\/revisions\/5753"}],"wp:attachment":[{"href":"https:\/\/balcilar-blog.com\/index.php?rest_route=%2Fwp%2Fv2%2Fmedia&parent=5747"}],"wp:term":[{"taxonomy":"category","embeddable":true,"href":"https:\/\/balcilar-blog.com\/index.php?rest_route=%2Fwp%2Fv2%2Fcategories&post=5747"},{"taxonomy":"post_tag","embeddable":true,"href":"https:\/\/balcilar-blog.com\/index.php?rest_route=%2Fwp%2Fv2%2Ftags&post=5747"}],"curies":[{"name":"wp","href":"https:\/\/api.w.org\/{rel}","templated":true}]}}