{"id":5711,"date":"2015-01-06T21:44:14","date_gmt":"2015-01-06T19:44:14","guid":{"rendered":"http:\/\/balcilar-blog.com\/?p=5711"},"modified":"2015-01-07T11:04:01","modified_gmt":"2015-01-07T09:04:01","slug":"gecen-hafta-29-aralik-4-ocak-en-cok-seyredilen-diziler","status":"publish","type":"post","link":"https:\/\/balcilar-blog.com\/?p=5711","title":{"rendered":"Ge\u00e7en Hafta (29 Aral\u0131k \u2013 4 Ocak) En \u00c7ok Seyredilen Diziler:"},"content":{"rendered":"<p><a href=\"http:\/\/balcilar-blog.com\/wp-content\/uploads\/2015\/01\/\u0130\u00e7erik-reyting.jpg\"><img loading=\"lazy\" decoding=\"async\" class=\"alignnone size-full wp-image-5715\" src=\"http:\/\/balcilar-blog.com\/wp-content\/uploads\/2015\/01\/\u0130\u00e7erik-reyting.jpg\" alt=\"\u0130\u00e7erik reyting\" width=\"675\" height=\"386\" srcset=\"https:\/\/balcilar-blog.com\/wp-content\/uploads\/2015\/01\/\u0130\u00e7erik-reyting.jpg 675w, https:\/\/balcilar-blog.com\/wp-content\/uploads\/2015\/01\/\u0130\u00e7erik-reyting-300x172.jpg 300w\" sizes=\"auto, (max-width: 675px) 100vw, 675px\" \/><\/a><\/p>\n<p>Ge\u00e7ti\u011fimiz hafta y\u0131lba\u015f\u0131 nedeniyle bir\u00e7ok dizi yeni b\u00f6l\u00fcmlerini yay\u0131nlamad\u0131. Bu nedenle TNS \u00f6l\u00e7\u00fcmlerine g\u00f6re yap\u0131lan reyting s\u0131ralamas\u0131nda de\u011fi\u015fiklikler oldu. Kara Para A\u015fk, Dirili\u015f Ertu\u011frul, Kurtlar Vadisi Pusu, Medcezir ve G\u00fcllerin Sava\u015f\u0131 dizilerinin yeni b\u00f6l\u00fcmleri yay\u0131nlanmad\u0131. Bunlar\u0131n baz\u0131lar\u0131 kendi g\u00fcn\u00fcnde tekrar\u0131 yay\u0131na koydu.<\/p>\n<p>\u00dclkemizde dizilerin kaderi TNS \u00f6l\u00e7\u00fcmlerine g\u00f6re ortaya \u00e7\u0131kan reyting sonu\u00e7lar\u0131na ba\u011fl\u0131. Yeni yay\u0131na giren dizilerde alaca\u011f\u0131 reytingler oyuncular\u0131n ve yap\u0131mc\u0131n\u0131n korkulu r\u00fcyas\u0131 haline geldi. S\u0131rf iyi reyting alamad\u0131 diye onlarca emek ve masraflar \u00e7o\u011fu zaman bo\u015fa gidebiliyor.<\/p>\n<p><span id=\"contextual\">\u201cKurt Seyit ve \u015eura\u201dn\u0131n yazar\u0131 Nermin Bezmen, kitab\u0131ndan diziye d\u00f6n\u00fc\u015ft\u00fcr\u00fclen \u201cKurt Seyit ve \u015eura\u201d dizisinin reytingleri hakk\u0131nda konu\u015fmu\u015f. Dizinin 39 \u00fclkede rating rekorlar\u0131 k\u0131rd\u0131\u011f\u0131n\u0131 belirten Bezmen, dizi ekibinin kitab\u0131na sad\u0131k kald\u0131\u011f\u0131n\u0131 ifade ederek, &#8220;&#8216;Kurt Seyit ve \u015eura&#8217; dizisi T\u00fcrkiye dizi tarihinde bir ilki yakalad\u0131. M\u00fcthi\u015f bir \u00f6zveriyle ve hi\u00e7bir yorgunluktan ve masraftan ka\u00e7\u0131n\u0131lmadan kitab\u0131ma olabildi\u011fince d\u00fcnyan\u0131n en iyi yap\u0131mc\u0131s\u0131n\u0131n uyabilece\u011fi g\u00fc\u00e7te bir uyumla dizi \u00e7\u0131kard\u0131lar. San\u0131r\u0131m g\u00fcn\u00fcm\u00fcz\u00fcn \u00e7ok harc\u0131alem ve izleyiciyi sadece \u00e7ok iyi bildi\u011fi konulardan yakalayan dizilerin \u00e7ok \u00f6tesine ta\u015f\u0131nd\u0131. T\u00fcrkiye\u2019de tutulmad\u0131\u011f\u0131 s\u00f6ylendi. Yabanc\u0131 kald\u0131\u011f\u0131 s\u00f6ylendi. Ama di\u011fer taraftan 39 \u00fclkede rating \u00a0Her b\u00f6l\u00fcm\u00fcn\u00fc heyecanla izledim. Rating \u00f6l\u00e7\u00fcmleri T\u00fcrkiye\u2019de ne n\u00fcfusumuzla ne ger\u00e7ek seyirci say\u0131s\u0131yla orant\u0131l\u0131. \u00c7ok k\u0131s\u0131tl\u0131 say\u0131da ve \u00e7ok belirli evlere konulan bir \u00f6l\u00e7\u00fcm sistemi. Bu asl\u0131nda T\u00fcrkiye\u2019nin ger\u00e7e\u011fini yans\u0131tm\u0131yor. Benim g\u00f6z\u00fcmde. Sadece o grubun be\u011fenilirli\u011fini yakalamak i\u00e7in ne hikayeyi ucuzlatt\u0131lar ne de roman\u0131n asl\u0131ndan vazge\u00e7tiler. Dolay\u0131s\u0131yla dizi hepimiz i\u00e7in zirveydi. T\u00fcrkiye\u2019nin rating anlay\u0131\u015f\u0131 hangi puanla tutarsa tutsun bizim yap\u0131mc\u0131m\u0131zdan tutun oyuncumuzla, senaristimizle, y\u00f6netmenimizle diziye eme\u011fi ge\u00e7en herkesin kendi alan\u0131nda zirve yapt\u0131\u011f\u0131 bir diziydi&#8221; dedi.<\/span><\/p>\n<p>\u0130\u015fte Nermin bezmen&#8217;in yapt\u0131\u011f\u0131 bas\u0131n toplant\u0131s\u0131nda \u00fclkemizdeki reyting sistemine tepkisi b\u00f6yle. Biz gene de ba\u015fka bir kayna\u011f\u0131m\u0131z olmad\u0131\u011f\u0131na g\u00f6re TNS&#8217;den ald\u0131\u011f\u0131m\u0131z sonu\u00e7lara g\u00f6re ge\u00e7en haftan\u0131n de\u011ferlendirmesini yapal\u0131m.<\/p>\n<p>Total\u2019de Karag\u00fcl ge\u00e7en hafta oldu\u011fu gibi, bu haftada da 1.s\u0131rada yer al\u0131yor. Bu hafta rakibi Medcezir\u2019in yeni b\u00f6l\u00fcm\u00fcn yay\u0131nlamamas\u0131 nedeniyle izlenme oran\u0131 olduk\u00e7a y\u00fcksek. AB\u2019de ge\u00e7en hafta 5.s\u0131radan bu hafta 8.s\u0131raya d\u00fc\u015ft\u00fc.<\/p>\n<p><a href=\"http:\/\/balcilar-blog.com\/wp-content\/uploads\/2014\/12\/karagul_722314716.jpg\"><img loading=\"lazy\" decoding=\"async\" class=\"alignnone size-medium wp-image-5630\" src=\"http:\/\/balcilar-blog.com\/wp-content\/uploads\/2014\/12\/karagul_722314716-300x300.jpg\" alt=\"karagul_722314716\" width=\"300\" height=\"300\" srcset=\"https:\/\/balcilar-blog.com\/wp-content\/uploads\/2014\/12\/karagul_722314716.jpg 300w, https:\/\/balcilar-blog.com\/wp-content\/uploads\/2014\/12\/karagul_722314716-150x150.jpg 150w\" sizes=\"auto, (max-width: 300px) 100vw, 300px\" \/><\/a><\/p>\n<p>Kiraz Mevsimi bu hafta Total\u2019de ge\u00e7en haftaya g\u00f6re bir basamak y\u00fckselerek 2.s\u0131rada yer ald\u0131. AB\u2019de ge\u00e7en hafta yer almazken bu hafta 4.s\u0131rada yer ald\u0131.<\/p>\n<p><a href=\"http:\/\/balcilar-blog.com\/wp-content\/uploads\/2015\/01\/kiraz-mevsimi.jpg\"><img loading=\"lazy\" decoding=\"async\" class=\"alignnone size-medium wp-image-5713\" src=\"http:\/\/balcilar-blog.com\/wp-content\/uploads\/2015\/01\/kiraz-mevsimi-300x188.jpg\" alt=\"kiraz-mevsimi\" width=\"300\" height=\"188\" srcset=\"https:\/\/balcilar-blog.com\/wp-content\/uploads\/2015\/01\/kiraz-mevsimi-300x188.jpg 300w, https:\/\/balcilar-blog.com\/wp-content\/uploads\/2015\/01\/kiraz-mevsimi.jpg 792w\" sizes=\"auto, (max-width: 300px) 100vw, 300px\" \/><\/a><\/p>\n<p>Parampar\u00e7a ge\u00e7en hafta oldu\u011fu gibi AB\u2019de gene 1.s\u0131rada yer ald\u0131. Total\u2019de ge\u00e7en hafta 2.s\u0131rada yer al\u0131rken, bu hafta 3.s\u0131rada kendisine yer buldu.<\/p>\n<p><a href=\"http:\/\/balcilar-blog.com\/wp-content\/uploads\/2014\/12\/27166232.jpg\"><img loading=\"lazy\" decoding=\"async\" class=\"alignnone size-medium wp-image-5500\" src=\"http:\/\/balcilar-blog.com\/wp-content\/uploads\/2014\/12\/27166232-300x300.jpg\" alt=\"27166232\" width=\"300\" height=\"300\" srcset=\"https:\/\/balcilar-blog.com\/wp-content\/uploads\/2014\/12\/27166232-300x300.jpg 300w, https:\/\/balcilar-blog.com\/wp-content\/uploads\/2014\/12\/27166232-150x150.jpg 150w, https:\/\/balcilar-blog.com\/wp-content\/uploads\/2014\/12\/27166232.jpg 620w\" sizes=\"auto, (max-width: 300px) 100vw, 300px\" \/><\/a><\/p>\n<p>Kocam\u0131n Ailesi bu hafta Total\u2019de \u00e7\u0131k\u0131\u015f yaparak 4.s\u0131raya yerle\u015fti. AB\u2019de 4.s\u0131rada yer buldu.<\/p>\n<p><a href=\"http:\/\/balcilar-blog.com\/wp-content\/uploads\/2014\/12\/\u0130\u00e7erik-kocam\u0131n-ailesi.jpg\"><img loading=\"lazy\" decoding=\"async\" class=\"alignnone size-full wp-image-5166\" src=\"http:\/\/balcilar-blog.com\/wp-content\/uploads\/2014\/12\/\u0130\u00e7erik-kocam\u0131n-ailesi.jpg\" alt=\"\u0130\u00e7erik kocam\u0131n ailesi\" width=\"287\" height=\"168\" \/><\/a><\/p>\n<p>\u00d6zcan Deniz\u2019in dizisi Kaderimin Yaz\u0131ld\u0131\u011f\u0131 G\u00fcn, ge\u00e7en hafta oldu\u011fu gibi Total\u2019de 5.s\u0131rada yer alm\u0131\u015ft\u0131r. AB\u2019de 6.s\u0131rada yer ald\u0131.<\/p>\n<p><a href=\"http:\/\/balcilar-blog.com\/wp-content\/uploads\/2014\/12\/images-kaderimin-yaz\u0131ld\u0131\u011f\u0131-g\u00fcn.jpg\"><img loading=\"lazy\" decoding=\"async\" class=\"alignnone size-full wp-image-5163\" src=\"http:\/\/balcilar-blog.com\/wp-content\/uploads\/2014\/12\/images-kaderimin-yaz\u0131ld\u0131\u011f\u0131-g\u00fcn.jpg\" alt=\"images kaderimin yaz\u0131ld\u0131\u011f\u0131 g\u00fcn\" width=\"257\" height=\"189\" srcset=\"https:\/\/balcilar-blog.com\/wp-content\/uploads\/2014\/12\/images-kaderimin-yaz\u0131ld\u0131\u011f\u0131-g\u00fcn.jpg 257w, https:\/\/balcilar-blog.com\/wp-content\/uploads\/2014\/12\/images-kaderimin-yaz\u0131ld\u0131\u011f\u0131-g\u00fcn-210x155.jpg 210w\" sizes=\"auto, (max-width: 257px) 100vw, 257px\" \/><\/a><\/p>\n<p>AB\u2019de Karaday\u0131\u2019n\u0131n 2.s\u0131rada oldu\u011funu g\u00f6rd\u00fck. Ge\u00e7en hafta 3.s\u0131radayd\u0131. Ge\u00e7en hafta Total\u2019de 10.s\u0131rada olan dizi, bu hafta 2 basamak y\u00fckselerek 8.s\u0131rada yer alm\u0131\u015f.<\/p>\n<p><a href=\"http:\/\/balcilar-blog.com\/wp-content\/uploads\/2014\/12\/karadayi.jpg\"><img loading=\"lazy\" decoding=\"async\" class=\"alignnone size-medium wp-image-5629\" src=\"http:\/\/balcilar-blog.com\/wp-content\/uploads\/2014\/12\/karadayi-300x234.jpg\" alt=\"karadayi\" width=\"300\" height=\"234\" srcset=\"https:\/\/balcilar-blog.com\/wp-content\/uploads\/2014\/12\/karadayi-300x234.jpg 300w, https:\/\/balcilar-blog.com\/wp-content\/uploads\/2014\/12\/karadayi.jpg 385w\" sizes=\"auto, (max-width: 300px) 100vw, 300px\" \/><\/a><\/p>\n<p>\u015eeref Meselesi Total\u2019de listede yer almazken, \u00a0AB\u2019de bu hafta 9\u2019culuktan 5.s\u0131raya y\u00fckseldi.<\/p>\n<p><a href=\"http:\/\/balcilar-blog.com\/wp-content\/uploads\/2015\/01\/\u0130\u00e7erik-\u015feref-meselesi.jpg\"><img loading=\"lazy\" decoding=\"async\" class=\"alignnone size-full wp-image-5712\" src=\"http:\/\/balcilar-blog.com\/wp-content\/uploads\/2015\/01\/\u0130\u00e7erik-\u015feref-meselesi.jpg\" alt=\"\u0130\u00e7erik \u015feref meselesi\" width=\"251\" height=\"201\" \/><\/a><\/p>\n<p><strong>Total Grubunda ilk 10 s\u0131ralamas\u0131:<\/strong><\/p>\n<p>1.Karag\u00fcl (Fox) \u2026\u2026\u2026\u2026\u2026\u2026\u2026..\u00a0 10,60 \u2013 24,90<\/p>\n<p>2.Kiraz Mevsimi (Fox)\u2026\u2026\u2026\u2026.\u00a0\u00a0\u00a0 9,77 \u2013 22,61<\/p>\n<p>3.Parampar\u00e7a (Star)\u2026\u2026\u2026\u2026\u2026.\u00a0\u00a0\u00a0 9,51 &#8211;\u00a0 22,17<\/p>\n<p>4.Kocam\u0131n Ailesi (Fox)\u2026\u2026\u2026\u2026..\u00a0\u00a0 8,21 &#8211;\u00a0 19,58<\/p>\n<p>5.Kaderimin Yaz\u0131ld\u0131\u011f\u0131 G\u00fcn (Star)\u00a0 7,87 \u2013 19,11<\/p>\n<p>6.O Hayat Benim (Fox)\u2026\u2026\u2026\u2026..\u00a0\u00a0 7,99 \u2013 18,70<\/p>\n<p>7.Sungurlar (Samanyolu)\u2026\u2026\u2026\u00a0\u00a0\u00a0\u00a0 7,24 \u2013 16,64<\/p>\n<p>8.Karaday\u0131 (Atv)\u2026\u2026\u2026\u2026\u2026\u2026\u2026..\u00a0\u00a0\u00a0 \u00a06,91 \u2013 16,52<\/p>\n<p>9.K\u00fc\u00e7\u00fck A\u011fa (Kanal D)\u2026\u2026\u2026\u2026.\u00a0\u00a0\u00a0 6,66 \u2013 15,38<\/p>\n<p>10.G\u00fczel K\u00f6yl\u00fc (Star)\u2026\u2026\u2026\u2026..\u00a0\u00a0\u00a0\u00a0 6,34 \u2013 15,27<\/p>\n<p>&nbsp;<\/p>\n<p><strong>AB Grubunda ilk 10 s\u0131ralamas\u0131:<\/strong><\/p>\n<p>1.Parampar\u00e7a (Star) \u2026\u2026\u2026\u2026\u2026\u2026.. 8,53 \u2013 20,69<\/p>\n<p>2.Karaday\u0131 (Atv) \u2026\u2026\u2026\u2026\u2026\u2026\u2026\u2026..\u00a0 7,83 \u2013 19,43<\/p>\n<p>3.Kocam\u0131n Ailesi (Fox) \u2026\u2026\u2026\u2026\u2026\u00a0\u00a0\u00a0 7,67 \u2013 18,41<\/p>\n<p>4.Kiraz Mevsimi (Fox) \u2026\u2026\u2026\u2026\u2026.\u00a0\u00a0\u00a0 7,12 \u2013 18,73<\/p>\n<p>5.\u015eeref Meslesi (Kanal D) \u2026\u2026\u2026..\u00a0\u00a0 6,48 \u2013 15,61<\/p>\n<p>6.Kaderimin Yaz\u0131ld\u0131\u011f\u0131 G\u00fcn (Star)\u00a0\u00a0\u00a0\u00a0 6,29 \u2013 16,31<\/p>\n<p>7.O Hayat Benim (Fox) \u2026\u2026\u2026\u2026\u2026\u00a0\u00a0\u00a0 6,02 \u2013 14,59<\/p>\n<p>8.Karag\u00fcl (Fox) \u2026\u2026\u2026\u2026\u2026\u2026\u2026\u2026\u2026.\u00a0\u00a0 \u00a05,77 \u2013 15,14<\/p>\n<p>9.K\u00fc\u00e7\u00fck A\u011fa (Kanal D) \u2026\u2026\u2026\u2026\u2026.. .\u00a0 5,25 \u2013 13,17<\/p>\n<p>10.Kiraz Mevsimi \u00f6zet (Fox)\u2026\u2026\u2026..\u00a0\u00a0 4,86 \u2013 13,53<\/p>\n<p>Siz hangi diziyi seyrederseniz seyredin, bu listelerde olmasa da yeter ki size keyif versin, o size yeter.<\/p>\n<p>Sayg\u0131lar, sevgiler.<\/p>\n<p>Abdurrahman Balc\u0131lar<\/p>\n<p>Twitter: abdurrahman balc\u0131lar@abbalcilar<\/p>\n<p>Face : <a href=\"mailto:ab.balcilar@hotmail.com\">ab.balcilar@hotmail.com<\/a><\/p>\n<p>Blog: milliyet.com.tr\/cansever<\/p>\n<p>Blog: balcilar-blog.com<\/p>\n<p>Not: G\u00f6rseller internetten al\u0131nm\u0131\u015ft\u0131r.<\/p>\n<p>&nbsp;<\/p>\n<p>&nbsp;<\/p>\n<p>&nbsp;<\/p>\n<p>&nbsp;<\/p>\n","protected":false},"excerpt":{"rendered":"<p>Ge\u00e7ti\u011fimiz hafta y\u0131lba\u015f\u0131 nedeniyle bir\u00e7ok dizi yeni b\u00f6l\u00fcmlerini yay\u0131nlamad\u0131. Bu nedenle TNS \u00f6l\u00e7\u00fcmlerine g\u00f6re yap\u0131lan reyting s\u0131ralamas\u0131nda de\u011fi\u015fiklikler oldu. Kara Para A\u015fk, Dirili\u015f Ertu\u011frul, Kurtlar Vadisi Pusu, Medcezir ve G\u00fcllerin Sava\u015f\u0131 dizilerinin yeni b\u00f6l\u00fcmleri yay\u0131nlanmad\u0131. Bunlar\u0131n baz\u0131lar\u0131 kendi g\u00fcn\u00fcnde tekrar\u0131 yay\u0131na koydu. \u00dclkemizde dizilerin kaderi TNS \u00f6l\u00e7\u00fcmlerine g\u00f6re ortaya \u00e7\u0131kan reyting sonu\u00e7lar\u0131na ba\u011fl\u0131. Yeni yay\u0131na [&hellip;]<\/p>\n","protected":false},"author":3,"featured_media":0,"comment_status":"open","ping_status":"open","sticky":false,"template":"","format":"standard","meta":{"footnotes":""},"categories":[2],"tags":[464,586,558,375,530],"class_list":["post-5711","post","type-post","status-publish","format-standard","hentry","category-tv-programlari","tag-karagul","tag-kiraz-mevsimi","tag-paramparca","tag-reytingler","tag-tns-olcumleri"],"views":3418,"blog_post_layout_featured_media_urls":{"thumbnail":"","full":""},"categories_names":{"2":{"name":"TV Programlar\u0131","link":"https:\/\/balcilar-blog.com\/?cat=2"}},"tags_names":{"464":{"name":"Karag\u00fcl","link":"https:\/\/balcilar-blog.com\/?tag=karagul"},"586":{"name":"Kiraz mevsimi","link":"https:\/\/balcilar-blog.com\/?tag=kiraz-mevsimi"},"558":{"name":"Parampar\u00e7a","link":"https:\/\/balcilar-blog.com\/?tag=paramparca"},"375":{"name":"Reytingler","link":"https:\/\/balcilar-blog.com\/?tag=reytingler"},"530":{"name":"TNS \u00f6l\u00e7\u00fcmleri","link":"https:\/\/balcilar-blog.com\/?tag=tns-olcumleri"}},"comments_number":"0","wpmagazine_modules_lite_featured_media_urls":{"thumbnail":"","cvmm-medium":"","cvmm-medium-plus":"","cvmm-portrait":"","cvmm-medium-square":"","cvmm-large":"","cvmm-small":"","full":""},"_links":{"self":[{"href":"https:\/\/balcilar-blog.com\/index.php?rest_route=\/wp\/v2\/posts\/5711","targetHints":{"allow":["GET"]}}],"collection":[{"href":"https:\/\/balcilar-blog.com\/index.php?rest_route=\/wp\/v2\/posts"}],"about":[{"href":"https:\/\/balcilar-blog.com\/index.php?rest_route=\/wp\/v2\/types\/post"}],"author":[{"embeddable":true,"href":"https:\/\/balcilar-blog.com\/index.php?rest_route=\/wp\/v2\/users\/3"}],"replies":[{"embeddable":true,"href":"https:\/\/balcilar-blog.com\/index.php?rest_route=%2Fwp%2Fv2%2Fcomments&post=5711"}],"version-history":[{"count":2,"href":"https:\/\/balcilar-blog.com\/index.php?rest_route=\/wp\/v2\/posts\/5711\/revisions"}],"predecessor-version":[{"id":5717,"href":"https:\/\/balcilar-blog.com\/index.php?rest_route=\/wp\/v2\/posts\/5711\/revisions\/5717"}],"wp:attachment":[{"href":"https:\/\/balcilar-blog.com\/index.php?rest_route=%2Fwp%2Fv2%2Fmedia&parent=5711"}],"wp:term":[{"taxonomy":"category","embeddable":true,"href":"https:\/\/balcilar-blog.com\/index.php?rest_route=%2Fwp%2Fv2%2Fcategories&post=5711"},{"taxonomy":"post_tag","embeddable":true,"href":"https:\/\/balcilar-blog.com\/index.php?rest_route=%2Fwp%2Fv2%2Ftags&post=5711"}],"curies":[{"name":"wp","href":"https:\/\/api.w.org\/{rel}","templated":true}]}}