{"id":5698,"date":"2015-01-05T12:20:13","date_gmt":"2015-01-05T10:20:13","guid":{"rendered":"http:\/\/balcilar-blog.com\/?p=5698"},"modified":"2015-01-05T22:41:01","modified_gmt":"2015-01-05T20:41:01","slug":"hazal-kaya-maral-tv8de-aras-bulut-iynemli-ile-nihayet","status":"publish","type":"post","link":"https:\/\/balcilar-blog.com\/?p=5698","title":{"rendered":"Hazal Kaya \/ Maral Tv8&#8217;de Aras Bulut \u0130ynemli ile nihayet!"},"content":{"rendered":"<p><a href=\"http:\/\/balcilar-blog.com\/wp-content\/uploads\/2015\/01\/Ekran-Al\u0131nt\u0131s\u0131maral.2.png\"><img loading=\"lazy\" decoding=\"async\" class=\"alignnone size-full wp-image-5700\" src=\"http:\/\/balcilar-blog.com\/wp-content\/uploads\/2015\/01\/Ekran-Al\u0131nt\u0131s\u0131maral.2.png\" alt=\"Ekran Al\u0131nt\u0131s\u0131maral.2\" width=\"760\" height=\"426\" srcset=\"https:\/\/balcilar-blog.com\/wp-content\/uploads\/2015\/01\/Ekran-Al\u0131nt\u0131s\u0131maral.2.png 760w, https:\/\/balcilar-blog.com\/wp-content\/uploads\/2015\/01\/Ekran-Al\u0131nt\u0131s\u0131maral.2-300x168.png 300w\" sizes=\"auto, (max-width: 760px) 100vw, 760px\" \/><\/a><\/p>\n<p>Hazal Kaya&#8217;n\u0131n yeni dizisi Maral, TV8&#8217;de nihayet \u00e7ok yak\u0131nda ba\u015fl\u0131yor. Hazal Kaya oyunculukta A\u015fk-\u0131 Memnu ile \u00e7\u0131k\u0131\u015f yapm\u0131\u015f, \u00c7a\u011fatay Ulusoy ile oynad\u0131\u011f\u0131 Ad\u0131n\u0131 Feriha Koydum dizisi ile zirve yapm\u0131\u015f bir oyuncumuz. Son oynad\u0131\u011f\u0131 Balkanlar 1912 ve A\u015eK dizileri talihsiz bir \u015fekilde erken final yapmak zorunda kalm\u0131\u015ft\u0131. D\u00fcnya \u00e7ap\u0131nda tan\u0131nan ve sevilen oyuncu g\u00fczel k\u0131z\u0131m\u0131z Hazal Kaya&#8217;\u0131 uzunca bir s\u00fcre yeni dizlerde g\u00f6r\u00fclmemi\u015f, nihayet Acun Il\u0131cal\u0131 kendi kanal\u0131nda oynamas\u0131 i\u00e7in ikna etmi\u015ftir. Kaya, Maral dizisinde b\u00f6l\u00fcm ba\u015f\u0131na 50 bin TL. alacakm\u0131\u015f. \u00d6n\u00fcne konan projeyi kabul etmi\u015f, s\u0131ra ba\u015frol oynayaca\u011f\u0131 erkek oyuncuya gelmi\u015fti. \u00d6nceleri Mehmet G\u00fcns\u00fcr, daha sonra da Burak \u00d6z\u00e7ivit ile oynayaca\u011f\u0131 s\u00f6ylendi. Sonunda Aras Bulut \u0130ynemli ile oynamas\u0131nda karar k\u0131l\u0131nd\u0131. Acun Il\u0131cal\u0131 \u00c7a\u011fatay Ulusoy ile oynamas\u0131nda \u0131srarl\u0131yd\u0131. Ulusoy, Ay Yap\u0131m&#8217;\u0131n reytingleri olduk\u00e7a iyi olan Medcezir dizisinde oynamas\u0131 nedeniyle bu ger\u00e7ekle\u015fmedi. Aral\u0131k ba\u015flar\u0131nda \u00c7a\u011fatay Ulusoy&#8217;un Medcezir&#8217;den ayr\u0131laca\u011f\u0131 s\u00f6ylentileri \u00e7\u0131kt\u0131. Ak\u0131ll\u0131 senarist Ece Y\u00f6ren\u00e7&#8217;de Medcezir&#8217;de Yaman&#8217;\u0131 kur\u015funlat\u0131p \u00f6l\u00fcm\u00fcn e\u015fi\u011fini getirince, sosyal medyada \u00e7alkant\u0131lar oldu. Bu vurulma sahnesi, Yaman \u00f6l\u00fcyor, diziden ayr\u0131l\u0131yor dedikodular\u0131 Medcezir&#8217;in reytinglerine art\u0131lar getirdi. Ve \u00c7a\u011fatay Ulusoy Medcezir&#8217;den ayr\u0131lmad\u0131.<\/p>\n<p>Neticede Aras Bulut \u0130ynemli ile partner oldular. Ve ilk tan\u0131t\u0131m fragman\u0131 ge\u00e7ti\u011fimiz y\u0131lba\u015f\u0131 ak\u015fam\u0131 2015&#8217;in ilk dakikalar\u0131nda yay\u0131nland\u0131. G\u00f6rd\u00fck ki pek de yak\u0131\u015ft\u0131lar, iyi bir ikili olacaklar\u0131n\u0131n g\u00f6sterdiler. Filmin konusu hen\u00fcz daha detayl\u0131 bir \u015fekilde yans\u0131mad\u0131. Ezel, U\u00e7urum ve 20 Dakika dizilerinden tan\u0131d\u0131\u011f\u0131m\u0131z senaristlerimiz Kerem deren ve P\u0131nar Bulut ikilisi senaryoyu yazacaklarm\u0131\u015f. Bir felaketin de\u011fil, bir mucizenin ay\u0131rd\u0131\u011f\u0131 iki a\u015f\u0131\u011f\u0131 canland\u0131racak olan Hazal Kaya ve Aras Bulut \u0130ynemli&#8217;nin hikayesi \u015fimdiden herkesi ekran ba\u015f\u0131na kilitleyecek gibi g\u00f6z\u00fck\u00fcyor. Bir departman store hikayesinden yola \u00e7\u0131k\u0131l\u0131yor. \u00dcnl\u00fc bir ma\u011fazada \u00e7al\u0131\u015fan gen\u00e7 bir k\u0131z. Orta s\u0131n\u0131ftan gelen Hazal Kaya \u00e7al\u0131\u015farak y\u00fckselirken, di\u011fer tarafta a\u015fk\u0131n\u0131 bu ma\u011fazan\u0131n \u00e7ikolata b\u00f6l\u00fcm\u00fcnde \u00e7al\u0131\u015fan Aras&#8217;a g\u00f6l\u00fcn\u00fc kapt\u0131r\u0131yor.<\/p>\n<p><a href=\"http:\/\/balcilar-blog.com\/wp-content\/uploads\/2015\/01\/Ekran-Al\u0131nt\u0131s\u0131maral.5.png\"><img loading=\"lazy\" decoding=\"async\" class=\"alignnone size-medium wp-image-5703\" src=\"http:\/\/balcilar-blog.com\/wp-content\/uploads\/2015\/01\/Ekran-Al\u0131nt\u0131s\u0131maral.5-300x197.png\" alt=\"Ekran Al\u0131nt\u0131s\u0131maral.5\" width=\"300\" height=\"197\" srcset=\"https:\/\/balcilar-blog.com\/wp-content\/uploads\/2015\/01\/Ekran-Al\u0131nt\u0131s\u0131maral.5-300x197.png 300w, https:\/\/balcilar-blog.com\/wp-content\/uploads\/2015\/01\/Ekran-Al\u0131nt\u0131s\u0131maral.5.png 644w\" sizes=\"auto, (max-width: 300px) 100vw, 300px\" \/><\/a>\u00a0<a href=\"http:\/\/balcilar-blog.com\/wp-content\/uploads\/2015\/01\/Ekran-Al\u0131nt\u0131s\u0131maral.3.png\"><img loading=\"lazy\" decoding=\"async\" class=\"alignnone size-medium wp-image-5701\" src=\"http:\/\/balcilar-blog.com\/wp-content\/uploads\/2015\/01\/Ekran-Al\u0131nt\u0131s\u0131maral.3-300x200.png\" alt=\"Ekran Al\u0131nt\u0131s\u0131maral.3\" width=\"300\" height=\"200\" srcset=\"https:\/\/balcilar-blog.com\/wp-content\/uploads\/2015\/01\/Ekran-Al\u0131nt\u0131s\u0131maral.3-300x200.png 300w, https:\/\/balcilar-blog.com\/wp-content\/uploads\/2015\/01\/Ekran-Al\u0131nt\u0131s\u0131maral.3.png 644w\" sizes=\"auto, (max-width: 300px) 100vw, 300px\" \/><\/a><\/p>\n<p>Cast \u00e7al\u0131\u015fmalar\u0131 devam eden dizinin di\u011fer karakter oyuncular\u0131 hen\u00fcz a\u00e7\u0131klanmad\u0131. Yay\u0131n tarihide hen\u00fcz netlik kazanm\u0131\u015f de\u011fil. En erken \u015eubat ba\u015f\u0131, ya da en ge\u00e7 Mart ba\u015f\u0131nda TV8 ekranlar\u0131nda yay\u0131na girecek. Diziyi deniz Kolo\u015f y\u00f6netiyor.<\/p>\n<p>Aras Bulut \u0130ynemli&#8217;yi ge\u00e7ti\u011fimiz y\u0131llarda yay\u0131nlanan \u00e7\u0131k\u0131\u015f yapt\u0131\u011f\u0131 &#8216;\u00d6yle Ge\u00e7er Zaman Ki&#8217; dizisinde tan\u0131m\u0131\u015ft\u0131k. M\u00fczik \u00f6\u011fretmenine a\u015f\u0131k olan Lise \u00f6\u011frencisi &#8216;Mete&#8217; karakteri olarak izlemi\u015f \u00e7ok da ba\u015far\u0131l\u0131 olmu\u015f ve be\u011fenilmi\u015fti.<\/p>\n<p>Ben kendi ad\u0131ma bu dizinin \u00e7ok tutulaca\u011f\u0131n\u0131, Hazal ile Aras&#8217;\u0131n iyi bir \u00e7ift olaca\u011f\u0131n\u0131 s\u00f6yl\u00fcyorum. Birinci b\u00f6l\u00fcm\u00fc seyredince ilk olumlu tepkileri alaca\u011f\u0131m\u0131z\u0131 umuyorum.<\/p>\n<p>&nbsp;<\/p>\n<p>https:\/\/www.youtube.com\/watch?feature=player_embedded&#038;v=EZjriImzt10#t=0<\/p>\n<p>\u015eimdiden keyifli seyirler.<\/p>\n<p>Sayg\u0131lar, sevgiler.<\/p>\n<p>Abdurrahman Balc\u0131lar<\/p>\n<p>Twitter: abdurrahman balc\u0131lar@abbalcilar<\/p>\n<p>Mail : <a href=\"mailto:ab.balcilar@hotmail.com\">ab.balcilar@hotmail.com<\/a><\/p>\n<p>Blog: milliyet.com.tr\/cansever<\/p>\n<p>Blog: balcilar-blog.com<\/p>\n<p>Not: G\u00f6rseller taraf\u0131mdan fragmandan kopyalanm\u0131\u015ft\u0131r.<\/p>\n","protected":false},"excerpt":{"rendered":"<p>Hazal Kaya&#8217;n\u0131n yeni dizisi Maral, TV8&#8217;de nihayet \u00e7ok yak\u0131nda ba\u015fl\u0131yor. Hazal Kaya oyunculukta A\u015fk-\u0131 Memnu ile \u00e7\u0131k\u0131\u015f yapm\u0131\u015f, \u00c7a\u011fatay Ulusoy ile oynad\u0131\u011f\u0131 Ad\u0131n\u0131 Feriha Koydum dizisi ile zirve yapm\u0131\u015f bir oyuncumuz. Son oynad\u0131\u011f\u0131 Balkanlar 1912 ve A\u015eK dizileri talihsiz bir \u015fekilde erken final yapmak zorunda kalm\u0131\u015ft\u0131. D\u00fcnya \u00e7ap\u0131nda tan\u0131nan ve sevilen oyuncu g\u00fczel k\u0131z\u0131m\u0131z Hazal [&hellip;]<\/p>\n","protected":false},"author":3,"featured_media":0,"comment_status":"open","ping_status":"open","sticky":false,"template":"","format":"standard","meta":{"footnotes":""},"categories":[2],"tags":[533,19,534,392],"class_list":["post-5698","post","type-post","status-publish","format-standard","hentry","category-tv-programlari","tag-aras-bulut-iynemli","tag-hazal-kaya","tag-maral","tag-tv8"],"views":5977,"blog_post_layout_featured_media_urls":{"thumbnail":"","full":""},"categories_names":{"2":{"name":"TV Programlar\u0131","link":"https:\/\/balcilar-blog.com\/?cat=2"}},"tags_names":{"533":{"name":"Aras Bulut \u0130ynemli","link":"https:\/\/balcilar-blog.com\/?tag=aras-bulut-iynemli"},"19":{"name":"Hazal Kaya","link":"https:\/\/balcilar-blog.com\/?tag=hazal-kaya"},"534":{"name":"Maral","link":"https:\/\/balcilar-blog.com\/?tag=maral"},"392":{"name":"Tv8","link":"https:\/\/balcilar-blog.com\/?tag=tv8"}},"comments_number":"1","wpmagazine_modules_lite_featured_media_urls":{"thumbnail":"","cvmm-medium":"","cvmm-medium-plus":"","cvmm-portrait":"","cvmm-medium-square":"","cvmm-large":"","cvmm-small":"","full":""},"_links":{"self":[{"href":"https:\/\/balcilar-blog.com\/index.php?rest_route=\/wp\/v2\/posts\/5698","targetHints":{"allow":["GET"]}}],"collection":[{"href":"https:\/\/balcilar-blog.com\/index.php?rest_route=\/wp\/v2\/posts"}],"about":[{"href":"https:\/\/balcilar-blog.com\/index.php?rest_route=\/wp\/v2\/types\/post"}],"author":[{"embeddable":true,"href":"https:\/\/balcilar-blog.com\/index.php?rest_route=\/wp\/v2\/users\/3"}],"replies":[{"embeddable":true,"href":"https:\/\/balcilar-blog.com\/index.php?rest_route=%2Fwp%2Fv2%2Fcomments&post=5698"}],"version-history":[{"count":3,"href":"https:\/\/balcilar-blog.com\/index.php?rest_route=\/wp\/v2\/posts\/5698\/revisions"}],"predecessor-version":[{"id":5708,"href":"https:\/\/balcilar-blog.com\/index.php?rest_route=\/wp\/v2\/posts\/5698\/revisions\/5708"}],"wp:attachment":[{"href":"https:\/\/balcilar-blog.com\/index.php?rest_route=%2Fwp%2Fv2%2Fmedia&parent=5698"}],"wp:term":[{"taxonomy":"category","embeddable":true,"href":"https:\/\/balcilar-blog.com\/index.php?rest_route=%2Fwp%2Fv2%2Fcategories&post=5698"},{"taxonomy":"post_tag","embeddable":true,"href":"https:\/\/balcilar-blog.com\/index.php?rest_route=%2Fwp%2Fv2%2Ftags&post=5698"}],"curies":[{"name":"wp","href":"https:\/\/api.w.org\/{rel}","templated":true}]}}