{"id":5654,"date":"2014-12-30T18:43:37","date_gmt":"2014-12-30T16:43:37","guid":{"rendered":"http:\/\/balcilar-blog.com\/?p=5654"},"modified":"2014-12-30T19:34:47","modified_gmt":"2014-12-30T17:34:47","slug":"medcezir-ekibi-sibel-cani-dinledi-ve-serenay-ile-duet-yapti","status":"publish","type":"post","link":"https:\/\/balcilar-blog.com\/?p=5654","title":{"rendered":"Medcezir ekibi, Sibel Can\u2019\u0131 dinledi ve Can, Serenay ile d\u00fcet yapt\u0131!"},"content":{"rendered":"<p><a href=\"http:\/\/balcilar-blog.com\/wp-content\/uploads\/2014\/12\/HAZAR2.jpg\"><img loading=\"lazy\" decoding=\"async\" class=\"alignnone size-full wp-image-5656\" src=\"http:\/\/balcilar-blog.com\/wp-content\/uploads\/2014\/12\/HAZAR2.jpg\" alt=\"HAZAR2\" width=\"640\" height=\"360\" srcset=\"https:\/\/balcilar-blog.com\/wp-content\/uploads\/2014\/12\/HAZAR2.jpg 640w, https:\/\/balcilar-blog.com\/wp-content\/uploads\/2014\/12\/HAZAR2-300x169.jpg 300w\" sizes=\"auto, (max-width: 640px) 100vw, 640px\" \/><\/a><\/p>\n<p>Ay Yap\u0131m\u0131n sevilen dizi Medcezir ekibi ge\u00e7ti\u011fimiz ak\u015fam \u0130stanbul G\u00fcnay Restoran\u2019da sahne alan Sibel Can konserini izledi. Geceye dizinin ba\u015frol oyuncusu \u00a0Serenay Sar\u0131kaya ba\u015fta olmak \u00fczere K\u0131br\u0131sl\u0131 oyuncu Hazar Erg\u00fc\u00e7l\u00fc, senarist Ece Y\u00f6ren\u00e7 de kat\u0131ld\u0131. Alt\u0131nkoy k\u0131z grubunun (Mira, Eyl\u00fcl, Hale, Gaye ve Tu\u011f\u00e7e) kat\u0131ld\u0131\u011f\u0131 gecede, erkeklerden kimse yoktu.<\/p>\n<p>Sibel Can \u2018Medcezir dizisinden Serenay Sar\u0131kaya da burada ne g\u00fczel\u2019 diyerek oyuncunun yan\u0131na gitmi\u015f. Levent Y\u00fcksel\u2019in \u2018Medcezir &#8211; F\u0131rt\u0131nam\u2019 \u015fark\u0131s\u0131nda d\u00fcet yapan ikili, b\u00fcy\u00fck alk\u0131\u015f ald\u0131. Can, \u2018Ma\u015fallah harikas\u0131n. \u00c7ok g\u00fczel s\u00f6yl\u00fcyorsun\u2019 diyerek Sar\u0131kaya\u2019ya tam puan vermi\u015ftir. Oyunculuktaki ba\u015far\u0131s\u0131n\u0131 m\u00fczikte de g\u00f6steren Sar\u0131kaya izleyiciden alk\u0131\u015f ald\u0131.<\/p>\n<p><a href=\"http:\/\/balcilar-blog.com\/wp-content\/uploads\/2014\/12\/HAZAR-12.jpg\"><img loading=\"lazy\" decoding=\"async\" class=\"alignnone size-full wp-image-5657\" src=\"http:\/\/balcilar-blog.com\/wp-content\/uploads\/2014\/12\/HAZAR-12.jpg\" alt=\"HAZAR-12\" width=\"591\" height=\"360\" srcset=\"https:\/\/balcilar-blog.com\/wp-content\/uploads\/2014\/12\/HAZAR-12.jpg 591w, https:\/\/balcilar-blog.com\/wp-content\/uploads\/2014\/12\/HAZAR-12-300x183.jpg 300w\" sizes=\"auto, (max-width: 591px) 100vw, 591px\" \/><\/a><\/p>\n<p>Sibel Can, resmi Twitter sayfas\u0131ndan Sar\u0131kaya ile s\u00f6yledi\u011fi videoyu ve foto\u011fraflar\u0131 payla\u015ft\u0131. \u0130\u015fte Sibel Can\u2019\u0131n \u201c2014. Son G\u00fcnay gecesi yine unutulmazd\u0131 benim i\u00e7in. \u00c7ok te\u015fekk\u00fcr ediyorum. M\u00fczi\u011fin sayg\u0131n\u0131n sevginin oldu\u011fu yerde k\u00f6t\u00fcl\u00fck bar\u0131\u015fmaz\u2026 \u0130yi sabahlar.<\/p>\n<p>&nbsp;<\/p>\n<p><strong>&#8220;POP S\u00d6YLEMEYE \u00c7ALI\u015eAN TEYZELER\u0130NDEN DAHA \u0130Y\u0130S\u0130N&#8221;<br \/>\n<\/strong><br \/>\n#serenaysarikaya #heryonuylemuthis #opopsoylemeye#calisan#teyzelerin #seninyaninda #sarki #soyleyemez #buboylebiline #sesnolucaksebastian&#8221; notuyla payla\u015ft\u0131\u011f\u0131 foto\u011fraf;<\/p>\n<p><a href=\"http:\/\/balcilar-blog.com\/wp-content\/uploads\/2014\/12\/\u0130\u00e7erik-s.s.-sbel.jpg\"><img loading=\"lazy\" decoding=\"async\" class=\"alignnone size-full wp-image-5658\" src=\"http:\/\/balcilar-blog.com\/wp-content\/uploads\/2014\/12\/\u0130\u00e7erik-s.s.-sbel.jpg\" alt=\"\u0130\u00e7erik s.s. sbel\" width=\"303\" height=\"166\" srcset=\"https:\/\/balcilar-blog.com\/wp-content\/uploads\/2014\/12\/\u0130\u00e7erik-s.s.-sbel.jpg 303w, https:\/\/balcilar-blog.com\/wp-content\/uploads\/2014\/12\/\u0130\u00e7erik-s.s.-sbel-300x164.jpg 300w\" sizes=\"auto, (max-width: 303px) 100vw, 303px\" \/><\/a><\/p>\n<p>&nbsp;<\/p>\n<p>Medcezir&#8217;in k\u0131zlar\u0131 Sibel Can&#8217;\u0131 dinleyerek set yorgunlu\u011funu ve stresini atm\u0131\u015f oldular.<\/p>\n<p>Allah i\u00e7inize sindirsin k\u0131zlar, 2015 y\u0131l\u0131n\u0131z daha ba\u015far\u0131l\u0131 ve keyifli ge\u00e7sin.<\/p>\n<p>&nbsp;<\/p>\n<p>Sayg\u0131lar, sevgiler.<\/p>\n<p>Abdurrahman Balc\u0131lar<\/p>\n<p>Twitter: abdurrahman balc\u0131lar@abbalcilar<\/p>\n<p>Mail : <a href=\"mailto:ab.balcilar@hotmail.com\">ab.balcilar@hotmail.com<\/a><\/p>\n<p>Blog: milliyet.com.tr\/cansever<\/p>\n<p>Blog: balcilar-blog.com<\/p>\n<p>Not: Haber ve G\u00f6rseller K\u0131br\u0131s Gazatesi ve Milliyet.com.tr&#8217;den al\u0131nm\u0131\u015ft\u0131r.<\/p>\n<p>&nbsp;<\/p>\n<p>&nbsp;<\/p>\n<p>&nbsp;<\/p>\n<p>&nbsp;<\/p>\n<p>&nbsp;<\/p>\n<p>&nbsp;<\/p>\n<p>&nbsp;<\/p>\n<p>&nbsp;<\/p>\n<p>&nbsp;<\/p>\n<p>&nbsp;<\/p>\n<p>&nbsp;<\/p>\n<p>&nbsp;<\/p>\n","protected":false},"excerpt":{"rendered":"<p>Ay Yap\u0131m\u0131n sevilen dizi Medcezir ekibi ge\u00e7ti\u011fimiz ak\u015fam \u0130stanbul G\u00fcnay Restoran\u2019da sahne alan Sibel Can konserini izledi. Geceye dizinin ba\u015frol oyuncusu \u00a0Serenay Sar\u0131kaya ba\u015fta olmak \u00fczere K\u0131br\u0131sl\u0131 oyuncu Hazar Erg\u00fc\u00e7l\u00fc, senarist Ece Y\u00f6ren\u00e7 de kat\u0131ld\u0131. Alt\u0131nkoy k\u0131z grubunun (Mira, Eyl\u00fcl, Hale, Gaye ve Tu\u011f\u00e7e) kat\u0131ld\u0131\u011f\u0131 gecede, erkeklerden kimse yoktu. Sibel Can \u2018Medcezir dizisinden Serenay Sar\u0131kaya [&hellip;]<\/p>\n","protected":false},"author":3,"featured_media":0,"comment_status":"open","ping_status":"open","sticky":false,"template":"","format":"standard","meta":{"footnotes":""},"categories":[7],"tags":[29,16,27,580],"class_list":["post-5654","post","type-post","status-publish","format-standard","hentry","category-magazin","tag-ece-yorenc","tag-medcezir","tag-serenay-sarikaya","tag-sibel-can"],"views":5532,"blog_post_layout_featured_media_urls":{"thumbnail":"","full":""},"categories_names":{"7":{"name":"Magazin","link":"https:\/\/balcilar-blog.com\/?cat=7"}},"tags_names":{"29":{"name":"Ece Y\u00f6ren\u00e7","link":"https:\/\/balcilar-blog.com\/?tag=ece-yorenc"},"16":{"name":"medcezir","link":"https:\/\/balcilar-blog.com\/?tag=medcezir"},"27":{"name":"Serenay Sar\u0131kaya","link":"https:\/\/balcilar-blog.com\/?tag=serenay-sarikaya"},"580":{"name":"Sibel Can","link":"https:\/\/balcilar-blog.com\/?tag=sibel-can"}},"comments_number":"0","wpmagazine_modules_lite_featured_media_urls":{"thumbnail":"","cvmm-medium":"","cvmm-medium-plus":"","cvmm-portrait":"","cvmm-medium-square":"","cvmm-large":"","cvmm-small":"","full":""},"_links":{"self":[{"href":"https:\/\/balcilar-blog.com\/index.php?rest_route=\/wp\/v2\/posts\/5654","targetHints":{"allow":["GET"]}}],"collection":[{"href":"https:\/\/balcilar-blog.com\/index.php?rest_route=\/wp\/v2\/posts"}],"about":[{"href":"https:\/\/balcilar-blog.com\/index.php?rest_route=\/wp\/v2\/types\/post"}],"author":[{"embeddable":true,"href":"https:\/\/balcilar-blog.com\/index.php?rest_route=\/wp\/v2\/users\/3"}],"replies":[{"embeddable":true,"href":"https:\/\/balcilar-blog.com\/index.php?rest_route=%2Fwp%2Fv2%2Fcomments&post=5654"}],"version-history":[{"count":6,"href":"https:\/\/balcilar-blog.com\/index.php?rest_route=\/wp\/v2\/posts\/5654\/revisions"}],"predecessor-version":[{"id":5664,"href":"https:\/\/balcilar-blog.com\/index.php?rest_route=\/wp\/v2\/posts\/5654\/revisions\/5664"}],"wp:attachment":[{"href":"https:\/\/balcilar-blog.com\/index.php?rest_route=%2Fwp%2Fv2%2Fmedia&parent=5654"}],"wp:term":[{"taxonomy":"category","embeddable":true,"href":"https:\/\/balcilar-blog.com\/index.php?rest_route=%2Fwp%2Fv2%2Fcategories&post=5654"},{"taxonomy":"post_tag","embeddable":true,"href":"https:\/\/balcilar-blog.com\/index.php?rest_route=%2Fwp%2Fv2%2Ftags&post=5654"}],"curies":[{"name":"wp","href":"https:\/\/api.w.org\/{rel}","templated":true}]}}