{"id":5626,"date":"2014-12-29T20:29:17","date_gmt":"2014-12-29T18:29:17","guid":{"rendered":"http:\/\/balcilar-blog.com\/?p=5626"},"modified":"2014-12-29T20:30:04","modified_gmt":"2014-12-29T18:30:04","slug":"gecen-hafta-22-28-aralik-en-cok-izlenen-ilk-on-dizi","status":"publish","type":"post","link":"https:\/\/balcilar-blog.com\/?p=5626","title":{"rendered":"Ge\u00e7en Hafta (22-28 Aral\u0131k) En \u00e7ok izlenen ilk on dizi!"},"content":{"rendered":"<p>&nbsp;<\/p>\n<p>&nbsp;<\/p>\n<p><a href=\"http:\/\/balcilar-blog.com\/wp-content\/uploads\/2014\/12\/reyting-rating1.jpg\"><img loading=\"lazy\" decoding=\"async\" class=\"alignnone size-full wp-image-5631\" src=\"http:\/\/balcilar-blog.com\/wp-content\/uploads\/2014\/12\/reyting-rating1.jpg\" alt=\"reyting-rating1\" width=\"500\" height=\"280\" srcset=\"https:\/\/balcilar-blog.com\/wp-content\/uploads\/2014\/12\/reyting-rating1.jpg 500w, https:\/\/balcilar-blog.com\/wp-content\/uploads\/2014\/12\/reyting-rating1-300x168.jpg 300w\" sizes=\"auto, (max-width: 500px) 100vw, 500px\" \/><\/a><\/p>\n<p>Tv dizileri aras\u0131ndaki reyting sava\u015flar\u0131 b\u00fct\u00fcn h\u0131z\u0131 ile devam ediyor. Bilindi\u011fi gibi iyi reyting alan diziler oynad\u0131\u011f\u0131 kanala iyi para kazand\u0131r\u0131yor. Reytingi d\u00fc\u015fen y\u00fcksek maliyetli diziler, 3-5 haftada yay\u0131nlar\u0131n\u0131 son vermek, erken final yapmak zorunda kal\u0131yorlar.<\/p>\n<p>Ge\u00e7ti\u011fimiz 2014 y\u0131l\u0131n\u0131n son haftas\u0131 olan 22 &#8211; 28 Aral\u0131k tarihleri aras\u0131nda ilk ona giren dizleri \u015f\u00f6yle bir g\u00f6z atal\u0131m. TNS \u00f6l\u00e7\u00fcmlerine g\u00f6re haz\u0131rlanan bu listede, AB&#8217;de ve Total grubunda ilk ona giren yerli dizilerimiz \u015f\u00f6yle:<\/p>\n<p><a href=\"http:\/\/balcilar-blog.com\/wp-content\/uploads\/2014\/12\/karagul_722314716.jpg\"><img loading=\"lazy\" decoding=\"async\" class=\"alignnone size-thumbnail wp-image-5630\" src=\"http:\/\/balcilar-blog.com\/wp-content\/uploads\/2014\/12\/karagul_722314716-150x150.jpg\" alt=\"karagul_722314716\" width=\"150\" height=\"150\" srcset=\"https:\/\/balcilar-blog.com\/wp-content\/uploads\/2014\/12\/karagul_722314716-150x150.jpg 150w, https:\/\/balcilar-blog.com\/wp-content\/uploads\/2014\/12\/karagul_722314716.jpg 300w\" sizes=\"auto, (max-width: 150px) 100vw, 150px\" \/><\/a><\/p>\n<p>FOX\u2019ta yay\u0131nlanan \u201cKarag\u00fcl\u201d ge\u00e7en haftaya g\u00f6re AB\u2019de bir basamak gerileyerek be\u015finci s\u0131rada yer al\u0131rken, Total\u2019de birinci oldu.<\/p>\n<p><a href=\"http:\/\/balcilar-blog.com\/wp-content\/uploads\/2014\/12\/paramparca-dizisi.jpg\"><img loading=\"lazy\" decoding=\"async\" class=\"alignnone size-thumbnail wp-image-5627\" src=\"http:\/\/balcilar-blog.com\/wp-content\/uploads\/2014\/12\/paramparca-dizisi-150x150.jpg\" alt=\"paramparca-dizisi\" width=\"150\" height=\"150\" \/><\/a><\/p>\n<p>Star TV\u2019nin yeni dizisi \u201cParampar\u00e7a\u201d ge\u00e7en hafta oldu\u011fu gibi AB\u2019de zirvede yer al\u0131rken, Total\u2019de ikinci oldu.<\/p>\n<p><a href=\"http:\/\/balcilar-blog.com\/wp-content\/uploads\/2014\/12\/22_3-dirili\u015f.jpg\"><img loading=\"lazy\" decoding=\"async\" class=\"alignnone size-thumbnail wp-image-5628\" src=\"http:\/\/balcilar-blog.com\/wp-content\/uploads\/2014\/12\/22_3-dirili\u015f-150x150.jpg\" alt=\"22_3 dirili\u015f\" width=\"150\" height=\"150\" \/><\/a><\/p>\n<p>TRT 1\u2019de ekrana gelen yeni dizi \u201cDirili\u015f Ertu\u011frul\u201d ge\u00e7en hafta oldu\u011fu gibi AB\u2019de ikinci s\u0131rada yer al\u0131rken, Total\u2019de kendine yer bulamad\u0131.<\/p>\n<p><a href=\"http:\/\/balcilar-blog.com\/wp-content\/uploads\/2014\/12\/\u0130\u00e7erik-kocam\u0131n-ailesi.jpg\"><img loading=\"lazy\" decoding=\"async\" class=\"alignnone size-thumbnail wp-image-5166\" src=\"http:\/\/balcilar-blog.com\/wp-content\/uploads\/2014\/12\/\u0130\u00e7erik-kocam\u0131n-ailesi-150x150.jpg\" alt=\"\u0130\u00e7erik kocam\u0131n ailesi\" width=\"150\" height=\"150\" \/><\/a><\/p>\n<p>FOX\u2019un dizisi \u201cKocam\u0131n Ailesi\u201d ge\u00e7en haftaya g\u00f6re AB\u2019de d\u00f6rt basamak y\u00fckselerek d\u00f6rd\u00fcnc\u00fc olurken, Total\u2019de bir basamak gerileyerek dokuzuncu s\u0131rada yer ald\u0131.<\/p>\n<p><a href=\"http:\/\/balcilar-blog.com\/wp-content\/uploads\/2014\/12\/karadayi.jpg\"><img loading=\"lazy\" decoding=\"async\" class=\"alignnone size-thumbnail wp-image-5629\" src=\"http:\/\/balcilar-blog.com\/wp-content\/uploads\/2014\/12\/karadayi-150x150.jpg\" alt=\"karadayi\" width=\"150\" height=\"150\" \/><\/a><\/p>\n<p>Atv\u2019nin dizisi \u201cKaraday\u0131\u201d ise ge\u00e7en hafta oldu\u011fu gibi Total\u2019de onuncu olurken, AB\u2019de \u00fc\u00e7\u00fcnc\u00fc s\u0131rada yer ald\u0131.<\/p>\n<p><a href=\"http:\/\/balcilar-blog.com\/wp-content\/uploads\/2014\/12\/\u0130\u00e7erik-o-hayat-benim.jpg\"><img loading=\"lazy\" decoding=\"async\" class=\"alignnone size-thumbnail wp-image-5165\" src=\"http:\/\/balcilar-blog.com\/wp-content\/uploads\/2014\/12\/\u0130\u00e7erik-o-hayat-benim-150x150.jpg\" alt=\"\u0130\u00e7erik o hayat benim\" width=\"150\" height=\"150\" \/><\/a><\/p>\n<p>FOX\u2019ta yay\u0131nlanan \u201cO Hayat Benim\u201d ge\u00e7en haftaya g\u00f6re Total\u2019de iki basamak, AB\u2019de bir basamak gerileyerek her iki kategoride de alt\u0131nc\u0131 s\u0131rada yer ald\u0131.<\/p>\n<p><a href=\"http:\/\/balcilar-blog.com\/wp-content\/uploads\/2014\/12\/124446-medcezir.jpg\"><img loading=\"lazy\" decoding=\"async\" class=\"alignnone size-thumbnail wp-image-5172\" src=\"http:\/\/balcilar-blog.com\/wp-content\/uploads\/2014\/12\/124446-medcezir-150x150.jpg\" alt=\"124446 medcezir\" width=\"150\" height=\"150\" \/><\/a><\/p>\n<p>Star TV\u2019nin dizisi \u201cMedcezir\u201d ge\u00e7en haftaya g\u00f6re AB\u2019de iki basamak y\u00fckselerek sekizinci s\u0131rada yer al\u0131rken, Total listesinde kendine yer bulamad\u0131.<\/p>\n<p>&nbsp;<\/p>\n<p><strong>Ge\u00e7en Haftan\u0131n En \u00c7ok \u0130zlenen ilk ondaki Dizileri:<\/strong><\/p>\n<p>&nbsp;<\/p>\n<p><strong>TOTAL GRUBU:<\/strong><\/p>\n<p>&nbsp;<\/p>\n<ol>\n<li>Karag\u00fcl \u00a0 \u00a0 \u00a0 \u00a0 \u00a0 \u00a0 \u00a0 \u00a0 \u00a0 \u00a0 \u00a0 \u00a0 \u00a0 \u00a0 \u00a0 \u00a0 11.19 &#8211; 27.13<\/li>\n<li>Parampar\u00e7a \u00a0 \u00a0 \u00a0 \u00a0 \u00a0 \u00a0 \u00a0 \u00a0 \u00a0 \u00a0 \u00a0 \u00a0 \u00a09.83 &#8211; 23.78<\/li>\n<li>Kurtlar Vadisi Pusu \u00a0 \u00a0 \u00a0 \u00a0 \u00a0 \u00a09.43 &#8211; 22.45<\/li>\n<li>Kiraz Mevsimi \u00a0 \u00a0 \u00a0 \u00a0 \u00a0 \u00a0 \u00a0 \u00a0 \u00a0 \u00a0 8.07 &#8211; 18.74<\/li>\n<li>Kaderimin Yaz\u0131ld\u0131\u011f\u0131 G\u00fcn \u00a07.50 &#8211; 18.56<\/li>\n<li>O Hayat Benim \u00a0 \u00a0 \u00a0 \u00a0 \u00a0 \u00a0 \u00a0 \u00a0 \u00a0 7.28 &#8211; 17.33<\/li>\n<li>K\u00fc\u00e7\u00fck Gelin \u00a0 \u00a0 \u00a0 \u00a0 \u00a0 \u00a0 \u00a0 \u00a0 \u00a0 \u00a0 \u00a0 \u00a06.93 &#8211; 16.29<\/li>\n<li>K\u00fc\u00e7\u00fck A\u011fa \u00a0 \u00a0 \u00a0 \u00a0 \u00a0 \u00a0 \u00a0 \u00a0 \u00a0 \u00a0 \u00a0 \u00a0 \u00a06.83 &#8211; 16.56<\/li>\n<li>Kocam\u0131n Ailesi \u00a0 \u00a0 \u00a0 \u00a0 \u00a0 \u00a0 \u00a0 \u00a0 \u00a06.76 &#8211; 16.78<\/li>\n<li>Karaday\u0131 \u00a0 \u00a0 \u00a0 \u00a0 \u00a0 \u00a0 \u00a0 \u00a0 \u00a0 \u00a0 \u00a0 \u00a0 \u00a0 \u00a0 6.55 &#8211; 16.03<\/li>\n<\/ol>\n<p>&nbsp;<\/p>\n<p><strong>AB GRUBU:<\/strong><\/p>\n<p>&nbsp;<\/p>\n<ol>\n<li>Parampar\u00e7a \u00a0 \u00a0 \u00a0 \u00a0 \u00a0 \u00a0 \u00a0 \u00a0 \u00a0 \u00a0 \u00a0 \u00a0 \u00a09.53 &#8211; 23.20<\/li>\n<li>Dirili\u015f Ertu\u011frul \u00a0 \u00a0 \u00a0 \u00a0 \u00a0 \u00a0 \u00a0 \u00a0 \u00a0 \u00a09.05 &#8211; 22.62<\/li>\n<li>Karaday\u0131 \u00a0 \u00a0 \u00a0 \u00a0 \u00a0 \u00a0 \u00a0 \u00a0 \u00a0 \u00a0 \u00a0 \u00a0 \u00a0 \u00a0 \u00a0 \u00a08.18 &#8211; 20.18<\/li>\n<li>Kocam\u0131n Ailesi \u00a0 \u00a0 \u00a0 \u00a0 \u00a0 \u00a0 \u00a0 \u00a0 \u00a0 \u00a0 6.95 &#8211; 18.39<\/li>\n<li>Karag\u00fcl \u00a0 \u00a0 \u00a0 \u00a0 \u00a0 \u00a0 \u00a0 \u00a0 \u00a0 \u00a0 \u00a0 \u00a0 \u00a0 \u00a0 \u00a0 \u00a0 \u00a06.87 &#8211; 18.89<\/li>\n<li>O Hayat Benim \u00a0 \u00a0 \u00a0 \u00a0 \u00a0 \u00a0 \u00a0 \u00a0 \u00a0 \u00a06.57 &#8211; 16.21<\/li>\n<li>Kaderimin Yaz\u0131ld\u0131\u011f\u0131 G\u00fcn \u00a0 6.46 &#8211; 16.66<\/li>\n<li>Medcezir \u00a0 \u00a0 \u00a0 \u00a0 \u00a0 \u00a0 \u00a0 \u00a0 \u00a0 \u00a0 \u00a0 \u00a0 \u00a0 \u00a0 \u00a0 6.43 &#8211; 17.92<\/li>\n<li>\u015eeref Meselesi \u00a0 \u00a0 \u00a0 \u00a0 \u00a0 \u00a0 \u00a0 \u00a0 \u00a0 \u00a0 \u00a05.69 &#8211; 13.69<\/li>\n<li>Kurtlar Vadisi Pusu \u00a0 \u00a0 \u00a0 \u00a0 \u00a0 \u00a05.67 &#8211; 14.69<\/li>\n<\/ol>\n<p>&nbsp;<\/p>\n<p>Siz hangi diziyi seyrederseniz seyredin, yeter ki keyif al\u0131n.<\/p>\n<p>&nbsp;<\/p>\n<p>Sayg\u0131lar, sevgiler.<\/p>\n<p>Abdurrahman Balc\u0131lar<\/p>\n<p>Twitter: abdurrahman balc\u0131lar@abbalcilar<\/p>\n<p>Mail : <a href=\"mailto:ab.balcilar@hotmail.com\">ab.balcilar@hotmail.com<\/a><\/p>\n<p>Blog: milliyet.com.tr\/cansever<\/p>\n<p>Blog: balcilar-blog.com<\/p>\n<p>&nbsp;<\/p>\n<p>Not: G\u00f6rseller internetten, kaynak dizifilm.com&#8217;dan al\u0131nm\u0131\u015ft\u0131r.<\/p>\n","protected":false},"excerpt":{"rendered":"<p>&nbsp; &nbsp; Tv dizileri aras\u0131ndaki reyting sava\u015flar\u0131 b\u00fct\u00fcn h\u0131z\u0131 ile devam ediyor. Bilindi\u011fi gibi iyi reyting alan diziler oynad\u0131\u011f\u0131 kanala iyi para kazand\u0131r\u0131yor. Reytingi d\u00fc\u015fen y\u00fcksek maliyetli diziler, 3-5 haftada yay\u0131nlar\u0131n\u0131 son vermek, erken final yapmak zorunda kal\u0131yorlar. Ge\u00e7ti\u011fimiz 2014 y\u0131l\u0131n\u0131n son haftas\u0131 olan 22 &#8211; 28 Aral\u0131k tarihleri aras\u0131nda ilk ona giren dizleri \u015f\u00f6yle [&hellip;]<\/p>\n","protected":false},"author":3,"featured_media":0,"comment_status":"open","ping_status":"open","sticky":false,"template":"","format":"standard","meta":{"footnotes":""},"categories":[2],"tags":[575,500,464,16,558,375,574],"class_list":["post-5626","post","type-post","status-publish","format-standard","hentry","category-tv-programlari","tag-dirilis","tag-karadayi","tag-karagul","tag-medcezir","tag-paramparca","tag-reytingler","tag-tns"],"views":4432,"blog_post_layout_featured_media_urls":{"thumbnail":"","full":""},"categories_names":{"2":{"name":"TV Programlar\u0131","link":"https:\/\/balcilar-blog.com\/?cat=2"}},"tags_names":{"575":{"name":"Dirili\u015f","link":"https:\/\/balcilar-blog.com\/?tag=dirilis"},"500":{"name":"Karaday\u0131","link":"https:\/\/balcilar-blog.com\/?tag=karadayi"},"464":{"name":"Karag\u00fcl","link":"https:\/\/balcilar-blog.com\/?tag=karagul"},"16":{"name":"medcezir","link":"https:\/\/balcilar-blog.com\/?tag=medcezir"},"558":{"name":"Parampar\u00e7a","link":"https:\/\/balcilar-blog.com\/?tag=paramparca"},"375":{"name":"Reytingler","link":"https:\/\/balcilar-blog.com\/?tag=reytingler"},"574":{"name":"TNS","link":"https:\/\/balcilar-blog.com\/?tag=tns"}},"comments_number":"0","wpmagazine_modules_lite_featured_media_urls":{"thumbnail":"","cvmm-medium":"","cvmm-medium-plus":"","cvmm-portrait":"","cvmm-medium-square":"","cvmm-large":"","cvmm-small":"","full":""},"_links":{"self":[{"href":"https:\/\/balcilar-blog.com\/index.php?rest_route=\/wp\/v2\/posts\/5626","targetHints":{"allow":["GET"]}}],"collection":[{"href":"https:\/\/balcilar-blog.com\/index.php?rest_route=\/wp\/v2\/posts"}],"about":[{"href":"https:\/\/balcilar-blog.com\/index.php?rest_route=\/wp\/v2\/types\/post"}],"author":[{"embeddable":true,"href":"https:\/\/balcilar-blog.com\/index.php?rest_route=\/wp\/v2\/users\/3"}],"replies":[{"embeddable":true,"href":"https:\/\/balcilar-blog.com\/index.php?rest_route=%2Fwp%2Fv2%2Fcomments&post=5626"}],"version-history":[{"count":2,"href":"https:\/\/balcilar-blog.com\/index.php?rest_route=\/wp\/v2\/posts\/5626\/revisions"}],"predecessor-version":[{"id":5633,"href":"https:\/\/balcilar-blog.com\/index.php?rest_route=\/wp\/v2\/posts\/5626\/revisions\/5633"}],"wp:attachment":[{"href":"https:\/\/balcilar-blog.com\/index.php?rest_route=%2Fwp%2Fv2%2Fmedia&parent=5626"}],"wp:term":[{"taxonomy":"category","embeddable":true,"href":"https:\/\/balcilar-blog.com\/index.php?rest_route=%2Fwp%2Fv2%2Fcategories&post=5626"},{"taxonomy":"post_tag","embeddable":true,"href":"https:\/\/balcilar-blog.com\/index.php?rest_route=%2Fwp%2Fv2%2Ftags&post=5626"}],"curies":[{"name":"wp","href":"https:\/\/api.w.org\/{rel}","templated":true}]}}