{"id":56,"date":"2014-02-05T16:39:13","date_gmt":"2014-02-05T14:39:13","guid":{"rendered":"http:\/\/balcilar-blog.com\/?p=56"},"modified":"2017-01-03T17:35:47","modified_gmt":"2017-01-03T14:35:47","slug":"cagatay-ulusoy-nereye-kosuyor-3","status":"publish","type":"post","link":"https:\/\/balcilar-blog.com\/?p=56","title":{"rendered":"\u00c7a\u011fatay Ulusoy nereye ko\u015fuyor? &#8211; 3"},"content":{"rendered":"<p>&nbsp;<\/p>\n<dl>\n<dt>Kategori<\/dt>\n<dd><a href=\"http:\/\/blog.milliyet.com.tr\/magazin\/Kategori\/?KategoriNo=312\"><strong>Magazin<\/strong><\/a><\/dd>\n<\/dl>\n<div>\n<div>\n<p><img loading=\"lazy\" decoding=\"async\" class=\"alignnone size-full wp-image-17056\" src=\"http:\/\/balcilar-blog.com\/wp-content\/uploads\/2014\/02\/447199-3-4-87eb0.jpg\" alt=\"447199-3-4-87eb0\" width=\"640\" height=\"461\" srcset=\"https:\/\/balcilar-blog.com\/wp-content\/uploads\/2014\/02\/447199-3-4-87eb0.jpg 640w, https:\/\/balcilar-blog.com\/wp-content\/uploads\/2014\/02\/447199-3-4-87eb0-300x216.jpg 300w\" sizes=\"auto, (max-width: 640px) 100vw, 640px\" \/><\/p>\n<hr \/>\n<\/div>\n<div id=\"BlogDetail\">\n<p>\u0130lk <a href=\"http:\/\/blog.milliyet.com.tr\/AramaBlog\/?search=\u00c7a\u011fatay Ulusoy\" rel=\"external nofollow\">\u00c7a\u011fatay Ulusoy<\/a> nereye ko\u015fuyor? Yaz\u0131m\u0131, Haziran sonunda \u201cAd\u0131n\u0131 Feriha Koydum\u201d dizisi final yapmas\u0131ndan sonra 14 Temmuz 2012\u00a0i\u00e7inde yazd\u0131m. Milliyet Blog\u2019da 14 Ocak 2013 tarihinde yay\u0131nland\u0131. (<a href=\"http:\/\/balcilar-blog.com\/?p=283\">http:\/\/balcilar-blog.com\/?p=283<\/a>) T\u0131kla oku.<\/p>\n<p>\u0130kincisini 3 May\u0131s 2013\u2019de yazd\u0131m ve Milliyet Blog\u2019da yay\u0131nland\u0131. (<a href=\"http:\/\/balcilar-blog.com\/?p=381\">http:\/\/balcilar-blog.com\/?p=381<\/a>) T\u0131kla oku.<\/p>\n<p>\u015eimdi de \u00fc\u00e7\u00fcnc\u00fcs\u00fcn\u00fc kaleme ald\u0131m.<\/p>\n<div>\n<p>\u00c7a\u011fatay Ulusoy buralara kolay gelmedi. 2010 y\u0131l\u0131nda, Best Model yar\u0131\u015fmas\u0131yla birinci olup, 2011 Ocak ay\u0131nda yay\u0131nlanmaya ba\u015flayan \u201cAd\u0131n\u0131 Feriha Koydum\u201d\u00a0 dizisinde \u201cEmir\u201d karakteri rol\u00fc onun b\u00fcy\u00fck \u015fans\u0131yd\u0131. Best Model yar\u0131\u015fmas\u0131na girmeden \u00f6nce i\u00e7inde oyuncu olama hevesi varm\u0131\u015f ki, Arka Sokaklar ve Recep \u0130vedik filmlerinde \u00e7ok k\u0131sa fig\u00fcranl\u0131k yapm\u0131\u015f. \u0130ki sezon devam eden \u201cAd\u0131n\u0131 Feriha koydum\u201d dizisinde <a href=\"http:\/\/blog.milliyet.com.tr\/AramaBlog\/?search=Hazal Kaya\" rel=\"external nofollow\">Hazal Kaya<\/a> gibi birisiyle oynamas\u0131, aralar\u0131ndaki saf ve temiz dizi a\u015fk\u0131 nedeniyle milyonlar\u0131n g\u00f6z\u00fcnde fenomen oldular. Daha sonra Hazal Kaya\u2019n\u0131n diziden ayr\u0131lmas\u0131 ile tek ba\u015f\u0131na y\u00fcr\u00fcmek zorunda kald\u0131. \u201cEmir\u2019in Yolu\u201d dizisinin finalsiz sona ermesi b\u00fcy\u00fck \u015fanss\u0131zl\u0131\u011f\u0131 oldu.<\/p>\n<p><img loading=\"lazy\" decoding=\"async\" class=\"alignnone size-full wp-image-17054\" src=\"http:\/\/balcilar-blog.com\/wp-content\/uploads\/2014\/02\/adini-feriha-koydum-emirin-yolu.jpg\" alt=\"adini-feriha-koydum-emirin-yolu\" width=\"640\" height=\"245\" srcset=\"https:\/\/balcilar-blog.com\/wp-content\/uploads\/2014\/02\/adini-feriha-koydum-emirin-yolu.jpg 640w, https:\/\/balcilar-blog.com\/wp-content\/uploads\/2014\/02\/adini-feriha-koydum-emirin-yolu-300x115.jpg 300w\" sizes=\"auto, (max-width: 640px) 100vw, 640px\" \/><\/p>\n<p>2013 ba\u015flar\u0131nda ba\u015f\u0131na gelen k\u00f6t\u00fc olaydan sonra kendisini toparlad\u0131. Ay Yap\u0131m\u2019dan <a href=\"http:\/\/blog.milliyet.com.tr\/AramaBlog\/?search=Kerem \u00c7atay\" rel=\"external nofollow\">Kerem \u00c7atay<\/a>\u2019\u0131n The O.C. Amerikan dizisinin T\u00fcrk\u00e7e versiyonunda oynama teklifi ona b\u00fcy\u00fck ikramiye oldu. 2013 Mart ay\u0131nda <a href=\"http:\/\/blog.milliyet.com.tr\/AramaBlog\/?search=Serenay Sar\u0131kaya\" rel=\"external nofollow\">Serenay Sar\u0131kaya<\/a> rol arkada\u015f\u0131 olarak belirlendi. <a href=\"http:\/\/blog.milliyet.com.tr\/AramaBlog\/?search=Ece Y\u00f6ren\u00e7\" rel=\"external nofollow\">Ece Y\u00f6ren\u00e7<\/a> ile birlikte konu\u015fup yeni sezon planlamas\u0131n\u0131 yapt\u0131lar.<\/p>\n<p>\u00c7ok \u00e7al\u0131\u015ft\u0131, \u00e7ok da \u00f6zverili davrand\u0131. <a href=\"http:\/\/blog.milliyet.com.tr\/AramaBlog\/?search=Medcezir\" rel=\"external nofollow\">Medcezir<\/a> yeni sezonda onun \u00f6d\u00fcl\u00fc oldu. Bu dizi i\u00e7in\u00a0on bir kilo verdi. Sa\u00e7lar\u0131n\u0131 uzatt\u0131, modelini de\u011fi\u015ftirdi. Feriha dizisindeki o haval\u0131 zengin Emir karakterinden sonra, Medcezir\u2019de fakir, babas\u0131z b\u00fcy\u00fcm\u00fc\u015f bir kenar mahalle genci iken, aniden kar\u015f\u0131s\u0131na \u00e7\u0131kan Zengin insanlar\u0131n, bir Avukat\u0131n himayesine ve Serez ailesine kat\u0131ld\u0131.<\/p>\n<p><img loading=\"lazy\" decoding=\"async\" class=\"alignnone size-full wp-image-17053\" src=\"http:\/\/balcilar-blog.com\/wp-content\/uploads\/2014\/02\/medcezir.jpg\" alt=\"medcezir\" width=\"640\" height=\"372\" srcset=\"https:\/\/balcilar-blog.com\/wp-content\/uploads\/2014\/02\/medcezir.jpg 640w, https:\/\/balcilar-blog.com\/wp-content\/uploads\/2014\/02\/medcezir-300x174.jpg 300w\" sizes=\"auto, (max-width: 640px) 100vw, 640px\" \/><\/p>\n<p>&nbsp;<\/p>\n<p>Medcezir\u2019de \u00e7ok g\u00fczel i\u015f \u00e7\u0131kartt\u0131. Seranay Sar\u0131kaya ile kimyas\u0131 tuttu, inan\u0131lmaz bir uyum sa\u011flad\u0131lar. 20 b\u00f6l\u00fcm \u00e7ekilip <a href=\"http:\/\/blog.milliyet.com.tr\/AramaBlog\/?search=Star Tv\" rel=\"external nofollow\">Star Tv<\/a>. ekranlar\u0131nda seyretti\u011fimiz Medcezir, Cuma gecelerinin AB grubunda, yay\u0131nland\u0131\u011f\u0131 ilk g\u00fcnden itibaren her b\u00f6l\u00fcm\u00fc de\u011fi\u015fmez birincisi oldu. <a href=\"http:\/\/blog.milliyet.com.tr\/AramaBlog\/?search=Bar\u0131\u015f Falay\" rel=\"external nofollow\">Bar\u0131\u015f Falay<\/a>, <a href=\"http:\/\/blog.milliyet.com.tr\/AramaBlog\/?search=Mine Tugay\" rel=\"external nofollow\">Mine Tugay<\/a>, <a href=\"http:\/\/blog.milliyet.com.tr\/AramaBlog\/?search=Can G\u00fcrzap\" rel=\"external nofollow\">Can G\u00fcrzap<\/a>, <a href=\"http:\/\/blog.milliyet.com.tr\/AramaBlog\/?search=Taner \u00d6lmez\" rel=\"external nofollow\">Taner \u00d6lmez<\/a>, Hazar Erg\u00fc\u00e7l\u00fc, \u015eebnem D\u00f6nmez ve Murat Aygen\u00a0gibi g\u00fc\u00e7l\u00fc oyuncularla \u00e7al\u0131\u015fmas\u0131 \u00c7a\u011fatay\u2019\u0131n b\u00fcy\u00fck \u015fans\u0131yd\u0131.<\/p>\n<p>\u00c7a\u011fatay Ulusoy&#8217;un ba\u015far\u0131s\u0131, olduk\u00e7a iyi niyetli olmas\u0131, y\u00f6netmenine kapris yapmamas\u0131 ile \u00f6vg\u00fcye lay\u0131km\u0131\u015f. Set arkada\u015flar\u0131, Bar\u0131\u015f Faray, dizide k\u00f6t\u00fc rol arkada\u015flar\u0131 Metin Akd\u00fclger ve Ali Aks\u00f6z \u00c7a\u011fatay\u2019dan \u00f6vg\u00fc ile bahsetmektedirler.<\/p>\n<p><img decoding=\"async\" src=\"https:\/\/encrypted-tbn2.gstatic.com\/images?q=tbn:ANd9GcTTZtCjqrL6U6umII6pMigb-AvSJv3ivmj9aGC_16jSqCjT7x2B\" alt=\"\" \/><\/p>\n<p>\u00c7a\u011fatay Ulusoy 2011 yaz\u0131nda Anadolu Kartallar\u0131 Sinema filminde &#8220;\u00dcste\u011fmen Ahmet Onur&#8221; karakterini Engin Altan D\u00fczyatan, Hande Suba\u015f\u0131 ve \u00d6zge \u00d6zpirin\u00e7\u00e7i ile\u00a0oynad\u0131. \u00c7ok da ba\u015far\u0131l\u0131 oldu.\u00a0\u00d6n\u00fcm\u00fczdeki yaz aylar\u0131nda bir sinema filmi \u00e7evirmesi hedeflerinden biri olmal\u0131. Bu filmi Hazal Kaya ile oynamas\u0131 muhtemel. Ge\u00e7en hafa Kenan Er\u00e7eting\u00f6z&#8217;\u00fcn &#8220;Y\u00fcz Y\u00fcze&#8221; program\u0131na kat\u0131lan Hazal kaya, bu soruya &#8220;Niye olmas\u0131n, \u00c7a\u011fatay&#8217;la oynamam bir durumu yok&#8221; cevab\u0131 vererek, oynayabilece\u011fi\u00a0sinyalini vermi\u015fti. Ge\u00e7en y\u0131l onlarca sinema film teklifini &#8220;Medcezir&#8221; dizi haz\u0131rl\u0131klar\u0131 nedeniyle olumlu cevap verememi\u015fti. Art\u0131k bu yaz olmamas\u0131 i\u00e7in bir neden yok. Kaliteli bir sinema filminde oynamak hedeflerinden biri olmal\u0131 diyorum.<\/p>\n<\/div>\n<div>\n<p>\u00c7a\u011fatay Ulusoy, set aralar\u0131nda \u015fimdilerde en b\u00fcy\u00fck merak\u0131 kamera arkas\u0131na ge\u00e7mekmi\u015f. B\u00f6ylece hem merak\u0131n\u0131 gideriyor, hem de kafas\u0131n\u0131 dinlendiriyor herhalde. 2012 y\u0131l\u0131n\u0131n son aylar\u0131nda \u201cEmir\u2019in Yolu\u201d dizi \u00e7ekimleri set aralar\u0131nda, biraz da o zamanki stres nedeniyle bir kenara \u00e7ekilir, arka arkaya sigara ve \u00e7ay i\u00e7ermi\u015f. Keyifli ge\u00e7en Medcezir \u00e7ekimleri set aralar\u0131nda kendisini b\u00f6yle dinlendiriyor olmal\u0131. Dizi a\u015fk\u0131 Mira (Serenay Sar\u0131kaya) da hemen yan\u0131 ba\u015f\u0131nda duruyor. Ne dersiniz bu kamera merak\u0131 ileriki y\u0131llarda y\u00f6netmenli\u011fe bir ad\u0131m olabilir mi? Hay\u0131rl\u0131 olsun\u00a0diyelim.<\/p>\n<p><img loading=\"lazy\" decoding=\"async\" id=\"irc_mi\" src=\"http:\/\/balcilar-blog.com\/wp-content\/uploads\/2014\/10\/BYnSOJtIcAAWSwu.jpg\" alt=\"\" width=\"475\" height=\"393\" \/><\/p>\n<p>\u00c7a\u011fatay Ulusoy, olduk\u00e7a iyi niyetli m\u00fctevazi bir ki\u015fili\u011fe sahip bir insan. Sevenleri onunla foto\u011fraf \u00e7ektirmek, foto\u011fraflar\u0131n\u0131 imzalatmak i\u00e7in set aralar\u0131nda etraf\u0131n\u0131 sar\u0131yorlarm\u0131\u015f. Onlar\u0131 k\u0131ramay\u0131p, poz veriyor, hele k\u00fc\u00e7\u00fck \u00e7ocuk sevgisi bamba\u015fka, onlarla da foto\u011fraf \u00e7ekilmek, onu da mutlu ediyormu\u015f. A\u015fa\u011f\u0131daki resimde 3 \u00e7ocuk ile \u00e7ektirdi\u011fi foto\u011frafta, \u00e7ocuklar\u0131n mutlu oldu\u011fu kadar, ayn\u0131 mutluluk ifadesi\u00a0\u00c7a\u011fatay&#8217;\u0131n y\u00fcz\u00fcnde de g\u00f6r\u00fcyoruz\u00a0.<\/p>\n<\/div>\n<p><img decoding=\"async\" src=\"https:\/\/pbs.twimg.com\/media\/BfaFos3CIAArhNA.jpg\" alt=\"G\u00f6m\u00fcl\u00fc resim i\u00e7in kal\u0131c\u0131 ba\u011flant\u0131\" \/><\/p>\n<p>\u00c7a\u011fatay Ulusoy, Feriha dizisinin ilk b\u00f6l\u00fcmlerinde oldu\u011fu gibi, \u00e7ekingen, robot gibi kamera kar\u015f\u0131s\u0131nda duran biri de\u011fil. Kendisini \u00e7ok geli\u015ftirdi. Oyunculu\u011fu m\u00fckemmel. Tek ba\u015f\u0131na bir diziyi izlettirebilecek g\u00fcc\u00fc var, bunu Feriha dizisinde yak\u0131\u015f\u0131kl\u0131l\u0131\u011f\u0131 ile yap\u0131yordu. \u015eimdi \u00e7ok ama \u00e7ok \u00e7al\u0131\u015f\u0131yor. \u00c7ok da sa\u011flam oynuyor. Bana g\u00f6re \u00c7a\u011fatay Ulusoy gelece\u011fin y\u0131ld\u0131z\u0131.<\/p>\n<div>\n<div>\n<p>Medcezir dizisi en az \u00fc\u00e7 sezon devam edece\u011fini tahmin ediyorum. \u015eayet olumsuz bir hata kaza olmaz ise. Beni korkutan Serenay Sar\u0131kaya ile olan \u00f6zel hayatlar\u0131 ile i\u015flerini kar\u0131\u015ft\u0131rmalar\u0131. \u015eayet \u00f6zel hayatlar\u0131ndaki bir kavga, k\u00fcsl\u00fck i\u015f hayatlar\u0131n\u0131 etkileyecektir. Bu durumu hep yaz\u0131lar\u0131mda belirtmi\u015ftim. A\u015fk ile i\u015fi kar\u0131\u015ft\u0131rmamak laz\u0131m. Yoksa yaz\u0131k olur, s\u00fcper iyi giden Medcezir dizisine.<\/p>\n<p><img decoding=\"async\" src=\"https:\/\/pbs.twimg.com\/media\/BfKgmOlIgAASV7K.jpg\" alt=\"G\u00f6m\u00fcl\u00fc resim i\u00e7in kal\u0131c\u0131 ba\u011flant\u0131\" \/><\/p>\n<p>Bu sezon ba\u015f\u0131 olmas\u0131na ra\u011fmen ilk \u00f6d\u00fcl\u00fcn\u00fc ald\u0131. Sezonun en iyi erkek dizi oyuncusu \u00f6d\u00fcl\u00fc. 2014 Y\u0131l\u0131 i\u00e7inde \u00e7ok daha \u00f6d\u00fcle lay\u0131k g\u00f6r\u00fclecek ve alaca\u011f\u0131n\u0131 tahmin ediyorum. Ayr\u0131ca, oynad\u0131\u011f\u0131 Medcezir, &#8220;En iyi drama dizisi&#8221; \u00f6d\u00fcl\u00fcn\u00fc alm\u0131\u015ft\u0131r.<\/p>\n<p><img decoding=\"async\" src=\"https:\/\/pbs.twimg.com\/media\/Be-V_JbIQAAIZ2v.jpg\" alt=\"G\u00f6m\u00fcl\u00fc resim i\u00e7in kal\u0131c\u0131 ba\u011flant\u0131\" \/><\/p>\n<p>\u00c7a\u011fatay Ulusoy nereye ko\u015fuyor?<\/p>\n<p>Hedef belli zirve. Hen\u00fcz o tepeye \u00e7\u0131km\u0131\u015f de\u011fil. B\u00f6yle giderse o da olacak gibi duruyor. Yeter ki \u015f\u00f6hret ba\u015f\u0131n\u0131 d\u00f6nd\u00fcr\u00fcp, yanl\u0131\u015flar yapmas\u0131n, ad\u0131mlar\u0131n\u0131 sa\u011flam bass\u0131n.<\/p>\n<p><img decoding=\"async\" src=\"http:\/\/img.bugun.com.tr\/medcezir-8-yeni-bolum-fragmani-yayinlandi-medcezir-8-bolum-burada_850979_340_226.jpg\" alt=\"\" \/><\/p>\n<p>Ko\u015f, \u00c7a\u011fatay ko\u015f, yolun a\u00e7\u0131k olsun. Sendeki bu performans\u0131 izleyenlerin g\u00f6rd\u00fck\u00e7e hep yan\u0131nda ve arkanda olacaklar.<\/p>\n<\/div>\n<p>Sayg\u0131lar, sevgiler.<\/p>\n<p>Abdurrahman Balc\u0131lar<\/p>\n<p>Twitter: abdurrahman balc\u0131lar@abbalcilar<\/p>\n<div>\n<p>Mail : <a href=\"mailto:ab.balcilar@hotmail.com\" target=\"_blank\">ab.balcilar@hotmail.com<\/a><\/p>\n<p>Blog: milliyet.com.tr\/Cansever<\/p>\n<p>Blog: balcilar-blog.com<\/p>\n<p>Not: G\u00f6rseller internetten,Twitter Medcezir sayfas\u0131ndan al\u0131nm\u0131\u015ft\u0131r.<\/p>\n<\/div>\n<p>&nbsp;<\/p>\n<\/div>\n<p>&nbsp;<\/p>\n<p>&nbsp;<\/p>\n<p>&nbsp;<\/p>\n<\/div>\n<\/div>\n","protected":false},"excerpt":{"rendered":"<p>&nbsp; Kategori Magazin \u0130lk \u00c7a\u011fatay Ulusoy nereye ko\u015fuyor? Yaz\u0131m\u0131, Haziran sonunda \u201cAd\u0131n\u0131 Feriha Koydum\u201d dizisi final yapmas\u0131ndan sonra 14 Temmuz 2012\u00a0i\u00e7inde yazd\u0131m. Milliyet Blog\u2019da 14 Ocak 2013 tarihinde yay\u0131nland\u0131. (http:\/\/balcilar-blog.com\/?p=283) T\u0131kla oku. \u0130kincisini 3 May\u0131s 2013\u2019de yazd\u0131m ve Milliyet Blog\u2019da yay\u0131nland\u0131. (http:\/\/balcilar-blog.com\/?p=381) T\u0131kla oku. \u015eimdi de \u00fc\u00e7\u00fcnc\u00fcs\u00fcn\u00fc kaleme ald\u0131m. \u00c7a\u011fatay Ulusoy buralara kolay gelmedi. 2010 [&hellip;]<\/p>\n","protected":false},"author":3,"featured_media":17056,"comment_status":"open","ping_status":"open","sticky":false,"template":"","format":"standard","meta":{"footnotes":""},"categories":[7],"tags":[15,19,16],"class_list":["post-56","post","type-post","status-publish","format-standard","has-post-thumbnail","hentry","category-magazin","tag-cagatay-ulusoy","tag-hazal-kaya","tag-medcezir"],"views":6890,"blog_post_layout_featured_media_urls":{"thumbnail":["https:\/\/balcilar-blog.com\/wp-content\/uploads\/2014\/02\/447199-3-4-87eb0-150x150.jpg",150,150,true],"full":["https:\/\/balcilar-blog.com\/wp-content\/uploads\/2014\/02\/447199-3-4-87eb0.jpg",640,461,false]},"categories_names":{"7":{"name":"Magazin","link":"https:\/\/balcilar-blog.com\/?cat=7"}},"tags_names":{"15":{"name":"\u00e7a\u011fatay ulusoy","link":"https:\/\/balcilar-blog.com\/?tag=cagatay-ulusoy"},"19":{"name":"Hazal Kaya","link":"https:\/\/balcilar-blog.com\/?tag=hazal-kaya"},"16":{"name":"medcezir","link":"https:\/\/balcilar-blog.com\/?tag=medcezir"}},"comments_number":"0","wpmagazine_modules_lite_featured_media_urls":{"thumbnail":["https:\/\/balcilar-blog.com\/wp-content\/uploads\/2014\/02\/447199-3-4-87eb0-150x150.jpg",150,150,true],"cvmm-medium":["https:\/\/balcilar-blog.com\/wp-content\/uploads\/2014\/02\/447199-3-4-87eb0.jpg",300,216,false],"cvmm-medium-plus":["https:\/\/balcilar-blog.com\/wp-content\/uploads\/2014\/02\/447199-3-4-87eb0.jpg",287,207,false],"cvmm-portrait":["https:\/\/balcilar-blog.com\/wp-content\/uploads\/2014\/02\/447199-3-4-87eb0.jpg",400,288,false],"cvmm-medium-square":["https:\/\/balcilar-blog.com\/wp-content\/uploads\/2014\/02\/447199-3-4-87eb0.jpg",600,432,false],"cvmm-large":["https:\/\/balcilar-blog.com\/wp-content\/uploads\/2014\/02\/447199-3-4-87eb0.jpg",640,461,false],"cvmm-small":["https:\/\/balcilar-blog.com\/wp-content\/uploads\/2014\/02\/447199-3-4-87eb0.jpg",130,95,false],"full":["https:\/\/balcilar-blog.com\/wp-content\/uploads\/2014\/02\/447199-3-4-87eb0.jpg",640,461,false]},"_links":{"self":[{"href":"https:\/\/balcilar-blog.com\/index.php?rest_route=\/wp\/v2\/posts\/56","targetHints":{"allow":["GET"]}}],"collection":[{"href":"https:\/\/balcilar-blog.com\/index.php?rest_route=\/wp\/v2\/posts"}],"about":[{"href":"https:\/\/balcilar-blog.com\/index.php?rest_route=\/wp\/v2\/types\/post"}],"author":[{"embeddable":true,"href":"https:\/\/balcilar-blog.com\/index.php?rest_route=\/wp\/v2\/users\/3"}],"replies":[{"embeddable":true,"href":"https:\/\/balcilar-blog.com\/index.php?rest_route=%2Fwp%2Fv2%2Fcomments&post=56"}],"version-history":[{"count":8,"href":"https:\/\/balcilar-blog.com\/index.php?rest_route=\/wp\/v2\/posts\/56\/revisions"}],"predecessor-version":[{"id":17057,"href":"https:\/\/balcilar-blog.com\/index.php?rest_route=\/wp\/v2\/posts\/56\/revisions\/17057"}],"wp:featuredmedia":[{"embeddable":true,"href":"https:\/\/balcilar-blog.com\/index.php?rest_route=\/wp\/v2\/media\/17056"}],"wp:attachment":[{"href":"https:\/\/balcilar-blog.com\/index.php?rest_route=%2Fwp%2Fv2%2Fmedia&parent=56"}],"wp:term":[{"taxonomy":"category","embeddable":true,"href":"https:\/\/balcilar-blog.com\/index.php?rest_route=%2Fwp%2Fv2%2Fcategories&post=56"},{"taxonomy":"post_tag","embeddable":true,"href":"https:\/\/balcilar-blog.com\/index.php?rest_route=%2Fwp%2Fv2%2Ftags&post=56"}],"curies":[{"name":"wp","href":"https:\/\/api.w.org\/{rel}","templated":true}]}}