{"id":5587,"date":"2014-12-29T12:47:14","date_gmt":"2014-12-29T10:47:14","guid":{"rendered":"http:\/\/balcilar-blog.com\/?p=5587"},"modified":"2015-01-05T18:56:10","modified_gmt":"2015-01-05T16:56:10","slug":"medcezirin-yamani-cagatay-ulusoy-supermen-olarak-cok-mutlu","status":"publish","type":"post","link":"https:\/\/balcilar-blog.com\/?p=5587","title":{"rendered":"Medcezir\u2019in Yaman\u2019\u0131 \u00c7a\u011fatay Ulusoy S\u00fcpermen olarak \u00e7ok mutlu!"},"content":{"rendered":"<p><a href=\"http:\/\/balcilar-blog.com\/wp-content\/uploads\/2014\/12\/Ekran-Al\u0131nt\u0131s\u0131mMD54.KP_.png\"><img loading=\"lazy\" decoding=\"async\" class=\"alignnone size-full wp-image-5622\" src=\"http:\/\/balcilar-blog.com\/wp-content\/uploads\/2014\/12\/Ekran-Al\u0131nt\u0131s\u0131mMD54.KP_.png\" alt=\"Ekran Al\u0131nt\u0131s\u0131mMD54.KP\" width=\"775\" height=\"482\" srcset=\"https:\/\/balcilar-blog.com\/wp-content\/uploads\/2014\/12\/Ekran-Al\u0131nt\u0131s\u0131mMD54.KP_.png 775w, https:\/\/balcilar-blog.com\/wp-content\/uploads\/2014\/12\/Ekran-Al\u0131nt\u0131s\u0131mMD54.KP_-300x187.png 300w\" sizes=\"auto, (max-width: 775px) 100vw, 775px\" \/><\/a><\/p>\n<p>Star Tv\u2019nin Fenomen dizisi Medcezir ge\u00e7ti\u011fimiz Cama ak\u015fam\u0131 heyecanl\u0131 bir b\u00f6l\u00fcm ile ekranlar\u0131m\u0131zdayd\u0131. Yaman\u2019\u0131n \u00f6l\u00fcm kal\u0131m sava\u015f\u0131n\u0131, komada ge\u00e7en kabuslar\u0131n\u0131 izledik.<\/p>\n<p>Yaman\u2019\u0131n hastanede kesilen, \u2018Tekrar yeni hayat\u0131na ho\u015f geldin\u2019 pastas\u0131, t\u00fcm Medcezir ekibinin kat\u0131lmas\u0131 ile kesildi. Bu da g\u00f6sterdi ki \u00c7a\u011fatay Ulusoy Yaman karakteri olarak ne kadar \u00f6nemli biri oldu\u011funu g\u00f6zler \u00f6n\u00fcne serdi. \u00c7a\u011fatay Ulusoy da; \u2018Ben \u00f6lmedim, tekrar sizlerleyim, dizide kal\u0131yorum, hi\u00e7bir yere gitmiyorum\u2019 diyerek rol arkada\u015flar\u0131n\u0131 ortada b\u0131rakmad\u0131. B\u00fct\u00fcn rol arkada\u015flar\u0131 onu \u2018YA-MAN\u2019 yaz\u0131l\u0131 ti\u015f\u00f6rt giyerek resmen S\u00fcpermen yapt\u0131lar. Yaman, Selim Beyin yapt\u0131\u011f\u0131 duygusal konu\u015fmas\u0131 neticesinde \u2018Seninle gurur duyuyorum o\u011flum\u2019 demesi g\u00f6zya\u015flar\u0131n\u0131 ak\u0131tt\u0131. \u00c7a\u011fatay Ulusoy normal hayat\u0131nda da \u00e7ok duygusal bir insan. Burada a\u011flayan ger\u00e7ekten \u00c7a\u011fatay\u2019d\u0131.<\/p>\n<p>Yaman\u2019\u0131n komada g\u00f6rd\u00fc\u011f\u00fc kabus dolu r\u00fcyalar da b\u00f6l\u00fcm\u00fcn ba\u015fka bir ilgin\u00e7 taraf\u0131yd\u0131. \u00c7ok g\u00fczel d\u00fc\u015f\u00fcnm\u00fc\u015f senaristimiz Ece Y\u00f6ren\u00e7. Bizleri ge\u00e7mi\u015f zaman t\u00fcnelinde kaybolan Yaman&#8217;\u0131n \u015fa\u015fk\u0131nl\u0131\u011f\u0131 \u00e7ok g\u00fczeldi. Kutlar\u0131m kendisini.<\/p>\n<p>Bu b\u00f6l\u00fcme damgas\u0131n\u0131 vuran Mira\u2019n\u0131n Deniz Han\u0131ma ricas\u0131 ile y\u0131lba\u015f\u0131na girerken Televizyonda \u00e7alan Yaman\u2019\u0131n bestesi oldu. \u2018Bir kuyruklu y\u0131ld\u0131za mektup Yaman Koper\u2019 ba\u015fl\u0131\u011f\u0131 ile \u00e7al\u0131nan par\u00e7a, ba\u015fta Yaman olmak \u00fczere herkese duygu dolu anlar ya\u015fatt\u0131.<\/p>\n<p>Bu b\u00f6l\u00fcmde reytinglerde Medcezir gecenin birincisi olamad\u0131 ama, Karag\u00fcl\u2019\u00fcn ard\u0131ndan her iki kategoride 2.s\u0131rada yer ald\u0131.<\/p>\n<p>Gelelim bu b\u00f6l\u00fcmde ge\u00e7en olaylar\u0131n detay\u0131na:<\/p>\n<p>Yaman Selim Beyi korumak isterken, Cengiz d\u00fcrb\u00fcnl\u00fc t\u00fcfe\u011fi ile s\u0131rt\u0131ndan vurur. Hasan da ona ate\u015f eder, kolundan yaralar. O s\u0131rada gelen polis arabalar\u0131n\u0131n siren seslerini duyan Cengiz yakalanaca\u011f\u0131n\u0131 anlay\u0131nca, kendisini vurur ve \u00f6l\u00fcr.<\/p>\n<p><a href=\"http:\/\/balcilar-blog.com\/wp-content\/uploads\/2014\/12\/Ekran-Al\u0131nt\u0131s\u0131MD54.01.png\"><img loading=\"lazy\" decoding=\"async\" class=\"alignnone size-full wp-image-5590\" src=\"http:\/\/balcilar-blog.com\/wp-content\/uploads\/2014\/12\/Ekran-Al\u0131nt\u0131s\u0131MD54.01.png\" alt=\"Ekran Al\u0131nt\u0131s\u0131MD54.01\" width=\"562\" height=\"327\" srcset=\"https:\/\/balcilar-blog.com\/wp-content\/uploads\/2014\/12\/Ekran-Al\u0131nt\u0131s\u0131MD54.01.png 562w, https:\/\/balcilar-blog.com\/wp-content\/uploads\/2014\/12\/Ekran-Al\u0131nt\u0131s\u0131MD54.01-300x175.png 300w\" sizes=\"auto, (max-width: 562px) 100vw, 562px\" \/><\/a><\/p>\n<p>Mert ve site gen\u00e7leri pavyonda 42 bin lira hesap gelince, Pavyon sahibi arkaya mutfa\u011fa \u00e7eker. Mert\u2019in yalvarmalar\u0131na ra\u011fmen b\u0131rakmaz. Hepsini bir odaya kilitlerler.<\/p>\n<p><a href=\"http:\/\/balcilar-blog.com\/wp-content\/uploads\/2014\/12\/Ekran-Al\u0131nt\u0131s\u0131MD54.02.png\"><img loading=\"lazy\" decoding=\"async\" class=\"alignnone size-full wp-image-5591\" src=\"http:\/\/balcilar-blog.com\/wp-content\/uploads\/2014\/12\/Ekran-Al\u0131nt\u0131s\u0131MD54.02.png\" alt=\"Ekran Al\u0131nt\u0131s\u0131MD54.02\" width=\"553\" height=\"337\" srcset=\"https:\/\/balcilar-blog.com\/wp-content\/uploads\/2014\/12\/Ekran-Al\u0131nt\u0131s\u0131MD54.02.png 553w, https:\/\/balcilar-blog.com\/wp-content\/uploads\/2014\/12\/Ekran-Al\u0131nt\u0131s\u0131MD54.02-300x183.png 300w\" sizes=\"auto, (max-width: 553px) 100vw, 553px\" \/><\/a><\/p>\n<p>&nbsp;<\/p>\n<p>Murat ile Uzay kavga ederler. Orkun, Eyl\u00fcl ve k\u0131zlar gelir. Mert Eyl\u00fcl\u2019\u00fcn surat\u0131n\u0131 be\u011fenmez, Eyl\u00fcl ne oldu diye sorar. Orkun Yaman vurulmu\u015f deyince, aralar\u0131nda buz gibi bir hava eser.<\/p>\n<p><a href=\"http:\/\/balcilar-blog.com\/wp-content\/uploads\/2014\/12\/Ekran-Al\u0131nt\u0131s\u0131MD54.03.png\"><img loading=\"lazy\" decoding=\"async\" class=\"alignnone size-full wp-image-5592\" src=\"http:\/\/balcilar-blog.com\/wp-content\/uploads\/2014\/12\/Ekran-Al\u0131nt\u0131s\u0131MD54.03.png\" alt=\"Ekran Al\u0131nt\u0131s\u0131MD54.03\" width=\"554\" height=\"333\" srcset=\"https:\/\/balcilar-blog.com\/wp-content\/uploads\/2014\/12\/Ekran-Al\u0131nt\u0131s\u0131MD54.03.png 554w, https:\/\/balcilar-blog.com\/wp-content\/uploads\/2014\/12\/Ekran-Al\u0131nt\u0131s\u0131MD54.03-300x180.png 300w\" sizes=\"auto, (max-width: 554px) 100vw, 554px\" \/><\/a><\/p>\n<p>Mira, Yaman\u2019\u0131n annesi son derece \u00fczg\u00fcnd\u00fcrler. Selim Bey, beni kurtarmak i\u00e7in \u00f6n\u00fcme atlad\u0131 diye adeta say\u0131klar, panik i\u00e7indedir. Yaman\u2019\u0131 kurtarmak i\u00e7in doktorlar, uzun bir operasyon yaparlar. Yaman ameliyat an\u0131nda Mira\u2019y\u0131 r\u00fcyada g\u00f6r\u00fcr.<\/p>\n<p>Uzun s\u00fcren ameliyat esnas\u0131nda, ameliyathane \u00f6n\u00fcnde bekleyi\u015f s\u00fcrer.<\/p>\n<p><a href=\"http:\/\/balcilar-blog.com\/wp-content\/uploads\/2014\/12\/Ekran-Al\u0131nt\u0131s\u0131MD54.5.png\"><img loading=\"lazy\" decoding=\"async\" class=\"alignnone size-full wp-image-5596\" src=\"http:\/\/balcilar-blog.com\/wp-content\/uploads\/2014\/12\/Ekran-Al\u0131nt\u0131s\u0131MD54.5.png\" alt=\"Ekran Al\u0131nt\u0131s\u0131MD54.5\" width=\"550\" height=\"333\" srcset=\"https:\/\/balcilar-blog.com\/wp-content\/uploads\/2014\/12\/Ekran-Al\u0131nt\u0131s\u0131MD54.5.png 550w, https:\/\/balcilar-blog.com\/wp-content\/uploads\/2014\/12\/Ekran-Al\u0131nt\u0131s\u0131MD54.5-300x182.png 300w\" sizes=\"auto, (max-width: 550px) 100vw, 550px\" \/><\/a><\/p>\n<p>Doktor, g\u00f6z\u00fcm\u00fcz ayd\u0131n Selim, b\u00fcy\u00fck ge\u00e7mi\u015f olsun,der. 1-2 g\u00fcne odaya \u00e7\u0131kart\u0131r\u0131z. Doktor, ad\u0131 Yaman\u2019d\u0131 de\u011fil mi? Yaman o\u011flanm\u0131\u015f iyi dayand\u0131 evlad\u0131m. Doktor Mira\u2019n\u0131n 1-2 dakika g\u00f6rmesini izin verir. O esnada Mira\u2019n\u0131n uyan Yaman s\u00f6zlerini elini s\u0131karak cevap verir.<\/p>\n<p><a href=\"http:\/\/balcilar-blog.com\/wp-content\/uploads\/2014\/12\/Ekran-Al\u0131nt\u0131s\u0131MD54.6.png\"><img loading=\"lazy\" decoding=\"async\" class=\"alignnone size-full wp-image-5597\" src=\"http:\/\/balcilar-blog.com\/wp-content\/uploads\/2014\/12\/Ekran-Al\u0131nt\u0131s\u0131MD54.6.png\" alt=\"Ekran Al\u0131nt\u0131s\u0131MD54.6\" width=\"548\" height=\"329\" srcset=\"https:\/\/balcilar-blog.com\/wp-content\/uploads\/2014\/12\/Ekran-Al\u0131nt\u0131s\u0131MD54.6.png 548w, https:\/\/balcilar-blog.com\/wp-content\/uploads\/2014\/12\/Ekran-Al\u0131nt\u0131s\u0131MD54.6-300x180.png 300w\" sizes=\"auto, (max-width: 548px) 100vw, 548px\" \/><\/a><\/p>\n<p>Yaman bir t\u00fcrl\u00fc tam uyanamaz. Narkozun da etkisiyle bir r\u00fcya g\u00f6r\u00fcr. Tam bir kabus ya\u015far. Zaman geri i\u015fler. Selim Bey, Mert onu bir \u00f6nceden ilk geli\u015finden tan\u0131rlar. Arada bir y\u0131l sanki birlikte ya\u015famam\u0131\u015f gib davran\u0131rlar. Yaman kafay\u0131 yiyecek gibi olur, r\u00fcyada m\u0131y\u0131m diye kendini tokatlar. Unutmu\u015flard\u0131r. Mira\u2019lar\u0131n evine ko\u015far.<\/p>\n<p><a href=\"http:\/\/balcilar-blog.com\/wp-content\/uploads\/2014\/12\/Ekran-Al\u0131nt\u0131s\u0131MD54.7B.png\"><img loading=\"lazy\" decoding=\"async\" class=\"alignnone size-medium wp-image-5599\" src=\"http:\/\/balcilar-blog.com\/wp-content\/uploads\/2014\/12\/Ekran-Al\u0131nt\u0131s\u0131MD54.7B-300x184.png\" alt=\"Ekran Al\u0131nt\u0131s\u0131MD54.7B\" width=\"300\" height=\"184\" srcset=\"https:\/\/balcilar-blog.com\/wp-content\/uploads\/2014\/12\/Ekran-Al\u0131nt\u0131s\u0131MD54.7B-300x184.png 300w, https:\/\/balcilar-blog.com\/wp-content\/uploads\/2014\/12\/Ekran-Al\u0131nt\u0131s\u0131MD54.7B.png 544w\" sizes=\"auto, (max-width: 300px) 100vw, 300px\" \/><\/a>\u00a0<a href=\"http:\/\/balcilar-blog.com\/wp-content\/uploads\/2014\/12\/Ekran-Al\u0131nt\u0131s\u0131MD54.7.png\"><img loading=\"lazy\" decoding=\"async\" class=\"alignnone size-medium wp-image-5598\" src=\"http:\/\/balcilar-blog.com\/wp-content\/uploads\/2014\/12\/Ekran-Al\u0131nt\u0131s\u0131MD54.7-300x182.png\" alt=\"Ekran Al\u0131nt\u0131s\u0131MD54.7\" width=\"300\" height=\"182\" srcset=\"https:\/\/balcilar-blog.com\/wp-content\/uploads\/2014\/12\/Ekran-Al\u0131nt\u0131s\u0131MD54.7-300x182.png 300w, https:\/\/balcilar-blog.com\/wp-content\/uploads\/2014\/12\/Ekran-Al\u0131nt\u0131s\u0131MD54.7.png 548w\" sizes=\"auto, (max-width: 300px) 100vw, 300px\" \/><\/a><\/p>\n<p>Yaman Mira&#8217;ya, sadece sen anlars\u0131n beni\u2026 Hastaneden \u00e7\u0131kt\u0131\u011f\u0131mdan beri kimse beni tan\u0131m\u0131yor gibi yap\u0131yor. Sen benim Mira\u2019mdan \u00e7ok farkl\u0131s\u0131n? Sa\u00e7\u0131na ne yapt\u0131n? Mira\u2019n\u0131n ba\u015f\u0131mdaki siyah peruktur. \u00c7\u0131kart\u0131r.<\/p>\n<p><a href=\"http:\/\/balcilar-blog.com\/wp-content\/uploads\/2014\/12\/Ekran-Al\u0131nt\u0131s\u0131MD54.4B.png\"><img loading=\"lazy\" decoding=\"async\" class=\"alignnone size-medium wp-image-5595\" src=\"http:\/\/balcilar-blog.com\/wp-content\/uploads\/2014\/12\/Ekran-Al\u0131nt\u0131s\u0131MD54.4B-300x185.png\" alt=\"Ekran Al\u0131nt\u0131s\u0131MD54.4B\" width=\"300\" height=\"185\" srcset=\"https:\/\/balcilar-blog.com\/wp-content\/uploads\/2014\/12\/Ekran-Al\u0131nt\u0131s\u0131MD54.4B-300x185.png 300w, https:\/\/balcilar-blog.com\/wp-content\/uploads\/2014\/12\/Ekran-Al\u0131nt\u0131s\u0131MD54.4B.png 542w\" sizes=\"auto, (max-width: 300px) 100vw, 300px\" \/><\/a>\u00a0<a href=\"http:\/\/balcilar-blog.com\/wp-content\/uploads\/2014\/12\/Ekran-Al\u0131nt\u0131s\u0131MD54.04AA.png\"><img loading=\"lazy\" decoding=\"async\" class=\"alignnone size-medium wp-image-5593\" src=\"http:\/\/balcilar-blog.com\/wp-content\/uploads\/2014\/12\/Ekran-Al\u0131nt\u0131s\u0131MD54.04AA-300x188.png\" alt=\"Ekran Al\u0131nt\u0131s\u0131MD54.04AA\" width=\"300\" height=\"188\" srcset=\"https:\/\/balcilar-blog.com\/wp-content\/uploads\/2014\/12\/Ekran-Al\u0131nt\u0131s\u0131MD54.04AA-300x188.png 300w, https:\/\/balcilar-blog.com\/wp-content\/uploads\/2014\/12\/Ekran-Al\u0131nt\u0131s\u0131MD54.04AA.png 537w\" sizes=\"auto, (max-width: 300px) 100vw, 300px\" \/><\/a><\/p>\n<p>Mira, sen hayat\u0131m\u0131za hi\u00e7 girmedin der. Ve Yaman bu s\u0131k\u0131nt\u0131l\u0131, kabuslu r\u00fcyadan uyan\u0131r. Hala komadad\u0131r ve uyuyordur.<\/p>\n<p><a href=\"http:\/\/balcilar-blog.com\/wp-content\/uploads\/2014\/12\/Ekran-Al\u0131nt\u0131s\u0131MD54.8.png\"><img loading=\"lazy\" decoding=\"async\" class=\"alignnone size-full wp-image-5600\" src=\"http:\/\/balcilar-blog.com\/wp-content\/uploads\/2014\/12\/Ekran-Al\u0131nt\u0131s\u0131MD54.8.png\" alt=\"Ekran Al\u0131nt\u0131s\u0131MD54.8\" width=\"544\" height=\"337\" srcset=\"https:\/\/balcilar-blog.com\/wp-content\/uploads\/2014\/12\/Ekran-Al\u0131nt\u0131s\u0131MD54.8.png 544w, https:\/\/balcilar-blog.com\/wp-content\/uploads\/2014\/12\/Ekran-Al\u0131nt\u0131s\u0131MD54.8-300x186.png 300w\" sizes=\"auto, (max-width: 544px) 100vw, 544px\" \/><\/a><\/p>\n<p>Mira Yaman&#8217;\u0131 bu r\u00fcyadan \u00e7eker uyand\u0131r. Bir hafta ge\u00e7er.\u00a0Yaman y\u00fcr\u00fcmek i\u00e7in yata\u011f\u0131ndan kald\u0131r\u0131l\u0131r. D\u0131\u015far\u0131 \u00e7\u0131karlar. D\u0131\u015far\u0131da k\u0131z\u0131lca k\u0131yamet kopar, kompetiler at\u0131l\u0131r.<\/p>\n<p><a href=\"http:\/\/balcilar-blog.com\/wp-content\/uploads\/2014\/12\/Ekran-Al\u0131nt\u0131s\u0131MD54.2.png\"><img loading=\"lazy\" decoding=\"async\" class=\"alignnone size-full wp-image-5517\" src=\"http:\/\/balcilar-blog.com\/wp-content\/uploads\/2014\/12\/Ekran-Al\u0131nt\u0131s\u0131MD54.2.png\" alt=\"Ekran Al\u0131nt\u0131s\u0131MD54.2\" width=\"564\" height=\"360\" srcset=\"https:\/\/balcilar-blog.com\/wp-content\/uploads\/2014\/12\/Ekran-Al\u0131nt\u0131s\u0131MD54.2.png 564w, https:\/\/balcilar-blog.com\/wp-content\/uploads\/2014\/12\/Ekran-Al\u0131nt\u0131s\u0131MD54.2-300x191.png 300w\" sizes=\"auto, (max-width: 564px) 100vw, 564px\" \/><\/a><\/p>\n<p>Herkes YA-MAN ti\u015f\u00f6rt\u00fc giymi\u015ftir. \u00c7ok g\u00fczel yeniden hayata ho\u015f geldin partisi olur. Daha sonra da As\u0131m Bey ba\u015fta di\u011fer aile b\u00fcy\u00fckleri ho\u015f geldin derler. As\u0131m Bey; Etti iki, ben de Selim de hayat\u0131m\u0131z\u0131 sana bor\u00e7luyuz. \u00c7ok g\u00fczel bir do\u011fum g\u00fcn\u00fc pastas\u0131 gibi pasta haz\u0131rlanm\u0131\u015ft\u0131r. Yaman\u2019\u0131 yormamak i\u00e7in konu\u015fmay\u0131 Selim Bey yapar.<\/p>\n<p><a href=\"http:\/\/balcilar-blog.com\/wp-content\/uploads\/2014\/12\/Ekran-Al\u0131nt\u0131s\u0131MD54.9.png\"><img loading=\"lazy\" decoding=\"async\" class=\"alignnone size-full wp-image-5601\" src=\"http:\/\/balcilar-blog.com\/wp-content\/uploads\/2014\/12\/Ekran-Al\u0131nt\u0131s\u0131MD54.9.png\" alt=\"Ekran Al\u0131nt\u0131s\u0131MD54.9\" width=\"560\" height=\"335\" srcset=\"https:\/\/balcilar-blog.com\/wp-content\/uploads\/2014\/12\/Ekran-Al\u0131nt\u0131s\u0131MD54.9.png 560w, https:\/\/balcilar-blog.com\/wp-content\/uploads\/2014\/12\/Ekran-Al\u0131nt\u0131s\u0131MD54.9-300x179.png 300w\" sizes=\"auto, (max-width: 560px) 100vw, 560px\" \/><\/a><\/p>\n<p>Selim Bey, hayat\u0131m\u0131za hep dokundun, senin sayende b\u00fcy\u00fck bir aile olduk. Bize katt\u0131\u011f\u0131n bu zenginlik i\u00e7in ben sana te\u015fekk\u00fcr etmek istiyorum. Seninle il\u011fili ne kadar hakl\u0131 oldu\u011fumu sen ispatl\u0131yacaks\u0131n demi\u015ftim. Y\u00fcz\u00fcm\u00fc hi\u00e7 kara \u00e7\u0131kartmad\u0131n.\u00a0 Seninle gurur duyuyorum o\u011flum. Bu anlardan Selim Bey kadar Yaman da \u00e7ok duy\u011fulanm\u0131\u015ft\u0131r. Akan g\u00f6zya\u015flar\u0131n\u0131 elinin tersi ile siler. Yaman, k\u0131saca hepinize te\u015fekk\u00fcr ederim, der.<\/p>\n<p><a href=\"http:\/\/balcilar-blog.com\/wp-content\/uploads\/2014\/12\/Ekran-Al\u0131nt\u0131s\u0131MF54.10.png\"><img loading=\"lazy\" decoding=\"async\" class=\"alignnone size-full wp-image-5619\" src=\"http:\/\/balcilar-blog.com\/wp-content\/uploads\/2014\/12\/Ekran-Al\u0131nt\u0131s\u0131MF54.10.png\" alt=\"Ekran Al\u0131nt\u0131s\u0131MF54.10\" width=\"565\" height=\"339\" srcset=\"https:\/\/balcilar-blog.com\/wp-content\/uploads\/2014\/12\/Ekran-Al\u0131nt\u0131s\u0131MF54.10.png 565w, https:\/\/balcilar-blog.com\/wp-content\/uploads\/2014\/12\/Ekran-Al\u0131nt\u0131s\u0131MF54.10-300x180.png 300w\" sizes=\"auto, (max-width: 565px) 100vw, 565px\" \/><\/a><\/p>\n<p>Pastan\u0131n mumlar\u0131n\u0131 Mert \u00fcfler. Yaman ilk lokmay\u0131y\u0131 annesine ikram eder. Herkes gider, Mira ile Yaman ba\u015f ba\u015fa kal\u0131r. Yaman Mira\u2019y\u0131 yan\u0131na \u00e7a\u011f\u0131r\u0131r, yan yana yatarlar.<\/p>\n<p><a href=\"http:\/\/balcilar-blog.com\/wp-content\/uploads\/2014\/12\/Ekran-Al\u0131nt\u0131s\u0131MD54.11.png\"><img loading=\"lazy\" decoding=\"async\" class=\"alignnone size-full wp-image-5602\" src=\"http:\/\/balcilar-blog.com\/wp-content\/uploads\/2014\/12\/Ekran-Al\u0131nt\u0131s\u0131MD54.11.png\" alt=\"Ekran Al\u0131nt\u0131s\u0131MD54.11\" width=\"544\" height=\"325\" srcset=\"https:\/\/balcilar-blog.com\/wp-content\/uploads\/2014\/12\/Ekran-Al\u0131nt\u0131s\u0131MD54.11.png 544w, https:\/\/balcilar-blog.com\/wp-content\/uploads\/2014\/12\/Ekran-Al\u0131nt\u0131s\u0131MD54.11-300x179.png 300w\" sizes=\"auto, (max-width: 544px) 100vw, 544px\" \/><\/a><\/p>\n<p>Mira ile Yaman ba\u015f ba\u015fa verip konu\u015furlar. Yaman, Mira\u2019n\u0131n hastal\u0131\u011f\u0131n\u0131 bildi\u011fi i\u00e7in geri d\u00f6nmedinini a\u00e7\u0131klar. Mira da zaten ikna olmu\u015ftur.<\/p>\n<p><a href=\"http:\/\/balcilar-blog.com\/wp-content\/uploads\/2014\/12\/Ekran-Al\u0131nt\u0131s\u0131MD5412.png\"><img loading=\"lazy\" decoding=\"async\" class=\"alignnone size-full wp-image-5589\" src=\"http:\/\/balcilar-blog.com\/wp-content\/uploads\/2014\/12\/Ekran-Al\u0131nt\u0131s\u0131MD5412.png\" alt=\"Ekran Al\u0131nt\u0131s\u0131MD54,12\" width=\"565\" height=\"332\" srcset=\"https:\/\/balcilar-blog.com\/wp-content\/uploads\/2014\/12\/Ekran-Al\u0131nt\u0131s\u0131MD5412.png 565w, https:\/\/balcilar-blog.com\/wp-content\/uploads\/2014\/12\/Ekran-Al\u0131nt\u0131s\u0131MD5412-300x176.png 300w\" sizes=\"auto, (max-width: 565px) 100vw, 565px\" \/><\/a><\/p>\n<p>Yaman b\u00fcy\u00fck laflar etmem biliyorsun. Ama \u015fimdi s\u00f6yl\u00fcyorum. Bundan sonra aram\u0131za hi\u00e7 kimse giremeyecek. Ne hastal\u0131k, ne k\u0131skan\u00e7l\u0131k, ne b\u00fcy\u00fckler, \u015fu bu o hi\u00e7 bir \u015fey\u2026 \u00d6mr\u00fcm\u00fcz\u00fcn sonuna kadar birbirimizin hayat\u0131nda olaca\u011f\u0131z. Seninle evlenece\u011fiz, seni hi\u00e7 b\u0131rakmayaca\u011f\u0131m.<\/p>\n<p><a href=\"http:\/\/balcilar-blog.com\/wp-content\/uploads\/2014\/12\/Ekran-Al\u0131nt\u0131s\u0131MD45.13.png\"><img loading=\"lazy\" decoding=\"async\" class=\"alignnone size-full wp-image-5588\" src=\"http:\/\/balcilar-blog.com\/wp-content\/uploads\/2014\/12\/Ekran-Al\u0131nt\u0131s\u0131MD45.13.png\" alt=\"Ekran Al\u0131nt\u0131s\u0131MD45.13\" width=\"579\" height=\"342\" srcset=\"https:\/\/balcilar-blog.com\/wp-content\/uploads\/2014\/12\/Ekran-Al\u0131nt\u0131s\u0131MD45.13.png 579w, https:\/\/balcilar-blog.com\/wp-content\/uploads\/2014\/12\/Ekran-Al\u0131nt\u0131s\u0131MD45.13-300x177.png 300w\" sizes=\"auto, (max-width: 579px) 100vw, 579px\" \/><\/a><\/p>\n<p>Lance o ak\u015fam Selim Beylere eve gelir. Sedef ve Deniz Han\u0131m ile birlikte evde yemek yeme\u011fe karar verirler. Selim ile Lance birlikte bo\u015fanma meselesini konu\u015furlar. Lance telefon gelir. Bir dostu oldu\u011funu \u00f6\u011frenen Selim Bey, onu bo\u015fanmaya ikna eder.<\/p>\n<p>Yaman\u2019\u0131n odas\u0131na Nadir Bey ve kar\u0131s\u0131 Leyla \u00e7\u0131kar gelir. Ge\u00e7mi\u015f olsuna gelmi\u015flerdir. Yaman \u00e7\u0131k d\u0131\u015far\u0131 desede Nadir Bey konu\u015fur. Kendimi su\u00e7lu hissediyorum, Cengiz benim adamd\u0131. Bu olaydan ben de sorumluyum, \u00e7ok \u00f6z\u00fcr dilerim.<\/p>\n<p><a href=\"http:\/\/balcilar-blog.com\/wp-content\/uploads\/2014\/12\/Ekran-Al\u0131nt\u0131s\u0131MD54.14.png\"><img loading=\"lazy\" decoding=\"async\" class=\"alignnone size-full wp-image-5603\" src=\"http:\/\/balcilar-blog.com\/wp-content\/uploads\/2014\/12\/Ekran-Al\u0131nt\u0131s\u0131MD54.14.png\" alt=\"Ekran Al\u0131nt\u0131s\u0131MD54.14\" width=\"542\" height=\"338\" srcset=\"https:\/\/balcilar-blog.com\/wp-content\/uploads\/2014\/12\/Ekran-Al\u0131nt\u0131s\u0131MD54.14.png 542w, https:\/\/balcilar-blog.com\/wp-content\/uploads\/2014\/12\/Ekran-Al\u0131nt\u0131s\u0131MD54.14-300x187.png 300w\" sizes=\"auto, (max-width: 542px) 100vw, 542px\" \/><\/a><\/p>\n<p>Yaman g\u00fcvenlik zilini ba\u015far, Nadir Bey ge\u00e7mi\u015f olsun der ve giderler. Nadir Leyla\u2019y\u0131 sinirle arabaya bindirir. Cengiz sana fena zehirlemi\u015f der. Leyla, Cengiz\u2019in kolay pes edece\u011fini sanm\u0131yorum, sana s\u00fcrprizleri olabilir. \u0130\u015fler ters giderse ba\u015fka bir plan\u0131m var. Sen Cengiz\u2019in \u00f6l\u00fcs\u00fcnden korkmaya devam et.<\/p>\n<p>Sedef Han\u0131m Lance\u2019den Selim Bey sayesinde kurtulur. Mert ile dans ederek bu kurtu\u015fu kutlarlar. Mert gider yatar. Sedef ile Selim Bey oturup, sevgi, sevilmek \u00fczerine konu\u015furlar.<\/p>\n<p>Leyla valizini al\u0131r evden ka\u00e7mak ister. Giray g\u00f6r\u00fcr, nereye gitti\u011fini sorar. G\u00fcr\u00fclt\u00fcye Nadir Bey gelir. Siz yat\u0131n, biz kar\u0131-koca hallederiz. Leyla, yalvar\u0131r\u0131m b\u0131rak diye s\u00f6yler. Nadir Bey, Cengizin bir sonraki hamlesini s\u00f6yle.<\/p>\n<p>Evde y\u0131lba\u015f\u0131 haz\u0131rl\u0131klar\u0131 yap\u0131l\u0131r. Gelen hediye pakatleri yere b\u0131rak\u0131l\u0131r. Selim Bey ve Mert Yaman ile Mira\u2019y\u0131 hastaneden al\u0131p eve getiriler.<\/p>\n<p><a href=\"http:\/\/balcilar-blog.com\/wp-content\/uploads\/2014\/12\/Ekran-Al\u0131nt\u0131s\u0131MD54.15.png\"><img loading=\"lazy\" decoding=\"async\" class=\"alignnone size-full wp-image-5604\" src=\"http:\/\/balcilar-blog.com\/wp-content\/uploads\/2014\/12\/Ekran-Al\u0131nt\u0131s\u0131MD54.15.png\" alt=\"Ekran Al\u0131nt\u0131s\u0131MD54.15\" width=\"558\" height=\"327\" srcset=\"https:\/\/balcilar-blog.com\/wp-content\/uploads\/2014\/12\/Ekran-Al\u0131nt\u0131s\u0131MD54.15.png 558w, https:\/\/balcilar-blog.com\/wp-content\/uploads\/2014\/12\/Ekran-Al\u0131nt\u0131s\u0131MD54.15-300x176.png 300w\" sizes=\"auto, (max-width: 558px) 100vw, 558px\" \/><\/a><\/p>\n<p>Yaman kap\u0131da alk\u0131\u015flarla kar\u015f\u0131lan\u0131r. Kar\u015f\u0131lama heyetinde k\u00f6pekleri Safari bile vard\u0131r.<\/p>\n<p><a href=\"http:\/\/balcilar-blog.com\/wp-content\/uploads\/2014\/12\/Ekran-Al\u0131nt\u0131s\u0131MD54.16AAA.png\"><img loading=\"lazy\" decoding=\"async\" class=\"alignnone size-full wp-image-5605\" src=\"http:\/\/balcilar-blog.com\/wp-content\/uploads\/2014\/12\/Ekran-Al\u0131nt\u0131s\u0131MD54.16AAA.png\" alt=\"Ekran Al\u0131nt\u0131s\u0131MD54.16AAA\" width=\"547\" height=\"338\" srcset=\"https:\/\/balcilar-blog.com\/wp-content\/uploads\/2014\/12\/Ekran-Al\u0131nt\u0131s\u0131MD54.16AAA.png 547w, https:\/\/balcilar-blog.com\/wp-content\/uploads\/2014\/12\/Ekran-Al\u0131nt\u0131s\u0131MD54.16AAA-300x185.png 300w\" sizes=\"auto, (max-width: 547px) 100vw, 547px\" \/><\/a><\/p>\n<p>Nadir Bey, Kenan, Hasan ve Giray ile toplant\u0131 yapar. Yaman bu s\u0131rada Kenan\u2019\u0131 arar, eve geldi\u011fini s\u00f6yler. Giray Hasan\u2019a Leyla\u2019y\u0131 sorar. Giray bu Nadir Bakt\u0131ro\u011flu, senin y\u0131llarca \u00f6d\u00fcn\u00fcn koptu\u011fu Turun\u00e7 Nadir mi? Hasan, abuk subuk konu\u015fma diye Giray\u2019\u0131 azarlar.<\/p>\n<p><a href=\"http:\/\/balcilar-blog.com\/wp-content\/uploads\/2014\/12\/Ekran-Al\u0131nt\u0131s\u0131MD54.17A.png\"><img loading=\"lazy\" decoding=\"async\" class=\"alignnone size-full wp-image-5606\" src=\"http:\/\/balcilar-blog.com\/wp-content\/uploads\/2014\/12\/Ekran-Al\u0131nt\u0131s\u0131MD54.17A.png\" alt=\"Ekran Al\u0131nt\u0131s\u0131MD54.17A\" width=\"540\" height=\"337\" srcset=\"https:\/\/balcilar-blog.com\/wp-content\/uploads\/2014\/12\/Ekran-Al\u0131nt\u0131s\u0131MD54.17A.png 540w, https:\/\/balcilar-blog.com\/wp-content\/uploads\/2014\/12\/Ekran-Al\u0131nt\u0131s\u0131MD54.17A-300x187.png 300w\" sizes=\"auto, (max-width: 540px) 100vw, 540px\" \/><\/a><\/p>\n<p>Kenan Sude\u2019yi arar, \u00f6zledi\u011fini s\u00f6yler. As\u0131m Beyin evden \u00e7\u0131kt\u0131\u011f\u0131n\u0131 g\u00f6rm\u00fc\u015ft\u00fcr, eve girer. Bir \u00f6p\u00fcc\u00fck al\u0131cam gidece\u011fim der. Garajdan eve girer. Sude\u2019n\u0131n eli aya\u011f\u0131 dola\u015f\u0131r. Hizmet\u00e7i kad\u0131n\u0131 kap\u0131ya g\u00f6nderir. Kamera kay\u0131tlar\u0131n\u0131 kapat\u0131r. Kenan garaja gelir, Sude\u2019yi sar\u0131l\u0131r, \u00f6per.<\/p>\n<p><a href=\"http:\/\/balcilar-blog.com\/wp-content\/uploads\/2014\/12\/Ekran-Al\u0131nt\u0131s\u0131MD54.18.png\"><img loading=\"lazy\" decoding=\"async\" class=\"alignnone size-full wp-image-5607\" src=\"http:\/\/balcilar-blog.com\/wp-content\/uploads\/2014\/12\/Ekran-Al\u0131nt\u0131s\u0131MD54.18.png\" alt=\"Ekran Al\u0131nt\u0131s\u0131MD54.18\" width=\"542\" height=\"331\" srcset=\"https:\/\/balcilar-blog.com\/wp-content\/uploads\/2014\/12\/Ekran-Al\u0131nt\u0131s\u0131MD54.18.png 542w, https:\/\/balcilar-blog.com\/wp-content\/uploads\/2014\/12\/Ekran-Al\u0131nt\u0131s\u0131MD54.18-300x183.png 300w\" sizes=\"auto, (max-width: 542px) 100vw, 542px\" \/><\/a><\/p>\n<p>Mert Yaman\u2019a \u2018Ya-Man\u2019 resimli \u00e7izgi roman kitab\u0131n\u0131 hediye eder. Alt\u0131nkoya dahil her \u015fey \u00e7izgi romanda vard\u0131r.<\/p>\n<p><a href=\"http:\/\/balcilar-blog.com\/wp-content\/uploads\/2014\/12\/Ekran-Al\u0131nt\u0131s\u0131MD54.19.png\"><img loading=\"lazy\" decoding=\"async\" class=\"alignnone size-full wp-image-5608\" src=\"http:\/\/balcilar-blog.com\/wp-content\/uploads\/2014\/12\/Ekran-Al\u0131nt\u0131s\u0131MD54.19.png\" alt=\"Ekran Al\u0131nt\u0131s\u0131MD54.19\" width=\"558\" height=\"329\" srcset=\"https:\/\/balcilar-blog.com\/wp-content\/uploads\/2014\/12\/Ekran-Al\u0131nt\u0131s\u0131MD54.19.png 558w, https:\/\/balcilar-blog.com\/wp-content\/uploads\/2014\/12\/Ekran-Al\u0131nt\u0131s\u0131MD54.19-300x177.png 300w\" sizes=\"auto, (max-width: 558px) 100vw, 558px\" \/><\/a><\/p>\n<p>Bu sene Selim Bey evde sakin bir y\u0131lba\u015f\u0131 kutlamas\u0131 yapaca\u011f\u0131n\u0131 Mert&#8217;e s\u00f6yler. Yaman da ben de oyumu Selim abiden yana kullan\u0131yorum. O s\u0131rada Kenan geldi\u011fini Yaman\u2019a mesajla bildirir. Selim Bey ben de onunla bir ara g\u00f6r\u00fc\u015fece\u011fim.<\/p>\n<p>Uzay, sadece Eyl\u00fcl\u2019\u00fcn oldu\u011fu bir \u00e7izim kitab\u0131n\u0131 Eyl\u00fcl g\u00f6r\u00fcr. Mert de bu \u00e7izimleri \u00e7ok bozulur.<\/p>\n<p><a href=\"http:\/\/balcilar-blog.com\/wp-content\/uploads\/2014\/12\/Ekran-Al\u0131nt\u0131s\u0131MD54.20A.png\"><img loading=\"lazy\" decoding=\"async\" class=\"alignnone size-full wp-image-5609\" src=\"http:\/\/balcilar-blog.com\/wp-content\/uploads\/2014\/12\/Ekran-Al\u0131nt\u0131s\u0131MD54.20A.png\" alt=\"Ekran Al\u0131nt\u0131s\u0131MD54.20A\" width=\"543\" height=\"337\" srcset=\"https:\/\/balcilar-blog.com\/wp-content\/uploads\/2014\/12\/Ekran-Al\u0131nt\u0131s\u0131MD54.20A.png 543w, https:\/\/balcilar-blog.com\/wp-content\/uploads\/2014\/12\/Ekran-Al\u0131nt\u0131s\u0131MD54.20A-300x186.png 300w\" sizes=\"auto, (max-width: 543px) 100vw, 543px\" \/><\/a><\/p>\n<p>Yaman ile Kenan iki karde\u015f deniz k\u0131y\u0131s\u0131nda konu\u015furlar. Yaman, abi be sen de \u015fu zincirlerinden kurtulsan art\u0131k. Kenan kolay de\u011fil. Yaman ben Tozludere\u2019den \u00e7\u0131kt\u0131m ama akl\u0131m hala annemde, sende. O herifin yan\u0131ndan ayr\u0131l. O herin her ad\u0131m\u0131 planl\u0131.<\/p>\n<p>Selim Bey ile Mert Ender Han\u0131m\u0131n mezarl\u0131k ziyaretinden d\u00f6nerler. Yaman ve Mert kendilerine gelen hediyeleri a\u00e7arlar. Sedef Han\u0131m g\u00f6mlek kazak alm\u0131\u015ft\u0131r. Yaman\u2019a sen ne hediye ald\u0131n Mira\u2019ya? Yaman ben \u00e7al\u0131\u015famad\u0131m ya, hediye almamaya karar verdik. Selim Bey a\u00e7ard\u0131k kredi. Yaman d\u00fc\u015f\u00fcnd\u00fck bir \u015feyler.<\/p>\n<p>Mira Deniz Han\u0131m ile konu\u015fur, Yaman\u2019a Televizyondan s\u00fcrpriz bir hediye planlarlar.<\/p>\n<p>Evde herkes toplan\u0131r. As\u0131m Bey Sude Han\u0131m\u0131n sa\u00e7\u0131ndaki tokaya tak\u0131l\u0131r. Ucuz bir \u015fey. Kenan\u2019a Sude, te\u015fekk\u00fcr mesaj\u0131 yazar.<\/p>\n<p><a href=\"http:\/\/balcilar-blog.com\/wp-content\/uploads\/2014\/12\/Ekran-Al\u0131nt\u0131s\u0131MD54.21.png\"><img loading=\"lazy\" decoding=\"async\" class=\"alignnone size-full wp-image-5610\" src=\"http:\/\/balcilar-blog.com\/wp-content\/uploads\/2014\/12\/Ekran-Al\u0131nt\u0131s\u0131MD54.21.png\" alt=\"Ekran Al\u0131nt\u0131s\u0131MD54.21\" width=\"551\" height=\"336\" srcset=\"https:\/\/balcilar-blog.com\/wp-content\/uploads\/2014\/12\/Ekran-Al\u0131nt\u0131s\u0131MD54.21.png 551w, https:\/\/balcilar-blog.com\/wp-content\/uploads\/2014\/12\/Ekran-Al\u0131nt\u0131s\u0131MD54.21-300x183.png 300w\" sizes=\"auto, (max-width: 551px) 100vw, 551px\" \/><\/a><\/p>\n<p>Yaman hayat\u0131n\u0131 kurtaran kalp cerrah\u0131 doktora te\u015fekk\u00fcr eder. As\u0131m Beye de, hediyenizi a\u00e7mad\u0131m ama, d\u00fc\u015f\u00fcnd\u00fc\u011f\u00fcn\u00fcz i\u00e7in te\u015fekk\u00fcr ederim.<\/p>\n<p>Orkun da yeni sevgilisi ile kat\u0131l\u0131r geceye.<\/p>\n<p><a href=\"http:\/\/balcilar-blog.com\/wp-content\/uploads\/2014\/12\/Ekran-Al\u0131nt\u0131s\u0131MD54.22.png\"><img loading=\"lazy\" decoding=\"async\" class=\"alignnone size-full wp-image-5611\" src=\"http:\/\/balcilar-blog.com\/wp-content\/uploads\/2014\/12\/Ekran-Al\u0131nt\u0131s\u0131MD54.22.png\" alt=\"Ekran Al\u0131nt\u0131s\u0131MD54.22\" width=\"553\" height=\"333\" srcset=\"https:\/\/balcilar-blog.com\/wp-content\/uploads\/2014\/12\/Ekran-Al\u0131nt\u0131s\u0131MD54.22.png 553w, https:\/\/balcilar-blog.com\/wp-content\/uploads\/2014\/12\/Ekran-Al\u0131nt\u0131s\u0131MD54.22-300x181.png 300w\" sizes=\"auto, (max-width: 553px) 100vw, 553px\" \/><\/a><\/p>\n<p>Nevin Han\u0131m o gece Can bebe\u011fe bak\u0131c\u0131l\u0131k yapar. Ona \u015fark\u0131lar s\u00f6yler. Hasan da Nevin\u2019e yeni y\u0131l mesaj\u0131 atar.<\/p>\n<p>Yaman\u00a0 Mira\u2019ya sar\u0131l\u0131r, ge\u00e7en sene sahilde yaln\u0131z ba\u015f\u0131mayd\u0131m, ama akl\u0131m hep sendeydi.<\/p>\n<p><a href=\"http:\/\/balcilar-blog.com\/wp-content\/uploads\/2014\/12\/Ekran-Al\u0131nt\u0131s\u0131MD54.23.png\"><img loading=\"lazy\" decoding=\"async\" class=\"alignnone size-full wp-image-5612\" src=\"http:\/\/balcilar-blog.com\/wp-content\/uploads\/2014\/12\/Ekran-Al\u0131nt\u0131s\u0131MD54.23.png\" alt=\"Ekran Al\u0131nt\u0131s\u0131MD54.23\" width=\"546\" height=\"329\" srcset=\"https:\/\/balcilar-blog.com\/wp-content\/uploads\/2014\/12\/Ekran-Al\u0131nt\u0131s\u0131MD54.23.png 546w, https:\/\/balcilar-blog.com\/wp-content\/uploads\/2014\/12\/Ekran-Al\u0131nt\u0131s\u0131MD54.23-300x181.png 300w\" sizes=\"auto, (max-width: 546px) 100vw, 546px\" \/><\/a><\/p>\n<p>Yaman Mira\u2019ya benim bakt\u0131\u011f\u0131m g\u00fczelli\u011fi g\u00f6r diyerek g\u00fcm\u00fc\u015f bir ayna hediye eder. Mira da maddi de\u011feri yok, ben yeni y\u0131la girerken saat 12.de verece\u011fim hediyeni der.<\/p>\n<p><a href=\"http:\/\/balcilar-blog.com\/wp-content\/uploads\/2014\/12\/Ekran-Al\u0131nt\u0131s\u0131MD54.25.png\"><img loading=\"lazy\" decoding=\"async\" class=\"alignnone size-full wp-image-5614\" src=\"http:\/\/balcilar-blog.com\/wp-content\/uploads\/2014\/12\/Ekran-Al\u0131nt\u0131s\u0131MD54.25.png\" alt=\"Ekran Al\u0131nt\u0131s\u0131MD54.25\" width=\"586\" height=\"333\" srcset=\"https:\/\/balcilar-blog.com\/wp-content\/uploads\/2014\/12\/Ekran-Al\u0131nt\u0131s\u0131MD54.25.png 586w, https:\/\/balcilar-blog.com\/wp-content\/uploads\/2014\/12\/Ekran-Al\u0131nt\u0131s\u0131MD54.25-300x170.png 300w\" sizes=\"auto, (max-width: 586px) 100vw, 586px\" \/><\/a><\/p>\n<p>Geri say\u0131m ba\u015flar ve yeni y\u0131la hep birlikte girerler. Televizyondan Deniz Han\u0131m herkese mutlu y\u0131llar diler. En g\u00fczel hediye Mira\u2019dan Yaman\u2019a gelir. Yeni y\u0131l par\u00e7as\u0131 olarak \u2018Bir kuyruklu y\u0131ld\u0131za mektup Yaman Koper\u2019. Yaman\u2019n\u0131n bu g\u00fczel bestesi \u00e7al\u0131n\u0131r. Yaman \u00e7ok duygulan\u0131r; \u2018Ben \u00e7ok \u015fansl\u0131y\u0131m\u2019 diyerek Mira\u2019ya sar\u0131l\u0131r ve \u00f6per.<\/p>\n<p><a href=\"http:\/\/balcilar-blog.com\/wp-content\/uploads\/2014\/12\/Ekran-Al\u0131nt\u0131s\u0131MD54.25A.png\"><img loading=\"lazy\" decoding=\"async\" class=\"alignnone size-full wp-image-5615\" src=\"http:\/\/balcilar-blog.com\/wp-content\/uploads\/2014\/12\/Ekran-Al\u0131nt\u0131s\u0131MD54.25A.png\" alt=\"Ekran Al\u0131nt\u0131s\u0131MD54.25A\" width=\"560\" height=\"331\" srcset=\"https:\/\/balcilar-blog.com\/wp-content\/uploads\/2014\/12\/Ekran-Al\u0131nt\u0131s\u0131MD54.25A.png 560w, https:\/\/balcilar-blog.com\/wp-content\/uploads\/2014\/12\/Ekran-Al\u0131nt\u0131s\u0131MD54.25A-300x177.png 300w\" sizes=\"auto, (max-width: 560px) 100vw, 560px\" \/><\/a><\/p>\n<p>As\u0131m Bey Yaman\u2019a 2015-2018 y\u0131llar\u0131 aras\u0131ndaki lisans e\u011fitimi masraflar\u0131n\u0131 kar\u015f\u0131lamaktad\u0131r. Selim Bey, As\u0131m Beyin Yaman&#8217;a yapt\u0131\u011f\u0131 jestin alt\u0131nda kalmamak i\u00e7in, o da Yaman&#8217;\u0131n yurt d\u0131\u015f\u0131nda, istedi\u011fi \u00fcniversitede, istedi\u011fi b\u00f6l\u00fcmde \u00a0yapaca\u011f\u0131 master e\u011fitimi taraf\u0131mdan kar\u015f\u0131lanacakt\u0131r diye bir belge verir. Yaman bu \u00e7ok de\u011ferli hediyeler ve jestler kar\u015f\u0131s\u0131nda \u00e7ok \u00e7ok duygulan\u0131r, inanm\u0131yorum ya&#8230; yok inanm\u0131yorum diyerek g\u00f6zleri ya\u015far\u0131r. Selim Beye sar\u0131l\u0131r, \u00e7ok sa\u011f ol abi, \u00e7ok te\u015fekk\u00fcr ederim. Allah&#8217;\u0131m nas\u0131l bir g\u00fcn ya&#8230; diyerek g\u00f6zya\u015flar\u0131n\u0131 siler.<\/p>\n<p><a href=\"http:\/\/balcilar-blog.com\/wp-content\/uploads\/2014\/12\/Ekran-Al\u0131nt\u0131s\u0131MD54.26.png\"><img loading=\"lazy\" decoding=\"async\" class=\"alignnone size-full wp-image-5616\" src=\"http:\/\/balcilar-blog.com\/wp-content\/uploads\/2014\/12\/Ekran-Al\u0131nt\u0131s\u0131MD54.26.png\" alt=\"Ekran Al\u0131nt\u0131s\u0131MD54.26\" width=\"533\" height=\"332\" srcset=\"https:\/\/balcilar-blog.com\/wp-content\/uploads\/2014\/12\/Ekran-Al\u0131nt\u0131s\u0131MD54.26.png 533w, https:\/\/balcilar-blog.com\/wp-content\/uploads\/2014\/12\/Ekran-Al\u0131nt\u0131s\u0131MD54.26-300x187.png 300w\" sizes=\"auto, (max-width: 533px) 100vw, 533px\" \/><\/a><\/p>\n<p>Bah\u00e7ede havi fi\u015fek g\u00f6sterilerini izlerken, Nadir Bey kar\u0131s\u0131 Leyla ile \u00e7\u0131kar gelir. Bu geli\u015ften kimse memnun olmaz. Nadir Bey kendi elleri ile \u015fampanyay\u0131 a\u00e7ar, herkese ikram eder. \u0130\u00e7ti\u011fi \u015fampanya onun zehirli \u015farab\u0131d\u0131r, fark\u0131nda de\u011fildir. \u0130\u00e7eride Selim Bey Cengiz\u2019in g\u00f6nderdi\u011fi kutudan Nadir\u2019in kanl\u0131 g\u00f6mle\u011fi ve su\u00e7 aleti tabanca \u00e7\u0131km\u0131\u015ft\u0131r.<\/p>\n<p>Selim Bey telefonu \u00e7evirir, polise ihbar eder. Hikayenin sonu der ve b\u00f6l\u00fcm burada biter.<\/p>\n<p><a href=\"http:\/\/balcilar-blog.com\/wp-content\/uploads\/2014\/12\/Ekran-Al\u0131nt\u0131s\u0131MD54.SON_.png\"><img loading=\"lazy\" decoding=\"async\" class=\"alignnone size-full wp-image-5618\" src=\"http:\/\/balcilar-blog.com\/wp-content\/uploads\/2014\/12\/Ekran-Al\u0131nt\u0131s\u0131MD54.SON_.png\" alt=\"Ekran Al\u0131nt\u0131s\u0131MD54.SON\" width=\"554\" height=\"333\" srcset=\"https:\/\/balcilar-blog.com\/wp-content\/uploads\/2014\/12\/Ekran-Al\u0131nt\u0131s\u0131MD54.SON_.png 554w, https:\/\/balcilar-blog.com\/wp-content\/uploads\/2014\/12\/Ekran-Al\u0131nt\u0131s\u0131MD54.SON_-300x180.png 300w\" sizes=\"auto, (max-width: 554px) 100vw, 554px\" \/><\/a><\/p>\n<p>Ay Yap\u0131m, Medcezir&#8217;de \u00c7a\u011fatay Ulusoy, Serenay Sar\u0131kaya ve Bar\u0131\u015f Falay gibi g\u00fc\u00e7l\u00fc oyuncular\u0131 sayesinde \u00e7ok g\u00fczel bir ivme yakalad\u0131. Dizinin kahraman\u0131 \u2018Yaman\u2019 karakterini oynayan \u00c7a\u011fatay Ulusoy\u2019u Medcezir&#8217;den ay\u0131r\u0131p transfer edemediler. \u00c7\u00fcnk\u00fc \u00c7a\u011fatay Ulusoy, Yaman S\u00fcpermen olarak dizide \u00e7ok mutlu.<\/p>\n<p>Sizlerin de mutlulu\u011fu daim olsun.<\/p>\n<p>Keyifli Seyirler.<\/p>\n<p>Sayg\u0131lar, sevgiler.<\/p>\n<p>Abdurrahman Balc\u0131lar<\/p>\n<p>Twitter: abdurrahman balc\u0131lar@abbalcilar<\/p>\n<p>Mail : <a href=\"mailto:ab.balcilar@hotmail.com\">ab.balcilar@hotmail.com<\/a><\/p>\n<p>Blog: milliyet.com.tr\/cansever<\/p>\n<p>Blog: balcilar-blog.com<\/p>\n<p>Not: G\u00f6rseller taraf\u0131mdan diziden sayfas\u0131ndan kopyalanarak al\u0131nm\u0131\u015ft\u0131r.<\/p>\n<p>&nbsp;<\/p>\n<p>&nbsp;<\/p>\n<p>&nbsp;<\/p>\n<p>&nbsp;<\/p>\n<p>&nbsp;<\/p>\n<p>&nbsp;<\/p>\n","protected":false},"excerpt":{"rendered":"<p>Star Tv\u2019nin Fenomen dizisi Medcezir ge\u00e7ti\u011fimiz Cama ak\u015fam\u0131 heyecanl\u0131 bir b\u00f6l\u00fcm ile ekranlar\u0131m\u0131zdayd\u0131. Yaman\u2019\u0131n \u00f6l\u00fcm kal\u0131m sava\u015f\u0131n\u0131, komada ge\u00e7en kabuslar\u0131n\u0131 izledik. Yaman\u2019\u0131n hastanede kesilen, \u2018Tekrar yeni hayat\u0131na ho\u015f geldin\u2019 pastas\u0131, t\u00fcm Medcezir ekibinin kat\u0131lmas\u0131 ile kesildi. Bu da g\u00f6sterdi ki \u00c7a\u011fatay Ulusoy Yaman karakteri olarak ne kadar \u00f6nemli biri oldu\u011funu g\u00f6zler \u00f6n\u00fcne serdi. \u00c7a\u011fatay Ulusoy [&hellip;]<\/p>\n","protected":false},"author":3,"featured_media":0,"comment_status":"open","ping_status":"open","sticky":false,"template":"","format":"standard","meta":{"footnotes":""},"categories":[2],"tags":[26,15,16,25],"class_list":["post-5587","post","type-post","status-publish","format-standard","hentry","category-tv-programlari","tag-ay-yapim","tag-cagatay-ulusoy","tag-medcezir","tag-star-tv"],"views":7527,"blog_post_layout_featured_media_urls":{"thumbnail":"","full":""},"categories_names":{"2":{"name":"TV Programlar\u0131","link":"https:\/\/balcilar-blog.com\/?cat=2"}},"tags_names":{"26":{"name":"Ay Yap\u0131m","link":"https:\/\/balcilar-blog.com\/?tag=ay-yapim"},"15":{"name":"\u00e7a\u011fatay ulusoy","link":"https:\/\/balcilar-blog.com\/?tag=cagatay-ulusoy"},"16":{"name":"medcezir","link":"https:\/\/balcilar-blog.com\/?tag=medcezir"},"25":{"name":"Star Tv","link":"https:\/\/balcilar-blog.com\/?tag=star-tv"}},"comments_number":"0","wpmagazine_modules_lite_featured_media_urls":{"thumbnail":"","cvmm-medium":"","cvmm-medium-plus":"","cvmm-portrait":"","cvmm-medium-square":"","cvmm-large":"","cvmm-small":"","full":""},"_links":{"self":[{"href":"https:\/\/balcilar-blog.com\/index.php?rest_route=\/wp\/v2\/posts\/5587","targetHints":{"allow":["GET"]}}],"collection":[{"href":"https:\/\/balcilar-blog.com\/index.php?rest_route=\/wp\/v2\/posts"}],"about":[{"href":"https:\/\/balcilar-blog.com\/index.php?rest_route=\/wp\/v2\/types\/post"}],"author":[{"embeddable":true,"href":"https:\/\/balcilar-blog.com\/index.php?rest_route=\/wp\/v2\/users\/3"}],"replies":[{"embeddable":true,"href":"https:\/\/balcilar-blog.com\/index.php?rest_route=%2Fwp%2Fv2%2Fcomments&post=5587"}],"version-history":[{"count":7,"href":"https:\/\/balcilar-blog.com\/index.php?rest_route=\/wp\/v2\/posts\/5587\/revisions"}],"predecessor-version":[{"id":5706,"href":"https:\/\/balcilar-blog.com\/index.php?rest_route=\/wp\/v2\/posts\/5587\/revisions\/5706"}],"wp:attachment":[{"href":"https:\/\/balcilar-blog.com\/index.php?rest_route=%2Fwp%2Fv2%2Fmedia&parent=5587"}],"wp:term":[{"taxonomy":"category","embeddable":true,"href":"https:\/\/balcilar-blog.com\/index.php?rest_route=%2Fwp%2Fv2%2Fcategories&post=5587"},{"taxonomy":"post_tag","embeddable":true,"href":"https:\/\/balcilar-blog.com\/index.php?rest_route=%2Fwp%2Fv2%2Ftags&post=5587"}],"curies":[{"name":"wp","href":"https:\/\/api.w.org\/{rel}","templated":true}]}}