{"id":5563,"date":"2014-12-28T16:07:59","date_gmt":"2014-12-28T14:07:59","guid":{"rendered":"http:\/\/balcilar-blog.com\/?p=5563"},"modified":"2014-12-28T16:18:59","modified_gmt":"2014-12-28T14:18:59","slug":"izmir-ekonomi-universitesi-mutevelli-heyet-uyelerine-erken-yilbasi","status":"publish","type":"post","link":"https:\/\/balcilar-blog.com\/?p=5563","title":{"rendered":"\u0130zmir Ekonomi \u00dcniversitesi M\u00fctevelli Heyet \u00dcyelerine erken y\u0131lba\u015f\u0131!"},"content":{"rendered":"<p><a href=\"http:\/\/balcilar-blog.com\/wp-content\/uploads\/2014\/12\/100_4731.jpg\"><img loading=\"lazy\" decoding=\"async\" class=\"alignnone size-full wp-image-5573\" src=\"http:\/\/balcilar-blog.com\/wp-content\/uploads\/2014\/12\/100_4731.jpg\" alt=\"100_4731\" width=\"800\" height=\"471\" srcset=\"https:\/\/balcilar-blog.com\/wp-content\/uploads\/2014\/12\/100_4731.jpg 800w, https:\/\/balcilar-blog.com\/wp-content\/uploads\/2014\/12\/100_4731-300x177.jpg 300w\" sizes=\"auto, (max-width: 800px) 100vw, 800px\" \/><\/a><\/p>\n<p>27 Aral\u0131k 2014 Cumartesi ak\u015fam\u0131, \u0130zmir Ekonomi \u00dcniversitesi M\u00fctevelli heyet \u00fcyelerine geleneksel y\u0131lba\u015f\u0131 yeme\u011fi verildi. Olduk\u00e7a keyifli ge\u00e7en erken y\u0131lba\u015f\u0131 kutlamas\u0131n\u0131 \u0130TO Vakf\u0131 y\u00f6netim kurulu ve \u0130zmir Ticaret Odas\u0131 ba\u015fkan\u0131 Ekrem Demirta\u015f bir konu\u015fma ile a\u00e7t\u0131. \u00dcniversite hakk\u0131nda bilgi veren Demirta\u015f, \u00fcniversitemizin D\u00fcnya \u00fcniversiteleri aras\u0131nda ilk 500 aras\u0131na girdi\u011fini s\u00f6yledi. \u00d6n\u00fcm\u00fczdeki \u00f6\u011fretim y\u0131l\u0131nda T\u0131p Fak\u00fcltesinin de e\u011fitime a\u00e7\u0131laca\u011f\u0131n\u0131 s\u00f6yledi ve Vakf\u0131n insan sa\u011fl\u0131\u011f\u0131na verdi\u011fi \u00f6nemi vurgulad\u0131. 2015 y\u0131l\u0131na girerken t\u00fcm m\u00fctevelli heyet \u00fcyelerine mutlu ve sa\u011fl\u0131kl\u0131 y\u0131llar diledi.<\/p>\n<p>Kalabal\u0131k orkestran\u0131n \u00e7al\u0131p s\u00f6yledi\u011fi m\u00fcziklerle co\u015fan misafirler, \u00e7alan oyun havalar\u0131 ile pisti doldurdular. Ge\u00e7enin ilerleyen saatlerinde yani y\u0131l pastas\u0131 kesildi \u00a0ve ikram edildi.<\/p>\n<p>Gecenin en e\u011flenen gruplardan birisi de bizim masayd\u0131. Masada \u0130zmir&#8217;in tan\u0131nm\u0131\u015f i\u015f adamlar\u0131ndan \u0130lhan A\u00e7an ve e\u015fi, \u00d6cal Bengisi ve e\u015fi, \u0130smail Akdemir e\u015fi ve k\u0131z\u0131, ye\u011fenim \u00c7etin Balc\u0131lar ve ben Abdurrahman Balc\u0131lar vard\u0131.<\/p>\n<p><a href=\"http:\/\/balcilar-blog.com\/wp-content\/uploads\/2014\/12\/100_4732.jpg\"><img loading=\"lazy\" decoding=\"async\" class=\"alignnone size-full wp-image-5581\" src=\"http:\/\/balcilar-blog.com\/wp-content\/uploads\/2014\/12\/100_4732.jpg\" alt=\"100_4732\" width=\"640\" height=\"375\" srcset=\"https:\/\/balcilar-blog.com\/wp-content\/uploads\/2014\/12\/100_4732.jpg 640w, https:\/\/balcilar-blog.com\/wp-content\/uploads\/2014\/12\/100_4732-300x176.jpg 300w\" sizes=\"auto, (max-width: 640px) 100vw, 640px\" \/><\/a><\/p>\n<p>\u0130zmir Ekonomi \u00dcniversitesi, G\u00fczel Sanatlar ve Tasar\u0131m Fak\u00fcltesi \u00f6\u011frencilerinin yapt\u0131\u011f\u0131 Latin danslar\u0131 ve bale g\u00f6sterileri izleyenlerden olduk\u00e7a alk\u0131\u015f toplad\u0131.<\/p>\n<p>&nbsp;<\/p>\n<p><a href=\"http:\/\/balcilar-blog.com\/wp-content\/uploads\/2014\/12\/100_4716.jpg\"><img loading=\"lazy\" decoding=\"async\" class=\"alignnone size-full wp-image-5584\" src=\"http:\/\/balcilar-blog.com\/wp-content\/uploads\/2014\/12\/100_4716.jpg\" alt=\"100_4716\" width=\"572\" height=\"482\" srcset=\"https:\/\/balcilar-blog.com\/wp-content\/uploads\/2014\/12\/100_4716.jpg 572w, https:\/\/balcilar-blog.com\/wp-content\/uploads\/2014\/12\/100_4716-300x253.jpg 300w\" sizes=\"auto, (max-width: 572px) 100vw, 572px\" \/><\/a><\/p>\n<p>Bir \u00f6\u011frencinin bale g\u00f6sterisi:<\/p>\n<p><a href=\"http:\/\/balcilar-blog.com\/wp-content\/uploads\/2014\/12\/100_4718.jpg\"><img loading=\"lazy\" decoding=\"async\" class=\"alignnone size-full wp-image-5585\" src=\"http:\/\/balcilar-blog.com\/wp-content\/uploads\/2014\/12\/100_4718.jpg\" alt=\"100_4718\" width=\"632\" height=\"552\" srcset=\"https:\/\/balcilar-blog.com\/wp-content\/uploads\/2014\/12\/100_4718.jpg 632w, https:\/\/balcilar-blog.com\/wp-content\/uploads\/2014\/12\/100_4718-300x262.jpg 300w\" sizes=\"auto, (max-width: 632px) 100vw, 632px\" \/><\/a><\/p>\n<p>Olduk\u00e7a e\u011flenceli ge\u00e7en yemek sonundan t\u00fcm m\u00fctevelli heyet \u00fcyeleri salonu mutlu olarak terk ettiler.<\/p>\n<p>Sayg\u0131lar, sevgiler.<\/p>\n<p>Abdurrahman Balc\u0131lar<\/p>\n<p>Twitter: abdurrahman balc\u0131lar@abbalcilar<\/p>\n<p>Mail : <a href=\"mailto:ab.balcilar@hotmail.com\">ab.balcilar@hotmail.com<\/a><\/p>\n<p>Blog: milliyet.com.tr\/cansever<\/p>\n<p>Blog: balcilar-blog.com<\/p>\n<p>Not: G\u00f6rseller taraf\u0131mdan \u00e7ekilmi\u015ftir.<\/p>\n<p>&nbsp;<\/p>\n","protected":false},"excerpt":{"rendered":"<p>27 Aral\u0131k 2014 Cumartesi ak\u015fam\u0131, \u0130zmir Ekonomi \u00dcniversitesi M\u00fctevelli heyet \u00fcyelerine geleneksel y\u0131lba\u015f\u0131 yeme\u011fi verildi. Olduk\u00e7a keyifli ge\u00e7en erken y\u0131lba\u015f\u0131 kutlamas\u0131n\u0131 \u0130TO Vakf\u0131 y\u00f6netim kurulu ve \u0130zmir Ticaret Odas\u0131 ba\u015fkan\u0131 Ekrem Demirta\u015f bir konu\u015fma ile a\u00e7t\u0131. \u00dcniversite hakk\u0131nda bilgi veren Demirta\u015f, \u00fcniversitemizin D\u00fcnya \u00fcniversiteleri aras\u0131nda ilk 500 aras\u0131na girdi\u011fini s\u00f6yledi. \u00d6n\u00fcm\u00fczdeki \u00f6\u011fretim y\u0131l\u0131nda T\u0131p Fak\u00fcltesinin [&hellip;]<\/p>\n","protected":false},"author":3,"featured_media":0,"comment_status":"open","ping_status":"open","sticky":false,"template":"","format":"standard","meta":{"footnotes":""},"categories":[8],"tags":[],"class_list":["post-5563","post","type-post","status-publish","format-standard","hentry","category-guncel"],"views":3568,"blog_post_layout_featured_media_urls":{"thumbnail":"","full":""},"categories_names":{"8":{"name":"G\u00fcncel","link":"https:\/\/balcilar-blog.com\/?cat=8"}},"tags_names":[],"comments_number":"0","wpmagazine_modules_lite_featured_media_urls":{"thumbnail":"","cvmm-medium":"","cvmm-medium-plus":"","cvmm-portrait":"","cvmm-medium-square":"","cvmm-large":"","cvmm-small":"","full":""},"_links":{"self":[{"href":"https:\/\/balcilar-blog.com\/index.php?rest_route=\/wp\/v2\/posts\/5563","targetHints":{"allow":["GET"]}}],"collection":[{"href":"https:\/\/balcilar-blog.com\/index.php?rest_route=\/wp\/v2\/posts"}],"about":[{"href":"https:\/\/balcilar-blog.com\/index.php?rest_route=\/wp\/v2\/types\/post"}],"author":[{"embeddable":true,"href":"https:\/\/balcilar-blog.com\/index.php?rest_route=\/wp\/v2\/users\/3"}],"replies":[{"embeddable":true,"href":"https:\/\/balcilar-blog.com\/index.php?rest_route=%2Fwp%2Fv2%2Fcomments&post=5563"}],"version-history":[{"count":5,"href":"https:\/\/balcilar-blog.com\/index.php?rest_route=\/wp\/v2\/posts\/5563\/revisions"}],"predecessor-version":[{"id":5586,"href":"https:\/\/balcilar-blog.com\/index.php?rest_route=\/wp\/v2\/posts\/5563\/revisions\/5586"}],"wp:attachment":[{"href":"https:\/\/balcilar-blog.com\/index.php?rest_route=%2Fwp%2Fv2%2Fmedia&parent=5563"}],"wp:term":[{"taxonomy":"category","embeddable":true,"href":"https:\/\/balcilar-blog.com\/index.php?rest_route=%2Fwp%2Fv2%2Fcategories&post=5563"},{"taxonomy":"post_tag","embeddable":true,"href":"https:\/\/balcilar-blog.com\/index.php?rest_route=%2Fwp%2Fv2%2Ftags&post=5563"}],"curies":[{"name":"wp","href":"https:\/\/api.w.org\/{rel}","templated":true}]}}