{"id":5536,"date":"2014-12-26T20:18:38","date_gmt":"2014-12-26T18:18:38","guid":{"rendered":"http:\/\/balcilar-blog.com\/?p=5536"},"modified":"2014-12-26T20:18:38","modified_gmt":"2014-12-26T18:18:38","slug":"kara-para-ask-elif-ve-omerin-balayi-gibi-tatil-kacamaklari","status":"publish","type":"post","link":"https:\/\/balcilar-blog.com\/?p=5536","title":{"rendered":"Kara Para A\u015fk \/ Elif ve \u00d6mer\u2019in balay\u0131 gibi tatil ka\u00e7amaklar\u0131!"},"content":{"rendered":"<p><a href=\"http:\/\/balcilar-blog.com\/wp-content\/uploads\/2014\/12\/Ekran-Al\u0131nt\u0131s\u0131KPA30.10.png\"><img loading=\"lazy\" decoding=\"async\" class=\"alignnone size-full wp-image-5547\" src=\"http:\/\/balcilar-blog.com\/wp-content\/uploads\/2014\/12\/Ekran-Al\u0131nt\u0131s\u0131KPA30.10.png\" alt=\"Ekran Al\u0131nt\u0131s\u0131KPA30.10\" width=\"563\" height=\"323\" srcset=\"https:\/\/balcilar-blog.com\/wp-content\/uploads\/2014\/12\/Ekran-Al\u0131nt\u0131s\u0131KPA30.10.png 563w, https:\/\/balcilar-blog.com\/wp-content\/uploads\/2014\/12\/Ekran-Al\u0131nt\u0131s\u0131KPA30.10-300x172.png 300w\" sizes=\"auto, (max-width: 563px) 100vw, 563px\" \/><\/a><\/p>\n<p>Ay Yap\u0131m\u2019\u0131n a\u015fk ve polisiye drama dizisi \u201cKara Para A\u015fk\u201d ge\u00e7ti\u011fimiz ak\u015fam reytinglerinde sert bir d\u00fc\u015f\u00fc\u015f ya\u015fand\u0131. Bu d\u00fc\u015f\u00fck AB grubunda g\u00f6zlendi. \u00a0Bu sezonda en az 6 kez 1.s\u0131rada yer alan dizi, aniden 12.s\u0131raya d\u00fc\u015ft\u00fc. Total\u2019de de 3-4\u2019lerde yer al\u0131yordu, ilk defa 14.S\u0131raya indi. Dizi heyecan\u0131ndan pek bir \u015fey kaybetmedi ama sebebi malum. Rol gere\u011fi kadrodan ayr\u0131lanlar, yeni girenler oluyor. D\u00fcn ak\u015fam de Bahar karakteri Komiser H\u00fcseyin taraf\u0131ndan \u00f6ld\u00fcr\u00fcld\u00fc, denize at\u0131ld\u0131. Komiser H\u00fcseyin resmen seri katil oldu. Diziye daha \u00f6nceleri Yer G\u00f6k A\u015fk dizisinden tan\u0131d\u0131\u011f\u0131m\u0131z g\u00fc\u00e7l\u00fc oyuncu I\u015f\u0131l Y\u00fccesoy kat\u0131lm\u0131\u015ft\u0131.<\/p>\n<p>Bu b\u00f6l\u00fcmde en g\u00fczel sahneler, \u00d6mer ile Elif\u2019in balay\u0131 gibi ka\u00e7amak tatil yapmalar\u0131yd\u0131.<\/p>\n<p>Dizimizin son be\u015f b\u00f6l\u00fcm\u00fcn\u00fcn reytinglerini g\u00f6z atarsak, a\u015fa\u011f\u0131daki tablo \u00e7\u0131k\u0131yor kar\u015f\u0131m\u0131za.<\/p>\n<p>&nbsp;<\/p>\n<p>B\u00f6l\u00fcm:\u00a0\u00a0\u00a0\u00a0\u00a0\u00a0\u00a0 AB Grubu\u00a0\u00a0 Total Grubu<\/p>\n<p>_________\u00a0\u00a0\u00a0 _______\u00a0\u00a0 ______<\/p>\n<p>26.B\u00f6l\u00fcm\u00a0\u00a0\u00a0 1.S\u0131ra\u00a0\u00a0\u00a0\u00a0 \u00a0\u00a0\u00a0\u00a011.S\u0131ra<\/p>\n<p>27.B\u00f6l\u00fcm\u00a0\u00a0\u00a0 5.S\u0131ra\u00a0\u00a0\u00a0 \u00a0\u00a0\u00a0\u00a0\u00a010.S\u0131ra<\/p>\n<p>28.B\u00f6l\u00fcm\u00a0\u00a0\u00a0 6.S\u0131ra\u00a0\u00a0\u00a0 \u00a0\u00a0\u00a0\u00a0\u00a0\u00a09.S\u0131ra<\/p>\n<p>29.B\u00f6l\u00fcm\u00a0\u00a0\u00a0 6.S\u0131ra\u00a0\u00a0\u00a0 \u00a0\u00a0\u00a0\u00a012.S\u0131ra<\/p>\n<p>30.B\u00f6l\u00fcm\u00a0\u00a0 12.S\u0131ra\u00a0\u00a0\u00a0 \u00a0\u00a0\u00a014.S\u0131ra<\/p>\n<p>&nbsp;<\/p>\n<p>\u00c7ar\u015famba ak\u015fam\u0131nda TRT 1\u2019in g\u00fc\u00e7l\u00fc dizisi Dirili\u015f Ertu\u011frul 3 haftad\u0131r g\u00f6sterime girdi. Ge\u00e7ti\u011fimiz sezonda final yapan Muhte\u015fem Y\u00fczy\u0131l gitti, sanki yerine Dirili\u015f geldi. Bu da izleyicinin b\u00f6l\u00fcnmesine neden oldu. Ben bile bu diziyi sevdi\u011fim bir dizi olmas\u0131na ra\u011fmen Dirili\u015f\u2019i Tv\u2019den canl\u0131, Kara Para\u2019y\u0131 ertesi g\u00fcn internetten izliyorum. Benim gibi olan, herhalde \u00e7o\u011funlukta ki, Kara Para A\u015fk reyting kayb\u0131na u\u011frad\u0131.<\/p>\n<p>Gelelim ge\u00e7en b\u00f6l\u00fcm\u00fcn olaylar\u0131na;<\/p>\n<p>\u00d6mer, Fatih\u2019in pe\u015fine d\u00fc\u015fm\u00fc\u015ft\u00fc. Fatih\u2019in Bahar ile birlikte oldu\u011fu tespit etmi\u015f, odan\u0131n anahtar\u0131n\u0131 alan Elif kap\u0131y\u0131 a\u00e7ar girer. Fatih pencereden \u00d6mer\u2019in geli\u015fini g\u00f6rm\u00fc\u015f, Nil\u00fcfer kendisi ile gelmeyince Bahar\u2019\u0131 al\u0131p gitmi\u015fti. Nil\u00fcfer saklamas\u0131na ra\u011fmen durumu fark eden \u00d6mer, Fatih\u2019in pe\u015fine d\u00fc\u015fer.<\/p>\n<p><a href=\"http:\/\/balcilar-blog.com\/wp-content\/uploads\/2014\/12\/Ekran-Al\u0131nt\u0131s\u0131KPA30.1.png\"><img loading=\"lazy\" decoding=\"async\" class=\"alignnone size-full wp-image-5537\" src=\"http:\/\/balcilar-blog.com\/wp-content\/uploads\/2014\/12\/Ekran-Al\u0131nt\u0131s\u0131KPA30.1.png\" alt=\"Ekran Al\u0131nt\u0131s\u0131KPA30.1\" width=\"460\" height=\"317\" srcset=\"https:\/\/balcilar-blog.com\/wp-content\/uploads\/2014\/12\/Ekran-Al\u0131nt\u0131s\u0131KPA30.1.png 460w, https:\/\/balcilar-blog.com\/wp-content\/uploads\/2014\/12\/Ekran-Al\u0131nt\u0131s\u0131KPA30.1-300x207.png 300w\" sizes=\"auto, (max-width: 460px) 100vw, 460px\" \/><\/a><\/p>\n<p>Onlar\u0131 yakalar, Fatih elindeki b\u0131\u00e7a\u011f\u0131 Bahar\u2019\u0131n boynuna dayad\u0131\u011f\u0131 i\u00e7in hi\u00e7bir \u015fey yapamaz. \u00d6mer kendi cep telefonunu Bahar\u2019\u0131n cebine atm\u0131\u015ft\u0131r. Fatih Bahar\u2019\u0131 da alarak otoparktan \u00e7\u0131kan bir kad\u0131n s\u00fcr\u00fcc\u00fcn\u00fcn arabas\u0131na atar ve ka\u00e7ar.<\/p>\n<p><a href=\"http:\/\/balcilar-blog.com\/wp-content\/uploads\/2014\/12\/Ekran-Al\u0131nt\u0131s\u0131KPA30.2.png\"><img loading=\"lazy\" decoding=\"async\" class=\"alignnone size-full wp-image-5538\" src=\"http:\/\/balcilar-blog.com\/wp-content\/uploads\/2014\/12\/Ekran-Al\u0131nt\u0131s\u0131KPA30.2.png\" alt=\"Ekran Al\u0131nt\u0131s\u0131KPA30.2\" width=\"490\" height=\"316\" srcset=\"https:\/\/balcilar-blog.com\/wp-content\/uploads\/2014\/12\/Ekran-Al\u0131nt\u0131s\u0131KPA30.2.png 490w, https:\/\/balcilar-blog.com\/wp-content\/uploads\/2014\/12\/Ekran-Al\u0131nt\u0131s\u0131KPA30.2-300x193.png 300w\" sizes=\"auto, (max-width: 490px) 100vw, 490px\" \/><\/a><\/p>\n<p>Diziye g\u00fc\u00e7 katmak i\u00e7in yeni karakterler giriyor. Pelin\u2019in evine devre arkada\u015f\u0131 Polis k\u0131z \u0130pek \u00e7\u0131kar gelir. Daha \u00f6nce Kuzey G\u00fcney\u2019den tan\u0131d\u0131\u011f\u0131m\u0131z &#8216;Cemre&#8217; karakteri, \u00d6yk\u00fc Karel bu yeni oyuncu &#8216;\u0130pek&#8217; karakteri olarak diziye kat\u0131ld\u0131. \u00d6mer, Pelin\u2019i emniyete \u00e7a\u011f\u0131r\u0131r. Pelin, \u0130pek\u2019in gelmesini istemez.<\/p>\n<p>Elif Nil\u00fcfer\u2019i eve getirir. Hala Nedret Han\u0131m durumu m\u00fcdahale eder. Malatya\u2019ya d\u00f6necekti ama, \u00e7ocuklar\u0131 yaln\u0131z b\u0131rakmamak i\u00e7in d\u00f6nmez. Asl\u0131\u2019n\u0131n o\u011flu Can\u2019\u0131 da baba evinden birlikte eve getirirler. Hala yava\u015f, yava\u015f, aileyi toparlamaya ba\u015flar.<\/p>\n<p><a href=\"http:\/\/balcilar-blog.com\/wp-content\/uploads\/2014\/12\/Ekran-Al\u0131nt\u0131s\u0131KPA30.6A.png\"><img loading=\"lazy\" decoding=\"async\" class=\"alignnone size-medium wp-image-5541\" src=\"http:\/\/balcilar-blog.com\/wp-content\/uploads\/2014\/12\/Ekran-Al\u0131nt\u0131s\u0131KPA30.6A-300x195.png\" alt=\"Ekran Al\u0131nt\u0131s\u0131KPA30.6A\" width=\"300\" height=\"195\" srcset=\"https:\/\/balcilar-blog.com\/wp-content\/uploads\/2014\/12\/Ekran-Al\u0131nt\u0131s\u0131KPA30.6A-300x195.png 300w, https:\/\/balcilar-blog.com\/wp-content\/uploads\/2014\/12\/Ekran-Al\u0131nt\u0131s\u0131KPA30.6A.png 476w\" sizes=\"auto, (max-width: 300px) 100vw, 300px\" \/><\/a>\u00a0<a href=\"http:\/\/balcilar-blog.com\/wp-content\/uploads\/2014\/12\/Ekran-Al\u0131nt\u0131s\u0131KPA30.6B.png\"><img loading=\"lazy\" decoding=\"async\" class=\"alignnone size-medium wp-image-5542\" src=\"http:\/\/balcilar-blog.com\/wp-content\/uploads\/2014\/12\/Ekran-Al\u0131nt\u0131s\u0131KPA30.6B-300x200.png\" alt=\"Ekran Al\u0131nt\u0131s\u0131KPA30.6B\" width=\"300\" height=\"200\" srcset=\"https:\/\/balcilar-blog.com\/wp-content\/uploads\/2014\/12\/Ekran-Al\u0131nt\u0131s\u0131KPA30.6B-300x200.png 300w, https:\/\/balcilar-blog.com\/wp-content\/uploads\/2014\/12\/Ekran-Al\u0131nt\u0131s\u0131KPA30.6B.png 470w\" sizes=\"auto, (max-width: 300px) 100vw, 300px\" \/><\/a><\/p>\n<p>Fatih evde uyurken Nil\u00fcfer diye say\u0131klar. Bahar ona yakla\u015f\u0131r. Sevdi\u011fi adam Levent\u2019in Elif a\u015fk\u0131 nedeniyle elinden ka\u00e7\u0131ran Bahar, s\u0131rf Denizer\u2019lere zaaf\u0131ndan Fatih ile beraber olur. Fatih, varl\u0131\u011f\u0131nla beni zor durumda b\u0131rak\u0131yorsun der ve bir not yazar, \u00d6mer\u2019e vermesini ister.<\/p>\n<p><a href=\"http:\/\/balcilar-blog.com\/wp-content\/uploads\/2014\/12\/Ekran-Al\u0131nt\u0131s\u0131KPA30.4.png\"><img loading=\"lazy\" decoding=\"async\" class=\"alignnone size-full wp-image-5540\" src=\"http:\/\/balcilar-blog.com\/wp-content\/uploads\/2014\/12\/Ekran-Al\u0131nt\u0131s\u0131KPA30.4.png\" alt=\"Ekran Al\u0131nt\u0131s\u0131KPA30.4\" width=\"484\" height=\"302\" srcset=\"https:\/\/balcilar-blog.com\/wp-content\/uploads\/2014\/12\/Ekran-Al\u0131nt\u0131s\u0131KPA30.4.png 484w, https:\/\/balcilar-blog.com\/wp-content\/uploads\/2014\/12\/Ekran-Al\u0131nt\u0131s\u0131KPA30.4-300x187.png 300w\" sizes=\"auto, (max-width: 484px) 100vw, 484px\" \/><\/a><\/p>\n<p>H\u00fcseyin \u00d6mer\u2019in Fatih\u2019in pe\u015finde oldu\u011funu \u00f6\u011frendi ya, bu haberi hemen Tayyar Beye iletir. Tayyar da hemen bu telefondan o\u011flu Fatih\u2019e ula\u015f\u0131r.<\/p>\n<p>\u00d6mer o gece emniyette \u00e7ok \u00e7al\u0131\u015f\u0131r. Onu ziyarete gelen Elif masas\u0131n\u0131n kenar\u0131nda uyuya kal\u0131r. \u00d6mer de k\u0131yamaz, sa\u00e7lar\u0131n\u0131 ok\u015far.<\/p>\n<p><a href=\"http:\/\/balcilar-blog.com\/wp-content\/uploads\/2014\/12\/Ekran-Al\u0131nt\u0131s\u0131KPA30.3.png\"><img loading=\"lazy\" decoding=\"async\" class=\"alignnone size-full wp-image-5539\" src=\"http:\/\/balcilar-blog.com\/wp-content\/uploads\/2014\/12\/Ekran-Al\u0131nt\u0131s\u0131KPA30.3.png\" alt=\"Ekran Al\u0131nt\u0131s\u0131KPA30.3\" width=\"496\" height=\"310\" srcset=\"https:\/\/balcilar-blog.com\/wp-content\/uploads\/2014\/12\/Ekran-Al\u0131nt\u0131s\u0131KPA30.3.png 496w, https:\/\/balcilar-blog.com\/wp-content\/uploads\/2014\/12\/Ekran-Al\u0131nt\u0131s\u0131KPA30.3-300x188.png 300w\" sizes=\"auto, (max-width: 496px) 100vw, 496px\" \/><\/a><\/p>\n<p>Elif, \u00d6mer\u2019in devresi k\u0131z arkada\u015f\u0131 \u0130pek\u2019i de g\u00f6rm\u00fc\u015f, pek de\u015fmemi\u015f ama, \u00d6mer\u2019i ondan k\u0131skan\u0131r.<\/p>\n<p>Arda, bo\u015fanamad\u0131\u011f\u0131 kar\u0131s\u0131 birlikte doktora g\u00f6t\u00fcrm\u00fc\u015f, onu hamile oldu\u011funu inand\u0131rm\u0131\u015ft\u0131r. Pelin bu durumdan \u00e7ok rahats\u0131z olur.<\/p>\n<p>Bahar Elif\u2019lerin evine \u00e7\u0131kar gelir. Elif\u2019e yalanc\u0131ktan sar\u0131lmas\u0131 bile sahte bir g\u00f6steridir. Yalvard\u0131m, yakard\u0131m, yemek bile vermedi bana.<\/p>\n<p>Arda, H\u00fcseyin Beyden iyiden iyiye \u015f\u00fcphelenmektedir. Onu tuvalette yakalam\u0131\u015ft\u0131. Pelin\u2019e, \u00d6mer\u2019in telefonundan Metin\u2019i arayan Tayyar Bey oldu\u011funu iddia eder. Pelin yanl\u0131\u015f numara dese de, \u00fc\u00e7 dakika yanl\u0131\u015f numara olarak aranmaz. \u00d6mer\u2019in telefonunu Bahar\u2019\u0131n cebine att\u0131\u011f\u0131ndan hemen sonra aranmas\u0131 Arda\u2019ya manidar gelir. H\u00fcseyin abi Tayyar\u2019\u0131n adam\u0131 der.<\/p>\n<p>Hala Nedret Han\u0131m ile Asl\u0131 \u015firkete Levent Beye giderler. Levent Bey, son g\u00fcnlerde b\u00fct\u00fcn sipari\u015flerin iptal oldu\u011funu, \u015firket maddi olarak \u00e7ok zor durumda \u00fc\u015ft\u00fc\u011f\u00fcn\u00fc, maa\u015flar\u0131 bile \u00f6demeyecek durumda olduklar\u0131n anlat\u0131r. Levent Bey toplam a\u00e7\u0131k 9 milyon dolar olu\u011funu s\u00f6yler. Hala Malatya\u2019ya telefon a\u00e7\u0131lmas\u0131n\u0131 para g\u00f6nderilmesi talimat\u0131 verir. Hala g\u00f6nderdi\u011fi g\u00f6nderilen paran\u0131n hisse senet kar\u015f\u0131l\u0131\u011f\u0131 \u00e7\u0131kart\u0131lmas\u0131n\u0131 ister. Hala da Denizer \u015firketinin orta\u011f\u0131 oluyor demektir.<\/p>\n<p><a href=\"http:\/\/balcilar-blog.com\/wp-content\/uploads\/2014\/12\/Ekran-Al\u0131nt\u0131s\u0131KPA40.5.png\"><img loading=\"lazy\" decoding=\"async\" class=\"alignnone size-full wp-image-5560\" src=\"http:\/\/balcilar-blog.com\/wp-content\/uploads\/2014\/12\/Ekran-Al\u0131nt\u0131s\u0131KPA40.5.png\" alt=\"Ekran Al\u0131nt\u0131s\u0131KPA40.5\" width=\"492\" height=\"311\" srcset=\"https:\/\/balcilar-blog.com\/wp-content\/uploads\/2014\/12\/Ekran-Al\u0131nt\u0131s\u0131KPA40.5.png 492w, https:\/\/balcilar-blog.com\/wp-content\/uploads\/2014\/12\/Ekran-Al\u0131nt\u0131s\u0131KPA40.5-300x190.png 300w\" sizes=\"auto, (max-width: 492px) 100vw, 492px\" \/><\/a><\/p>\n<p>\u00d6mer de eve gelir, Bahar ile konu\u015fur. \u00d6mer, Hahar&#8217;\u0131n oynad\u0131\u011f\u0131n\u0131 yalan s\u00f6yledi\u011fini hemen anlar. Evin yerini tarif edemez. \u00d6mer, bir ipucu olsun Bahar\u2019dan alamaz. Fatih\u2019in notunu \u00d6mer\u2019e verir.<\/p>\n<p><a href=\"http:\/\/balcilar-blog.com\/wp-content\/uploads\/2014\/12\/Ekran-Al\u0131nt\u0131s\u0131KPA30.7.png\"><img loading=\"lazy\" decoding=\"async\" class=\"alignnone size-full wp-image-5543\" src=\"http:\/\/balcilar-blog.com\/wp-content\/uploads\/2014\/12\/Ekran-Al\u0131nt\u0131s\u0131KPA30.7.png\" alt=\"Ekran Al\u0131nt\u0131s\u0131KPA30.7\" width=\"498\" height=\"312\" srcset=\"https:\/\/balcilar-blog.com\/wp-content\/uploads\/2014\/12\/Ekran-Al\u0131nt\u0131s\u0131KPA30.7.png 498w, https:\/\/balcilar-blog.com\/wp-content\/uploads\/2014\/12\/Ekran-Al\u0131nt\u0131s\u0131KPA30.7-300x188.png 300w\" sizes=\"auto, (max-width: 498px) 100vw, 498px\" \/><\/a><\/p>\n<p>Elif, evdekileri bir g\u00fcnl\u00fc\u011f\u00fcne halas\u0131na emanet edebilir miyim diye sorar? Hala memnuniyetli benim kara k\u0131z\u0131m, der. \u00d6mer&#8217;i de arabaya al\u0131r, seni bir g\u00fcnl\u00fc\u011f\u00fcne ka\u00e7\u0131r\u0131yorum.<\/p>\n<p><a href=\"http:\/\/balcilar-blog.com\/wp-content\/uploads\/2014\/12\/Ekran-Al\u0131nt\u0131s\u0131KPA30.8.png\"><img loading=\"lazy\" decoding=\"async\" class=\"alignnone size-full wp-image-5544\" src=\"http:\/\/balcilar-blog.com\/wp-content\/uploads\/2014\/12\/Ekran-Al\u0131nt\u0131s\u0131KPA30.8.png\" alt=\"Ekran Al\u0131nt\u0131s\u0131KPA30.8\" width=\"497\" height=\"311\" srcset=\"https:\/\/balcilar-blog.com\/wp-content\/uploads\/2014\/12\/Ekran-Al\u0131nt\u0131s\u0131KPA30.8.png 497w, https:\/\/balcilar-blog.com\/wp-content\/uploads\/2014\/12\/Ekran-Al\u0131nt\u0131s\u0131KPA30.8-300x188.png 300w\" sizes=\"auto, (max-width: 497px) 100vw, 497px\" \/><\/a><\/p>\n<p>Elif, ben \u00e7ok bunald\u0131m, sadece bir g\u00fcn der. \u00d6mer ikna olur, bas gaza gidelim. \u00d6mer Arda\u2019y\u0131 arar, Elif beni Sapanca\u2019ya g\u00f6t\u00fcr\u00fcyor, bir \u015fey olursa haber verirsin.<\/p>\n<p>\u00d6mer ile Elif kimliklerini verip, otele yerle\u015firler. \u0130lk i\u015f kapal\u0131 otelik s\u0131cak y\u00fczme havuzuna girerler. \u00d6mer sevdi\u011finin \u00fc\u015f\u00fcyeceksin diyerek \u0131slak sa\u00e7lar\u0131n\u0131 kurular.<\/p>\n<p><a href=\"http:\/\/balcilar-blog.com\/wp-content\/uploads\/2014\/12\/Ekran-Al\u0131nt\u0131s\u0131KPA30.9A.png\"><img loading=\"lazy\" decoding=\"async\" class=\"alignnone size-medium wp-image-5546\" src=\"http:\/\/balcilar-blog.com\/wp-content\/uploads\/2014\/12\/Ekran-Al\u0131nt\u0131s\u0131KPA30.9A-300x184.png\" alt=\"Ekran Al\u0131nt\u0131s\u0131KPA30.9A\" width=\"300\" height=\"184\" srcset=\"https:\/\/balcilar-blog.com\/wp-content\/uploads\/2014\/12\/Ekran-Al\u0131nt\u0131s\u0131KPA30.9A-300x184.png 300w, https:\/\/balcilar-blog.com\/wp-content\/uploads\/2014\/12\/Ekran-Al\u0131nt\u0131s\u0131KPA30.9A.png 510w\" sizes=\"auto, (max-width: 300px) 100vw, 300px\" \/><\/a>\u00a0<a href=\"http:\/\/balcilar-blog.com\/wp-content\/uploads\/2014\/12\/Ekran-Al\u0131nt\u0131s\u0131KPA30.11.png\"><img loading=\"lazy\" decoding=\"async\" class=\"alignnone size-medium wp-image-5548\" src=\"http:\/\/balcilar-blog.com\/wp-content\/uploads\/2014\/12\/Ekran-Al\u0131nt\u0131s\u0131KPA30.11-300x180.png\" alt=\"Ekran Al\u0131nt\u0131s\u0131KPA30.11\" width=\"300\" height=\"180\" srcset=\"https:\/\/balcilar-blog.com\/wp-content\/uploads\/2014\/12\/Ekran-Al\u0131nt\u0131s\u0131KPA30.11-300x180.png 300w, https:\/\/balcilar-blog.com\/wp-content\/uploads\/2014\/12\/Ekran-Al\u0131nt\u0131s\u0131KPA30.11.png 521w\" sizes=\"auto, (max-width: 300px) 100vw, 300px\" \/><\/a><\/p>\n<p>Ba\u015f ba\u015fa \u00e7ok g\u00fczel bir tatil yaparlar. Uzun uzun konu\u015fma f\u0131rsatlar\u0131 olur. Ka\u00e7 \u00e7ocuk yapacaklar\u0131n\u0131 bile konu\u015furlar. \u00d6mer, ilk \u00e7alacak \u015fark\u0131 bizim \u015fark\u0131m\u0131z olsun. Elif, \u015fark\u0131 bizi se\u00e7sin, a\u015fk\u0131m\u0131z\u0131 anlats\u0131n. Toygar I\u015f\u0131kl\u0131\u2019n\u0131n \u201cBu Masalda Mutluluk Var\u201d \u015fark\u0131s\u0131 \u00e7alar.<\/p>\n<p>Her sabah yan\u0131nda uyansam,<\/p>\n<p>G\u00f6zlerinde yakamoz olsam.<\/p>\n<p>\u00d6mr\u00fcm\u00fc \u00f6mr\u00fcne dolad\u0131m,<\/p>\n<p>B\u0131rak sende kaybolay\u0131m.<\/p>\n<p>Bu masalda mutluluk var<\/p>\n<p>\u0130nan\u0131rsan var olurlar<\/p>\n<p>Tutun bana nolur korkma.<\/p>\n<p>Bu \u015fark\u0131 e\u015fli\u011finde \u00e7ok mutlu anlar ya\u015farlar.<br \/>\n<a href=\"http:\/\/balcilar-blog.com\/wp-content\/uploads\/2014\/12\/Ekran-Al\u0131nt\u0131s\u0131KPA30.12.png\"><img loading=\"lazy\" decoding=\"async\" class=\"alignnone size-medium wp-image-5549\" src=\"http:\/\/balcilar-blog.com\/wp-content\/uploads\/2014\/12\/Ekran-Al\u0131nt\u0131s\u0131KPA30.12-300x192.png\" alt=\"Ekran Al\u0131nt\u0131s\u0131KPA30.12\" width=\"300\" height=\"192\" srcset=\"https:\/\/balcilar-blog.com\/wp-content\/uploads\/2014\/12\/Ekran-Al\u0131nt\u0131s\u0131KPA30.12-300x192.png 300w, https:\/\/balcilar-blog.com\/wp-content\/uploads\/2014\/12\/Ekran-Al\u0131nt\u0131s\u0131KPA30.12.png 502w\" sizes=\"auto, (max-width: 300px) 100vw, 300px\" \/><\/a>\u00a0<a href=\"http:\/\/balcilar-blog.com\/wp-content\/uploads\/2014\/12\/Ekran-Al\u0131nt\u0131s\u0131KPA30.13.png\"><img loading=\"lazy\" decoding=\"async\" class=\"alignnone size-medium wp-image-5550\" src=\"http:\/\/balcilar-blog.com\/wp-content\/uploads\/2014\/12\/Ekran-Al\u0131nt\u0131s\u0131KPA30.13-300x189.png\" alt=\"Ekran Al\u0131nt\u0131s\u0131KPA30.13\" width=\"300\" height=\"189\" srcset=\"https:\/\/balcilar-blog.com\/wp-content\/uploads\/2014\/12\/Ekran-Al\u0131nt\u0131s\u0131KPA30.13-300x189.png 300w, https:\/\/balcilar-blog.com\/wp-content\/uploads\/2014\/12\/Ekran-Al\u0131nt\u0131s\u0131KPA30.13.png 498w\" sizes=\"auto, (max-width: 300px) 100vw, 300px\" \/><\/a><\/p>\n<p>\u00d6mer ile Elif ye\u015fillikler aras\u0131nda el ele g\u00f6z g\u00f6ze, mutluluklar\u0131n\u0131 mutluluk katarlar.<\/p>\n<p><a href=\"http:\/\/balcilar-blog.com\/wp-content\/uploads\/2014\/12\/Ekran-Al\u0131nt\u0131s\u0131KPA30.14.png\"><img loading=\"lazy\" decoding=\"async\" class=\"alignnone size-full wp-image-5551\" src=\"http:\/\/balcilar-blog.com\/wp-content\/uploads\/2014\/12\/Ekran-Al\u0131nt\u0131s\u0131KPA30.14.png\" alt=\"Ekran Al\u0131nt\u0131s\u0131KPA30.14\" width=\"481\" height=\"318\" srcset=\"https:\/\/balcilar-blog.com\/wp-content\/uploads\/2014\/12\/Ekran-Al\u0131nt\u0131s\u0131KPA30.14.png 481w, https:\/\/balcilar-blog.com\/wp-content\/uploads\/2014\/12\/Ekran-Al\u0131nt\u0131s\u0131KPA30.14-300x198.png 300w\" sizes=\"auto, (max-width: 481px) 100vw, 481px\" \/><\/a><\/p>\n<p>Elif Bahar\u2019\u0131 arar, nerede oldu\u011funu sorar. Bahar Metin\u2019e gider. Tayyar, Komiser H\u00fcseyin\u2019i arar. Benim adamlar Fatih\u2019i bulmu\u015flar, al\u0131p bana getireceksin diye talimat verir.<\/p>\n<p><a href=\"http:\/\/balcilar-blog.com\/wp-content\/uploads\/2014\/12\/KPA30.15.png\"><img loading=\"lazy\" decoding=\"async\" class=\"alignnone size-full wp-image-5561\" src=\"http:\/\/balcilar-blog.com\/wp-content\/uploads\/2014\/12\/KPA30.15.png\" alt=\"KPA30.15\" width=\"473\" height=\"310\" srcset=\"https:\/\/balcilar-blog.com\/wp-content\/uploads\/2014\/12\/KPA30.15.png 473w, https:\/\/balcilar-blog.com\/wp-content\/uploads\/2014\/12\/KPA30.15-300x197.png 300w\" sizes=\"auto, (max-width: 473px) 100vw, 473px\" \/><\/a><\/p>\n<p>Fatih Bahar\u2019\u0131 istemez. Bahar kalmakta \u0131srar eder, hatta Fatih\u2019e tehdit eder. D\u00fcnden beri banyo yapmad\u0131m, tecav\u00fcze u\u011frad\u0131m, derim. Gitmez, Fatih\u2019in yan\u0131nda kal\u0131r.<\/p>\n<p><a href=\"http:\/\/balcilar-blog.com\/wp-content\/uploads\/2014\/12\/Ekran-Al\u0131nt\u0131s\u0131KPA30.16A.png\"><img loading=\"lazy\" decoding=\"async\" class=\"alignnone size-full wp-image-5552\" src=\"http:\/\/balcilar-blog.com\/wp-content\/uploads\/2014\/12\/Ekran-Al\u0131nt\u0131s\u0131KPA30.16A.png\" alt=\"Ekran Al\u0131nt\u0131s\u0131KPA30.16A\" width=\"486\" height=\"312\" srcset=\"https:\/\/balcilar-blog.com\/wp-content\/uploads\/2014\/12\/Ekran-Al\u0131nt\u0131s\u0131KPA30.16A.png 486w, https:\/\/balcilar-blog.com\/wp-content\/uploads\/2014\/12\/Ekran-Al\u0131nt\u0131s\u0131KPA30.16A-300x193.png 300w\" sizes=\"auto, (max-width: 486px) 100vw, 486px\" \/><\/a><\/p>\n<p>\u00d6mer ile Elif yay yana iki odada kal\u0131rlar. Ama ayr\u0131 uyku tutmaz, \u00d6mer Elif\u2019e oda servisi yapar. Resepsiyondan s\u00f6ylediler, suyunuz kalmam\u0131\u015f ve sevdi\u011fi \u00e7ikolata getirir. Elif iyi geceler der ama arkas\u0131ndan bakar, \u00d6mer Demir\u2019in odas\u0131 yanda&#8230; \u00d6mer tekrar d\u00f6ner gelir. Elif g\u00fczel filmler var. O gece birlikte film izlerler.<\/p>\n<p>Yeni gelen \u0130pek, Arda ile Pelin\u2019e ge\u00e7en k\u00f6t\u00fc hayat\u0131n\u0131 anlat\u0131r. Kocas\u0131 o\u011flunu ka\u00e7\u0131rm\u0131\u015ft\u0131r. Sizden ba\u015fka kimseye de anlatamam. Pelin, o pislikle neden evlendin, hala daha anlam\u0131\u015f de\u011filim. Arda ve Pelin\u2019den yard\u0131m ister.<\/p>\n<p><a href=\"http:\/\/balcilar-blog.com\/wp-content\/uploads\/2014\/12\/Ekran-Al\u0131nt\u0131s\u0131KPA30.17.png\"><img loading=\"lazy\" decoding=\"async\" class=\"alignnone size-full wp-image-5553\" src=\"http:\/\/balcilar-blog.com\/wp-content\/uploads\/2014\/12\/Ekran-Al\u0131nt\u0131s\u0131KPA30.17.png\" alt=\"Ekran Al\u0131nt\u0131s\u0131KPA30.17\" width=\"512\" height=\"313\" srcset=\"https:\/\/balcilar-blog.com\/wp-content\/uploads\/2014\/12\/Ekran-Al\u0131nt\u0131s\u0131KPA30.17.png 512w, https:\/\/balcilar-blog.com\/wp-content\/uploads\/2014\/12\/Ekran-Al\u0131nt\u0131s\u0131KPA30.17-300x183.png 300w\" sizes=\"auto, (max-width: 512px) 100vw, 512px\" \/><\/a><\/p>\n<p>Komiser H\u00fcseyin Fatih\u2019e gelir. Fatih \u00d6mer\u2019i sorar, H\u00fcseyin \u00d6mer yok, seni tutuklamayaca\u011f\u0131m babana g\u00f6t\u00fcrmeye geldim. Fatih kar\u015f\u0131s\u0131nda H\u00fcseyin\u2019i g\u00f6r\u00fcnce, Tayyar D\u00fcndar\u2019a bak, \u00d6mer\u2019in a\u011fabeyini sat\u0131n alm\u0131\u015f, der. \u015eak, \u015fak aman kimseler duymas\u0131n diye dalga ge\u00e7er. Bahar i\u00e7eride panikler, ka\u00e7mak ister, kapana s\u0131k\u0131\u015f\u0131r kal\u0131r. Tayyar\u2019\u0131n adamlar\u0131 Fatih\u2019i al\u0131rlar. H\u00fcseyin Bahar\u2019\u0131 g\u00f6r\u00fcnce sen ne ar\u0131yorsun burada diye sorar? Fatih, b\u0131rak k\u0131z\u0131 onun bir g\u00fcnah\u0131 yok dese de \u00e7eker tabancas\u0131n\u0131 al\u0131ndan vurur. Bahar, ne olur abi diyerek yalvarsa da s\u00f6z ge\u00e7iremez. Kimseye bir \u015fey s\u00f6ylemem. Art\u0131k Komiser H\u00fcseyin seri katil olmu\u015ftur. Elif\u2019in babas\u0131 Ahmet Bey, \u00d6mer\u2019in eski ni\u015fanl\u0131s\u0131ndan sonra bu \u00fc\u00e7\u00fcnc\u00fc cinayetidir. Fatih\u2019in g\u00f6z\u00fc \u00f6n\u00fcnde vurur Bahar\u2019\u0131.<\/p>\n<p><a href=\"http:\/\/balcilar-blog.com\/wp-content\/uploads\/2014\/12\/Ekran-Al\u0131nt\u0131s\u0131KPA30.18.png\"><img loading=\"lazy\" decoding=\"async\" class=\"alignnone size-full wp-image-5554\" src=\"http:\/\/balcilar-blog.com\/wp-content\/uploads\/2014\/12\/Ekran-Al\u0131nt\u0131s\u0131KPA30.18.png\" alt=\"Ekran Al\u0131nt\u0131s\u0131KPA30.18\" width=\"480\" height=\"303\" srcset=\"https:\/\/balcilar-blog.com\/wp-content\/uploads\/2014\/12\/Ekran-Al\u0131nt\u0131s\u0131KPA30.18.png 480w, https:\/\/balcilar-blog.com\/wp-content\/uploads\/2014\/12\/Ekran-Al\u0131nt\u0131s\u0131KPA30.18-300x189.png 300w\" sizes=\"auto, (max-width: 480px) 100vw, 480px\" \/><\/a><\/p>\n<p>Elif \u00d6mer\u2019e yeni y\u0131l hediyesi olarak birlikte \u00e7ekilmi\u015f resimlerinden olu\u015fan bir alb\u00fcm hediye eder. \u00d6mer \u00e7ok, \u00e7ok ama memnun olur. Her gece bakaca\u011f\u0131m, der. Kolu ac\u0131yan \u00d6mer\u2019in \u00fcst\u00fcn\u00fc \u00e7\u0131kar\u0131r, krem ile s\u0131rt\u0131na masaj yapar. Dayan\u0131lmaz arzular\u0131 onlar\u0131 birlikte yapar.<\/p>\n<p><a href=\"http:\/\/balcilar-blog.com\/wp-content\/uploads\/2014\/12\/Ekran-Al\u0131nt\u0131s\u0131KPA30.19.png\"><img loading=\"lazy\" decoding=\"async\" class=\"alignnone size-full wp-image-5555\" src=\"http:\/\/balcilar-blog.com\/wp-content\/uploads\/2014\/12\/Ekran-Al\u0131nt\u0131s\u0131KPA30.19.png\" alt=\"Ekran Al\u0131nt\u0131s\u0131KPA30.19\" width=\"514\" height=\"315\" srcset=\"https:\/\/balcilar-blog.com\/wp-content\/uploads\/2014\/12\/Ekran-Al\u0131nt\u0131s\u0131KPA30.19.png 514w, https:\/\/balcilar-blog.com\/wp-content\/uploads\/2014\/12\/Ekran-Al\u0131nt\u0131s\u0131KPA30.19-300x184.png 300w\" sizes=\"auto, (max-width: 514px) 100vw, 514px\" \/><\/a><\/p>\n<p>Komiser H\u00fcseyin Bahar\u2019\u0131 s\u00fcr\u00fckleyerek deniz k\u0131y\u0131s\u0131na g\u00f6t\u00fcr\u00fcr. Kayal\u0131klardan a\u015fa\u011f\u0131 denize atar.<\/p>\n<p><a href=\"http:\/\/balcilar-blog.com\/wp-content\/uploads\/2014\/12\/Ekran-Al\u0131nt\u0131s\u0131KPA30.21.png\"><img loading=\"lazy\" decoding=\"async\" class=\"alignnone size-full wp-image-5557\" src=\"http:\/\/balcilar-blog.com\/wp-content\/uploads\/2014\/12\/Ekran-Al\u0131nt\u0131s\u0131KPA30.21.png\" alt=\"Ekran Al\u0131nt\u0131s\u0131KPA30.21\" width=\"487\" height=\"311\" srcset=\"https:\/\/balcilar-blog.com\/wp-content\/uploads\/2014\/12\/Ekran-Al\u0131nt\u0131s\u0131KPA30.21.png 487w, https:\/\/balcilar-blog.com\/wp-content\/uploads\/2014\/12\/Ekran-Al\u0131nt\u0131s\u0131KPA30.21-300x192.png 300w\" sizes=\"auto, (max-width: 487px) 100vw, 487px\" \/><\/a><\/p>\n<p>Fatih, babas\u0131 Tayyar\u2019a getirilir. Fatih, bu zahmete gerek yoktu ben zaten sana gelecektim. E\u011fer istediklerimi yaparsan seninleyim. Aralar\u0131nda sert konu\u015fmalar ge\u00e7er. Tayyar Bey, g\u00fcc\u00fcme g\u00fc\u00e7 katacaksan bu anla\u015fma beni mutlu eder. Neticede baba-o\u011ful el s\u0131k\u0131\u015f\u0131rlar.<\/p>\n<p><a href=\"http:\/\/balcilar-blog.com\/wp-content\/uploads\/2014\/12\/Ekran-Al\u0131nt\u0131s\u0131KPA30.20AAA.png\"><img loading=\"lazy\" decoding=\"async\" class=\"alignnone size-full wp-image-5556\" src=\"http:\/\/balcilar-blog.com\/wp-content\/uploads\/2014\/12\/Ekran-Al\u0131nt\u0131s\u0131KPA30.20AAA.png\" alt=\"Ekran Al\u0131nt\u0131s\u0131KPA30.20AAA\" width=\"491\" height=\"303\" srcset=\"https:\/\/balcilar-blog.com\/wp-content\/uploads\/2014\/12\/Ekran-Al\u0131nt\u0131s\u0131KPA30.20AAA.png 491w, https:\/\/balcilar-blog.com\/wp-content\/uploads\/2014\/12\/Ekran-Al\u0131nt\u0131s\u0131KPA30.20AAA-300x185.png 300w\" sizes=\"auto, (max-width: 491px) 100vw, 491px\" \/><\/a><\/p>\n<p>Mutlu gecenin sabah\u0131nda, Elif ile \u00d6mer koyun koyuna uyan\u0131rlar. Keyiflerine diyecek yoktur. Elif, her sabah senin kollar\u0131nda uyanmaktan ba\u015fka bir \u015fey istemiyorum. Mutlulu\u011fumuzu kimse bozmas\u0131n.<\/p>\n<p><a href=\"http:\/\/balcilar-blog.com\/wp-content\/uploads\/2014\/12\/Ekran-Al\u0131nt\u0131s\u0131KPA30.22.png\"><img loading=\"lazy\" decoding=\"async\" class=\"alignnone size-full wp-image-5558\" src=\"http:\/\/balcilar-blog.com\/wp-content\/uploads\/2014\/12\/Ekran-Al\u0131nt\u0131s\u0131KPA30.22.png\" alt=\"Ekran Al\u0131nt\u0131s\u0131KPA30.22\" width=\"501\" height=\"313\" srcset=\"https:\/\/balcilar-blog.com\/wp-content\/uploads\/2014\/12\/Ekran-Al\u0131nt\u0131s\u0131KPA30.22.png 501w, https:\/\/balcilar-blog.com\/wp-content\/uploads\/2014\/12\/Ekran-Al\u0131nt\u0131s\u0131KPA30.22-300x187.png 300w\" sizes=\"auto, (max-width: 501px) 100vw, 501px\" \/><\/a><\/p>\n<p>\u00d6mer de mutlulu\u011fumuzu kimse bozamaz der amma, \u00e7alan cep teflonlar\u0131 o anki keyiflerini ka\u00e7\u0131r\u0131r. Her ikisin cep telefonu da ayn\u0131 anda \u00e7alar. Ve 30.B\u00f6l\u00fcm burada sona erer.<\/p>\n<p><a href=\"http:\/\/balcilar-blog.com\/wp-content\/uploads\/2014\/12\/Ekran-Al\u0131nt\u0131s\u0131KPA30.SON_.png\"><img loading=\"lazy\" decoding=\"async\" class=\"alignnone size-full wp-image-5559\" src=\"http:\/\/balcilar-blog.com\/wp-content\/uploads\/2014\/12\/Ekran-Al\u0131nt\u0131s\u0131KPA30.SON_.png\" alt=\"Ekran Al\u0131nt\u0131s\u0131KPA30.SON\" width=\"496\" height=\"325\" srcset=\"https:\/\/balcilar-blog.com\/wp-content\/uploads\/2014\/12\/Ekran-Al\u0131nt\u0131s\u0131KPA30.SON_.png 496w, https:\/\/balcilar-blog.com\/wp-content\/uploads\/2014\/12\/Ekran-Al\u0131nt\u0131s\u0131KPA30.SON_-300x197.png 300w\" sizes=\"auto, (max-width: 496px) 100vw, 496px\" \/><\/a><\/p>\n<p>Haber bellidir, \u00d6mer\u2019e ve Elif\u2019e Bahar\u2019\u0131n cesedinin denizde bulundu\u011fu haberidir. Bu kadar g\u00fczel ge\u00e7en 24 saat onlar \u00e7ok mu g\u00f6r\u00fcld\u00fc. G\u00fczel bir balay\u0131 oldu bu k\u0131sa tatil. Haftaya ne gibi olaylara gebe Kara Para A\u015fk. Reytinglerini de toparlayabilecek mi? Hep birlikte g\u00f6rece\u011fiz.<\/p>\n<p>Keyifli seyirler.<\/p>\n<p>Sayg\u0131lar, sevgiler.<\/p>\n<p>Abdurrahman Balc\u0131lar<\/p>\n<p>Twitter: abdurrahman balc\u0131lar@abbalcilar<\/p>\n<p>Mail : <a href=\"mailto:ab.balcilar@hotmail.com\">ab.balcilar@hotmail.com<\/a><\/p>\n<p>Blog: milliyet.com.tr\/cansever<\/p>\n<p>Blog: balcilar-blog.com<\/p>\n<p>Not: G\u00f6rseller diziden taraf\u0131mdan kopyalanarak al\u0131nm\u0131\u015ft\u0131r.<\/p>\n<p>&nbsp;<\/p>\n<p>&nbsp;<\/p>\n<p>&nbsp;<\/p>\n<p>&nbsp;<\/p>\n<p>&nbsp;<\/p>\n<p>&nbsp;<\/p>\n<p>&nbsp;<\/p>\n<p>&nbsp;<\/p>\n<p>&nbsp;<\/p>\n<p>&nbsp;<\/p>\n<p>&nbsp;<\/p>\n","protected":false},"excerpt":{"rendered":"<p>Ay Yap\u0131m\u2019\u0131n a\u015fk ve polisiye drama dizisi \u201cKara Para A\u015fk\u201d ge\u00e7ti\u011fimiz ak\u015fam reytinglerinde sert bir d\u00fc\u015f\u00fc\u015f ya\u015fand\u0131. Bu d\u00fc\u015f\u00fck AB grubunda g\u00f6zlendi. \u00a0Bu sezonda en az 6 kez 1.s\u0131rada yer alan dizi, aniden 12.s\u0131raya d\u00fc\u015ft\u00fc. Total\u2019de de 3-4\u2019lerde yer al\u0131yordu, ilk defa 14.S\u0131raya indi. Dizi heyecan\u0131ndan pek bir \u015fey kaybetmedi ama sebebi malum. Rol gere\u011fi [&hellip;]<\/p>\n","protected":false},"author":3,"featured_media":0,"comment_status":"open","ping_status":"open","sticky":false,"template":"","format":"standard","meta":{"footnotes":""},"categories":[2],"tags":[26,549,304,573],"class_list":["post-5536","post","type-post","status-publish","format-standard","hentry","category-tv-programlari","tag-ay-yapim","tag-isil-yucesoy","tag-kara-para-ask","tag-oyku-karel"],"views":7348,"blog_post_layout_featured_media_urls":{"thumbnail":"","full":""},"categories_names":{"2":{"name":"TV Programlar\u0131","link":"https:\/\/balcilar-blog.com\/?cat=2"}},"tags_names":{"26":{"name":"Ay Yap\u0131m","link":"https:\/\/balcilar-blog.com\/?tag=ay-yapim"},"549":{"name":"I\u015f\u0131l Y\u00fccesoy","link":"https:\/\/balcilar-blog.com\/?tag=isil-yucesoy"},"304":{"name":"Kara Para A\u015fk","link":"https:\/\/balcilar-blog.com\/?tag=kara-para-ask"},"573":{"name":"\u00d6yk\u00fc Karel","link":"https:\/\/balcilar-blog.com\/?tag=oyku-karel"}},"comments_number":"0","wpmagazine_modules_lite_featured_media_urls":{"thumbnail":"","cvmm-medium":"","cvmm-medium-plus":"","cvmm-portrait":"","cvmm-medium-square":"","cvmm-large":"","cvmm-small":"","full":""},"_links":{"self":[{"href":"https:\/\/balcilar-blog.com\/index.php?rest_route=\/wp\/v2\/posts\/5536","targetHints":{"allow":["GET"]}}],"collection":[{"href":"https:\/\/balcilar-blog.com\/index.php?rest_route=\/wp\/v2\/posts"}],"about":[{"href":"https:\/\/balcilar-blog.com\/index.php?rest_route=\/wp\/v2\/types\/post"}],"author":[{"embeddable":true,"href":"https:\/\/balcilar-blog.com\/index.php?rest_route=\/wp\/v2\/users\/3"}],"replies":[{"embeddable":true,"href":"https:\/\/balcilar-blog.com\/index.php?rest_route=%2Fwp%2Fv2%2Fcomments&post=5536"}],"version-history":[{"count":1,"href":"https:\/\/balcilar-blog.com\/index.php?rest_route=\/wp\/v2\/posts\/5536\/revisions"}],"predecessor-version":[{"id":5562,"href":"https:\/\/balcilar-blog.com\/index.php?rest_route=\/wp\/v2\/posts\/5536\/revisions\/5562"}],"wp:attachment":[{"href":"https:\/\/balcilar-blog.com\/index.php?rest_route=%2Fwp%2Fv2%2Fmedia&parent=5536"}],"wp:term":[{"taxonomy":"category","embeddable":true,"href":"https:\/\/balcilar-blog.com\/index.php?rest_route=%2Fwp%2Fv2%2Fcategories&post=5536"},{"taxonomy":"post_tag","embeddable":true,"href":"https:\/\/balcilar-blog.com\/index.php?rest_route=%2Fwp%2Fv2%2Ftags&post=5536"}],"curies":[{"name":"wp","href":"https:\/\/api.w.org\/{rel}","templated":true}]}}