{"id":5527,"date":"2014-12-26T13:33:53","date_gmt":"2014-12-26T11:33:53","guid":{"rendered":"http:\/\/balcilar-blog.com\/?p=5527"},"modified":"2014-12-26T13:37:33","modified_gmt":"2014-12-26T11:37:33","slug":"medcezirin-mirasi-yeni-imaji-ile-izleyenlerini-sasirtacak","status":"publish","type":"post","link":"https:\/\/balcilar-blog.com\/?p=5527","title":{"rendered":"Medcezir\u2019in Mira\u2019s\u0131 yeni imaj\u0131 ile izleyenlerini \u015fa\u015f\u0131rtacak!"},"content":{"rendered":"<p class=\"ecxmsonormal\" style=\"line-height: 17.85pt; background: white; margin: 0cm 0cm 16.2pt 0cm;\"><a href=\"http:\/\/balcilar-blog.com\/wp-content\/uploads\/2014\/12\/mira-1.jpg\"><img loading=\"lazy\" decoding=\"async\" class=\"alignnone size-large wp-image-5529\" src=\"http:\/\/balcilar-blog.com\/wp-content\/uploads\/2014\/12\/mira-1-592x1024.jpg\" alt=\"mira 1\" width=\"592\" height=\"1024\" srcset=\"https:\/\/balcilar-blog.com\/wp-content\/uploads\/2014\/12\/mira-1-592x1024.jpg 592w, https:\/\/balcilar-blog.com\/wp-content\/uploads\/2014\/12\/mira-1-173x300.jpg 173w\" sizes=\"auto, (max-width: 592px) 100vw, 592px\" \/><\/a><\/p>\n<p class=\"ecxmsonormal\" style=\"line-height: 17.85pt; background: white; margin: 0cm 0cm 16.2pt 0cm;\"><span style=\"font-size: 14.0pt; font-family: 'Tahoma','sans-serif'; color: #444444;\">Star Tv\u2019nin fenomen dizisi Medcezir\u2019de Mira sa\u00e7lar\u0131n\u0131 siyaha boyuyor ve seyircilerini \u015fa\u015f\u0131rt\u0131yor. Bakal\u0131m sar\u0131 sa\u00e7lar\u0131 ile g\u00f6rmeye al\u0131\u015f\u0131k oldu\u011funuz Serenay Sar\u0131kaya\u2019y\u0131 be\u011fenecek misiniz?<\/span><\/p>\n<p class=\"ecxmsonormal\"><span style=\"font-size: 14.0pt; font-family: 'Cambria','serif';\">Yeni b\u00f6l\u00fcmde Serenay Sar\u0131kaya&#8217;n\u0131n canland\u0131rd\u0131\u011f\u0131 Mira karakteri farkl\u0131 g\u00f6r\u00fcn\u00fcm\u00fcyle dikkat \u00e7ekecek. Yaman&#8217;\u0131n \u00f6l\u00fcm kal\u0131m m\u00fccadelesi s\u0131ras\u0131nda \u00e7\u0131kaca\u011f\u0131 yolculukta Sar\u0131kaya siyah sa\u00e7lar\u0131yla ekrana gelecek. S\u00fcrprizleriyle b\u00fcy\u00fck be\u011feni toplayacak b\u00f6l\u00fcmde Yaman ve Mira&#8217;n\u0131n sahneleri izleyiciyi \u00e7ok \u015fa\u015f\u0131rtacak.<\/span><\/p>\n<p class=\"ecxmsonormal\"><b><span style=\"font-size: 20.0pt; font-family: 'Cambria','serif';\">\u00a0 \u00a0 \u00a0 \u00a0 \u00a0 ESMER G\u00dcZEL\u0130 M\u0130RA!<\/span><\/b><\/p>\n<p class=\"ecxmsonormal\">\u00a0 \u00a0 \u00a0 \u00a0 \u00a0 \u00a0 \u00a0 \u00a0<a href=\"http:\/\/balcilar-blog.com\/wp-content\/uploads\/2014\/12\/mira-3.jpg\"><img loading=\"lazy\" decoding=\"async\" class=\"alignnone size-full wp-image-5528\" src=\"http:\/\/balcilar-blog.com\/wp-content\/uploads\/2014\/12\/mira-3.jpg\" alt=\"mira 3\" width=\"520\" height=\"903\" srcset=\"https:\/\/balcilar-blog.com\/wp-content\/uploads\/2014\/12\/mira-3.jpg 520w, https:\/\/balcilar-blog.com\/wp-content\/uploads\/2014\/12\/mira-3-173x300.jpg 173w\" sizes=\"auto, (max-width: 520px) 100vw, 520px\" \/><\/a><\/p>\n<p class=\"ecxmsonormal\" style=\"text-align: center;\" align=\"center\"><b><span style=\"font-size: 16.0pt; font-family: 'Cambria','serif';\">Serenay Sar\u0131kaya&#8217;n\u0131n canland\u0131rd\u0131\u011f\u0131 Mira karakteri Medcezir&#8217;in yeni b\u00f6l\u00fcm\u00fcnde farkl\u0131 g\u00f6r\u00fcn\u00fcm\u00fcyle ekrana geliyor.<\/span><\/b><\/p>\n<p class=\"ecxmsonormal\"><b><span style=\"font-size: 14.0pt; font-family: 'Cambria','serif';\">Ekranlar\u0131n fenomen dizisi Medcezir&#8217;de bu hafta; a\u011f\u0131r yara alan Yaman (\u00c7a\u011fatay Ulusoy) ameliyathanede ya\u015fam m\u00fccadelesi verdi\u011fi anlarda ekrana unutulmaz sahneler gelecek. <\/span><\/b><\/p>\n<p class=\"ecxmsonormal\"><span style=\"font-size: 14.0pt; font-family: 'Cambria','serif';\">Yeni b\u00f6l\u00fcmde Serenay Sar\u0131kaya&#8217;n\u0131n canland\u0131rd\u0131\u011f\u0131 Mira karakteri farkl\u0131 g\u00f6r\u00fcn\u00fcm\u00fcyle dikkat \u00e7ekecek. Yaman&#8217;\u0131n \u00f6l\u00fcm kal\u0131m m\u00fccadelesi s\u0131ras\u0131nda \u00e7\u0131kaca\u011f\u0131 yolculukta Sar\u0131kaya siyah sa\u00e7lar\u0131yla ekrana gelecek. S\u00fcrprizleriyle b\u00fcy\u00fck be\u011feni toplayacak b\u00f6l\u00fcmde Yaman ve Mira&#8217;n\u0131n sahneleri izleyiciyi \u00e7ok \u015fa\u015f\u0131rtacak.<\/span><\/p>\n<p class=\"ecxmsonormal\"><a href=\"http:\/\/balcilar-blog.com\/wp-content\/uploads\/2014\/12\/mira-2.jpg\"><img loading=\"lazy\" decoding=\"async\" class=\"alignnone size-medium wp-image-5533\" src=\"http:\/\/balcilar-blog.com\/wp-content\/uploads\/2014\/12\/mira-2-280x300.jpg\" alt=\"mira 2\" width=\"280\" height=\"300\" srcset=\"https:\/\/balcilar-blog.com\/wp-content\/uploads\/2014\/12\/mira-2-280x300.jpg 280w, https:\/\/balcilar-blog.com\/wp-content\/uploads\/2014\/12\/mira-2-954x1024.jpg 954w, https:\/\/balcilar-blog.com\/wp-content\/uploads\/2014\/12\/mira-2.jpg 1615w\" sizes=\"auto, (max-width: 280px) 100vw, 280px\" \/><\/a><\/p>\n<p class=\"ecxmsonormal\"><span style=\"font-size: 14.0pt; font-family: 'Cambria','serif';\">\u00d6l\u00fcmle ya\u015fam aras\u0131ndaki \u00e7izgide hayatta kalma sava\u015f\u0131 veren Yaman&#8217;\u0131n arafta ge\u00e7irdi\u011fi zor zamanlarda Mira&#8217;n\u0131n hayat\u0131n\u0131n mucizesi oldu\u011funu bir kez daha anlayacak. Heyecan dolu b\u00f6l\u00fcmde ya\u015fanan sars\u0131c\u0131 olaylar Yaman ve Mira&#8217;n\u0131n a\u015fk\u0131n\u0131 daha da g\u00fc\u00e7lendirecek. Sizce Yaman yeni Mira&#8217;s\u0131n\u0131 be\u011fenecek mi?<\/span><\/p>\n<p class=\"ecxmsonormal\" style=\"text-align: center;\" align=\"center\">\u00a0Ay Yap\u0131m imzal\u0131, senaristli\u011fini Ece Y\u00f6ren\u00e7&#8217;in y\u00f6netmenli\u011fini ise Ali Bilgin&#8217;in \u00fcstlendi\u011fi ekranlar\u0131n fenomen dizisi Medcezir 26 Aral\u0131k Cuma g\u00fcn\u00fc saat 20:30&#8217;da Star TV&#8217;de ekrana gelecek.<\/p>\n<p><iframe loading=\"lazy\" title=\"Medcezir 54.B\u00f6l\u00fcm Fragman 3\" width=\"640\" height=\"360\" src=\"https:\/\/www.youtube.com\/embed\/tex0eZLfoHY?feature=oembed\" frameborder=\"0\" allow=\"accelerometer; autoplay; clipboard-write; encrypted-media; gyroscope; picture-in-picture; web-share\" referrerpolicy=\"strict-origin-when-cross-origin\" allowfullscreen><\/iframe><\/p>\n<p>Sayg\u0131lar, sevgiler.<\/p>\n<p>Abdurrahman Balc\u0131lar<\/p>\n<p>Twitter: abdurrahman balc\u0131lar@abbalcilar<\/p>\n<p>Mail : <a href=\"mailto:ab.balcilar@hotmail.com\">ab.balcilar@hotmail.com<\/a><\/p>\n<p>Blog: milliyet.com.tr\/cansever<\/p>\n<p>Blog: balcilar-blog.com<\/p>\n<p>Not: Haber ve G\u00f6rseller Ay yap\u0131m Persona Sanat Bas\u0131n b\u00fclteninden al\u0131nm\u0131\u015ft\u0131r.<\/p>\n","protected":false},"excerpt":{"rendered":"<p>Star Tv\u2019nin fenomen dizisi Medcezir\u2019de Mira sa\u00e7lar\u0131n\u0131 siyaha boyuyor ve seyircilerini \u015fa\u015f\u0131rt\u0131yor. Bakal\u0131m sar\u0131 sa\u00e7lar\u0131 ile g\u00f6rmeye al\u0131\u015f\u0131k oldu\u011funuz Serenay Sar\u0131kaya\u2019y\u0131 be\u011fenecek misiniz? Yeni b\u00f6l\u00fcmde Serenay Sar\u0131kaya&#8217;n\u0131n canland\u0131rd\u0131\u011f\u0131 Mira karakteri farkl\u0131 g\u00f6r\u00fcn\u00fcm\u00fcyle dikkat \u00e7ekecek. Yaman&#8217;\u0131n \u00f6l\u00fcm kal\u0131m m\u00fccadelesi s\u0131ras\u0131nda \u00e7\u0131kaca\u011f\u0131 yolculukta Sar\u0131kaya siyah sa\u00e7lar\u0131yla ekrana gelecek. S\u00fcrprizleriyle b\u00fcy\u00fck be\u011feni toplayacak b\u00f6l\u00fcmde Yaman ve Mira&#8217;n\u0131n sahneleri [&hellip;]<\/p>\n","protected":false},"author":3,"featured_media":0,"comment_status":"open","ping_status":"open","sticky":false,"template":"","format":"standard","meta":{"footnotes":""},"categories":[2],"tags":[26,15,29,16,27,25],"class_list":["post-5527","post","type-post","status-publish","format-standard","hentry","category-tv-programlari","tag-ay-yapim","tag-cagatay-ulusoy","tag-ece-yorenc","tag-medcezir","tag-serenay-sarikaya","tag-star-tv"],"views":5092,"blog_post_layout_featured_media_urls":{"thumbnail":"","full":""},"categories_names":{"2":{"name":"TV Programlar\u0131","link":"https:\/\/balcilar-blog.com\/?cat=2"}},"tags_names":{"26":{"name":"Ay Yap\u0131m","link":"https:\/\/balcilar-blog.com\/?tag=ay-yapim"},"15":{"name":"\u00e7a\u011fatay ulusoy","link":"https:\/\/balcilar-blog.com\/?tag=cagatay-ulusoy"},"29":{"name":"Ece Y\u00f6ren\u00e7","link":"https:\/\/balcilar-blog.com\/?tag=ece-yorenc"},"16":{"name":"medcezir","link":"https:\/\/balcilar-blog.com\/?tag=medcezir"},"27":{"name":"Serenay Sar\u0131kaya","link":"https:\/\/balcilar-blog.com\/?tag=serenay-sarikaya"},"25":{"name":"Star Tv","link":"https:\/\/balcilar-blog.com\/?tag=star-tv"}},"comments_number":"0","wpmagazine_modules_lite_featured_media_urls":{"thumbnail":"","cvmm-medium":"","cvmm-medium-plus":"","cvmm-portrait":"","cvmm-medium-square":"","cvmm-large":"","cvmm-small":"","full":""},"_links":{"self":[{"href":"https:\/\/balcilar-blog.com\/index.php?rest_route=\/wp\/v2\/posts\/5527","targetHints":{"allow":["GET"]}}],"collection":[{"href":"https:\/\/balcilar-blog.com\/index.php?rest_route=\/wp\/v2\/posts"}],"about":[{"href":"https:\/\/balcilar-blog.com\/index.php?rest_route=\/wp\/v2\/types\/post"}],"author":[{"embeddable":true,"href":"https:\/\/balcilar-blog.com\/index.php?rest_route=\/wp\/v2\/users\/3"}],"replies":[{"embeddable":true,"href":"https:\/\/balcilar-blog.com\/index.php?rest_route=%2Fwp%2Fv2%2Fcomments&post=5527"}],"version-history":[{"count":3,"href":"https:\/\/balcilar-blog.com\/index.php?rest_route=\/wp\/v2\/posts\/5527\/revisions"}],"predecessor-version":[{"id":5535,"href":"https:\/\/balcilar-blog.com\/index.php?rest_route=\/wp\/v2\/posts\/5527\/revisions\/5535"}],"wp:attachment":[{"href":"https:\/\/balcilar-blog.com\/index.php?rest_route=%2Fwp%2Fv2%2Fmedia&parent=5527"}],"wp:term":[{"taxonomy":"category","embeddable":true,"href":"https:\/\/balcilar-blog.com\/index.php?rest_route=%2Fwp%2Fv2%2Fcategories&post=5527"},{"taxonomy":"post_tag","embeddable":true,"href":"https:\/\/balcilar-blog.com\/index.php?rest_route=%2Fwp%2Fv2%2Ftags&post=5527"}],"curies":[{"name":"wp","href":"https:\/\/api.w.org\/{rel}","templated":true}]}}