{"id":5514,"date":"2014-12-24T22:54:32","date_gmt":"2014-12-24T20:54:32","guid":{"rendered":"http:\/\/balcilar-blog.com\/?p=5514"},"modified":"2014-12-25T12:41:34","modified_gmt":"2014-12-25T10:41:34","slug":"yaman-olmedi-cagatay-ulusoy-medcezirde-kaliyor","status":"publish","type":"post","link":"https:\/\/balcilar-blog.com\/?p=5514","title":{"rendered":"Medcezir&#8217;de Yaman \u00f6ld\u00fcr\u00fclmedi, \u00c7a\u011fatay Ulusoy dizide kal\u0131yor!"},"content":{"rendered":"<p><a href=\"http:\/\/balcilar-blog.com\/wp-content\/uploads\/2014\/12\/B5pCm1qIMAA1vra.jpg\"><img loading=\"lazy\" decoding=\"async\" class=\"alignnone size-full wp-image-5521\" src=\"http:\/\/balcilar-blog.com\/wp-content\/uploads\/2014\/12\/B5pCm1qIMAA1vra.jpg\" alt=\"B5pCm1qIMAA1vra\" width=\"497\" height=\"358\" srcset=\"https:\/\/balcilar-blog.com\/wp-content\/uploads\/2014\/12\/B5pCm1qIMAA1vra.jpg 497w, https:\/\/balcilar-blog.com\/wp-content\/uploads\/2014\/12\/B5pCm1qIMAA1vra-300x216.jpg 300w\" sizes=\"auto, (max-width: 497px) 100vw, 497px\" \/><\/a><\/p>\n<p>Star Tv&#8217;nin fenomen dizisi Medcezir&#8217;in bu g\u00fcn 2.Fragman\u0131 yay\u0131nland\u0131. Ve Yaman \u00f6ld\u00fcr\u00fclmedi, bu demek ki \u00c7a\u011fatay Ulusoy Medcezir&#8217;de kal\u0131yor, ayr\u0131lm\u0131yor.<\/p>\n<p>Son \u00fc\u00e7 haftad\u0131r Sina Kolo\u011flu&#8217;nun k\u00f6\u015fesinde yazd\u0131\u011f\u0131 yaz\u0131 kaynak g\u00f6sterilerek, \u00c7a\u011fatay Ulusoy Medcezir&#8217;den ayr\u0131lacak Hazal Kaya ile &#8216;Maral&#8217; dizisinde oynayacak diye yaz\u0131ld\u0131, \u00e7izildi. Bir bardak suda f\u0131rt\u0131nalar kopart\u0131ld\u0131. Ben bu habere hi\u00e7 itibar etmemi\u015ftim.<\/p>\n<p>D\u00fcn Medcezir&#8217;in 54.B\u00f6l\u00fcm 2.fragman\u0131nda Yaman komadan \u00e7\u0131kt\u0131. Mira; &#8220;Hadi bana geri d\u00f6n, ne olur&#8221; diyerek onu komadan s\u00f6kt\u00fc, \u00e7\u0131kard\u0131. Yaman, Mira&#8217;n\u0131n elini s\u0131karak, &#8220;Ben \u00f6lmedim, \u00f6lm\u00fcyorum, daha ya\u015fanacak \u00e7ok g\u00fczel g\u00fcnlerimiz var.&#8221; Der gibiydi. Mira&#8217;n\u0131n Yaman uyand\u0131 haberi herkesi \u00e7ok sevindirdi.<\/p>\n<p><a href=\"http:\/\/balcilar-blog.com\/wp-content\/uploads\/2014\/12\/Ekran-Al\u0131nt\u0131s\u0131MD54.3.png\"><img loading=\"lazy\" decoding=\"async\" class=\"alignnone size-full wp-image-5518\" src=\"http:\/\/balcilar-blog.com\/wp-content\/uploads\/2014\/12\/Ekran-Al\u0131nt\u0131s\u0131MD54.3.png\" alt=\"Ekran Al\u0131nt\u0131s\u0131MD54.3\" width=\"553\" height=\"357\" srcset=\"https:\/\/balcilar-blog.com\/wp-content\/uploads\/2014\/12\/Ekran-Al\u0131nt\u0131s\u0131MD54.3.png 553w, https:\/\/balcilar-blog.com\/wp-content\/uploads\/2014\/12\/Ekran-Al\u0131nt\u0131s\u0131MD54.3-300x194.png 300w\" sizes=\"auto, (max-width: 553px) 100vw, 553px\" \/><\/a><\/p>\n<p>Yaman, a\u011fabeyi Kenan ile karde\u015f gibi olduklar\u0131 Mert&#8217;in kollar\u0131nda odas\u0131ndan konfetiler aras\u0131nda \u00e7\u0131kt\u0131. B\u00fct\u00fcn Alt\u0131nkoy k\u0131zl\u0131-erkekli gen\u00e7leri, inan\u0131lmaz bir tezah\u00fcratla \u00e7\u0131\u011fl\u0131k \u00e7\u0131\u011fl\u0131\u011fa Yaman&#8217;a hayata yeniden ho\u015f geldin diyerek tempo tuttu.<\/p>\n<p><a href=\"http:\/\/balcilar-blog.com\/wp-content\/uploads\/2014\/12\/Ekran-Al\u0131nt\u0131s\u0131MD54.2.png\"><img loading=\"lazy\" decoding=\"async\" class=\"alignnone size-full wp-image-5517\" src=\"http:\/\/balcilar-blog.com\/wp-content\/uploads\/2014\/12\/Ekran-Al\u0131nt\u0131s\u0131MD54.2.png\" alt=\"Ekran Al\u0131nt\u0131s\u0131MD54.2\" width=\"564\" height=\"360\" srcset=\"https:\/\/balcilar-blog.com\/wp-content\/uploads\/2014\/12\/Ekran-Al\u0131nt\u0131s\u0131MD54.2.png 564w, https:\/\/balcilar-blog.com\/wp-content\/uploads\/2014\/12\/Ekran-Al\u0131nt\u0131s\u0131MD54.2-300x191.png 300w\" sizes=\"auto, (max-width: 564px) 100vw, 564px\" \/><\/a><\/p>\n<p>Mira&#8217;da ve manevi babas\u0131 Selim Bey, \u00fcstlerine &#8216;YA-MAN&#8217;\u00a0 yaz\u0131l\u0131, s\u00fcper men gibi bir ti\u015f\u00f6rt giymi\u015flerdi.<\/p>\n<p><a href=\"http:\/\/balcilar-blog.com\/wp-content\/uploads\/2014\/12\/Ekran-Al\u0131nt\u0131s\u0131MD54.1.png\"><img loading=\"lazy\" decoding=\"async\" class=\"alignnone size-full wp-image-5516\" src=\"http:\/\/balcilar-blog.com\/wp-content\/uploads\/2014\/12\/Ekran-Al\u0131nt\u0131s\u0131MD54.1.png\" alt=\"Ekran Al\u0131nt\u0131s\u0131MD54.1\" width=\"604\" height=\"358\" srcset=\"https:\/\/balcilar-blog.com\/wp-content\/uploads\/2014\/12\/Ekran-Al\u0131nt\u0131s\u0131MD54.1.png 604w, https:\/\/balcilar-blog.com\/wp-content\/uploads\/2014\/12\/Ekran-Al\u0131nt\u0131s\u0131MD54.1-300x178.png 300w\" sizes=\"auto, (max-width: 604px) 100vw, 604px\" \/><\/a><\/p>\n<p>Onlar\u0131n bu hareketi Yaman&#8217;a ba\u015fka bir moral verdi. Yaman; &#8220;Bundan sonra aram\u0131za hi\u00e7 kimse giremeyecek, ne hastal\u0131k, ne k\u0131skan\u00e7l\u0131k \u00f6mr\u00fcm\u00fcz\u00fcn sonuna kadar, birbirimizin hayat\u0131nda olaca\u011f\u0131z.&#8221; Dedi.<\/p>\n<p><a href=\"http:\/\/balcilar-blog.com\/wp-content\/uploads\/2014\/12\/Ekran-Al\u0131nt\u0131s\u0131MD54.4.png\"><img loading=\"lazy\" decoding=\"async\" class=\"alignnone size-full wp-image-5519\" src=\"http:\/\/balcilar-blog.com\/wp-content\/uploads\/2014\/12\/Ekran-Al\u0131nt\u0131s\u0131MD54.4.png\" alt=\"Ekran Al\u0131nt\u0131s\u0131MD54.4\" width=\"542\" height=\"360\" srcset=\"https:\/\/balcilar-blog.com\/wp-content\/uploads\/2014\/12\/Ekran-Al\u0131nt\u0131s\u0131MD54.4.png 542w, https:\/\/balcilar-blog.com\/wp-content\/uploads\/2014\/12\/Ekran-Al\u0131nt\u0131s\u0131MD54.4-300x199.png 300w\" sizes=\"auto, (max-width: 542px) 100vw, 542px\" \/><\/a><\/p>\n<p>\u0130lk fragman\u0131 youtube kanal\u0131 \u00fczerinden 24 saatte 300 bin ki\u015fi izlemi\u015f, Medcezir bir rekora imza atm\u0131\u015ft\u0131r. A\u011flayanlar, sen \u00f6lme Yaman, sen \u00f6l\u00fcrsen ben de \u00f6l\u00fcr\u00fcm, L\u00fctfen iyile\u015f Mira&#8217;ya d\u00f6n gibi sosyal medyada, Twitter ve Facebook \u00fczerinden yorumlar yay\u0131nlanm\u0131\u015ft\u0131. Yaman iyile\u015fti ve \u00f6lmedi. Sevenlerinin kabusu sona erdi.<\/p>\n<p>Ge\u00e7en b\u00f6l\u00fcm sonunda Cumartesi g\u00fcn\u00fc yazm\u0131\u015f oldu\u011fum, &#8220;Medcezir 53.B\u00f6l\u00fcmde Yaman vuruldu, \u00c7a\u011fatay Ulusoy diziden ayr\u0131l\u0131yor mu?&#8221; ba\u015fl\u0131kl\u0131 blog yaz\u0131m \u00e7ok b\u00fcy\u00fck ses getirdi. 4 g\u00fcnde 10 binin \u00fczerinde ki\u015fi okudu. Hatta bir \u00e7ok internet siteleri aynen kopyalayarak kendi sitelerinde yay\u0131nlad\u0131lar. Yaz\u0131y\u0131 dikkatli okuyanlar g\u00f6rm\u00fc\u015ft\u00fcr. Ben Yaman \u00f6lmeyecek, Medcezir&#8217;den ayr\u0131lmayacak demi\u015ftim. Hala o dedikodular internet sayfalar\u0131nda \u00c7a\u011fatay Ulusoy Medcezir&#8217;den ayr\u0131l\u0131yor diye yaz\u0131l\u0131yor. Bu fragmanda g\u00f6rd\u00fck ki, Yaman iyile\u015fti, \u00f6ld\u00fcr\u00fclmedi, Medcezir&#8217;de Yaman karakterini canlad\u0131rmaya devam edecektir. O yaz\u0131mda kesin bir dille, \u00c7a\u011fatay Medcezir&#8217;den ayr\u0131lmayacak, sevenlerini \u00fczmeyecektir.&#8221; Demi\u015ftim. \u015eayet \u00c7a\u011fatay Ulusoy kendisine yap\u0131lan teklifi kabul etseydi, diziden ayr\u0131lacak, \u00f6ld\u00fcr\u00fclmesini isteyecekti. Karal\u0131 duru\u015fu ile, olmas\u0131 gerekeni yapt\u0131. Medcezir&#8217;den ayr\u0131lmad\u0131. Haziran ay\u0131na kadar Medcezir devam edecek art\u0131k bu kesin. Haziran ay\u0131nda, sezon finali mi yapar, yoksa biti\u015f finalini mi yapar bunu Ay Yap\u0131m bilir. \u0130yi giderse 2015 Eyl\u00fcl&#8217;\u00fcnde \u00fc\u00e7\u00fcnc\u00fc sezonu bile g\u00f6rebiliriz.<\/p>\n<p>Burada say\u0131n senaristimiz Ece Y\u00f6ren\u00e7&#8217;e tebrik etmek isterim. Bu k\u00f6t\u00fc esen r\u00fczgar\u0131 kendisine \u00e7evirdi, Medcezir&#8217;in \u00e7ok g\u00fczel reklam\u0131n\u0131 yapt\u0131. Helal olsun. Ben Ece Y\u00f6ren\u00e7&#8217;ten bu hafta olmaz ama, \u00f6b\u00fcr hafta 2 Ocak Cuma ak\u015fam\u0131 55.B\u00f6l\u00fcmde s\u00fcper bir y\u0131lba\u015f\u0131 b\u00f6l\u00fcm\u00fc bekliyorum. Mira-Yaman a\u015fk\u0131 zirve yapacak.<\/p>\n<p>Medcezir&#8217;in 54.B\u00f6l\u00fcm\u00fc Cuma ak\u015fam\u0131 Star Tv ekranlar\u0131nda olacak.<\/p>\n<p>&nbsp;<\/p>\n<p><iframe loading=\"lazy\" title=\"Medcezir 54.B\u00f6l\u00fcm Fragman 2\" width=\"640\" height=\"360\" src=\"https:\/\/www.youtube.com\/embed\/kJjqJiM3L_I?feature=oembed\" frameborder=\"0\" allow=\"accelerometer; autoplay; clipboard-write; encrypted-media; gyroscope; picture-in-picture; web-share\" referrerpolicy=\"strict-origin-when-cross-origin\" allowfullscreen><\/iframe><\/p>\n<p>Keyifli seyirler.<\/p>\n<p>Sayg\u0131lar, sevgiler.<\/p>\n<p>Abdurrahman Balc\u0131lar<\/p>\n<p>Twitter: abdurrahman balc\u0131lar@abbalcilar<\/p>\n<p>Mail : <a href=\"mailto:ab.balcilar@hotmail.com\">ab.balcilar@hotmail.com<\/a><\/p>\n<p>Blog: milliyet.com.tr\/cansever<\/p>\n<p>Blog: balcilar-blog.com<\/p>\n<p>Not: G\u00f6rseller Medcezir 54.B\u00f6l\u00fcm faragman\u0131ndan kopyalanarak al\u0131nm\u0131\u015ft\u0131r.<\/p>\n","protected":false},"excerpt":{"rendered":"<p>Star Tv&#8217;nin fenomen dizisi Medcezir&#8217;in bu g\u00fcn 2.Fragman\u0131 yay\u0131nland\u0131. Ve Yaman \u00f6ld\u00fcr\u00fclmedi, bu demek ki \u00c7a\u011fatay Ulusoy Medcezir&#8217;de kal\u0131yor, ayr\u0131lm\u0131yor. Son \u00fc\u00e7 haftad\u0131r Sina Kolo\u011flu&#8217;nun k\u00f6\u015fesinde yazd\u0131\u011f\u0131 yaz\u0131 kaynak g\u00f6sterilerek, \u00c7a\u011fatay Ulusoy Medcezir&#8217;den ayr\u0131lacak Hazal Kaya ile &#8216;Maral&#8217; dizisinde oynayacak diye yaz\u0131ld\u0131, \u00e7izildi. Bir bardak suda f\u0131rt\u0131nalar kopart\u0131ld\u0131. Ben bu habere hi\u00e7 itibar etmemi\u015ftim. D\u00fcn [&hellip;]<\/p>\n","protected":false},"author":3,"featured_media":0,"comment_status":"open","ping_status":"open","sticky":false,"template":"","format":"standard","meta":{"footnotes":""},"categories":[2],"tags":[26,15,29,19,16,25],"class_list":["post-5514","post","type-post","status-publish","format-standard","hentry","category-tv-programlari","tag-ay-yapim","tag-cagatay-ulusoy","tag-ece-yorenc","tag-hazal-kaya","tag-medcezir","tag-star-tv"],"views":4640,"blog_post_layout_featured_media_urls":{"thumbnail":"","full":""},"categories_names":{"2":{"name":"TV Programlar\u0131","link":"https:\/\/balcilar-blog.com\/?cat=2"}},"tags_names":{"26":{"name":"Ay Yap\u0131m","link":"https:\/\/balcilar-blog.com\/?tag=ay-yapim"},"15":{"name":"\u00e7a\u011fatay ulusoy","link":"https:\/\/balcilar-blog.com\/?tag=cagatay-ulusoy"},"29":{"name":"Ece Y\u00f6ren\u00e7","link":"https:\/\/balcilar-blog.com\/?tag=ece-yorenc"},"19":{"name":"Hazal Kaya","link":"https:\/\/balcilar-blog.com\/?tag=hazal-kaya"},"16":{"name":"medcezir","link":"https:\/\/balcilar-blog.com\/?tag=medcezir"},"25":{"name":"Star Tv","link":"https:\/\/balcilar-blog.com\/?tag=star-tv"}},"comments_number":"0","wpmagazine_modules_lite_featured_media_urls":{"thumbnail":"","cvmm-medium":"","cvmm-medium-plus":"","cvmm-portrait":"","cvmm-medium-square":"","cvmm-large":"","cvmm-small":"","full":""},"_links":{"self":[{"href":"https:\/\/balcilar-blog.com\/index.php?rest_route=\/wp\/v2\/posts\/5514","targetHints":{"allow":["GET"]}}],"collection":[{"href":"https:\/\/balcilar-blog.com\/index.php?rest_route=\/wp\/v2\/posts"}],"about":[{"href":"https:\/\/balcilar-blog.com\/index.php?rest_route=\/wp\/v2\/types\/post"}],"author":[{"embeddable":true,"href":"https:\/\/balcilar-blog.com\/index.php?rest_route=\/wp\/v2\/users\/3"}],"replies":[{"embeddable":true,"href":"https:\/\/balcilar-blog.com\/index.php?rest_route=%2Fwp%2Fv2%2Fcomments&post=5514"}],"version-history":[{"count":6,"href":"https:\/\/balcilar-blog.com\/index.php?rest_route=\/wp\/v2\/posts\/5514\/revisions"}],"predecessor-version":[{"id":5526,"href":"https:\/\/balcilar-blog.com\/index.php?rest_route=\/wp\/v2\/posts\/5514\/revisions\/5526"}],"wp:attachment":[{"href":"https:\/\/balcilar-blog.com\/index.php?rest_route=%2Fwp%2Fv2%2Fmedia&parent=5514"}],"wp:term":[{"taxonomy":"category","embeddable":true,"href":"https:\/\/balcilar-blog.com\/index.php?rest_route=%2Fwp%2Fv2%2Fcategories&post=5514"},{"taxonomy":"post_tag","embeddable":true,"href":"https:\/\/balcilar-blog.com\/index.php?rest_route=%2Fwp%2Fv2%2Ftags&post=5514"}],"curies":[{"name":"wp","href":"https:\/\/api.w.org\/{rel}","templated":true}]}}