{"id":5509,"date":"2014-12-24T18:03:06","date_gmt":"2014-12-24T16:03:06","guid":{"rendered":"http:\/\/balcilar-blog.com\/?p=5509"},"modified":"2014-12-24T18:03:06","modified_gmt":"2014-12-24T16:03:06","slug":"oyku-karel-kara-para-askta","status":"publish","type":"post","link":"https:\/\/balcilar-blog.com\/?p=5509","title":{"rendered":"\u00d6yk\u00fc Karel Kara Para A\u015fk&#8217;ta!"},"content":{"rendered":"<p class=\"ecxMsoNormal\" align=\"center\">\n<p class=\"ecxMsoNormal\" align=\"center\"><a href=\"http:\/\/balcilar-blog.com\/wp-content\/uploads\/2014\/12\/30-2.jpg\"><img loading=\"lazy\" decoding=\"async\" class=\"alignnone size-large wp-image-5512\" src=\"http:\/\/balcilar-blog.com\/wp-content\/uploads\/2014\/12\/30-2-1024x678.jpg\" alt=\"30-2\" width=\"1024\" height=\"678\" srcset=\"https:\/\/balcilar-blog.com\/wp-content\/uploads\/2014\/12\/30-2-1024x678.jpg 1024w, https:\/\/balcilar-blog.com\/wp-content\/uploads\/2014\/12\/30-2-300x199.jpg 300w\" sizes=\"auto, (max-width: 1024px) 100vw, 1024px\" \/><\/a><\/p>\n<p class=\"ecxMsoNormal\" align=\"center\"><b>\u00d6YK\u00dc KARAYEL KARA PARA A\u015eK&#8217;TA!<\/b><\/p>\n<p class=\"ecxMsoNormal\" align=\"center\">\u00a0<b>\u00c7ar\u015famba ak\u015famlar\u0131n\u0131n vazge\u00e7ilmez dizisi Kara Para A\u015fk&#8217;\u0131n kadrosuna \u00d6yk\u00fc Karayel dahil oldu.<\/b><\/p>\n<p class=\"ecxMsoNormal\" align=\"center\">\u00a0Kuzey G\u00fcney dizisinde canland\u0131rd\u0131\u011f\u0131 Cemre karakteriyle milyonlar\u0131n be\u011fenisini kazanan ba\u015far\u0131l\u0131 oyuncu, Kara Para A\u015fk\u2019ta dizide komiser \u0130pek karakterini canland\u0131racak.<\/p>\n<p class=\"ecxMsoNormal\" align=\"center\"><a href=\"http:\/\/balcilar-blog.com\/wp-content\/uploads\/2014\/12\/30-1.jpg\"><img loading=\"lazy\" decoding=\"async\" class=\"alignnone size-medium wp-image-5511\" src=\"http:\/\/balcilar-blog.com\/wp-content\/uploads\/2014\/12\/30-1-300x201.jpg\" alt=\"30-1\" width=\"300\" height=\"201\" srcset=\"https:\/\/balcilar-blog.com\/wp-content\/uploads\/2014\/12\/30-1-300x201.jpg 300w, https:\/\/balcilar-blog.com\/wp-content\/uploads\/2014\/12\/30-1-1024x687.jpg 1024w\" sizes=\"auto, (max-width: 300px) 100vw, 300px\" \/><\/a><\/p>\n<p class=\"ecxMsoNormal\" align=\"center\"><b>KARA PARA A\u015eK&#8217;TA A\u015eK HATTI KARI\u015eIYOR!<\/b><\/p>\n<p class=\"ecxMsoNormal\" align=\"center\">\u00a0Dizinin 24 Aral\u0131k \u00c7ar\u015famba g\u00fcn\u00fc ekrana gelecek b\u00f6l\u00fcm\u00fcnde; Bursa&#8217;da ya\u015fayan \u0130pek, \u0130stanbul&#8217;a tayin olarak, \u00d6mer&#8217;in \u00e7al\u0131\u015ft\u0131\u011f\u0131 cinayet \u015fubede g\u00f6reve ba\u015flayacak.<\/p>\n<p class=\"ecxMsoNormal\" align=\"center\"><a href=\"http:\/\/balcilar-blog.com\/wp-content\/uploads\/2014\/12\/30-3.jpg\"><img loading=\"lazy\" decoding=\"async\" class=\"alignnone size-medium wp-image-5510\" src=\"http:\/\/balcilar-blog.com\/wp-content\/uploads\/2014\/12\/30-3-300x183.jpg\" alt=\"30-3\" width=\"300\" height=\"183\" srcset=\"https:\/\/balcilar-blog.com\/wp-content\/uploads\/2014\/12\/30-3-300x183.jpg 300w, https:\/\/balcilar-blog.com\/wp-content\/uploads\/2014\/12\/30-3-1024x625.jpg 1024w\" sizes=\"auto, (max-width: 300px) 100vw, 300px\" \/><\/a><\/p>\n<p class=\"ecxMsoNormal\" align=\"center\">\u00a0Yeni b\u00f6l\u00fcmde; \u00d6mer, ge\u00e7mi\u015fte b\u00fcy\u00fck bir a\u015fk ya\u015fad\u0131\u011f\u0131 \u0130pek&#8217;le y\u0131llar sonra ilk kez kar\u015f\u0131 kar\u015f\u0131ya gelecek. Ya\u015fad\u0131klar\u0131 zor zamanlara ra\u011fmen ni\u015fanlanan \u00d6mer ve Elif&#8217;in yeni bir sorun ya\u015famas\u0131n\u0131 istemeyen Pelin ve Arda ise \u0130pek&#8217;in geli\u015fiyle panik olacaklar. \u0130pek&#8217;in \u0130stanbul&#8217;a geli\u015f sebebini \u00f6\u011frenen Pelin ve Arda, \u0130pek&#8217;in anlatt\u0131klar\u0131yla \u015foke olacaklar.<\/p>\n<p class=\"ecxMsoNormal\" align=\"center\">\u00a0Ay Yap\u0131m imzal\u0131, senaristli\u011fini Sema Ergenekon ve Eylem Canpolat&#8217;\u0131n y\u00f6netmenli\u011fini ise Ahmet Kat\u0131ks\u0131z&#8217;\u0131n \u00fcstlendi\u011fi Kara Para A\u015fk s\u00fcrprizlerle dolu yeni b\u00f6l\u00fcm\u00fcyle 24 Aral\u0131k \u00c7ar\u015famba g\u00fcn\u00fc saat 20:00&#8217;da Atv ekranlar\u0131nda olacak.<\/p>\n<p><iframe loading=\"lazy\" title=\"Kara Para A\u015fk 30.B\u00f6l\u00fcm Fragman 2\" width=\"640\" height=\"360\" src=\"https:\/\/www.youtube.com\/embed\/MagzD-Jt36g?feature=oembed\" frameborder=\"0\" allow=\"accelerometer; autoplay; clipboard-write; encrypted-media; gyroscope; picture-in-picture; web-share\" referrerpolicy=\"strict-origin-when-cross-origin\" allowfullscreen><\/iframe><\/p>\n<p class=\"ecxMsoNormal\" align=\"center\">\n<p><iframe loading=\"lazy\" title=\"Kara Para A\u015fk 30.B\u00f6l\u00fcm Fragman 3\" width=\"640\" height=\"360\" src=\"https:\/\/www.youtube.com\/embed\/3MOr69Gf96Q?feature=oembed\" frameborder=\"0\" allow=\"accelerometer; autoplay; clipboard-write; encrypted-media; gyroscope; picture-in-picture; web-share\" referrerpolicy=\"strict-origin-when-cross-origin\" allowfullscreen><\/iframe><\/p>\n","protected":false},"excerpt":{"rendered":"<p>\u00d6YK\u00dc KARAYEL KARA PARA A\u015eK&#8217;TA! \u00a0\u00c7ar\u015famba ak\u015famlar\u0131n\u0131n vazge\u00e7ilmez dizisi Kara Para A\u015fk&#8217;\u0131n kadrosuna \u00d6yk\u00fc Karayel dahil oldu. \u00a0Kuzey G\u00fcney dizisinde canland\u0131rd\u0131\u011f\u0131 Cemre karakteriyle milyonlar\u0131n be\u011fenisini kazanan ba\u015far\u0131l\u0131 oyuncu, Kara Para A\u015fk\u2019ta dizide komiser \u0130pek karakterini canland\u0131racak. KARA PARA A\u015eK&#8217;TA A\u015eK HATTI KARI\u015eIYOR! \u00a0Dizinin 24 Aral\u0131k \u00c7ar\u015famba g\u00fcn\u00fc ekrana gelecek b\u00f6l\u00fcm\u00fcnde; Bursa&#8217;da ya\u015fayan \u0130pek, \u0130stanbul&#8217;a tayin [&hellip;]<\/p>\n","protected":false},"author":3,"featured_media":0,"comment_status":"open","ping_status":"open","sticky":false,"template":"","format":"standard","meta":{"footnotes":""},"categories":[2],"tags":[306,48,26,304,573],"class_list":["post-5509","post","type-post","status-publish","format-standard","hentry","category-tv-programlari","tag-ahmet-katiksiz","tag-atv","tag-ay-yapim","tag-kara-para-ask","tag-oyku-karel"],"views":7134,"blog_post_layout_featured_media_urls":{"thumbnail":"","full":""},"categories_names":{"2":{"name":"TV Programlar\u0131","link":"https:\/\/balcilar-blog.com\/?cat=2"}},"tags_names":{"306":{"name":"Ahmet kat\u0131ks\u0131z","link":"https:\/\/balcilar-blog.com\/?tag=ahmet-katiksiz"},"48":{"name":"ATV","link":"https:\/\/balcilar-blog.com\/?tag=atv"},"26":{"name":"Ay Yap\u0131m","link":"https:\/\/balcilar-blog.com\/?tag=ay-yapim"},"304":{"name":"Kara Para A\u015fk","link":"https:\/\/balcilar-blog.com\/?tag=kara-para-ask"},"573":{"name":"\u00d6yk\u00fc Karel","link":"https:\/\/balcilar-blog.com\/?tag=oyku-karel"}},"comments_number":"0","wpmagazine_modules_lite_featured_media_urls":{"thumbnail":"","cvmm-medium":"","cvmm-medium-plus":"","cvmm-portrait":"","cvmm-medium-square":"","cvmm-large":"","cvmm-small":"","full":""},"_links":{"self":[{"href":"https:\/\/balcilar-blog.com\/index.php?rest_route=\/wp\/v2\/posts\/5509","targetHints":{"allow":["GET"]}}],"collection":[{"href":"https:\/\/balcilar-blog.com\/index.php?rest_route=\/wp\/v2\/posts"}],"about":[{"href":"https:\/\/balcilar-blog.com\/index.php?rest_route=\/wp\/v2\/types\/post"}],"author":[{"embeddable":true,"href":"https:\/\/balcilar-blog.com\/index.php?rest_route=\/wp\/v2\/users\/3"}],"replies":[{"embeddable":true,"href":"https:\/\/balcilar-blog.com\/index.php?rest_route=%2Fwp%2Fv2%2Fcomments&post=5509"}],"version-history":[{"count":1,"href":"https:\/\/balcilar-blog.com\/index.php?rest_route=\/wp\/v2\/posts\/5509\/revisions"}],"predecessor-version":[{"id":5513,"href":"https:\/\/balcilar-blog.com\/index.php?rest_route=\/wp\/v2\/posts\/5509\/revisions\/5513"}],"wp:attachment":[{"href":"https:\/\/balcilar-blog.com\/index.php?rest_route=%2Fwp%2Fv2%2Fmedia&parent=5509"}],"wp:term":[{"taxonomy":"category","embeddable":true,"href":"https:\/\/balcilar-blog.com\/index.php?rest_route=%2Fwp%2Fv2%2Fcategories&post=5509"},{"taxonomy":"post_tag","embeddable":true,"href":"https:\/\/balcilar-blog.com\/index.php?rest_route=%2Fwp%2Fv2%2Ftags&post=5509"}],"curies":[{"name":"wp","href":"https:\/\/api.w.org\/{rel}","templated":true}]}}