{"id":5479,"date":"2014-12-23T20:29:28","date_gmt":"2014-12-23T18:29:28","guid":{"rendered":"http:\/\/balcilar-blog.com\/?p=5479"},"modified":"2014-12-23T21:03:47","modified_gmt":"2014-12-23T19:03:47","slug":"paramparca-uc-haftadir-pazartesinin-reytinglerini-paramparca-etti","status":"publish","type":"post","link":"https:\/\/balcilar-blog.com\/?p=5479","title":{"rendered":"Parampar\u00e7a \/ \u00dc\u00e7 haftad\u0131r Pazartesi\u2019nin reytinglerini parampar\u00e7a etti!"},"content":{"rendered":"<p><a href=\"http:\/\/balcilar-blog.com\/wp-content\/uploads\/2014\/12\/27166232.jpg\"><img loading=\"lazy\" decoding=\"async\" class=\"alignnone size-full wp-image-5500\" src=\"http:\/\/balcilar-blog.com\/wp-content\/uploads\/2014\/12\/27166232.jpg\" alt=\"27166232\" width=\"620\" height=\"621\" srcset=\"https:\/\/balcilar-blog.com\/wp-content\/uploads\/2014\/12\/27166232.jpg 620w, https:\/\/balcilar-blog.com\/wp-content\/uploads\/2014\/12\/27166232-150x150.jpg 150w, https:\/\/balcilar-blog.com\/wp-content\/uploads\/2014\/12\/27166232-300x300.jpg 300w\" sizes=\"auto, (max-width: 620px) 100vw, 620px\" \/><\/a><\/p>\n<p>Star Tv\u2019nin yeni dizisi \u2018Parampar\u00e7a\u2019 ba\u015flayal\u0131 4 b\u00f6l\u00fcm oldu ve Pazartesi\u2019nin reytinglerini de parampar\u00e7a etti. \u00dc\u00e7 haftad\u0131r hem Total\u2019de, hem de AB\u2019de ilk s\u0131rada yer al\u0131yor. Karaday\u0131\u2019y\u0131 ikinciliye itti.<\/p>\n<p>Endemol T\u00fcrkiye\u2019nin yap\u0131mc\u0131s\u0131 oldu\u011fu bu dizinin \u00f6zelli\u011fi neydi? \u00d6nceki yaz\u0131mda da belirtti\u011fim gibi eski Ye\u015fil\u00e7am filmlerinde g\u00f6rd\u00fc\u011f\u00fcm\u00fcz tan\u0131d\u0131k bir konu, hastanede do\u011fum sonras\u0131 bebek kar\u0131\u015fmas\u0131 konusu \u00e7\u0131k\u0131\u015f noktas\u0131n\u0131 olu\u015fturuyor. Konu ilgin\u00e7 ve sunu\u015f \u00e7ok g\u00fczel olmu\u015f. Kanavi\u00e7e gibi i\u015flenmi\u015f, b\u00fct\u00fcn oyuncular rol\u00fcn\u00fcn erbab\u0131. En b\u00fcy\u00fck fakt\u00f6r Erkan Petekkaya ve Nurg\u00fcl Ye\u015fil\u00e7ay gibi iki usta oyuncunun varl\u0131\u011f\u0131 diziyi seyredilir k\u0131l\u0131yor. Zenginlik i\u00e7inde b\u00fcy\u00fcyen Cansu\u2019nun Dilara gibi bir annenin ilgisizli\u011finden dolay\u0131, annelik \u00f6zlemi&#8230; K\u0131t kanat ge\u00e7inin G\u00fclseren\u2019in elinde b\u00fcy\u00fcyen Hazal\u2019\u0131n zenginlik arzusu \u00e7ok da g\u00fczel g\u00f6zler \u00f6n\u00fcne serilmi\u015ftir. Ge\u00e7en b\u00f6l\u00fcmde ortaya \u00e7\u0131kan, garip dede Rahmi de diziye renk katm\u0131\u015ft\u0131r. Ayr\u0131ca insan\u0131n i\u00e7ini \u00fcrperten duygulu m\u00fczi\u011fini de \u00e7ok etkili. \u00d6nceki blog yaz\u0131mda ben be\u011fendim, bu dizi tutar demi\u015ftim. \u00d6yle de oldu dizi tuttu ald\u0131 ba\u015f\u0131n\u0131 gidiyor.<\/p>\n<p>Gelelim 4.b\u00f6l\u00fcmde olanlara:<\/p>\n<p>Hazal\u2019\u0131n as\u0131l annesi Dilara Han\u0131m, k\u0131z\u0131n\u0131 daha iyi tan\u0131mak i\u00e7in okulundan al\u0131r, al\u0131\u015fveri\u015fe g\u00f6t\u00fcr\u00fcr. \u0130stedi\u011fi her \u015feyi al\u0131r. G\u00fclseren de k\u0131z\u0131 okuldan gelmeyince, Cihan\u2019\u0131n k\u0131z\u0131n\u0131 ka\u00e7\u0131rd\u0131\u011f\u0131n\u0131 zanneder, Cihan Beyin i\u015fyerine gider ve k\u0131z\u0131m\u0131 ka\u00e7\u0131rd\u0131n\u0131z diyerek ithamda bulunur.<\/p>\n<p><a href=\"http:\/\/balcilar-blog.com\/wp-content\/uploads\/2014\/12\/Ekran-Al\u0131nt\u0131s\u0131P\u00c74.1.png\"><img loading=\"lazy\" decoding=\"async\" class=\"alignnone size-full wp-image-5480\" src=\"http:\/\/balcilar-blog.com\/wp-content\/uploads\/2014\/12\/Ekran-Al\u0131nt\u0131s\u0131P\u00c74.1.png\" alt=\"Ekran Al\u0131nt\u0131s\u0131P\u00c74.1\" width=\"544\" height=\"360\" srcset=\"https:\/\/balcilar-blog.com\/wp-content\/uploads\/2014\/12\/Ekran-Al\u0131nt\u0131s\u0131P\u00c74.1.png 544w, https:\/\/balcilar-blog.com\/wp-content\/uploads\/2014\/12\/Ekran-Al\u0131nt\u0131s\u0131P\u00c74.1-300x199.png 300w\" sizes=\"auto, (max-width: 544px) 100vw, 544px\" \/><\/a><\/p>\n<p>Hazal benim k\u0131z\u0131m diyerek i\u00e7indeki b\u00fct\u00fcn kini kusar, sizin her \u015feyiniz sahte diyerek ayr\u0131l\u0131r. Cihan kar\u0131s\u0131 Dilara\u2019ya telefon eder, Hazal telefonu a\u00e7\u0131nca her \u015feyi \u00f6\u011frenir. Hazal, Dilara annem beni al\u0131\u015fveri\u015fe \u00e7\u0131kard\u0131. Kar\u0131s\u0131na kime sordun da ald\u0131n diye hesap sorar. Hemen Hazal\u2019\u0131 evine b\u0131rakacaks\u0131n diye emreder.<\/p>\n<p><a href=\"http:\/\/balcilar-blog.com\/wp-content\/uploads\/2014\/12\/Ekran-Al\u0131nt\u0131s\u0131P\u00c74.2A.png\"><img loading=\"lazy\" decoding=\"async\" class=\"alignnone size-medium wp-image-5481\" src=\"http:\/\/balcilar-blog.com\/wp-content\/uploads\/2014\/12\/Ekran-Al\u0131nt\u0131s\u0131P\u00c74.2A-300x210.png\" alt=\"Ekran Al\u0131nt\u0131s\u0131P\u00c74.2A\" width=\"300\" height=\"210\" srcset=\"https:\/\/balcilar-blog.com\/wp-content\/uploads\/2014\/12\/Ekran-Al\u0131nt\u0131s\u0131P\u00c74.2A-300x210.png 300w, https:\/\/balcilar-blog.com\/wp-content\/uploads\/2014\/12\/Ekran-Al\u0131nt\u0131s\u0131P\u00c74.2A.png 519w\" sizes=\"auto, (max-width: 300px) 100vw, 300px\" \/><\/a>\u00a0<a href=\"http:\/\/balcilar-blog.com\/wp-content\/uploads\/2014\/12\/Ekran-Al\u0131nt\u0131s\u0131P\u00c74.2B.png\"><img loading=\"lazy\" decoding=\"async\" class=\"alignnone size-medium wp-image-5482\" src=\"http:\/\/balcilar-blog.com\/wp-content\/uploads\/2014\/12\/Ekran-Al\u0131nt\u0131s\u0131P\u00c74.2B-300x203.png\" alt=\"Ekran Al\u0131nt\u0131s\u0131P\u00c74.2B\" width=\"300\" height=\"203\" srcset=\"https:\/\/balcilar-blog.com\/wp-content\/uploads\/2014\/12\/Ekran-Al\u0131nt\u0131s\u0131P\u00c74.2B-300x203.png 300w, https:\/\/balcilar-blog.com\/wp-content\/uploads\/2014\/12\/Ekran-Al\u0131nt\u0131s\u0131P\u00c74.2B.png 526w\" sizes=\"auto, (max-width: 300px) 100vw, 300px\" \/><\/a><\/p>\n<p>Cihan hemen dedi\u011fimi yap bak sonras\u0131na kar\u0131\u015fmam, Hazal evine b\u0131rak\u0131lacak.<\/p>\n<p>G\u00fclseren arkada\u015f\u0131 Derya\u2019y\u0131 arar. Sana ihtiyac\u0131m var der ve birlikte karakola \u00e7ocu\u011fumu ka\u00e7\u0131rd\u0131lar diyerek \u015fikayete giderler. Memura bu kar\u0131\u015f\u0131k durumu anlatmak i\u00e7in \u00e7ok bocalar.<\/p>\n<p>Dede torunlar\u0131na getirdi\u011fi hediyeleri verir. Cansu\u2019ya Rus bebe\u011fi, Ozan\u2019a da avc\u0131 b\u0131\u00e7a\u011f\u0131 hediye getirmi\u015ftir. \u00a0Evde ak\u015fam yeme\u011fi i\u00e7in masa haz\u0131rlar. Rusya\u2019da lokantas\u0131 vard\u0131r. \u00a0Eve erken gelen Cihan Bey babas\u0131n\u0131 evde g\u00f6r\u00fcnce \u00e7ok \u015fa\u015f\u0131r\u0131r.<\/p>\n<p>Hazal \u00f6z annesi Dilara\u2019n\u0131n eve getirmesini \u00e7ok bozulur. Sen de yalanc\u0131s\u0131n diyerek onu su\u00e7lar. Annesi en k\u0131sa zamanda seni buradan ald\u0131raca\u011f\u0131m diye s\u00f6z verir. Halas\u0131 bu kadar al\u0131\u015fveri\u015fi g\u00f6r\u00fcnce \u00e7ok \u015fa\u015f\u0131r\u0131r, k\u0131z\u0131m ba\u015f\u0131na devlet ku\u015fu kondu, der. O s\u0131rada G\u00fclseren arar, Hazal\u2019\u0131 sorar. Geldi, evde deyince \u015fikayetten vazge\u00e7er.<\/p>\n<p><a href=\"http:\/\/balcilar-blog.com\/wp-content\/uploads\/2014\/12\/Ekran-Al\u0131nt\u0131s\u0131P\u00c74.3.png\"><img loading=\"lazy\" decoding=\"async\" class=\"alignnone size-full wp-image-5483\" src=\"http:\/\/balcilar-blog.com\/wp-content\/uploads\/2014\/12\/Ekran-Al\u0131nt\u0131s\u0131P\u00c74.3.png\" alt=\"Ekran Al\u0131nt\u0131s\u0131P\u00c74.3\" width=\"503\" height=\"360\" srcset=\"https:\/\/balcilar-blog.com\/wp-content\/uploads\/2014\/12\/Ekran-Al\u0131nt\u0131s\u0131P\u00c74.3.png 503w, https:\/\/balcilar-blog.com\/wp-content\/uploads\/2014\/12\/Ekran-Al\u0131nt\u0131s\u0131P\u00c74.3-300x215.png 300w\" sizes=\"auto, (max-width: 503px) 100vw, 503px\" \/><\/a><\/p>\n<p>Sonra k\u0131z\u0131n\u0131 arar, onunla da konu\u015fur. \u00c7ay i\u00e7mek i\u00e7in Derya\u2019lar\u0131n evine giderler. Derya ay\u0131p olur, Cihan Beyi araman haber vermen laz\u0131m. \u00d6nce arar, sonra vazge\u00e7er. Cihan d\u00f6ner. Konu\u015fmak zorunda kal\u0131r. Sabah konu\u015ftuklar\u0131 i\u00e7in \u00f6z\u00fcr diler. Cihan hi\u00e7bir \u015fey de\u011fi\u015fmedi, der. Derya, G\u00fclseren\u2019in Cihan diye ismi hitap etmesinden bir anlam \u00e7\u0131kart\u0131r. Sen bu adama a\u015f\u0131k m\u0131s\u0131n? G\u00fclseren utanarak saklamak ister. G\u00fclseren, o g\u00fcn hastanede Cansu \u00f6nce babas\u0131n\u0131 arad\u0131. Ben \u00e7ok etkilendim. Derya, kalbin bir \u015fey s\u00f6yl\u00fcyor, a\u011fz\u0131n onu \u00e7eviriyor. Bana bak G\u00fclseren bir kad\u0131n bir adama bin t\u00fcrl\u00fc nedenle a\u015f\u0131k olabilir. Ben delinin teki diye a\u015f\u0131k olabilirim, sen ona \u00e7ok g\u00fcvendi\u011fin i\u00e7in a\u015f\u0131k olabilirsin. A\u015fk her zaman kendine bir yol bulur arkada\u015f\u0131m. Sen inkar et, a\u015f\u0131ks\u0131n sen. G\u00fclseren, Cihan bey evli, zaten benim durumum ortada, olmaz bu i\u015f. Cihan Bey bo\u015fan\u0131yormu\u015f, sende y\u0131llard\u0131r g\u00f6rmedi\u011fin kocana dava a\u00e7t\u0131n. G\u00fclseren-Cihan Bey a\u015fk\u0131 zaten filizlendi. Her ikisi de birbirlerini ilk g\u00f6rmeleri ile zaten elektrikleri tutmu\u015ftu.<\/p>\n<p><a href=\"http:\/\/balcilar-blog.com\/wp-content\/uploads\/2014\/12\/Ekran-Al\u0131nt\u0131s\u0131P\u00c74.5.png\"><img loading=\"lazy\" decoding=\"async\" class=\"alignnone size-full wp-image-5485\" src=\"http:\/\/balcilar-blog.com\/wp-content\/uploads\/2014\/12\/Ekran-Al\u0131nt\u0131s\u0131P\u00c74.5.png\" alt=\"Ekran Al\u0131nt\u0131s\u0131P\u00c74.5\" width=\"549\" height=\"361\" srcset=\"https:\/\/balcilar-blog.com\/wp-content\/uploads\/2014\/12\/Ekran-Al\u0131nt\u0131s\u0131P\u00c74.5.png 549w, https:\/\/balcilar-blog.com\/wp-content\/uploads\/2014\/12\/Ekran-Al\u0131nt\u0131s\u0131P\u00c74.5-300x197.png 300w\" sizes=\"auto, (max-width: 549px) 100vw, 549px\" \/><\/a><\/p>\n<p>Evde yemekte dede Rahmi Bey torunlar\u0131na Sibirya\u2019y\u0131 anlat\u0131r. Oralar \u00e7ok so\u011fuk, donmu\u015f s\u00fct\u00fc bile kal\u0131pla al\u0131yorlar diyerek espri yapar.<\/p>\n<p><a href=\"http:\/\/balcilar-blog.com\/wp-content\/uploads\/2014\/12\/Ekran-Al\u0131nt\u0131s\u0131P\u00c74.4.png\"><img loading=\"lazy\" decoding=\"async\" class=\"alignnone size-full wp-image-5484\" src=\"http:\/\/balcilar-blog.com\/wp-content\/uploads\/2014\/12\/Ekran-Al\u0131nt\u0131s\u0131P\u00c74.4.png\" alt=\"Ekran Al\u0131nt\u0131s\u0131P\u00c74.4\" width=\"542\" height=\"361\" srcset=\"https:\/\/balcilar-blog.com\/wp-content\/uploads\/2014\/12\/Ekran-Al\u0131nt\u0131s\u0131P\u00c74.4.png 542w, https:\/\/balcilar-blog.com\/wp-content\/uploads\/2014\/12\/Ekran-Al\u0131nt\u0131s\u0131P\u00c74.4-300x200.png 300w\" sizes=\"auto, (max-width: 542px) 100vw, 542px\" \/><\/a><\/p>\n<p>Eve Dilara da gelir, ona da \u00e7am sak\u0131z\u0131 \u00e7oban arma\u011fan\u0131 ufak bir hediye akrep kolye gitmi\u015ftir, verir. O\u011flu Cihan\u2019a kol d\u00fc\u011fmesi hediye eder. Cihan Ozan\u2019a getirdi\u011fi avc\u0131 b\u0131\u00e7a\u011f\u0131 olmaz diye itiraz eder.<\/p>\n<p>Cihan Beyin orta\u011f\u0131 Alper, kar\u0131s\u0131 Solmaz ile bu \u00e7ocuk meselesini konu\u015furlar. Alper, Hazal\u2019\u0131 gayr\u0131-me\u015fru \u00e7ocu\u011fu zanneder. Cihan\u2019dan para s\u0131zd\u0131rmak i\u00e7in, bu skandal\u0131 koz olarak kullanmak ister. Kar\u0131s\u0131 Solmaz bu fikrin yanl\u0131\u015f oldu\u011funu s\u00f6yler.<\/p>\n<p>Hazal\u2019\u0131n halas\u0131 Keriman da \u00e7ok memnundur. Halzal\u2019a yeni cep telefonu al\u0131nm\u0131\u015ft\u0131r, eski telefonunu hemen sahiplenir. Yeni telefon ile Selfi resmi \u00e7ekerler.<\/p>\n<p><a href=\"http:\/\/balcilar-blog.com\/wp-content\/uploads\/2014\/12\/Ekran-Al\u0131nt\u0131s\u0131P\u00c74.6.png\"><img loading=\"lazy\" decoding=\"async\" class=\"alignnone size-full wp-image-5486\" src=\"http:\/\/balcilar-blog.com\/wp-content\/uploads\/2014\/12\/Ekran-Al\u0131nt\u0131s\u0131P\u00c74.6.png\" alt=\"Ekran Al\u0131nt\u0131s\u0131P\u00c74.6\" width=\"550\" height=\"360\" srcset=\"https:\/\/balcilar-blog.com\/wp-content\/uploads\/2014\/12\/Ekran-Al\u0131nt\u0131s\u0131P\u00c74.6.png 550w, https:\/\/balcilar-blog.com\/wp-content\/uploads\/2014\/12\/Ekran-Al\u0131nt\u0131s\u0131P\u00c74.6-300x196.png 300w\" sizes=\"auto, (max-width: 550px) 100vw, 550px\" \/><\/a><\/p>\n<p>G\u00fclseren kendisi b\u00f6yle \u015feyler k\u0131z\u0131na alamad\u0131\u011f\u0131 i\u00e7in i\u00e7i burkulur, k\u0131zg\u0131nl\u0131kla b\u00fct\u00fcn ald\u0131klar\u0131n\u0131 toparlar, senin annen benim diyerek al\u0131r g\u00f6t\u00fcr\u00fcr. Hazal sen benim annem de\u011filsin, ben onunla ya\u015fayaca\u011f\u0131m diye arkas\u0131ndan ba\u011f\u0131r\u0131r.<\/p>\n<p>Cansu, uykusu geldi\u011fi i\u00e7in odas\u0131na ge\u00e7er. \u00d6z annesi G\u00fclseren\u2019in kendisine hamile haliyle \u00e7ekilmi\u015f resmini seyreder. \u00c7ok da duygulan\u0131r.<\/p>\n<p>Cihan Bey arkada\u015f\u0131 ve avukat\u0131 Y\u0131ld\u0131r\u0131m Beyi arar, acilen konu\u015fmam\u0131z laz\u0131m. Y\u0131ld\u0131r\u0131m, acele etmesen iyi olur, bir yuvay\u0131 da\u011f\u0131tmak bu kadar kolay olmamal\u0131. O s\u0131rada gelen kar\u0131s\u0131 konu\u015fmay\u0131 b\u00f6ler. Dilara Cansu\u2019yu kimseye veremezsin der. O s\u0131rda O\u011fuz i\u00e7eri girer, baban Cansu\u2019yu verecek kadar akl\u0131n\u0131 kaybetmi\u015f. Cihan benim Cansu\u2019yu kimseye verdi\u011fim falan yok. Ozan lafa kar\u0131\u015f\u0131r, b\u00fcy\u00fctt\u00fc\u011f\u00fcm k\u0131z\u0131 verecek kadar zavall\u0131s\u0131n sen, der.<\/p>\n<p><a href=\"http:\/\/balcilar-blog.com\/wp-content\/uploads\/2014\/12\/Ekran-Al\u0131nt\u0131s\u0131P\u00c74.71.png\"><img loading=\"lazy\" decoding=\"async\" class=\"alignnone size-full wp-image-5499\" src=\"http:\/\/balcilar-blog.com\/wp-content\/uploads\/2014\/12\/Ekran-Al\u0131nt\u0131s\u0131P\u00c74.71.png\" alt=\"Ekran Al\u0131nt\u0131s\u0131P\u00c74.7\" width=\"571\" height=\"362\" srcset=\"https:\/\/balcilar-blog.com\/wp-content\/uploads\/2014\/12\/Ekran-Al\u0131nt\u0131s\u0131P\u00c74.71.png 571w, https:\/\/balcilar-blog.com\/wp-content\/uploads\/2014\/12\/Ekran-Al\u0131nt\u0131s\u0131P\u00c74.71-300x190.png 300w\" sizes=\"auto, (max-width: 571px) 100vw, 571px\" \/><\/a><\/p>\n<p>G\u00fclseren gelir, zorla da olsa i\u00e7eri girer. Benim k\u0131z\u0131m sat\u0131l\u0131k de\u011fil Dilara Han\u0131m diyerek elindeki torbalar\u0131 \u00fcst\u00fcne atar. Paran\u0131zla her \u015feyi sat\u0131n alabilece\u011finizi mi zannediyorsun. Bunlarla k\u0131z\u0131m\u0131n g\u00f6z\u00fcn\u00fc m\u00fc boyayacaks\u0131n. O benim k\u0131z\u0131m. O an Cansu at\u0131lan aras\u0131nda annesi ile \u00e7ekilmi\u015f selfi resmini g\u00f6r\u00fcr. Cihan pe\u015finden ko\u015far. G\u00fclseren ben ne s\u00f6z veriysem odur. De\u011fi\u015fen bir \u015fey yok. Cihan o s\u0131rada G\u00fclseren\u2019i sakinle\u015ftirmek i\u00e7in elinden tutar. Kar\u0131s\u0131 Dilara da onlar\u0131 g\u00f6r\u00fcr.<\/p>\n<p>Cansu, Hazal ile \u00e7ekilmi\u015f selfi resimlerini bakar. Benden ne \u00e7abuk vazge\u00e7tin anne, der. Cansu, odas\u0131na gider kap\u0131s\u0131n\u0131 arkadan kilitler. Annesine kap\u0131y\u0131 a\u00e7maz.\u00a0 O\u011fuz bu k\u0131z\u0131 eve mi al\u0131yorsun diye sorar. Babas\u0131 o k\u0131z senin karde\u015fin. O\u011fuz, benim bir tane karde\u015fim var, o da Cansu. Dede Rahmi, ne oluyor bana da anlatsan\u0131za\u2026<\/p>\n<p>Hazal kendi evlerinde yata\u011f\u0131n\u0131n \u00fcst\u00fcnde oturmu\u015f, de\u011fi\u015fik duygular i\u00e7indedir. Evde kalan yeni ayakkab\u0131s\u0131n\u0131n tekini bakar. G\u00fclseren ona ald\u0131\u011f\u0131 par\u00e7alanm\u0131\u015f ucuz elbisenin par\u00e7alar\u0131n\u0131 yerden toparlar.<\/p>\n<p><img decoding=\"async\" src=\"http:\/\/www2.dizifilm.com\/newpics\/fotogaleri\/act\/5475_7548_19122014_1.jpg\" alt=\"\" \/><\/p>\n<p>Cansu babas\u0131 gibi erken kalkm\u0131\u015ft\u0131r. Neden erken kalkt\u0131\u011f\u0131n\u0131 soran babas\u0131na, Cansu hi\u00e7 uyumad\u0131\u011f\u0131n\u0131 s\u00f6yler.<\/p>\n<p><img decoding=\"async\" src=\"http:\/\/www2.dizifilm.com\/newpics\/fotogaleri\/act\/5475_7548_19122014_3.jpg\" alt=\"\" \/><\/p>\n<p>Keriman sabah Hazal\u2019a senin de \u00f6z annenle ya\u015faman en do\u011fal hakk\u0131n, arkanday\u0131m, der. Hala of \u00e7eker, sen gideceksin onlarla ya\u015fayacaks\u0131n, beni unutacaks\u0131n. Hazal ben seni unutmam. Gidince seni de yan\u0131ma al\u0131cam der. G\u00fclseren de bu konu\u015fmalar\u0131 duyar. Hazal da erkenden evden \u00e7\u0131kar. Keriman ikili oynar, bu defa G\u00fclseren\u2019e yemedin yedirdin, giymedin giydirdin, \u00fcst\u00fcne titredin. G\u00fclseren k\u0131z hakl\u0131 biliyor musun. Orada harika bir hayat var, burada yoksulluk var. Ba\u011fr\u0131ma ta\u015f basay\u0131m, vereyim k\u0131z\u0131 ailesine ya\u015fas\u0131n.<\/p>\n<p><a href=\"http:\/\/balcilar-blog.com\/wp-content\/uploads\/2014\/12\/Ekran-Al\u0131nt\u0131s\u0131P\u00c74.8.png\"><img loading=\"lazy\" decoding=\"async\" class=\"alignnone size-full wp-image-5489\" src=\"http:\/\/balcilar-blog.com\/wp-content\/uploads\/2014\/12\/Ekran-Al\u0131nt\u0131s\u0131P\u00c74.8.png\" alt=\"Ekran Al\u0131nt\u0131s\u0131P\u00c74.8\" width=\"554\" height=\"357\" srcset=\"https:\/\/balcilar-blog.com\/wp-content\/uploads\/2014\/12\/Ekran-Al\u0131nt\u0131s\u0131P\u00c74.8.png 554w, https:\/\/balcilar-blog.com\/wp-content\/uploads\/2014\/12\/Ekran-Al\u0131nt\u0131s\u0131P\u00c74.8-300x193.png 300w\" sizes=\"auto, (max-width: 554px) 100vw, 554px\" \/><\/a><\/p>\n<p>O s\u0131rada karde\u015fi \u00d6zkan Keriman\u2019\u0131 arar. Hapiste oldu\u011funu, avukat b\u0131rakmalar\u0131 i\u00e7in 30 bin avro istedi\u011fini s\u00f6yler. Ablas\u0131na evi ipotek et, paray\u0131 bankadan al bana g\u00f6nder. Keriman T\u00fcrkiye\u2019ye gelmesini s\u00f6yler. G\u00fclseren de evden \u00e7\u0131kar gider. Bo\u015fayamad\u0131n \u015fu kad\u0131n\u0131 der. \u00d6zkan Hazal 18 olsun bo\u015fayaca\u011f\u0131m.<\/p>\n<p>Ertesi g\u00fcn Dilara kay\u0131npederi Rahmi Beye ba\u015flar\u0131na gelenleri anlat\u0131r. Rahmi Bey, o k\u0131z bizim, bizim kan\u0131m\u0131zdan o k\u0131z\u0131 \u00f6yle veya b\u00f6yle alaca\u011f\u0131z.<\/p>\n<p>Dilara Cansu\u2019nun odas\u0131nda olmad\u0131\u011f\u0131n\u0131 g\u00f6r\u00fcnce panikler. Hizmet\u00e7i Sema\u2019ya Cansu\u2019yu sorar. G\u00f6rmedim deyince telefonunu arar, Cansu telefonu a\u00e7maz. Rahmi Bey, o kad\u0131na annesine gitmi\u015f olabilir, hadi gidelim bakal\u0131m, der.<\/p>\n<p>G\u00fclseren iki simit ve gazetesini alarak arkada\u015f\u0131 Derya\u2019n\u0131n evine gider. Gazeteden i\u015f aramaya ba\u015flar. Derya, Hazal\u2019\u0131n iyili\u011fi i\u00e7in aile ile anla\u015fmas\u0131 gerekti\u011fini s\u00f6yler.<\/p>\n<p>Cansu babas\u0131 ile sabah kahvalt\u0131s\u0131n\u0131 d\u0131\u015far\u0131da yaparlar. Baba k\u0131z konu\u015fur, dertle\u015firler. Annesi ve \u00f6z annesi G\u00fclseren\u2019i konu\u015furlar. Cihan G\u00fclseren annen seni benimsedi unutma der.<\/p>\n<p><a href=\"http:\/\/balcilar-blog.com\/wp-content\/uploads\/2014\/12\/Ekran-Al\u0131nt\u0131s\u0131P\u00c74.9.png\"><img loading=\"lazy\" decoding=\"async\" class=\"alignnone size-full wp-image-5490\" src=\"http:\/\/balcilar-blog.com\/wp-content\/uploads\/2014\/12\/Ekran-Al\u0131nt\u0131s\u0131P\u00c74.9.png\" alt=\"Ekran Al\u0131nt\u0131s\u0131P\u00c74.9\" width=\"561\" height=\"361\" srcset=\"https:\/\/balcilar-blog.com\/wp-content\/uploads\/2014\/12\/Ekran-Al\u0131nt\u0131s\u0131P\u00c74.9.png 561w, https:\/\/balcilar-blog.com\/wp-content\/uploads\/2014\/12\/Ekran-Al\u0131nt\u0131s\u0131P\u00c74.9-300x193.png 300w\" sizes=\"auto, (max-width: 561px) 100vw, 561px\" \/><\/a><\/p>\n<p>Dilara ile Rahmi Bey Hazal\u2019\u0131n mahallesine gelir. Rahmi Bey, buras\u0131 \u00e7\u00f6pl\u00fck bir an \u00f6nce k\u0131z\u0131 almam\u0131z laz\u0131m. Rahmi yukar\u0131 \u00e7\u0131kar, Keriman Han\u0131ma Cansu\u2019yu almaya geldi\u011fini s\u00f6yler. Keriman ilgi g\u00f6sterir, kahve s\u00f6yler. Cansu\u2019nun olmad\u0131\u011f\u0131n\u0131 ama, Hazal\u2019\u0131 isterseniz anla\u015f\u0131r\u0131z der. Rahmi Bey, arabaya gelir. Cansu\u2019nun olmad\u0131\u011f\u0131n\u0131 s\u00f6yler. Dilara Cihan Beyi arar, beraberdik kahvalt\u0131 ettik, okula b\u0131rakt\u0131m, der. Kocas\u0131 ile tart\u0131\u015f\u0131rlar. Cihan telefonu Dilara\u2019n\u0131n y\u00fcz\u00fcne kapat\u0131r.<\/p>\n<p><a href=\"http:\/\/balcilar-blog.com\/wp-content\/uploads\/2014\/12\/Ekran-Al\u0131nt\u0131s\u0131P\u00c74.10.png\"><img loading=\"lazy\" decoding=\"async\" class=\"alignnone size-full wp-image-5491\" src=\"http:\/\/balcilar-blog.com\/wp-content\/uploads\/2014\/12\/Ekran-Al\u0131nt\u0131s\u0131P\u00c74.10.png\" alt=\"Ekran Al\u0131nt\u0131s\u0131P\u00c74.10\" width=\"528\" height=\"361\" srcset=\"https:\/\/balcilar-blog.com\/wp-content\/uploads\/2014\/12\/Ekran-Al\u0131nt\u0131s\u0131P\u00c74.10.png 528w, https:\/\/balcilar-blog.com\/wp-content\/uploads\/2014\/12\/Ekran-Al\u0131nt\u0131s\u0131P\u00c74.10-300x205.png 300w\" sizes=\"auto, (max-width: 528px) 100vw, 528px\" \/><\/a><\/p>\n<p>Rahmi Bey, k\u0131z\u0131n halas\u0131 ile konu\u015ftum, anla\u015f\u0131r\u0131z diyor. Paran\u0131n a\u00e7mayaca\u011f\u0131 kap\u0131 yok. G\u00fclseren eve gelince, Rahmi Beyin Cansu\u2019yu aramaya geldiklerini s\u00f6yler. G\u00fclseren duyunca fena olur.<\/p>\n<p>Bo\u015fanma konusunu avukat\u0131 ile konu\u015fur. Evden ayr\u0131laca\u011f\u0131n\u0131 s\u00f6yler. \u0130\u015fi enine boyuna tart\u0131\u015f\u0131rlar. Y\u0131ld\u0131r\u0131m Bey, bo\u015fanma sana pahal\u0131ya patlayabilir. Cihan, yere \u00e7ak\u0131lsam bile, yere \u00e7ak\u0131ld\u0131\u011f\u0131mda parampar\u00e7a olsam bile ben bo\u015fayaca\u011f\u0131m. Ben Dilara\u2019n\u0131n neler yapaca\u011f\u0131n\u0131 biliyorum, haz\u0131rl\u0131kl\u0131y\u0131m. O s\u0131rada G\u00fclseren Han\u0131m arar. Cansu evden ka\u00e7m\u0131\u015f, bizim eve gelmi\u015fler, e\u015finiz de varm\u0131\u015f. Cihan, biz beraberdik. Sorun yok. Bir yerde bulu\u015fal\u0131m, konu\u015fmam\u0131z laz\u0131m.<\/p>\n<p>Hazal s\u0131n\u0131fta zenginli\u011fin verdi hava ile \u00f6\u011fretmenine kar\u015f\u0131 gelir, derste dergi bakar. \u00d6\u011fretmeni s\u0131n\u0131ftan atar. Babas\u0131n\u0131 \u00f6ne s\u00fcr\u00fcr. Herkese zenginli\u011fini g\u00f6stermek i\u00e7in, bu g\u00fcn bendensiniz, der ve babas\u0131 Cihan Beyin pastanesine g\u00f6t\u00fcr\u00fcr.<\/p>\n<p>Cansu at binmek i\u00e7in \u00e7iftli\u011fe gider. At\u0131n\u0131 biner, her zaman oldu\u011fu gibi onu, ok\u015far ve onunla konu\u015fur. Annesi Dilara da Cansu\u2019nun yan\u0131na gider. Cansu niye geldi\u011fini sorar, seni g\u00f6rmeye geldim. Cansu\u2019ya a\u00e7\u0131klama yapar, \u00f6z annenden k\u0131skand\u0131m seni, sana hamile resmini vermi\u015f. Ben de onu g\u00f6r\u00fcnce beni de\u011fil de onu tercih etti\u011fini d\u00fc\u015f\u00fcnd\u00fcm. Sar\u0131l\u0131r Cansu\u2019ya, af et beni, der.<\/p>\n<p>Alper\u2019in e\u015fi Solmaz Dilara\u2019n\u0131n evine gelir. Bah\u00e7ede dede Rahmi Beyle tan\u0131\u015f\u0131r. Bir kanara oturup, bir \u015feyler i\u00e7meyi teklif eder.<\/p>\n<p><a href=\"http:\/\/balcilar-blog.com\/wp-content\/uploads\/2014\/12\/Ekran-Al\u0131nt\u0131s\u0131P\u00c74.11.png\"><img loading=\"lazy\" decoding=\"async\" class=\"alignnone size-full wp-image-5492\" src=\"http:\/\/balcilar-blog.com\/wp-content\/uploads\/2014\/12\/Ekran-Al\u0131nt\u0131s\u0131P\u00c74.11.png\" alt=\"Ekran Al\u0131nt\u0131s\u0131P\u00c74.11\" width=\"541\" height=\"357\" srcset=\"https:\/\/balcilar-blog.com\/wp-content\/uploads\/2014\/12\/Ekran-Al\u0131nt\u0131s\u0131P\u00c74.11.png 541w, https:\/\/balcilar-blog.com\/wp-content\/uploads\/2014\/12\/Ekran-Al\u0131nt\u0131s\u0131P\u00c74.11-300x198.png 300w\" sizes=\"auto, (max-width: 541px) 100vw, 541px\" \/><\/a><\/p>\n<p>Dilara\u2019dan konu\u015furlar. Solmaz yard\u0131mc\u0131 olmak istedi\u011fini s\u00f6yler. Rahmi Bey elimden gelse ben yard\u0131mc\u0131 olaca\u011f\u0131m.<\/p>\n<p>Alper Bey, Cihan\u2019a gelir s\u00f6zle\u015fmeyi uzat\u0131r. 2 milyon dolar\u0131m\u0131 sen yat\u0131racaks\u0131n der. Cihan Bey niye ben yat\u0131raca\u011f\u0131m diye sorunca, gayri me\u015fru bir k\u0131z\u0131n var Cihan, der. 14 ya\u015f\u0131nda ad\u0131 Hazal, Dilara duyarsa ne olaca\u011f\u0131n\u0131 biliyorsun. S\u00f6zle\u015fmeyi imzala ben de sonsuza kadar susay\u0131m. Cihan biraz d\u00fc\u015f\u00fcnmem laz\u0131m, bir hafta verir misin? der ve \u00e7\u0131kar gider. Cihan Bey arkas\u0131ndan k\u0131s k\u0131s g\u00fcler. Ve s\u00f6zle\u015fmeyi y\u0131rtar, \u00e7\u00f6pe atar.<\/p>\n<p>G\u00fclseren s\u00fcslenir, giyinir evden \u00e7\u0131kar. Keriman, G\u00fclseren nereye? Sorusuna cevap vermez.<\/p>\n<p>Hazal ve arkada\u015flar\u0131 yerler i\u00e7erler. 525 lira hesap gelir. Babam Cihan Bey ile konu\u015faca\u011f\u0131m der. Cihan Bey d\u0131\u015far\u0131da deyince Hazal zor durumda kal\u0131r ve \u00e7ok bozulur, acaba ba\u015fka bir baba ile mi kar\u0131\u015ft\u0131rd\u0131n diye arkada\u015flar\u0131 dalga ge\u00e7erler. O s\u0131rada Dilara annesini arar, o da telefonu a\u00e7maz kapat\u0131r. Cebinde gene babas\u0131n\u0131n verdi\u011fi 500 liraya yak\u0131n paray\u0131 verir, kalan\u0131n\u0131 da arkada\u015flar\u0131na siz tamamlay\u0131n.<\/p>\n<p><a href=\"http:\/\/balcilar-blog.com\/wp-content\/uploads\/2014\/12\/Ekran-Al\u0131nt\u0131s\u0131P\u00c74.12.png\"><img loading=\"lazy\" decoding=\"async\" class=\"alignnone size-full wp-image-5493\" src=\"http:\/\/balcilar-blog.com\/wp-content\/uploads\/2014\/12\/Ekran-Al\u0131nt\u0131s\u0131P\u00c74.12.png\" alt=\"Ekran Al\u0131nt\u0131s\u0131P\u00c74.12\" width=\"539\" height=\"364\" srcset=\"https:\/\/balcilar-blog.com\/wp-content\/uploads\/2014\/12\/Ekran-Al\u0131nt\u0131s\u0131P\u00c74.12.png 539w, https:\/\/balcilar-blog.com\/wp-content\/uploads\/2014\/12\/Ekran-Al\u0131nt\u0131s\u0131P\u00c74.12-300x203.png 300w\" sizes=\"auto, (max-width: 539px) 100vw, 539px\" \/><\/a><\/p>\n<p>Hazal, h\u0131zla mekan\u0131 terk eder. Yol boyu \u00fcz\u00fcnt\u00fc ile y\u00fcr\u00fcr. Bir bankta oturur, d\u00fc\u015f\u00fcncelere dalar.<\/p>\n<p><a href=\"http:\/\/balcilar-blog.com\/wp-content\/uploads\/2014\/12\/Ekran-Al\u0131nt\u0131s\u0131P\u00c74.13.png\"><img loading=\"lazy\" decoding=\"async\" class=\"alignnone size-full wp-image-5494\" src=\"http:\/\/balcilar-blog.com\/wp-content\/uploads\/2014\/12\/Ekran-Al\u0131nt\u0131s\u0131P\u00c74.13.png\" alt=\"Ekran Al\u0131nt\u0131s\u0131P\u00c74.13\" width=\"539\" height=\"354\" srcset=\"https:\/\/balcilar-blog.com\/wp-content\/uploads\/2014\/12\/Ekran-Al\u0131nt\u0131s\u0131P\u00c74.13.png 539w, https:\/\/balcilar-blog.com\/wp-content\/uploads\/2014\/12\/Ekran-Al\u0131nt\u0131s\u0131P\u00c74.13-300x197.png 300w\" sizes=\"auto, (max-width: 539px) 100vw, 539px\" \/><\/a><\/p>\n<p>G\u00fclseren de Cihan Bey ile bulu\u015fur. Birlikte otururlar Cihan Bey, her ortamda nas\u0131l davran\u0131l\u0131r, nas\u0131l konu\u015fulur bilirim ama, b\u00f6yle bir durumda nas\u0131l konu\u015fulur inan bilmiyorum. Cihan Bey ben hayat\u0131mda b\u00f6yle bir duygu hi\u00e7 ya\u015famad\u0131m. O an G\u00fclseren kalkmak ister.<\/p>\n<p><a href=\"http:\/\/balcilar-blog.com\/wp-content\/uploads\/2014\/12\/Ekran-Al\u0131nt\u0131s\u0131P\u00c74.14.png\"><img loading=\"lazy\" decoding=\"async\" class=\"alignnone size-full wp-image-5495\" src=\"http:\/\/balcilar-blog.com\/wp-content\/uploads\/2014\/12\/Ekran-Al\u0131nt\u0131s\u0131P\u00c74.14.png\" alt=\"Ekran Al\u0131nt\u0131s\u0131P\u00c74.14\" width=\"535\" height=\"356\" srcset=\"https:\/\/balcilar-blog.com\/wp-content\/uploads\/2014\/12\/Ekran-Al\u0131nt\u0131s\u0131P\u00c74.14.png 535w, https:\/\/balcilar-blog.com\/wp-content\/uploads\/2014\/12\/Ekran-Al\u0131nt\u0131s\u0131P\u00c74.14-300x200.png 300w\" sizes=\"auto, (max-width: 535px) 100vw, 535px\" \/><\/a><\/p>\n<p>Cihan oturur musun, diyerek yerine oturtur. G\u00fclseren bu yapt\u0131\u011f\u0131n\u0131z do\u011fru de\u011fil. Cihan, y\u0131llar \u00f6nce bu defterin kapand\u0131\u011f\u0131n\u0131 san\u0131yordum. Seni tan\u0131d\u0131m, kapanmad\u0131\u011f\u0131n\u0131 anlad\u0131m. Kader bizi bir araya getirdi G\u00fclseren. Ben kolay olacak demiyorum, biliyorum zor olacak, \u00fcz\u00fcleceksin, ben de \u00fcz\u00fclece\u011fim. Ama bu ya\u015fad\u0131\u011f\u0131m\u0131z\u0131 kovamay\u0131z. Bir daha kap\u0131m\u0131z\u0131 \u00e7almayabilir. Ben bu riski g\u00f6ze alam\u0131yorum.<\/p>\n<p>Hazal, yerinden kakar, yola bakar. Gelen bir motosikletin \u00fcst\u00fcne sanki bilerek gider. Motor \u00e7arpar, yere d\u00fc\u015fer.<\/p>\n<p><a href=\"http:\/\/balcilar-blog.com\/wp-content\/uploads\/2014\/12\/Ekran-Al\u0131nt\u0131s\u0131P\u00c74.15.png\"><img loading=\"lazy\" decoding=\"async\" class=\"alignnone size-full wp-image-5496\" src=\"http:\/\/balcilar-blog.com\/wp-content\/uploads\/2014\/12\/Ekran-Al\u0131nt\u0131s\u0131P\u00c74.15.png\" alt=\"Ekran Al\u0131nt\u0131s\u0131P\u00c74.15\" width=\"549\" height=\"357\" srcset=\"https:\/\/balcilar-blog.com\/wp-content\/uploads\/2014\/12\/Ekran-Al\u0131nt\u0131s\u0131P\u00c74.15.png 549w, https:\/\/balcilar-blog.com\/wp-content\/uploads\/2014\/12\/Ekran-Al\u0131nt\u0131s\u0131P\u00c74.15-300x195.png 300w\" sizes=\"auto, (max-width: 549px) 100vw, 549px\" \/><\/a><\/p>\n<p>G\u00fclseren h\u0131zla kalkar, Cihan Bey kolundan tutar durdurur.<\/p>\n<p><a href=\"http:\/\/balcilar-blog.com\/wp-content\/uploads\/2014\/12\/Ekran-Al\u0131nt\u0131s\u0131P\u00c74.16.png\"><img loading=\"lazy\" decoding=\"async\" class=\"alignnone size-full wp-image-5497\" src=\"http:\/\/balcilar-blog.com\/wp-content\/uploads\/2014\/12\/Ekran-Al\u0131nt\u0131s\u0131P\u00c74.16.png\" alt=\"Ekran Al\u0131nt\u0131s\u0131P\u00c74.16\" width=\"564\" height=\"358\" srcset=\"https:\/\/balcilar-blog.com\/wp-content\/uploads\/2014\/12\/Ekran-Al\u0131nt\u0131s\u0131P\u00c74.16.png 564w, https:\/\/balcilar-blog.com\/wp-content\/uploads\/2014\/12\/Ekran-Al\u0131nt\u0131s\u0131P\u00c74.16-300x190.png 300w\" sizes=\"auto, (max-width: 564px) 100vw, 564px\" \/><\/a><\/p>\n<p>Ve burada 4.b\u00f6l\u00fcm sona erer. Hazal kaza ge\u00e7irdi \u015fimdi ne olacak? G\u00fclseren ile Cihan\u2019\u0131n bu g\u00f6n\u00fcl ili\u015fkisinin sonu nereye varacak? \u0130lerleyen b\u00f6l\u00fcmlerde hep beraber g\u00f6rece\u011fiz. \u015euna eminim, bu g\u00fczel ili\u015fki \u00e7ok iyi yerler gidecek ve izleyicini koltu\u011fa \u00e7ivileyecek gibi g\u00f6z\u00fck\u00fcyor.<\/p>\n<p>&nbsp;<\/p>\n<p>Keyifli seyirler.<\/p>\n<p>Sayg\u0131lar, sevgiler.<\/p>\n<p>Abdurrahman Balc\u0131lar<\/p>\n<p>Twitter: abdurrahman balc\u0131lar@abbalcilar<\/p>\n<p>Mail : <a href=\"mailto:ab.balcilar@hotmail.com\">ab.balcilar@hotmail.com<\/a><\/p>\n<p>Blog: milliyet.com.tr\/cansever<\/p>\n<p>Blog: balcilar-blog.com<\/p>\n<p>Not: G\u00f6rseller internetten, dizifilm.com\u2019dan ve diziden taraf\u0131mdan kopyalanm\u0131\u015ft\u0131r.<\/p>\n<p>&nbsp;<\/p>\n","protected":false},"excerpt":{"rendered":"<p>Star Tv\u2019nin yeni dizisi \u2018Parampar\u00e7a\u2019 ba\u015flayal\u0131 4 b\u00f6l\u00fcm oldu ve Pazartesi\u2019nin reytinglerini de parampar\u00e7a etti. \u00dc\u00e7 haftad\u0131r hem Total\u2019de, hem de AB\u2019de ilk s\u0131rada yer al\u0131yor. Karaday\u0131\u2019y\u0131 ikinciliye itti. Endemol T\u00fcrkiye\u2019nin yap\u0131mc\u0131s\u0131 oldu\u011fu bu dizinin \u00f6zelli\u011fi neydi? \u00d6nceki yaz\u0131mda da belirtti\u011fim gibi eski Ye\u015fil\u00e7am filmlerinde g\u00f6rd\u00fc\u011f\u00fcm\u00fcz tan\u0131d\u0131k bir konu, hastanede do\u011fum sonras\u0131 bebek kar\u0131\u015fmas\u0131 konusu [&hellip;]<\/p>\n","protected":false},"author":3,"featured_media":0,"comment_status":"open","ping_status":"open","sticky":false,"template":"","format":"standard","meta":{"footnotes":""},"categories":[2],"tags":[561,560,559,558,25],"class_list":["post-5479","post","type-post","status-publish","format-standard","hentry","category-tv-programlari","tag-endemol-turkiye","tag-erkan-petekkaya","tag-nurgul-yesilcay","tag-paramparca","tag-star-tv"],"views":6425,"blog_post_layout_featured_media_urls":{"thumbnail":"","full":""},"categories_names":{"2":{"name":"TV Programlar\u0131","link":"https:\/\/balcilar-blog.com\/?cat=2"}},"tags_names":{"561":{"name":"Endemol T\u00fcrkiye","link":"https:\/\/balcilar-blog.com\/?tag=endemol-turkiye"},"560":{"name":"Erkan Petekkaya","link":"https:\/\/balcilar-blog.com\/?tag=erkan-petekkaya"},"559":{"name":"Nurg\u00fcl Ye\u015fil\u00e7ay","link":"https:\/\/balcilar-blog.com\/?tag=nurgul-yesilcay"},"558":{"name":"Parampar\u00e7a","link":"https:\/\/balcilar-blog.com\/?tag=paramparca"},"25":{"name":"Star Tv","link":"https:\/\/balcilar-blog.com\/?tag=star-tv"}},"comments_number":"0","wpmagazine_modules_lite_featured_media_urls":{"thumbnail":"","cvmm-medium":"","cvmm-medium-plus":"","cvmm-portrait":"","cvmm-medium-square":"","cvmm-large":"","cvmm-small":"","full":""},"_links":{"self":[{"href":"https:\/\/balcilar-blog.com\/index.php?rest_route=\/wp\/v2\/posts\/5479","targetHints":{"allow":["GET"]}}],"collection":[{"href":"https:\/\/balcilar-blog.com\/index.php?rest_route=\/wp\/v2\/posts"}],"about":[{"href":"https:\/\/balcilar-blog.com\/index.php?rest_route=\/wp\/v2\/types\/post"}],"author":[{"embeddable":true,"href":"https:\/\/balcilar-blog.com\/index.php?rest_route=\/wp\/v2\/users\/3"}],"replies":[{"embeddable":true,"href":"https:\/\/balcilar-blog.com\/index.php?rest_route=%2Fwp%2Fv2%2Fcomments&post=5479"}],"version-history":[{"count":3,"href":"https:\/\/balcilar-blog.com\/index.php?rest_route=\/wp\/v2\/posts\/5479\/revisions"}],"predecessor-version":[{"id":5503,"href":"https:\/\/balcilar-blog.com\/index.php?rest_route=\/wp\/v2\/posts\/5479\/revisions\/5503"}],"wp:attachment":[{"href":"https:\/\/balcilar-blog.com\/index.php?rest_route=%2Fwp%2Fv2%2Fmedia&parent=5479"}],"wp:term":[{"taxonomy":"category","embeddable":true,"href":"https:\/\/balcilar-blog.com\/index.php?rest_route=%2Fwp%2Fv2%2Fcategories&post=5479"},{"taxonomy":"post_tag","embeddable":true,"href":"https:\/\/balcilar-blog.com\/index.php?rest_route=%2Fwp%2Fv2%2Ftags&post=5479"}],"curies":[{"name":"wp","href":"https:\/\/api.w.org\/{rel}","templated":true}]}}