{"id":5476,"date":"2014-12-23T14:22:38","date_gmt":"2014-12-23T12:22:38","guid":{"rendered":"http:\/\/balcilar-blog.com\/?p=5476"},"modified":"2014-12-23T21:34:58","modified_gmt":"2014-12-23T19:34:58","slug":"medcezirden-yeni-bir-rekor","status":"publish","type":"post","link":"https:\/\/balcilar-blog.com\/?p=5476","title":{"rendered":"MEDCEZ\u0130R&#8217;DEN YEN\u0130 B\u0130R REKOR!"},"content":{"rendered":"<p><a href=\"http:\/\/balcilar-blog.com\/wp-content\/uploads\/2014\/12\/53-2.jpg\"><img loading=\"lazy\" decoding=\"async\" class=\"alignnone size-large wp-image-5477\" src=\"http:\/\/balcilar-blog.com\/wp-content\/uploads\/2014\/12\/53-2-1024x900.jpg\" alt=\"53-2\" width=\"1024\" height=\"900\" srcset=\"https:\/\/balcilar-blog.com\/wp-content\/uploads\/2014\/12\/53-2-1024x900.jpg 1024w, https:\/\/balcilar-blog.com\/wp-content\/uploads\/2014\/12\/53-2-300x264.jpg 300w\" sizes=\"auto, (max-width: 1024px) 100vw, 1024px\" \/><\/a><\/p>\n<p><strong>Ekranlar\u0131n fenomen dizisi Medcezir&#8217;in ge\u00e7en hafta yay\u0131nlanan b\u00f6l\u00fcm\u00fcnde Yaman&#8217;\u0131n vurulmas\u0131 milyonlar\u0131 yasa bo\u011fdu. Yaman&#8217;a ne oldu\u011funu merakla bekleyen izleyiciler ise \u015fimdiden bir rekora imza att\u0131.\u00a0<\/strong><\/p>\n<p><strong>Dizinin d\u00fcn ak\u015fam ilk kez yay\u0131nlanan yeni b\u00f6l\u00fcm tan\u0131t\u0131m\u0131; Medcezir&#8217;in resmi Youtube kanal\u0131 \u00fczerinden 24 saatte 300 bin ki\u015fi taraf\u0131ndan izlenerek rekor bir say\u0131ya ula\u015ft\u0131.<\/strong><\/p>\n<p>\u00c7a\u011fatay Ulusoy ve Serenay Sar\u0131kaya&#8217;n\u0131n rol ald\u0131\u011f\u0131 Medcezir, heyecan dolu yeni b\u00f6l\u00fcm\u00fcyle 26 Aral\u0131k Cuma g\u00fcn\u00fc saat 20:30&#8217;da Star TV&#8217;de ekrana gelecek.<\/p>\n<p>&nbsp;<\/p>\n<p><strong>MEDCEZ\u0130R&#8217;DEN YEN\u0130 B\u0130R REKOR!<\/strong><\/p>\n<p>&nbsp;<\/p>\n<p><strong>Ekranlar\u0131n fenomen dizisi Medcezir&#8217;in ge\u00e7en hafta yay\u0131nlanan b\u00f6l\u00fcm\u00fcnde Yaman&#8217;\u0131n vurulmas\u0131 milyonlar\u0131 yasa bo\u011fdu. Yaman&#8217;a ne oldu\u011funu merakla bekleyen izleyiciler ise \u015fimdiden bir rekora imza att\u0131. Dizinin d\u00fcn ak\u015fam ilk kez yay\u0131nlanan yeni b\u00f6l\u00fcm tan\u0131t\u0131m\u0131; Medcezir&#8217;in resmi Youtube kanal\u0131 \u00fczerinden 24 saatte 300 bin ki\u015fi taraf\u0131ndan izlenerek rekor bir say\u0131ya ula\u015ft\u0131.<\/strong><\/p>\n<p><a href=\"http:\/\/balcilar-blog.com\/wp-content\/uploads\/2014\/12\/B5hs6qTCMAAAgez.png\"><img loading=\"lazy\" decoding=\"async\" class=\"alignnone size-full wp-image-5504\" src=\"http:\/\/balcilar-blog.com\/wp-content\/uploads\/2014\/12\/B5hs6qTCMAAAgez.png\" alt=\"B5hs6qTCMAAAgez\" width=\"599\" height=\"337\" srcset=\"https:\/\/balcilar-blog.com\/wp-content\/uploads\/2014\/12\/B5hs6qTCMAAAgez.png 599w, https:\/\/balcilar-blog.com\/wp-content\/uploads\/2014\/12\/B5hs6qTCMAAAgez-300x169.png 300w\" sizes=\"auto, (max-width: 599px) 100vw, 599px\" \/><\/a><\/p>\n<p>G\u00f6\u011fs\u00fcnden vurulan Yaman&#8217;\u0131n ameliyathanede a\u011f\u0131r bir ameliyat ge\u00e7irdi\u011fi sahnelerin yay\u0131nland\u0131\u011f\u0131 tan\u0131t\u0131mda; Mira&#8217;n\u0131n hastanede g\u00f6zya\u015flar\u0131 i\u00e7inde gergin bekleyi\u015fi ekrana geldi. Medcezir hayranlar\u0131n\u0131 sarsan yeni b\u00f6l\u00fcm tan\u0131t\u0131m\u0131 sosyal medya platformlar\u0131 Twitter ve Facebook&#8217;un g\u00fcndemini de hareketlendirdi.<\/p>\n<p>&nbsp;<\/p>\n<p><strong>MEDCEZ\u0130R HAYRANLARI YAMAN&#8217;A DUA ED\u0130YOR!<\/strong><\/p>\n<p>&nbsp;<\/p>\n<p>Medcezir hayranlar\u0131n\u0131n sosyal medya mecralar\u0131 \u00fczerinden Yaman i\u00e7in yapt\u0131\u011f\u0131 yorumlar dikkat \u00e7ekti. Yaman&#8217;\u0131n vurulmas\u0131yla g\u00f6zya\u015flar\u0131na bo\u011fulan izleyenler yeni b\u00f6l\u00fcmde Yaman&#8217;\u0131 sa\u011fl\u0131kl\u0131 g\u00f6rmek i\u00e7in dualar etmeye ba\u015flad\u0131lar. \u0130\u015fte baz\u0131 yorumlar&#8230;<\/p>\n<p>&#8211; &#8220;Yaman \u00f6l\u00fcrse kendimi \u00f6ld\u00fcr\u00fcr\u00fcm arkada\u015flar. \u00d6lmesin Yaman, \u00a0onu \u00e7ok seviyorum. Hani bir erkek bir k\u0131z\u0131 sever ya onun gibi seviyorum!&#8221;<\/p>\n<p>-&#8220;Yaman sen \u00f6l\u00fcrsen ben de \u00f6l\u00fcr\u00fcm!&#8221;<\/p>\n<p>-&#8220;D\u00fcn geceden beri dualar ediyorum Yaman i\u00e7in. Yaman l\u00fctfen g\u00fc\u00e7l\u00fc ol bizi b\u0131rakma!&#8221;<\/p>\n<p>&#8211; &#8220;Yaman sensiz ya\u015fayamam! L\u00fctfen hemen iyile\u015f Mira&#8217;ya d\u00f6n!&#8221;<\/p>\n<p>-&#8220;Yeni b\u00f6l\u00fcm\u00fc iple \u00e7ekiyoruz. Dualar\u0131m\u0131z seninle Yaman!&#8221;<\/p>\n<p>&nbsp;<\/p>\n<p>\u00c7a\u011fatay Ulusoy ve Serenay Sar\u0131kaya&#8217;n\u0131n rol ald\u0131\u011f\u0131 <strong>Medcezir<\/strong>, heyecan dolu yeni b\u00f6l\u00fcm\u00fcyle <strong>26 Aral\u0131k Cuma g\u00fcn\u00fc saat 20:30&#8217;da Star TV&#8217;de<\/strong> ekrana gelecek.<\/p>\n<p>&nbsp;<\/p>\n<p><iframe loading=\"lazy\" title=\"Medcezir 54.B\u00f6l\u00fcm Fragman 1\" width=\"640\" height=\"360\" src=\"https:\/\/www.youtube.com\/embed\/nx3TDhMfXRM?feature=oembed\" frameborder=\"0\" allow=\"accelerometer; autoplay; clipboard-write; encrypted-media; gyroscope; picture-in-picture; web-share\" referrerpolicy=\"strict-origin-when-cross-origin\" allowfullscreen><\/iframe><\/p>\n<p>&nbsp;<\/p>\n<p>NoT: Haber ve G\u00f6rseller, Ay yap\u0131m, Persona Sanat Bas\u0131n b\u00fclteninden al\u0131nm\u0131\u015ft\u0131r.<\/p>\n<p>&nbsp;<\/p>\n<p>&nbsp;<\/p>\n<p>&nbsp;<\/p>\n<p>&nbsp;<\/p>\n<p>&nbsp;<\/p>\n<p>&nbsp;<\/p>\n","protected":false},"excerpt":{"rendered":"<p>Ekranlar\u0131n fenomen dizisi Medcezir&#8217;in ge\u00e7en hafta yay\u0131nlanan b\u00f6l\u00fcm\u00fcnde Yaman&#8217;\u0131n vurulmas\u0131 milyonlar\u0131 yasa bo\u011fdu. Yaman&#8217;a ne oldu\u011funu merakla bekleyen izleyiciler ise \u015fimdiden bir rekora imza att\u0131.\u00a0 Dizinin d\u00fcn ak\u015fam ilk kez yay\u0131nlanan yeni b\u00f6l\u00fcm tan\u0131t\u0131m\u0131; Medcezir&#8217;in resmi Youtube kanal\u0131 \u00fczerinden 24 saatte 300 bin ki\u015fi taraf\u0131ndan izlenerek rekor bir say\u0131ya ula\u015ft\u0131. \u00c7a\u011fatay Ulusoy ve Serenay Sar\u0131kaya&#8217;n\u0131n [&hellip;]<\/p>\n","protected":false},"author":3,"featured_media":0,"comment_status":"open","ping_status":"open","sticky":false,"template":"","format":"standard","meta":{"footnotes":""},"categories":[2],"tags":[15,16,27,25],"class_list":["post-5476","post","type-post","status-publish","format-standard","hentry","category-tv-programlari","tag-cagatay-ulusoy","tag-medcezir","tag-serenay-sarikaya","tag-star-tv"],"views":2770,"blog_post_layout_featured_media_urls":{"thumbnail":"","full":""},"categories_names":{"2":{"name":"TV Programlar\u0131","link":"https:\/\/balcilar-blog.com\/?cat=2"}},"tags_names":{"15":{"name":"\u00e7a\u011fatay ulusoy","link":"https:\/\/balcilar-blog.com\/?tag=cagatay-ulusoy"},"16":{"name":"medcezir","link":"https:\/\/balcilar-blog.com\/?tag=medcezir"},"27":{"name":"Serenay Sar\u0131kaya","link":"https:\/\/balcilar-blog.com\/?tag=serenay-sarikaya"},"25":{"name":"Star Tv","link":"https:\/\/balcilar-blog.com\/?tag=star-tv"}},"comments_number":"0","wpmagazine_modules_lite_featured_media_urls":{"thumbnail":"","cvmm-medium":"","cvmm-medium-plus":"","cvmm-portrait":"","cvmm-medium-square":"","cvmm-large":"","cvmm-small":"","full":""},"_links":{"self":[{"href":"https:\/\/balcilar-blog.com\/index.php?rest_route=\/wp\/v2\/posts\/5476","targetHints":{"allow":["GET"]}}],"collection":[{"href":"https:\/\/balcilar-blog.com\/index.php?rest_route=\/wp\/v2\/posts"}],"about":[{"href":"https:\/\/balcilar-blog.com\/index.php?rest_route=\/wp\/v2\/types\/post"}],"author":[{"embeddable":true,"href":"https:\/\/balcilar-blog.com\/index.php?rest_route=\/wp\/v2\/users\/3"}],"replies":[{"embeddable":true,"href":"https:\/\/balcilar-blog.com\/index.php?rest_route=%2Fwp%2Fv2%2Fcomments&post=5476"}],"version-history":[{"count":4,"href":"https:\/\/balcilar-blog.com\/index.php?rest_route=\/wp\/v2\/posts\/5476\/revisions"}],"predecessor-version":[{"id":5507,"href":"https:\/\/balcilar-blog.com\/index.php?rest_route=\/wp\/v2\/posts\/5476\/revisions\/5507"}],"wp:attachment":[{"href":"https:\/\/balcilar-blog.com\/index.php?rest_route=%2Fwp%2Fv2%2Fmedia&parent=5476"}],"wp:term":[{"taxonomy":"category","embeddable":true,"href":"https:\/\/balcilar-blog.com\/index.php?rest_route=%2Fwp%2Fv2%2Fcategories&post=5476"},{"taxonomy":"post_tag","embeddable":true,"href":"https:\/\/balcilar-blog.com\/index.php?rest_route=%2Fwp%2Fv2%2Ftags&post=5476"}],"curies":[{"name":"wp","href":"https:\/\/api.w.org\/{rel}","templated":true}]}}