{"id":5349,"date":"2014-12-17T11:28:27","date_gmt":"2014-12-17T09:28:27","guid":{"rendered":"http:\/\/balcilar-blog.com\/?p=5349"},"modified":"2014-12-17T13:13:05","modified_gmt":"2014-12-17T11:13:05","slug":"cagatay-ulusoyun-yeni-web-sitesi-super-olmus","status":"publish","type":"post","link":"https:\/\/balcilar-blog.com\/?p=5349","title":{"rendered":"\u00c7a\u011fatay Ulusoy&#8217;un yeni web sitesi s\u00fcper olmu\u015f!"},"content":{"rendered":"<p><a href=\"http:\/\/balcilar-blog.com\/wp-content\/uploads\/2014\/12\/10702058_798506833524298_2631568802426498089_n.jpg\"><img loading=\"lazy\" decoding=\"async\" class=\"alignnone size-full wp-image-5378\" src=\"http:\/\/balcilar-blog.com\/wp-content\/uploads\/2014\/12\/10702058_798506833524298_2631568802426498089_n.jpg\" alt=\"10702058_798506833524298_2631568802426498089_n\" width=\"468\" height=\"355\" srcset=\"https:\/\/balcilar-blog.com\/wp-content\/uploads\/2014\/12\/10702058_798506833524298_2631568802426498089_n.jpg 468w, https:\/\/balcilar-blog.com\/wp-content\/uploads\/2014\/12\/10702058_798506833524298_2631568802426498089_n-300x227.jpg 300w\" sizes=\"auto, (max-width: 468px) 100vw, 468px\" \/><\/a><\/p>\n<p>\u00c7a\u011fatay Ulusoy&#8217;un yeni resmi web sitesini ziyaret ettiniz mi? Bence s\u00fcper \u00a0olmu\u015f. Menajeri Engin Aykanat taraf\u0131n yapt\u0131r\u0131lan bir site bu.<\/p>\n<p>T\u00fcrk\u00e7e ve \u0130ngilizce haz\u0131rlanan sitede, Ana sayfa, Biyografi, Filmografi, Showrell, Video Galeri, Bas\u0131nda ve \u0130leti\u015fim b\u00f6l\u00fcmleri mevcut.<\/p>\n<p>\u0130ngilizce ve T\u00fcrk\u00e7e haz\u0131rlanan biyografi sayfas\u0131nda k\u0131sa \u00f6z ge\u00e7mi\u015fi ve ald\u0131\u011f\u0131 \u00f6d\u00fcller s\u0131ralanm\u0131\u015f.<\/p>\n<p>Filmografi b\u00f6l\u00fcm\u00fcnde, 2011 de Ad\u0131n\u0131 Feriha Koydum, 2011 yaz\u0131nda Anadolu Kartallar\u0131 sinema filmi, 2012 y\u0131l\u0131nda Emir&#8217;in Yolu, 2013 ve 2014 y\u0131llar\u0131 Medcezir dizi tan\u0131t\u0131m afi\u015fleri yer alm\u0131\u015f.<\/p>\n<p>Showrell sayfas\u0131nda, Ad\u0131n\u0131 Feriha Koydum dizisinden bir fragman, Anadolu Kartallar\u0131 sinema filmi fragman\u0131, Emir&#8217;in yolu fragman\u0131 ve Medcezir ilk b\u00f6l\u00fcm fragman\u0131 yer almaktad\u0131r.<\/p>\n<p>Foto Galeri sayfas\u0131nda, \u00c7a\u011fatay Ulusoy&#8217;un Elle Dergi, GQ Dergi gibi dergi \u00e7ekimlerinden 15 foto\u011fraf yer alm\u0131\u015f.<\/p>\n<p><a href=\"http:\/\/balcilar-blog.com\/wp-content\/uploads\/2014\/12\/cagatay-ulusoy-u-victoria-secret-mankeni-optu-1162005.jpeg\"><img loading=\"lazy\" decoding=\"async\" class=\"alignnone size-thumbnail wp-image-5381\" src=\"http:\/\/balcilar-blog.com\/wp-content\/uploads\/2014\/12\/cagatay-ulusoy-u-victoria-secret-mankeni-optu-1162005-150x150.jpeg\" alt=\"cagatay-ulusoy-u-victoria-secret-mankeni-optu--1162005\" width=\"150\" height=\"150\" \/><\/a>\u00a0\u00a0<a href=\"http:\/\/balcilar-blog.com\/wp-content\/uploads\/2014\/12\/images-1.jpg\"><img loading=\"lazy\" decoding=\"async\" class=\"alignnone size-thumbnail wp-image-5382\" src=\"http:\/\/balcilar-blog.com\/wp-content\/uploads\/2014\/12\/images-1-150x150.jpg\" alt=\"images (1)\" width=\"150\" height=\"150\" \/><\/a>\u00a0\u00a0<a href=\"http:\/\/balcilar-blog.com\/wp-content\/uploads\/2014\/12\/images.jpg\"><img loading=\"lazy\" decoding=\"async\" class=\"alignnone size-thumbnail wp-image-5380\" src=\"http:\/\/balcilar-blog.com\/wp-content\/uploads\/2014\/12\/images-150x150.jpg\" alt=\"images\" width=\"150\" height=\"150\" \/><\/a><\/p>\n<p>Video Galeri k\u0131sm\u0131nda, Medcezir 52.B\u00f6l\u00fcmden &#8216;Kand\u0131rd\u0131m&#8217; \u015fark\u0131 s\u00f6yleme sahnesi, Elle Dergi \u00e7ekimlerinde Julie Ordon \u00e7ekim sahneleri, Basket g\u00f6sterisi, bisiklet ve y\u00fczme spor g\u00f6sterileri, dergi \u00e7ekim haz\u0131rl\u0131k sahneleri yer alm\u0131\u015f.<\/p>\n<p>Bas\u0131nda sayfas\u0131nda Elle Dergi, Voque Dergi, Voque Men ve GQ T\u00fcrkiye Dergi kapaklar\u0131 g\u00f6sterilmi\u015f.<\/p>\n<p><a href=\"http:\/\/balcilar-blog.com\/wp-content\/uploads\/2014\/12\/10441000-cu-ss.jpg\"><img loading=\"lazy\" decoding=\"async\" class=\"alignnone size-thumbnail wp-image-5388\" src=\"http:\/\/balcilar-blog.com\/wp-content\/uploads\/2014\/12\/10441000-cu-ss-150x150.jpg\" alt=\"10441000 cu-ss\" width=\"150\" height=\"150\" \/><\/a>\u00a0\u00a0<a href=\"http:\/\/balcilar-blog.com\/wp-content\/uploads\/2014\/12\/images-cu.jpg\"><img loading=\"lazy\" decoding=\"async\" class=\"alignnone size-thumbnail wp-image-5387\" src=\"http:\/\/balcilar-blog.com\/wp-content\/uploads\/2014\/12\/images-cu-150x150.jpg\" alt=\"images cu\" width=\"150\" height=\"150\" \/><\/a>\u00a0\u00a0<a href=\"http:\/\/balcilar-blog.com\/wp-content\/uploads\/2014\/12\/images-\u00e7u.jpg\"><img loading=\"lazy\" decoding=\"async\" class=\"alignnone size-thumbnail wp-image-5385\" src=\"http:\/\/balcilar-blog.com\/wp-content\/uploads\/2014\/12\/images-\u00e7u-137x150.jpg\" alt=\"images \u00e7u\" width=\"137\" height=\"150\" \/><\/a><\/p>\n<p>\u0130leti\u015fim sayfas\u0131nda, Menajeri Engin Aykanat Management telefon, adres ve mail adresi yer alm\u0131\u015ft\u0131r.<\/p>\n<p>\u00c7ok profesyonelce haz\u0131rlanm\u0131\u015f bir web sitesi, anlatmakla olmaz. Mutlaka ziyaret etmeniz laz\u0131m.<\/p>\n<p><cite class=\"_Rm\">http:\/\/cagatayulusoy.com.tr\/<\/cite><\/p>\n<p>\u00c7a\u011fatay Ulusoy&#8217;u tan\u0131tan bu web sitesinden dolay\u0131 menajeri Engin Aykanat&#8217;a te\u015fekk\u00fcr etmek laz\u0131m.<\/p>\n<p>&nbsp;<\/p>\n<p>Sayg\u0131lar, sevgiler.<\/p>\n<p>Abdurrahman Balc\u0131lar<\/p>\n<p>Twitter: abdurrahman balc\u0131lar@abbalcilar<\/p>\n<p>Mail : <a href=\"mailto:ab.balcilar@hotmail.com\">ab.balcilar@hotmail.com<\/a><\/p>\n<p>Blog: milliyet.com.tr\/cansever<\/p>\n<p>Blog: balcilar-blog.com<\/p>\n<p>&nbsp;<\/p>\n<p>&nbsp;<\/p>\n<p>&nbsp;<\/p>\n<p>&nbsp;<\/p>\n","protected":false},"excerpt":{"rendered":"<p>\u00c7a\u011fatay Ulusoy&#8217;un yeni resmi web sitesini ziyaret ettiniz mi? Bence s\u00fcper \u00a0olmu\u015f. Menajeri Engin Aykanat taraf\u0131n yapt\u0131r\u0131lan bir site bu. T\u00fcrk\u00e7e ve \u0130ngilizce haz\u0131rlanan sitede, Ana sayfa, Biyografi, Filmografi, Showrell, Video Galeri, Bas\u0131nda ve \u0130leti\u015fim b\u00f6l\u00fcmleri mevcut. \u0130ngilizce ve T\u00fcrk\u00e7e haz\u0131rlanan biyografi sayfas\u0131nda k\u0131sa \u00f6z ge\u00e7mi\u015fi ve ald\u0131\u011f\u0131 \u00f6d\u00fcller s\u0131ralanm\u0131\u015f. Filmografi b\u00f6l\u00fcm\u00fcnde, 2011 de Ad\u0131n\u0131 [&hellip;]<\/p>\n","protected":false},"author":3,"featured_media":0,"comment_status":"open","ping_status":"open","sticky":false,"template":"","format":"standard","meta":{"footnotes":""},"categories":[7],"tags":[15,565,362,566,16],"class_list":["post-5349","post","type-post","status-publish","format-standard","hentry","category-magazin","tag-cagatay-ulusoy","tag-elle-derg","tag-engin-aykanat","tag-gq-dergi","tag-medcezir"],"views":5450,"blog_post_layout_featured_media_urls":{"thumbnail":"","full":""},"categories_names":{"7":{"name":"Magazin","link":"https:\/\/balcilar-blog.com\/?cat=7"}},"tags_names":{"15":{"name":"\u00e7a\u011fatay ulusoy","link":"https:\/\/balcilar-blog.com\/?tag=cagatay-ulusoy"},"565":{"name":"Elle Derg","link":"https:\/\/balcilar-blog.com\/?tag=elle-derg"},"362":{"name":"Engin Aykanat","link":"https:\/\/balcilar-blog.com\/?tag=engin-aykanat"},"566":{"name":"GQ Dergi","link":"https:\/\/balcilar-blog.com\/?tag=gq-dergi"},"16":{"name":"medcezir","link":"https:\/\/balcilar-blog.com\/?tag=medcezir"}},"comments_number":"0","wpmagazine_modules_lite_featured_media_urls":{"thumbnail":"","cvmm-medium":"","cvmm-medium-plus":"","cvmm-portrait":"","cvmm-medium-square":"","cvmm-large":"","cvmm-small":"","full":""},"_links":{"self":[{"href":"https:\/\/balcilar-blog.com\/index.php?rest_route=\/wp\/v2\/posts\/5349","targetHints":{"allow":["GET"]}}],"collection":[{"href":"https:\/\/balcilar-blog.com\/index.php?rest_route=\/wp\/v2\/posts"}],"about":[{"href":"https:\/\/balcilar-blog.com\/index.php?rest_route=\/wp\/v2\/types\/post"}],"author":[{"embeddable":true,"href":"https:\/\/balcilar-blog.com\/index.php?rest_route=\/wp\/v2\/users\/3"}],"replies":[{"embeddable":true,"href":"https:\/\/balcilar-blog.com\/index.php?rest_route=%2Fwp%2Fv2%2Fcomments&post=5349"}],"version-history":[{"count":6,"href":"https:\/\/balcilar-blog.com\/index.php?rest_route=\/wp\/v2\/posts\/5349\/revisions"}],"predecessor-version":[{"id":5390,"href":"https:\/\/balcilar-blog.com\/index.php?rest_route=\/wp\/v2\/posts\/5349\/revisions\/5390"}],"wp:attachment":[{"href":"https:\/\/balcilar-blog.com\/index.php?rest_route=%2Fwp%2Fv2%2Fmedia&parent=5349"}],"wp:term":[{"taxonomy":"category","embeddable":true,"href":"https:\/\/balcilar-blog.com\/index.php?rest_route=%2Fwp%2Fv2%2Fcategories&post=5349"},{"taxonomy":"post_tag","embeddable":true,"href":"https:\/\/balcilar-blog.com\/index.php?rest_route=%2Fwp%2Fv2%2Ftags&post=5349"}],"curies":[{"name":"wp","href":"https:\/\/api.w.org\/{rel}","templated":true}]}}