{"id":530,"date":"2014-03-16T12:39:11","date_gmt":"2014-03-16T10:39:11","guid":{"rendered":"http:\/\/balcilar-blog.com\/?p=530"},"modified":"2014-03-16T12:40:38","modified_gmt":"2014-03-16T10:40:38","slug":"cagatay-ulusoy-set-cikisi-ezilme-tehlikesi-gecirmis","status":"publish","type":"post","link":"https:\/\/balcilar-blog.com\/?p=530","title":{"rendered":"\u00c7a\u011fatay Ulusoy, Set \u00e7\u0131k\u0131\u015f\u0131 ezilme tehlikesi ge\u00e7irmi\u015f!"},"content":{"rendered":"<p>Kategori :\u00a0<strong><a href=\"http:\/\/blog.milliyet.com.tr\/magazin\/Kategori\/?KategoriNo=312\">Magazin<\/a><\/strong><\/p>\n<p><a style=\"line-height: 1.5em;\" href=\"http:\/\/balcilar-blog.com\/wp-content\/uploads\/2014\/03\/Ekran-Al\u0131nt\u0131s\u0131-cu.png\"><img loading=\"lazy\" decoding=\"async\" class=\"alignnone size-medium wp-image-529\" alt=\"Ekran Al\u0131nt\u0131s\u0131 cu\" src=\"http:\/\/balcilar-blog.com\/wp-content\/uploads\/2014\/03\/Ekran-Al\u0131nt\u0131s\u0131-cu-300x168.png\" width=\"300\" height=\"168\" srcset=\"https:\/\/balcilar-blog.com\/wp-content\/uploads\/2014\/03\/Ekran-Al\u0131nt\u0131s\u0131-cu-300x168.png 300w, https:\/\/balcilar-blog.com\/wp-content\/uploads\/2014\/03\/Ekran-Al\u0131nt\u0131s\u0131-cu.png 641w\" sizes=\"auto, (max-width: 300px) 100vw, 300px\" \/><\/a><\/p>\n<div>\n<div>\n<div id=\"BlogDetail\">\n<p><a href=\"http:\/\/blog.milliyet.com.tr\/AramaBlog\/?search=Medcezir\" rel=\"external nofollow\">Medcezir<\/a> dizisinin yak\u0131\u015f\u0131kl\u0131 oyuncusu <a href=\"http:\/\/blog.milliyet.com.tr\/AramaBlog\/?search=%C3%87a%C4%9Fatay%20Ulusoy\" rel=\"external nofollow\">\u00c7a\u011fatay Ulusoy<\/a> \u00f6nceki g\u00fcn set bitiminde \u00e7\u0131k\u0131\u015fta sevenlerinin h\u00fccumuna u\u011fram\u0131\u015f, ka\u00e7amayan oyuncuyu onlarca seveni neredeyse eziyormu\u015f.<\/p>\n<p>Sevenlerinin sevgi seli kar\u015f\u0131s\u0131nda ne yapaca\u011f\u0131n\u0131 \u015fa\u015f\u0131ran \u00c7a\u011fatay Ulusoy, set ekibinden \u00fc\u00e7 ki\u015finin kendisine yard\u0131ma gelmesiyle, ellerinden zor kurtulabilmi\u015ftir.<\/p>\n<p>Bundan 2 y\u0131l \u00f6nce, \u201c<a href=\"http:\/\/blog.milliyet.com.tr\/AramaBlog\/?search=Ad%C4%B1n%C4%B1%20Feriha%20Koydum\" rel=\"external nofollow\">Ad\u0131n\u0131 Feriha Koydum<\/a>\u201d dizisi \u00e7ekimleri s\u0131ras\u0131nda da sevenleri kendisini rahat vermiyordu. Set etraf\u0131na saran y\u00fczlerce ki\u015fi aras\u0131ndan s\u0131yr\u0131l\u0131p \u00e7\u0131kmak \u00e7ok zor oluyordu. Bu nedenle o zamanlar kendisini korumak i\u00e7in g\u00fcvenlik g\u00f6revlisi tutulmu\u015ftur.<\/p>\n<p><img decoding=\"async\" alt=\"Ekran Al\u0131nt\u0131s\u0131.PNG 23\" src=\"http:\/\/balcilar-blog.com\/wp-content\/uploads\/2014\/03\/Ekran-Al%C4%B1nt%C4%B1s%C4%B1.PNG-23-300x146.png\" \/><\/p>\n<p>Genellikle izleyici i\u011flisine kar\u015f\u0131l\u0131k veren \u00c7a\u011fatay Ulusoy, 2012 Nisan-May\u0131s aylar\u0131nda o zaman gene sevenlerini selamlarken g\u00f6r\u00fcl\u00fcyor.<\/p>\n<p><img decoding=\"async\" alt=\"Ekran Al\u0131nt\u0131s\u0131\" src=\"http:\/\/balcilar-blog.com\/wp-content\/uploads\/2014\/03\/Ekran-Al%C4%B1nt%C4%B1s%C4%B11-300x149.png\" \/><\/p>\n<p>\u00c7a\u011fatay o y\u0131llarda trafikte bile arabas\u0131 durduruluyor, kendisinden imza isteniyor, foto\u011fraf \u00e7ektiriliyordu. Tabii trafik de alt \u00fcst oluyordu.<\/p>\n<ol>\n<li><img decoding=\"async\" alt=\"\" src=\"http:\/\/images.beyazgazete.com\/haber\/2012\/4\/18\/20120418_cagtay-ulusoy-sevgisi-trafigi-alt-ust-etti.jpg\" \/><\/li>\n<\/ol>\n<p>Medcezir dizisi ile \u00fcn\u00fcne \u00fcn katan, oyunculu\u011fu ve performans\u0131 ile sevenlerinin be\u011fenisini kazanan \u00c7a\u011fatay Ulusoy art\u0131k bir fenomen.<\/p>\n<p><a href=\"http:\/\/blog.milliyet.com.tr\/AramaBlog\/?search=Star%20Tv\" rel=\"external nofollow\">Star Tv<\/a>.in \u201cMedcezir\u201d dizisi Eyl\u00fcl 2013 tarihinden bu tarafa, 5 ayd\u0131r devam ediyor. Ge\u00e7ti\u011fimiz Cuma ak\u015fam\u0131 26.b\u00f6l\u00fcm\u00fc ekranlara geldi. Daha \u00f6nceki y\u0131llarda, \u201cAd\u0131n\u0131 Feriha Koydum\u201d dizisinde Cuma gecelerinin reyting rekortmeni idi. \u015eimdilerde de ilk b\u00f6l\u00fcmden bu yana, AB Grubunda Cuma gecelerinin vazge\u00e7ilmez 1.cisi olarak yay\u0131n\u0131na devam ediyor.<\/p>\n<p>Bu kadar ilgide, \u00c7a\u011fatay Ulusoy fakt\u00f6r\u00fc \u00e7ok \u00f6nemli. Serenay Sar\u0131kaya ile ba\u015f rol\u00fc oynayan \u00c7a\u011fatay Ulusoy, \u201cMedcezir\u201d dizisi ile uzunca bir s\u00fcre sevenleri ile birlikte olacak.<\/p>\n<p>B\u00fct\u00fcn bu nedenlerden dolay\u0131 sevenleri ekranda g\u00f6rselleri ile yetinmeyip, dizi setlerinde, sokakta, onunun elini tutmak, yanaklar\u0131ndan \u00f6pmek, foto\u011fraf \u00e7ektirmek istemesi gayet normal. \u00c7a\u011fatay da zaten bunu biliyor, sevenlerine tatl\u0131 tebess\u00fcmle cevap veriyor.<\/p>\n<p><img decoding=\"async\" alt=\"1924623_830151337012481_1031774953_n\" src=\"http:\/\/balcilar-blog.com\/wp-content\/uploads\/2014\/03\/1924623_830151337012481_1031774953_n-300x150.jpg\" \/><\/p>\n<p>\u015e\u00f6hret olman\u0131n bedeli de bu olsa gerek.<\/p>\n<p>Sayg\u0131lar, sevgiler.<\/p>\n<p>Abdurrahman Balc\u0131lar<\/p>\n<p>Twitter: abdurrahman balc\u0131lar@abbalcilar<\/p>\n<p>Mail : <a href=\"mailto:ab.balcilar@hotmail.com\" target=\"_blank\">ab.balcilar@hotmail.com<\/a><\/p>\n<p>Blog: milliyet.com.tr\/cansever<\/p>\n<p>Blog: balcilar-blog.com<\/p>\n<p>Not: G\u00f6rseller internetten al\u0131nm\u0131\u015ft\u0131r.<\/p>\n<\/div>\n<\/div>\n<\/div>\n<p>&nbsp;<\/p>\n","protected":false},"excerpt":{"rendered":"<p>Kategori :\u00a0Magazin Medcezir dizisinin yak\u0131\u015f\u0131kl\u0131 oyuncusu \u00c7a\u011fatay Ulusoy \u00f6nceki g\u00fcn set bitiminde \u00e7\u0131k\u0131\u015fta sevenlerinin h\u00fccumuna u\u011fram\u0131\u015f, ka\u00e7amayan oyuncuyu onlarca seveni neredeyse eziyormu\u015f. Sevenlerinin sevgi seli kar\u015f\u0131s\u0131nda ne yapaca\u011f\u0131n\u0131 \u015fa\u015f\u0131ran \u00c7a\u011fatay Ulusoy, set ekibinden \u00fc\u00e7 ki\u015finin kendisine yard\u0131ma gelmesiyle, ellerinden zor kurtulabilmi\u015ftir. Bundan 2 y\u0131l \u00f6nce, \u201cAd\u0131n\u0131 Feriha Koydum\u201d dizisi \u00e7ekimleri s\u0131ras\u0131nda da sevenleri kendisini rahat [&hellip;]<\/p>\n","protected":false},"author":3,"featured_media":0,"comment_status":"open","ping_status":"open","sticky":false,"template":"","format":"standard","meta":{"footnotes":""},"categories":[7],"tags":[42,15,16,27,25],"class_list":["post-530","post","type-post","status-publish","format-standard","hentry","category-magazin","tag-adini-feriha-koydum","tag-cagatay-ulusoy","tag-medcezir","tag-serenay-sarikaya","tag-star-tv"],"views":3510,"blog_post_layout_featured_media_urls":{"thumbnail":"","full":""},"categories_names":{"7":{"name":"Magazin","link":"https:\/\/balcilar-blog.com\/?cat=7"}},"tags_names":{"42":{"name":"Ad\u0131n\u0131 Feriha Koydum","link":"https:\/\/balcilar-blog.com\/?tag=adini-feriha-koydum"},"15":{"name":"\u00e7a\u011fatay ulusoy","link":"https:\/\/balcilar-blog.com\/?tag=cagatay-ulusoy"},"16":{"name":"medcezir","link":"https:\/\/balcilar-blog.com\/?tag=medcezir"},"27":{"name":"Serenay Sar\u0131kaya","link":"https:\/\/balcilar-blog.com\/?tag=serenay-sarikaya"},"25":{"name":"Star Tv","link":"https:\/\/balcilar-blog.com\/?tag=star-tv"}},"comments_number":"0","wpmagazine_modules_lite_featured_media_urls":{"thumbnail":"","cvmm-medium":"","cvmm-medium-plus":"","cvmm-portrait":"","cvmm-medium-square":"","cvmm-large":"","cvmm-small":"","full":""},"_links":{"self":[{"href":"https:\/\/balcilar-blog.com\/index.php?rest_route=\/wp\/v2\/posts\/530","targetHints":{"allow":["GET"]}}],"collection":[{"href":"https:\/\/balcilar-blog.com\/index.php?rest_route=\/wp\/v2\/posts"}],"about":[{"href":"https:\/\/balcilar-blog.com\/index.php?rest_route=\/wp\/v2\/types\/post"}],"author":[{"embeddable":true,"href":"https:\/\/balcilar-blog.com\/index.php?rest_route=\/wp\/v2\/users\/3"}],"replies":[{"embeddable":true,"href":"https:\/\/balcilar-blog.com\/index.php?rest_route=%2Fwp%2Fv2%2Fcomments&post=530"}],"version-history":[{"count":3,"href":"https:\/\/balcilar-blog.com\/index.php?rest_route=\/wp\/v2\/posts\/530\/revisions"}],"predecessor-version":[{"id":533,"href":"https:\/\/balcilar-blog.com\/index.php?rest_route=\/wp\/v2\/posts\/530\/revisions\/533"}],"wp:attachment":[{"href":"https:\/\/balcilar-blog.com\/index.php?rest_route=%2Fwp%2Fv2%2Fmedia&parent=530"}],"wp:term":[{"taxonomy":"category","embeddable":true,"href":"https:\/\/balcilar-blog.com\/index.php?rest_route=%2Fwp%2Fv2%2Fcategories&post=530"},{"taxonomy":"post_tag","embeddable":true,"href":"https:\/\/balcilar-blog.com\/index.php?rest_route=%2Fwp%2Fv2%2Ftags&post=530"}],"curies":[{"name":"wp","href":"https:\/\/api.w.org\/{rel}","templated":true}]}}