{"id":5293,"date":"2014-12-13T17:08:59","date_gmt":"2014-12-13T15:08:59","guid":{"rendered":"http:\/\/balcilar-blog.com\/?p=5293"},"modified":"2014-12-14T15:43:09","modified_gmt":"2014-12-14T13:43:09","slug":"medcezir-yamana-yapilan-vantuzella-tam-bir-esek-sakasi","status":"publish","type":"post","link":"https:\/\/balcilar-blog.com\/?p=5293","title":{"rendered":"Medcezir \/ Yaman\u2019a yap\u0131lan Vantuzella tam bir e\u015fek \u015fakas\u0131!"},"content":{"rendered":"<p><a href=\"http:\/\/balcilar-blog.com\/wp-content\/uploads\/2014\/12\/Ekran-Al\u0131nt\u0131s\u0131MD52.KP_.png\"><img loading=\"lazy\" decoding=\"async\" class=\"alignnone size-full wp-image-5323\" src=\"http:\/\/balcilar-blog.com\/wp-content\/uploads\/2014\/12\/Ekran-Al\u0131nt\u0131s\u0131MD52.KP_.png\" alt=\"Ekran Al\u0131nt\u0131s\u0131MD52.KP\" width=\"729\" height=\"430\" srcset=\"https:\/\/balcilar-blog.com\/wp-content\/uploads\/2014\/12\/Ekran-Al\u0131nt\u0131s\u0131MD52.KP_.png 729w, https:\/\/balcilar-blog.com\/wp-content\/uploads\/2014\/12\/Ekran-Al\u0131nt\u0131s\u0131MD52.KP_-300x176.png 300w\" sizes=\"auto, (max-width: 729px) 100vw, 729px\" \/><\/a><\/p>\n<p>Star Tv\u2019nin fenomen dizisi Medcezir\u2019in 52.b\u00f6l\u00fcm\u00fcnde Yaman\u2019a yap\u0131lan Vantuzella \u015fakas\u0131, tam bir e\u015fek \u015fakas\u0131yd\u0131! Mira gene eski k\u0131skan\u00e7l\u0131k g\u00fcnlerine mi d\u00f6nd\u00fc? Seven kad\u0131n k\u0131skan\u0131r anlad\u0131k da, Yaman\u2019a yapt\u0131\u011f\u0131n bu \u015faka ile Alt\u0131nkoy gen\u00e7leri aras\u0131nda sevdi\u011fin adam\u0131 rezil ettin be Mira\u2026<\/p>\n<p>Yaman\u2019\u0131n bu k\u00f6t\u00fc \u015fakan\u0131n etkisinden gitar\u0131 eline alarak s\u00f6yledi\u011fi \u201cKand\u0131rd\u0131m\u201d \u015fark\u0131s\u0131 ile ortal\u0131\u011f\u0131 bir nebze yumu\u015fatm\u0131\u015f, Alt\u0131nkoy gen\u00e7lerini co\u015fturmu\u015ftur.<\/p>\n<p>Bu b\u00f6l\u00fcmde en \u00e7ok panikleyen ve s\u0131k\u0131nt\u0131ya d\u00fc\u015fen Sude Han\u0131m olur. CD\u2019nin polislerin eline ge\u00e7mesi demek hayat\u0131n\u0131n bitti\u011fi anlam\u0131na geldi\u011fini d\u00fc\u015f\u00fcnd\u00fck\u00e7e \u00e7\u0131ld\u0131r\u0131r.<\/p>\n<p>Bu 52.b\u00f6l\u00fcm \u00f6nceki iki b\u00f6l\u00fcme g\u00f6re biraz yavand\u0131, s\u00f6n\u00fck ge\u00e7ti. Ama reytingler iyi, her iki kategoride de 2.s\u0131rada yer alm\u0131\u015f.<\/p>\n<p>Bence Medcezir hikayede s\u0131k\u0131nt\u0131 \u00e7ekmeye ba\u015flad\u0131. 12 b\u00f6l\u00fcm \u00f6nce, ekranda bir dakika Yaman ile g\u00f6r\u00fcn\u00fcp \u00f6p\u00fc\u015fen bir figuran k\u0131z\u0131 tekrar d\u00f6n\u00fcp dola\u015f\u0131p hikayeye sokuyorsa s\u0131k\u0131nt\u0131 var demektir. Senaristimiz Ece Y\u00f6ren\u00e7 bu konuda biraz daha kafa yormal\u0131 diyorum.<\/p>\n<p>Medcezir\u2019den beklentiler \u00e7ok daha artt\u0131. \u0130zleyici Uluda\u011f tatil b\u00f6l\u00fcm\u00fc gibi s\u00fcper b\u00f6l\u00fcmler bekler oldular. 2 b\u00f6l\u00fcm sonra \u00f6n\u00fcm\u00fczde y\u0131lba\u015f\u0131 b\u00f6l\u00fcm\u00fc f\u0131rsat\u0131 var. \u015eayet tekrar g\u00fczel bir b\u00f6l\u00fcm ortaya koyabilirlerse, izleyiciyi toparlay\u0131p tekrar birinci s\u0131ralara \u00e7\u0131kabilirler. Yoksa \u00fcmitler 2015\u2019e kayacak. \u00c7a\u011fatay Ulusoy gibi s\u00fcper bir oyuncu var ellerinde. TV8\u2019in \u00c7a\u011fatay Ulusoy\u2019u Hazal Kaya ile Maral dizisinde oynatacakm\u0131\u015f dedikodular\u0131 bile Medcezir\u2019i sallamaya yetti. Medcezir\u2019den ba\u015frol oyuncusu \u00c7a\u011fatay Ulusoy giderse bu dizi biter. Benden s\u00f6ylemesi. Laf \u00c7a\u011fatay Ulusoy&#8217;dan a\u00e7\u0131lm\u0131\u015fken sa\u00e7 stili ile ilgili g\u00f6rd\u00fcklerimi s\u00f6ylemek istiyorum. Dizide Yaman&#8217;\u0131n sa\u00e7 stili ile \u00e7ok oynad\u0131lar. Ba\u015flang\u0131\u00e7ta \u00e7irkinle\u015ftirmek, sokak \u00e7ocu\u011funa benzetilmek i\u00e7in uzat\u0131ld\u0131, \u00f6ne tarand\u0131, olmad\u0131 yukar\u0131 tarand\u0131, yandan ayr\u0131ld\u0131. Ar\u0131k sa\u00e7 stilini bir \u015fekilde karar verin. Birde sa\u00e7 rengi b\u00f6l\u00fcm ba\u015f\u0131nda bak\u0131yorsun siyah, sonra kumral, sonlarda sar\u0131ya d\u00f6n\u00fcyor. Bu kadar da oynanmaz ki. Kendisine yak\u0131\u015fan neyse odur.<\/p>\n<p>Gelelim 52.b\u00f6l\u00fcmde neler oldu\u011funa;<\/p>\n<p>Ge\u00e7en b\u00f6l\u00fcmde Nadir Bey tutuklanm\u0131\u015f, tahditler savurarak polis arabas\u0131na bindirilip g\u00f6t\u00fcr\u00fclm\u00fc\u015ft\u00fc.<\/p>\n<p><a href=\"http:\/\/balcilar-blog.com\/wp-content\/uploads\/2014\/12\/Ekran-Al\u0131nt\u0131s\u0131mMD52.1.png\"><img loading=\"lazy\" decoding=\"async\" class=\"alignnone size-full wp-image-5334\" src=\"http:\/\/balcilar-blog.com\/wp-content\/uploads\/2014\/12\/Ekran-Al\u0131nt\u0131s\u0131mMD52.1.png\" alt=\"Ekran Al\u0131nt\u0131s\u0131mMD52.1\" width=\"649\" height=\"465\" srcset=\"https:\/\/balcilar-blog.com\/wp-content\/uploads\/2014\/12\/Ekran-Al\u0131nt\u0131s\u0131mMD52.1.png 649w, https:\/\/balcilar-blog.com\/wp-content\/uploads\/2014\/12\/Ekran-Al\u0131nt\u0131s\u0131mMD52.1-300x214.png 300w\" sizes=\"auto, (max-width: 649px) 100vw, 649px\" \/><\/a><\/p>\n<p>Ne yapaca\u011f\u0131n\u0131 bilmeyen Leyla ortada kalm\u0131\u015f, birazda Cengiz Beyin kollar\u0131na b\u0131rakm\u0131\u015ft\u0131r kendisini. Yaman\u2019\u0131n kendisini g\u00f6t\u00fcrmek istemesini kabul etmemi\u015ftir.<\/p>\n<p>Selim Bey su\u00e7u \u00fcstlenen adam\u0131n \u00fcst\u00fcne gider, hapishanede ziyaret eder, ama konu\u015fturamaz. Sinan\u2019\u0131 ben \u00f6ld\u00fcrd\u00fcm demektedir.<\/p>\n<p>Yaz tatilinde Ka\u015f\u2019tan tan\u0131d\u0131klar\u0131 Salih Abilerinin Yaman\u2019\u0131 aramas\u0131 ve Antalya\u2019l\u0131 k\u0131z Sibel\u2019in kendizisini arad\u0131\u011f\u0131n\u0131 s\u00f6ylemesi \u015fakan\u0131n kayna\u011f\u0131 olur. Mert\u2019in yap\u0131\u015fkan biri oldu\u011fu i\u00e7in &#8216;vantuzella&#8217; ad\u0131n\u0131 verdi\u011fi k\u0131z Sibel\u2019in ad\u0131n\u0131n bile ge\u00e7mesi Mira\u2019y\u0131 gene k\u0131skan\u00e7l\u0131k krizine sokar.<\/p>\n<p><a href=\"http:\/\/balcilar-blog.com\/wp-content\/uploads\/2014\/12\/Ekran-Al\u0131nt\u0131s\u0131MD52.2A.png\"><img loading=\"lazy\" decoding=\"async\" class=\"alignnone size-medium wp-image-5295\" src=\"http:\/\/balcilar-blog.com\/wp-content\/uploads\/2014\/12\/Ekran-Al\u0131nt\u0131s\u0131MD52.2A-300x196.png\" alt=\"Ekran Al\u0131nt\u0131s\u0131MD52.2A\" width=\"300\" height=\"196\" srcset=\"https:\/\/balcilar-blog.com\/wp-content\/uploads\/2014\/12\/Ekran-Al\u0131nt\u0131s\u0131MD52.2A-300x196.png 300w, https:\/\/balcilar-blog.com\/wp-content\/uploads\/2014\/12\/Ekran-Al\u0131nt\u0131s\u0131MD52.2A.png 706w\" sizes=\"auto, (max-width: 300px) 100vw, 300px\" \/><\/a>\u00a0<a href=\"http:\/\/balcilar-blog.com\/wp-content\/uploads\/2014\/12\/Ekran-Al\u0131nt\u0131s\u0131MD52.2B.png\"><img loading=\"lazy\" decoding=\"async\" class=\"alignnone size-medium wp-image-5296\" src=\"http:\/\/balcilar-blog.com\/wp-content\/uploads\/2014\/12\/Ekran-Al\u0131nt\u0131s\u0131MD52.2B-300x196.png\" alt=\"Ekran Al\u0131nt\u0131s\u0131MD52.2B\" width=\"300\" height=\"196\" srcset=\"https:\/\/balcilar-blog.com\/wp-content\/uploads\/2014\/12\/Ekran-Al\u0131nt\u0131s\u0131MD52.2B-300x196.png 300w, https:\/\/balcilar-blog.com\/wp-content\/uploads\/2014\/12\/Ekran-Al\u0131nt\u0131s\u0131MD52.2B.png 704w\" sizes=\"auto, (max-width: 300px) 100vw, 300px\" \/><\/a><\/p>\n<p>Yaman Mira\u2019y\u0131 sakinle\u015ftirmek i\u00e7in epeyce \u00e7abalar. Mira Eyl\u00fcl ile yaz\u0131n Yaman\u2019\u0131n birlikte oldu\u011fu k\u0131z Sibel\u2019i konu\u015furlar. Eyl\u00fcl b\u00fct\u00fcn bunlar\u0131 bilen Elif\u2019ten yard\u0131m almaya karar verirler.<\/p>\n<p>Nadir Bey, adam\u0131 Cengiz\u2019den \u00e7ekinmektedir. Has adam\u0131 Cengiz ma\u015fas\u0131d\u0131r, Nadir Beyin b\u00fct\u00fcn yapt\u0131\u011f\u0131 kirli i\u015fleri ve cinayetlerini bilmektedir. Giray da Nadir Bey konu\u015fur diyerek paniklemektedir. Cengiz Bey onu sakinle\u015ftir.<\/p>\n<p>Polis Nadir Beyin evinde ne var, ne yoksa b\u00fct\u00fcn dosyalar\u0131 al\u0131r g\u00f6t\u00fcr\u00fcr. Bunu g\u00f6ren Sude Han\u0131m g\u00f6r\u00fcnce \u00e7ok korkar. Y\u00fcz\u00fc bembeyaz olur, Ay\u015fe su vererek ona yard\u0131mc\u0131 olur.<\/p>\n<p>Yaman b\u00fcroda Mert ile beraberdir. Yaman gazetelerden i\u015f aramaya ba\u015flar. Mert\u2019e \u015firket i\u00e7in imzalanacak dosyalar \u00f6n\u00fcne konur.\u00a0 Babam imzalas\u0131n dese de, imzalar. Yaman, evrak\u0131 g\u00f6z atar. Oh ha\u2026 O\u011flum sen baya zengin bir adamm\u0131\u015fs\u0131n. Bundan sonra ben sana Mert Bey demeye ba\u015flayay\u0131m, der.<\/p>\n<p><a href=\"http:\/\/balcilar-blog.com\/wp-content\/uploads\/2014\/12\/Ekran-Al\u0131nt\u0131s\u0131MD52.3.png\"><img loading=\"lazy\" decoding=\"async\" class=\"alignnone size-full wp-image-5335\" src=\"http:\/\/balcilar-blog.com\/wp-content\/uploads\/2014\/12\/Ekran-Al\u0131nt\u0131s\u0131MD52.3.png\" alt=\"Ekran Al\u0131nt\u0131s\u0131MD52.3\" width=\"654\" height=\"471\" srcset=\"https:\/\/balcilar-blog.com\/wp-content\/uploads\/2014\/12\/Ekran-Al\u0131nt\u0131s\u0131MD52.3.png 654w, https:\/\/balcilar-blog.com\/wp-content\/uploads\/2014\/12\/Ekran-Al\u0131nt\u0131s\u0131MD52.3-300x216.png 300w\" sizes=\"auto, (max-width: 654px) 100vw, 654px\" \/><\/a><\/p>\n<p>Mert, ben de \u00e7al\u0131\u015fcam, i\u015f ara der. Yaman gazeteyi eline verir, kendin ara.<\/p>\n<p>Mira, Eyl\u00fcl ile okulda o k\u0131zdan konu\u015furlar. Eyl\u00fcl, sen yokkan ne olmu\u015fsa olmu\u015f. B\u0131rak bu k\u0131skan\u00e7l\u0131lar\u0131 niye olmu\u015f bitmi\u015fleri kurcal\u0131yorsun deyince Mira, ben onsuzlu\u011fu hi\u00e7 kabullenmedim, hi\u00e7 kimseye bakmad\u0131m. O k\u0131zla sevgili oldu, sonra onu da b\u0131rakt\u0131. Burada Elif ile birlikte oldu. Ben birbirimize sad\u0131k kald\u0131m. Eyl\u00fcl, as\u0131l g\u00f6rg\u00fc \u015fahidi Elif\u2019i arar. Yaman\u2019a bir \u015faka yapacaklar\u0131n\u0131 s\u00f6yleyip yanlar\u0131na \u00e7a\u011f\u0131r\u0131rlar.<\/p>\n<p>Yaman ile Mert gazetelerde i\u015f ilan\u0131 ararken Selim Bey gelir. Yaman, Nadir Bey davas\u0131n\u0131 sorar. Selim Bey, yard\u0131mc\u0131s\u0131 Cengiz\u2019in \u00fczerine gidece\u011fini, Yurt d\u0131\u015f\u0131n\u0131 \u00e7\u0131k\u0131\u015f yasa\u011f\u0131 ald\u0131rd\u0131\u011f\u0131n\u0131 s\u00f6yler. O s\u0131rada Mert ve Yaman\u2019a \u00f6\u011fle yeme\u011fi i\u00e7in tost gelir. Mert, babas\u0131na i\u015f arad\u0131\u011f\u0131n\u0131 s\u00f6yler. Selim Bey, niye tost s\u00f6ylediniz ben sizi yeme\u011fe g\u00f6t\u00fcreyim, birlikte \u00e7\u0131karlar.<\/p>\n<p><a href=\"http:\/\/balcilar-blog.com\/wp-content\/uploads\/2014\/12\/Ekran-Al\u0131nt\u0131s\u0131MD52.4.png\"><img loading=\"lazy\" decoding=\"async\" class=\"alignnone size-full wp-image-5336\" src=\"http:\/\/balcilar-blog.com\/wp-content\/uploads\/2014\/12\/Ekran-Al\u0131nt\u0131s\u0131MD52.4.png\" alt=\"Ekran Al\u0131nt\u0131s\u0131MD52.4\" width=\"650\" height=\"467\" srcset=\"https:\/\/balcilar-blog.com\/wp-content\/uploads\/2014\/12\/Ekran-Al\u0131nt\u0131s\u0131MD52.4.png 650w, https:\/\/balcilar-blog.com\/wp-content\/uploads\/2014\/12\/Ekran-Al\u0131nt\u0131s\u0131MD52.4-300x215.png 300w\" sizes=\"auto, (max-width: 650px) 100vw, 650px\" \/><\/a><\/p>\n<p>Sude Han\u0131m\u0131 arabada g\u00f6ren Kenan yay\u0131na gelir. Ne oldu diye sorar: Sude, art\u0131k d\u00f6n\u00fc\u015f\u00fc olmayan bir yola girdik. Allah kahretsin diyerek direksiyonu d\u00f6ver. Kenan arabaya yan\u0131na oturur, itibars\u0131z bir kad\u0131n olaca\u011f\u0131m. Kenan, anlat bana bir \u00e7\u00f6z\u00fcm bulal\u0131m. Sude, g\u00f6r\u00fcnt\u00fclerin yak\u0131nda ortaya \u00e7\u0131kaca\u011f\u0131n\u0131, As\u0131m Beyin onu bo\u015fayaca\u011f\u0131n\u0131 s\u00f6yler.<\/p>\n<p>K\u0131zlar alt katta kantinde, Yaman\u2019a nas\u0131l bir \u015faka yapacaklr\u0131n\u0131 konu\u015furken, Yaman\u2019lar da oraya gelir. K\u0131zlar hemen saklan\u0131rlar.<\/p>\n<p>Leyla, Nadir Beye g\u00f6r\u00fc\u015fmeye girer. Cengiz Beyin selam\u0131n\u0131 ve notunu getirir. Cengiz Bey tehdit olarak g\u00f6nderdi\u011fi bu mesaj Nadir\u2019in can\u0131n\u0131 \u00e7ok s\u0131kar. Her\u015feyin yar\u0131s\u0131n\u0131 ister ve aralar\u0131nda adil bir ayr\u0131l\u0131k istemektedir. Yoksa yakar\u0131m seni, fazla zaman\u0131n yok. Nadir defol diyerek Leyla\u2019y\u0131 kovalar.<\/p>\n<p>K\u0131zlar Elif\u2019i Yaman\u2019a telefon ettirirler. Elif, tatilde vedala\u015ft\u0131\u011f\u0131n k\u0131z var ya Sibel, bu g\u00fcn okuldayd\u0131, seni soruyordu. Kar\u015f\u0131na \u00e7\u0131karsa \u015fa\u015f\u0131rma. Yaman, hadi ya\u2026 Diyerek can\u0131n\u0131n s\u0131k\u0131ld\u0131\u011f\u0131n\u0131 hissettirir. Selim Bey, arabada giderken yaz\u0131n yedi\u011fin hurmalar\u2026 Laf\u0131n sonunu getirmez.<\/p>\n<p><a href=\"http:\/\/balcilar-blog.com\/wp-content\/uploads\/2014\/12\/Ekran-Al\u0131nt\u0131s\u0131MD52.5.png\"><img loading=\"lazy\" decoding=\"async\" class=\"alignnone size-full wp-image-5299\" src=\"http:\/\/balcilar-blog.com\/wp-content\/uploads\/2014\/12\/Ekran-Al\u0131nt\u0131s\u0131MD52.5.png\" alt=\"Ekran Al\u0131nt\u0131s\u0131MD52.5\" width=\"713\" height=\"478\" srcset=\"https:\/\/balcilar-blog.com\/wp-content\/uploads\/2014\/12\/Ekran-Al\u0131nt\u0131s\u0131MD52.5.png 713w, https:\/\/balcilar-blog.com\/wp-content\/uploads\/2014\/12\/Ekran-Al\u0131nt\u0131s\u0131MD52.5-300x201.png 300w\" sizes=\"auto, (max-width: 713px) 100vw, 713px\" \/><\/a><\/p>\n<p>Selim Bey ile \u00e7ocuklar eve geldiklerinde, i\u00e7eride Sedef babas\u0131 As\u0131m Bey ile y\u00fcksek sesle konu\u015fuyordur. Mert ile Yaman i\u00e7eri girmez, Selim Bey kap\u0131dan dinler. Bana do\u011fruyu s\u00f6yle o adam ile aranda ne var? Yeniden mi hapse girmek istiyorsun. As\u0131m, bey Nadir Bakt\u0131ro\u011flu ile aralar\u0131nda hi\u00e7bir \u015fey olmad\u0131\u011f\u0131n\u0131 inkar eder, yok der. O s\u0131rada Selim\u2019i g\u00f6r\u00fcr. Sedef, baba ben seni seviyorum der ve a\u011flar. As\u0131m Bey kap\u0131y\u0131 \u00e7apar gider. Sedef Selim\u2019e sar\u0131l\u0131r a\u011flamaya devam eder.<\/p>\n<p><a href=\"http:\/\/balcilar-blog.com\/wp-content\/uploads\/2014\/12\/Ekran-Al\u0131nt\u0131s\u0131MD52.6.png\"><img loading=\"lazy\" decoding=\"async\" class=\"alignnone size-full wp-image-5300\" src=\"http:\/\/balcilar-blog.com\/wp-content\/uploads\/2014\/12\/Ekran-Al\u0131nt\u0131s\u0131MD52.6.png\" alt=\"Ekran Al\u0131nt\u0131s\u0131MD52.6\" width=\"693\" height=\"467\" srcset=\"https:\/\/balcilar-blog.com\/wp-content\/uploads\/2014\/12\/Ekran-Al\u0131nt\u0131s\u0131MD52.6.png 693w, https:\/\/balcilar-blog.com\/wp-content\/uploads\/2014\/12\/Ekran-Al\u0131nt\u0131s\u0131MD52.6-300x202.png 300w\" sizes=\"auto, (max-width: 693px) 100vw, 693px\" \/><\/a><\/p>\n<p>Yaman annesine kurs evraklar\u0131n\u0131 sorar. Nevin Han\u0131m, akl\u0131m Kenan\u2019da. Nadir Beyin Kenan\u2019a bir k\u00f6t\u00fcl\u00fc\u011f\u00fc dokunursa\u2026 Yaman, ben art\u0131k Kenan i\u00e7in endi\u015felenmeyi b\u0131rakt\u0131m, bence sen de \u00f6yle yap.<\/p>\n<p><a href=\"http:\/\/balcilar-blog.com\/wp-content\/uploads\/2014\/12\/Ekran-Al\u0131nt\u0131s\u0131MD52.7.png\"><img loading=\"lazy\" decoding=\"async\" class=\"alignnone size-full wp-image-5301\" src=\"http:\/\/balcilar-blog.com\/wp-content\/uploads\/2014\/12\/Ekran-Al\u0131nt\u0131s\u0131MD52.7.png\" alt=\"Ekran Al\u0131nt\u0131s\u0131MD52.7\" width=\"703\" height=\"466\" srcset=\"https:\/\/balcilar-blog.com\/wp-content\/uploads\/2014\/12\/Ekran-Al\u0131nt\u0131s\u0131MD52.7.png 703w, https:\/\/balcilar-blog.com\/wp-content\/uploads\/2014\/12\/Ekran-Al\u0131nt\u0131s\u0131MD52.7-300x198.png 300w\" sizes=\"auto, (max-width: 703px) 100vw, 703px\" \/><\/a><\/p>\n<p>Sude Han\u0131m, Tozludere\u2019ye Kenan\u2019\u0131n evine gider. Ge\u00e7mi\u015fteki annesi ile konu\u015fmalar\u0131n\u0131, magazin dergilerini elinden al\u0131p yakmas\u0131n\u0131 hat\u0131rlar. Kenan yiyecek getirir. Kendisi bir \u015feyler haz\u0131rlarken onun dinlenmesini s\u00f6yler<\/p>\n<p>Sude, Kenan\u2019\u0131n yata\u011f\u0131na yatar. Kenan, sen dinlen sonra uzun uzun konu\u015furuz. Bu gece buradas\u0131n, hi\u00e7bir yere yollamayaca\u011f\u0131m seni.<\/p>\n<p><a href=\"http:\/\/balcilar-blog.com\/wp-content\/uploads\/2014\/12\/Ekran-Al\u0131nt\u0131s\u0131MD52.9.png\"><img loading=\"lazy\" decoding=\"async\" class=\"alignnone size-full wp-image-5302\" src=\"http:\/\/balcilar-blog.com\/wp-content\/uploads\/2014\/12\/Ekran-Al\u0131nt\u0131s\u0131MD52.9.png\" alt=\"Ekran Al\u0131nt\u0131s\u0131MD52.9\" width=\"701\" height=\"473\" srcset=\"https:\/\/balcilar-blog.com\/wp-content\/uploads\/2014\/12\/Ekran-Al\u0131nt\u0131s\u0131MD52.9.png 701w, https:\/\/balcilar-blog.com\/wp-content\/uploads\/2014\/12\/Ekran-Al\u0131nt\u0131s\u0131MD52.9-300x202.png 300w\" sizes=\"auto, (max-width: 701px) 100vw, 701px\" \/><\/a><\/p>\n<p>Yaman bah\u00e7ede d\u00f6k\u00fclen sonbahar yapraklar\u0131n\u0131 temizler. Sonra i\u00e7eride g\u00f6rd\u00fc\u011f\u00fc Mira\u2019y\u0131 seslenir. Mira\u2019n\u0131n yan\u0131nda Orkun vard\u0131r. Orkun \u00e7\u0131kar, Yaman\u2019a selam verir. Selim Serez orta\u011f\u0131mla u\u011fra\u015f\u0131yor. Yaman bir pislik varsa i\u015fin ba\u015f\u0131nda \u00e7\u0131ks\u0131n. Orkun, sen kafan\u0131 yorma. Orkun Mira\u2019y\u0131 veda eder, gider.<\/p>\n<p><a href=\"http:\/\/balcilar-blog.com\/wp-content\/uploads\/2014\/12\/Ekran-Al\u0131nt\u0131s\u0131MD52.KP1_.png\"><img loading=\"lazy\" decoding=\"async\" class=\"alignnone size-full wp-image-5324\" src=\"http:\/\/balcilar-blog.com\/wp-content\/uploads\/2014\/12\/Ekran-Al\u0131nt\u0131s\u0131MD52.KP1_.png\" alt=\"Ekran Al\u0131nt\u0131s\u0131MD52.KP1\" width=\"628\" height=\"429\" srcset=\"https:\/\/balcilar-blog.com\/wp-content\/uploads\/2014\/12\/Ekran-Al\u0131nt\u0131s\u0131MD52.KP1_.png 628w, https:\/\/balcilar-blog.com\/wp-content\/uploads\/2014\/12\/Ekran-Al\u0131nt\u0131s\u0131MD52.KP1_-300x204.png 300w\" sizes=\"auto, (max-width: 628px) 100vw, 628px\" \/><\/a><\/p>\n<p>Mira, ak\u015fama babas\u0131n\u0131n Eyl\u00fcl\u2019\u00fcn ailesi ile Orkun\u2019u yeme\u011fe davet etti\u011fini s\u00f6yler. Yaman\u2019a sen de gel istersen. Yaman, benim i\u015fim var. Leyla\u2019y\u0131 u\u011frayaca\u011f\u0131m. Mira yoksa, vantuzella ile mi bulu\u015facaks\u0131n? Yaman, sen nerden biliyorsun geldi\u011fini. Mira, gelmi\u015f mi? Mira, Elif biliyor, ben bilmiyorum.<\/p>\n<p><a href=\"http:\/\/balcilar-blog.com\/wp-content\/uploads\/2014\/12\/Ekran-Al\u0131nt\u0131s\u0131MD52.10.png\"><img loading=\"lazy\" decoding=\"async\" class=\"alignnone size-full wp-image-5303\" src=\"http:\/\/balcilar-blog.com\/wp-content\/uploads\/2014\/12\/Ekran-Al\u0131nt\u0131s\u0131MD52.10.png\" alt=\"Ekran Al\u0131nt\u0131s\u0131MD52.10\" width=\"709\" height=\"480\" srcset=\"https:\/\/balcilar-blog.com\/wp-content\/uploads\/2014\/12\/Ekran-Al\u0131nt\u0131s\u0131MD52.10.png 709w, https:\/\/balcilar-blog.com\/wp-content\/uploads\/2014\/12\/Ekran-Al\u0131nt\u0131s\u0131MD52.10-300x203.png 300w\" sizes=\"auto, (max-width: 709px) 100vw, 709px\" \/><\/a><\/p>\n<p>Mira, g\u00f6r\u00fc\u015ft\u00fcn\u00fcz m\u00fc diye sorunca Yaman, sa\u00e7malama, ne alakam olur diyerek sinirlenir. Onlar\u0131 pencereden g\u00f6ren Mert, tam yeni bar\u0131\u015fm\u0131\u015fken yap\u0131l\u0131 m\u0131 bu diyerek Eyl\u00fcl ile konu\u015fur. Eyl\u00fcl, Yaman\u2019a s\u00f6yleme diye tembihler. Mert Yaman\u2019a mesaj atar. Mert, k\u0131z\u0131n siteye gelip not b\u0131rakt\u0131\u011f\u0131n\u0131 s\u00f6yleyerek onlar\u0131n yalan\u0131na ortak olur. Yaman\u2019\u0131n surat\u0131n\u0131n bozuldu\u011funu g\u00f6ren Mira, sinsice g\u00fcler.<\/p>\n<p><a href=\"http:\/\/balcilar-blog.com\/wp-content\/uploads\/2014\/12\/Ekran-Al\u0131nt\u0131s\u0131MD52.11B.png\"><img loading=\"lazy\" decoding=\"async\" class=\"alignnone size-full wp-image-5305\" src=\"http:\/\/balcilar-blog.com\/wp-content\/uploads\/2014\/12\/Ekran-Al\u0131nt\u0131s\u0131MD52.11B.png\" alt=\"Ekran Al\u0131nt\u0131s\u0131MD52.11B\" width=\"720\" height=\"478\" srcset=\"https:\/\/balcilar-blog.com\/wp-content\/uploads\/2014\/12\/Ekran-Al\u0131nt\u0131s\u0131MD52.11B.png 720w, https:\/\/balcilar-blog.com\/wp-content\/uploads\/2014\/12\/Ekran-Al\u0131nt\u0131s\u0131MD52.11B-300x199.png 300w\" sizes=\"auto, (max-width: 720px) 100vw, 720px\" \/><\/a><\/p>\n<p>O s\u0131rada Mert ile Eyl\u00fcl gelir. Mert notu okur. S\u00f6zde Sibel saat 10\u2019da sitenin \u00e7\u0131k\u0131\u015f\u0131ndaki barda Yaman\u2019a bekliyece\u011fim diye not b\u0131rakm\u0131\u015ft\u0131r. Yaman \u015foktad\u0131r. Mira, s\u00f6yleyece\u011fi \u00e7ok \u00f6nemli bir \u015feyi ne olabilir? Mira, bu k\u0131z senin kar\u015f\u0131na \u00e7\u0131k\u0131p, ben hamileyim demesin? Asla olmaz demiyorsun. Yaman, Mira sa\u00e7ma\u015flama\u2026\u00a0 E\u011fer b\u00f6yle bir \u015fey varsa Yaman, seni asla af etmem. Yaman siz ne sa\u00e7mal\u0131yorsunuz, yeter der ve \u00e7\u0131kar.\u00a0 Mira ak\u015fama ben de seninle gelece\u011fim. Eyl\u00fcl, ac\u0131yarak, can\u0131m ya. Nas\u0131l sars\u0131ld\u0131 \u00e7ocuk! Mira, az bile yapt\u0131k.<\/p>\n<p>Yaman Leyla\u2019ya gider. Evde Leyla\u2019n\u0131n annesi, Ay\u015fe ve Giray vard\u0131r. Yaman Leyla\u2019y\u0131 d\u0131\u015far\u0131 \u00e7\u0131kart\u0131r. Bu adam seni zorla tuttu\u011funu hepimiz biliyoruz. Leyla beni daha fazla s\u0131k\u0131\u015ft\u0131rma. Leyla, ben kocam\u0131n eve d\u00f6nmesini istiyorum. Giray, bir daha gelme, Nadir Bey \u00e7\u0131k\u0131nca gelirsin. Ay\u015fe Yaman\u2019\u0131n pe\u015finden ko\u015far. Nadir Bey katil olbilir mi? Yaman, en iyi sen bilirsin? Bir \u015fey biliyorsan konu\u015f. Giray yanlar\u0131na gelince Yaman biner motora gider.<\/p>\n<p><a href=\"http:\/\/balcilar-blog.com\/wp-content\/uploads\/2014\/12\/Ekran-Al\u0131nt\u0131s\u0131MD52.12.png\"><img loading=\"lazy\" decoding=\"async\" class=\"alignnone size-full wp-image-5306\" src=\"http:\/\/balcilar-blog.com\/wp-content\/uploads\/2014\/12\/Ekran-Al\u0131nt\u0131s\u0131MD52.12.png\" alt=\"Ekran Al\u0131nt\u0131s\u0131MD52.12\" width=\"700\" height=\"472\" srcset=\"https:\/\/balcilar-blog.com\/wp-content\/uploads\/2014\/12\/Ekran-Al\u0131nt\u0131s\u0131MD52.12.png 700w, https:\/\/balcilar-blog.com\/wp-content\/uploads\/2014\/12\/Ekran-Al\u0131nt\u0131s\u0131MD52.12-300x202.png 300w\" sizes=\"auto, (max-width: 700px) 100vw, 700px\" \/><\/a><\/p>\n<p>Nadir Bey, adam\u0131 Cengiz Taner ile g\u00f6r\u00fc\u015fme iste\u011fi kabul edilir. Avukat\u0131n da kat\u0131ld\u0131\u011f\u0131 konu\u015fmada aralar\u0131nda sert bir g\u00f6r\u00fc\u015fme olur. Nadir Bey, senin ci\u011ferini ellerinle s\u00f6k\u00fcp \u00e7\u0131karaca\u011f\u0131m. Cengiz \u015fu anda senin ci\u011ferin benim ellerimde. O g\u00fcne ait her \u015fey benim ellerimde.<\/p>\n<p>As\u0131m Bey ile Selim Bey konu\u015furlar. As\u0131m Bey konu\u015fmamaya karal\u0131d\u0131r, bir daha hapse girmeyi g\u00f6ze alamam. Selim Bey bu i\u015fin sonuna kadar gidece\u011fim. Selim Sedef\u2019i \u00fczmeyin, bir evlad\u0131n\u0131z\u0131 kaybettiniz, ikincisinin de avucunuzdan kaymas\u0131n\u0131 izin vermeyin. Siz onun son kalesisiniz. E\u011fer siz y\u0131k\u0131l\u0131rsan\u0131z, enkaz\u0131n\u0131z alt\u0131nda ilk o kal\u0131r.<\/p>\n<p>Nevin Han\u0131m mutfakta yemek yapar. Sedef \u00e7ocuklar\u0131 sorar, Yaman\u2019\u0131n odas\u0131ndalar. Mert ak\u015fam yeme\u011fe Yaman\u2019\u0131n gelmesini ister. Yaman, b\u00fct\u00fcn gece Orkun da olaca\u011f\u0131 i\u00e7in di\u015flerimi s\u0131karak ge\u00e7iremem. Mert sen vantuzella ile bulu\u015faca\u011f\u0131n i\u00e7in mi bu kadar heyecanl\u0131s\u0131n. Yaman, Mert\u2019e sald\u0131r\u0131r.<\/p>\n<p><a href=\"http:\/\/balcilar-blog.com\/wp-content\/uploads\/2014\/12\/Ekran-Al\u0131nt\u0131s\u0131MD52.13.png\"><img loading=\"lazy\" decoding=\"async\" class=\"alignnone size-full wp-image-5307\" src=\"http:\/\/balcilar-blog.com\/wp-content\/uploads\/2014\/12\/Ekran-Al\u0131nt\u0131s\u0131MD52.13.png\" alt=\"Ekran Al\u0131nt\u0131s\u0131MD52.13\" width=\"712\" height=\"464\" srcset=\"https:\/\/balcilar-blog.com\/wp-content\/uploads\/2014\/12\/Ekran-Al\u0131nt\u0131s\u0131MD52.13.png 712w, https:\/\/balcilar-blog.com\/wp-content\/uploads\/2014\/12\/Ekran-Al\u0131nt\u0131s\u0131MD52.13-300x195.png 300w\" sizes=\"auto, (max-width: 712px) 100vw, 712px\" \/><\/a><\/p>\n<p>O s\u0131rada Sedef i\u00e7eri girer. Arkada\u015f ar\u0131yorum der. Mert, ben yeme\u011fe gidiyorum. Sedef Yaman&#8217;a o halde birlikteyiz.<\/p>\n<p><a href=\"http:\/\/balcilar-blog.com\/wp-content\/uploads\/2014\/12\/Ekran-Al\u0131nt\u0131s\u0131MD52.14.png\"><img loading=\"lazy\" decoding=\"async\" class=\"alignnone size-full wp-image-5308\" src=\"http:\/\/balcilar-blog.com\/wp-content\/uploads\/2014\/12\/Ekran-Al\u0131nt\u0131s\u0131MD52.14.png\" alt=\"Ekran Al\u0131nt\u0131s\u0131MD52.14\" width=\"699\" height=\"468\" srcset=\"https:\/\/balcilar-blog.com\/wp-content\/uploads\/2014\/12\/Ekran-Al\u0131nt\u0131s\u0131MD52.14.png 699w, https:\/\/balcilar-blog.com\/wp-content\/uploads\/2014\/12\/Ekran-Al\u0131nt\u0131s\u0131MD52.14-300x200.png 300w\" sizes=\"auto, (max-width: 699px) 100vw, 699px\" \/><\/a><\/p>\n<p>Mira, karde\u015fi Beren\u2019e e\u011fer Yaman\u2019a bir \u015fey s\u00f6ylersen konu\u015fmam seninle. Beren yaz\u0131k de\u011fi mi yap\u0131l\u0131r bu. Size yap\u0131lsa ne kadar olay \u00e7\u0131kart\u0131rs\u0131n\u0131z diyerek Yaman\u2019 \u0131 korur. Beren e\u011fer beni tehdit edersen her \u015feyi Yaman\u2019a anlat\u0131r\u0131m. Beren bir \u015fartla ben de geleyim. Mira, orta\u011f\u0131n bozulmas\u0131n sen bizimle i\u015f birli\u011fi yapars\u0131n diye. Mira, peki der.<\/p>\n<p>Yaman Mert\u2019i tembih eder. Yemekte hi\u00e7 kimseyi gaza getirme. Hi\u00e7 kimse pe\u015fime tak\u0131lmas\u0131n. Vukuats\u0131z atlatay\u0131m \u015fu belay\u0131. Beren Safari\u2019yi dola\u015ft\u0131rmak i\u00e7in bah\u00e7eye Yaman\u2019\u0131n yan\u0131na gelir. Mira ve Eyl\u00fcl Yaman\u2019a s\u00f6yleyecek diye pe\u015finden ko\u015farlar.<\/p>\n<p>Sude Han\u0131m As\u0131m Beyi arar. Sude\u2019yi gelmiyormusun diye sorar. Sude, birka\u00e7 g\u00fcnl\u00fc\u011f\u00fcne detoksa geldi\u011fini s\u00f6yler. Birka\u00e7 g\u00fcn uzakla\u015fmak istedim. Kendini iyi bak diyen As\u0131m Beye, kar\u015f\u0131s\u0131nda duran Kenan\u2019a bakarak seni seviyorum, der.<\/p>\n<p><a href=\"http:\/\/balcilar-blog.com\/wp-content\/uploads\/2014\/12\/Ekran-Al\u0131nt\u0131s\u0131MD52.15B.png\"><img loading=\"lazy\" decoding=\"async\" class=\"alignnone size-medium wp-image-5310\" src=\"http:\/\/balcilar-blog.com\/wp-content\/uploads\/2014\/12\/Ekran-Al\u0131nt\u0131s\u0131MD52.15B-300x202.png\" alt=\"Ekran Al\u0131nt\u0131s\u0131MD52.15B\" width=\"300\" height=\"202\" srcset=\"https:\/\/balcilar-blog.com\/wp-content\/uploads\/2014\/12\/Ekran-Al\u0131nt\u0131s\u0131MD52.15B-300x202.png 300w, https:\/\/balcilar-blog.com\/wp-content\/uploads\/2014\/12\/Ekran-Al\u0131nt\u0131s\u0131MD52.15B.png 698w\" sizes=\"auto, (max-width: 300px) 100vw, 300px\" \/><\/a>\u00a0<a href=\"http:\/\/balcilar-blog.com\/wp-content\/uploads\/2014\/12\/Ekran-Al\u0131nt\u0131s\u0131MD52.15A.png\"><img loading=\"lazy\" decoding=\"async\" class=\"alignnone size-medium wp-image-5309\" src=\"http:\/\/balcilar-blog.com\/wp-content\/uploads\/2014\/12\/Ekran-Al\u0131nt\u0131s\u0131MD52.15A-300x201.png\" alt=\"Ekran Al\u0131nt\u0131s\u0131MD52.15A\" width=\"300\" height=\"201\" srcset=\"https:\/\/balcilar-blog.com\/wp-content\/uploads\/2014\/12\/Ekran-Al\u0131nt\u0131s\u0131MD52.15A-300x201.png 300w, https:\/\/balcilar-blog.com\/wp-content\/uploads\/2014\/12\/Ekran-Al\u0131nt\u0131s\u0131MD52.15A.png 696w\" sizes=\"auto, (max-width: 300px) 100vw, 300px\" \/><\/a><\/p>\n<p>Sude Han\u0131m, ge\u00e7mi\u015fini hayallerini, \u00c7ak\u0131ltepe\u2019yi, Fauk\u2019la evlenmelerini, Altunkoyu hedeflerini Kenan&#8217;a anlat\u0131r.<\/p>\n<p>Faruk Bey yemekte i\u015f de konu\u015fur. \u00c7\u0131kan f\u0131rsatlar\u0131 hep beraber de\u011ferlendirmek istediklerini s\u00f6yler. Mira, bu yeme\u011fin i\u015f toplant\u0131s\u0131 haline gelmesinden huzursuz olur. Yaman ile bulaca\u011f\u0131ndan \u00e7\u0131kar.<\/p>\n<p><a href=\"http:\/\/balcilar-blog.com\/wp-content\/uploads\/2014\/12\/Ekran-Al\u0131nt\u0131s\u0131MD52.16.png\"><img loading=\"lazy\" decoding=\"async\" class=\"alignnone size-full wp-image-5311\" src=\"http:\/\/balcilar-blog.com\/wp-content\/uploads\/2014\/12\/Ekran-Al\u0131nt\u0131s\u0131MD52.16.png\" alt=\"Ekran Al\u0131nt\u0131s\u0131MD52.16\" width=\"714\" height=\"475\" srcset=\"https:\/\/balcilar-blog.com\/wp-content\/uploads\/2014\/12\/Ekran-Al\u0131nt\u0131s\u0131MD52.16.png 714w, https:\/\/balcilar-blog.com\/wp-content\/uploads\/2014\/12\/Ekran-Al\u0131nt\u0131s\u0131MD52.16-300x199.png 300w\" sizes=\"auto, (max-width: 714px) 100vw, 714px\" \/><\/a><\/p>\n<p>Yaman, Mira\u2019n\u0131n can\u0131 s\u0131kk\u0131n oldu\u011funu anlar. Mira, babam hala \u00e7ocuk gibi, hep ayn\u0131 hatalar\u0131 yap\u0131yor. Yaman, kafana takma diyerek Mira\u2019y\u0131 sakinle\u015ftirir. Mira, \u015fu k\u0131z benim asab\u0131m\u0131 bozmas\u0131n da. Yaman, Allah a\u015fk\u0131na beni germe ne olur? Mira, tamam gerilme der ve araban\u0131n anahtar\u0131n\u0131 verir, al sen kullan.<\/p>\n<p>Herkez s\u00f6zkonusu barda toplan\u0131r. T\u00fcm site gen\u00e7leri oradad\u0131r. Elif, Yaman in\u015fallah gelmekten vazge\u00e7er de biz de kurtuluruz. Doruk, bo\u015fa m\u0131 geldik o zaman.\u00a0 Elif, sizin tuzunuz kuru tabi, korkunuz yok. Gaye sen neden korkuyorsun. Elif, Yaman en \u00e7ok bana k\u0131zacak da\u2026 Murat, neden geldin o zaman. Aralar\u0131nda tart\u0131\u015fma \u00e7\u0131kar. Burak, siz birbirinize sevdi\u011finize emin misiniz diye sorar. Elif, Burak tad\u0131m\u0131 ka\u00e7\u0131rma.<\/p>\n<p><a href=\"http:\/\/balcilar-blog.com\/wp-content\/uploads\/2014\/12\/Ekran-Al\u0131nt\u0131s\u0131MD52.17.png\"><img loading=\"lazy\" decoding=\"async\" class=\"alignnone size-full wp-image-5312\" src=\"http:\/\/balcilar-blog.com\/wp-content\/uploads\/2014\/12\/Ekran-Al\u0131nt\u0131s\u0131MD52.17.png\" alt=\"Ekran Al\u0131nt\u0131s\u0131MD52.17\" width=\"700\" height=\"480\" srcset=\"https:\/\/balcilar-blog.com\/wp-content\/uploads\/2014\/12\/Ekran-Al\u0131nt\u0131s\u0131MD52.17.png 700w, https:\/\/balcilar-blog.com\/wp-content\/uploads\/2014\/12\/Ekran-Al\u0131nt\u0131s\u0131MD52.17-300x205.png 300w\" sizes=\"auto, (max-width: 700px) 100vw, 700px\" \/><\/a><\/p>\n<p>O s\u0131rada Selim Bey ile Denzi Han\u0131m da gelir. Mert, sizin ne i\u015finiz var. Eyl\u00fcl, ben \u00e7a\u011f\u0131rd\u0131m. Selim abi burada olursa Yaman olay \u00e7\u0131karamaz, der. Selim Bey, bizi k\u00f6t\u00fc oyunlar\u0131n\u0131za alet ediyorsunuz alaca\u011f\u0131n\u0131z olsun.<\/p>\n<p>Doruk ile Burak kap\u0131da soteye yatarlar. Yaman\u2019\u0131n geli\u015fini i\u00e7eriye haber vereceklerdir. Selim Bey Sedef\u2019i arar. Hadi atla gel. O an evde i\u00e7eri As\u0131m Bey girer, bu gece burada kalabilir miyim, der. Oturup baba- k\u0131z konu\u015furlar.<\/p>\n<p><a href=\"http:\/\/balcilar-blog.com\/wp-content\/uploads\/2014\/12\/Ekran-Al\u0131nt\u0131s\u0131MD52.18.png\"><img loading=\"lazy\" decoding=\"async\" class=\"alignnone size-full wp-image-5313\" src=\"http:\/\/balcilar-blog.com\/wp-content\/uploads\/2014\/12\/Ekran-Al\u0131nt\u0131s\u0131MD52.18.png\" alt=\"Ekran Al\u0131nt\u0131s\u0131MD52.18\" width=\"699\" height=\"470\" srcset=\"https:\/\/balcilar-blog.com\/wp-content\/uploads\/2014\/12\/Ekran-Al\u0131nt\u0131s\u0131MD52.18.png 699w, https:\/\/balcilar-blog.com\/wp-content\/uploads\/2014\/12\/Ekran-Al\u0131nt\u0131s\u0131MD52.18-300x201.png 300w\" sizes=\"auto, (max-width: 699px) 100vw, 699px\" \/><\/a><\/p>\n<p>Bara \u00f6nce Sibel rol\u00fcn\u00fc yapacak Hale gelir, herkes alk\u0131\u015flar. Yaman ile Mira gelince herkes i\u00e7eride bir kenara saklan\u0131r. Yaman arabay\u0131 durdurur. Mira, ne o eski sevgilini g\u00f6rece\u011fin i\u00e7in heyecanl\u0131 m\u0131s\u0131n?<\/p>\n<p><a href=\"http:\/\/balcilar-blog.com\/wp-content\/uploads\/2014\/12\/Ekran-Al\u0131nt\u0131s\u0131MD52.19.png\"><img loading=\"lazy\" decoding=\"async\" class=\"alignnone size-full wp-image-5314\" src=\"http:\/\/balcilar-blog.com\/wp-content\/uploads\/2014\/12\/Ekran-Al\u0131nt\u0131s\u0131MD52.19.png\" alt=\"Ekran Al\u0131nt\u0131s\u0131MD52.19\" width=\"712\" height=\"470\" srcset=\"https:\/\/balcilar-blog.com\/wp-content\/uploads\/2014\/12\/Ekran-Al\u0131nt\u0131s\u0131MD52.19.png 712w, https:\/\/balcilar-blog.com\/wp-content\/uploads\/2014\/12\/Ekran-Al\u0131nt\u0131s\u0131MD52.19-300x198.png 300w\" sizes=\"auto, (max-width: 712px) 100vw, 712px\" \/><\/a><\/p>\n<p>Arabadan inip i\u00e7eri girerler. Yaman olduk\u00e7a gergin g\u00f6r\u00fcn\u00fcyordur. Bankoda oturan arkadan g\u00f6z\u00fcken k\u0131za Mira o mu diye sorar.<\/p>\n<p><a href=\"http:\/\/balcilar-blog.com\/wp-content\/uploads\/2014\/12\/Ekran-Al\u0131nt\u0131s\u0131MD52.20.png\"><img loading=\"lazy\" decoding=\"async\" class=\"alignnone size-full wp-image-5315\" src=\"http:\/\/balcilar-blog.com\/wp-content\/uploads\/2014\/12\/Ekran-Al\u0131nt\u0131s\u0131MD52.20.png\" alt=\"Ekran Al\u0131nt\u0131s\u0131MD52.20\" width=\"704\" height=\"472\" srcset=\"https:\/\/balcilar-blog.com\/wp-content\/uploads\/2014\/12\/Ekran-Al\u0131nt\u0131s\u0131MD52.20.png 704w, https:\/\/balcilar-blog.com\/wp-content\/uploads\/2014\/12\/Ekran-Al\u0131nt\u0131s\u0131MD52.20-300x201.png 300w\" sizes=\"auto, (max-width: 704px) 100vw, 704px\" \/><\/a><\/p>\n<p>Yaman ona yakla\u015f\u0131r, Sibel diye seslenir. Mira da cep telefonu ile o an\u0131 kaydeder. Hamile g\u00f6r\u00fcnt\u00fcl\u00fc Sibel d\u00f6ner. Merhaba sevgilim, der. Aniden Yaman\u2019\u0131n her iki yana\u011f\u0131ndan \u00f6per. Yaman\u2019\u0131n surat\u0131nda ruj izleri kal\u0131r.<\/p>\n<p><a href=\"http:\/\/balcilar-blog.com\/wp-content\/uploads\/2014\/12\/Ekran-Al\u0131nt\u0131s\u0131MD52.21.png\"><img loading=\"lazy\" decoding=\"async\" class=\"alignnone size-full wp-image-5316\" src=\"http:\/\/balcilar-blog.com\/wp-content\/uploads\/2014\/12\/Ekran-Al\u0131nt\u0131s\u0131MD52.21.png\" alt=\"Ekran Al\u0131nt\u0131s\u0131MD52.21\" width=\"704\" height=\"470\" srcset=\"https:\/\/balcilar-blog.com\/wp-content\/uploads\/2014\/12\/Ekran-Al\u0131nt\u0131s\u0131MD52.21.png 704w, https:\/\/balcilar-blog.com\/wp-content\/uploads\/2014\/12\/Ekran-Al\u0131nt\u0131s\u0131MD52.21-300x200.png 300w\" sizes=\"auto, (max-width: 704px) 100vw, 704px\" \/><\/a><\/p>\n<p>Herkes vantuzla diyerek tempo tutar. Yaman sessiz kal\u0131r. Mira\u2019ya d\u00f6nerek sen mi ayarlad\u0131n, birlikte mi organize ettiniz? Mira, herkesin su\u00e7u yok, her \u015feyi ben kendim yapt\u0131m. Mira, korkudan nas\u0131l \u00f6ld\u00fcn ama\u2026 Do\u011fru s\u00f6yle hamilelik d\u00fc\u015f\u00fcnceleri ile \u00f6ld\u00fcn. Yaman, alaca\u011f\u0131n olsun senin der ve Mira\u2019y\u0131 aniden dudaklar\u0131ndan \u00f6per.<\/p>\n<p><a href=\"http:\/\/balcilar-blog.com\/wp-content\/uploads\/2014\/12\/Ekran-Al\u0131nt\u0131s\u0131MD52.22.png\"><img loading=\"lazy\" decoding=\"async\" class=\"alignnone size-full wp-image-5317\" src=\"http:\/\/balcilar-blog.com\/wp-content\/uploads\/2014\/12\/Ekran-Al\u0131nt\u0131s\u0131MD52.22.png\" alt=\"Ekran Al\u0131nt\u0131s\u0131MD52.22\" width=\"711\" height=\"475\" srcset=\"https:\/\/balcilar-blog.com\/wp-content\/uploads\/2014\/12\/Ekran-Al\u0131nt\u0131s\u0131MD52.22.png 711w, https:\/\/balcilar-blog.com\/wp-content\/uploads\/2014\/12\/Ekran-Al\u0131nt\u0131s\u0131MD52.22-300x200.png 300w\" sizes=\"auto, (max-width: 711px) 100vw, 711px\" \/><\/a><\/p>\n<p>Bu defa Yaman Koper oley diyrek tempo tutarlar.\u00a0 Mira k\u0131z\u0131mad\u0131n m\u0131? Yaman, hay\u0131r can\u0131m niye k\u0131zay\u0131m, do\u011fru s\u00f6yle\u2026 Mira, Beren\u2019e d\u00f6nerek sen mi s\u00f6yledin diye \u00e7\u0131k\u0131\u015f\u0131r. Ben bir \u015fey s\u00f6ylemedim deyince Yaman, kanka sen de mi i\u015fin i\u00e7indesin. Beren, ortak ben bar\u0131\u015f el\u00e7isiyim. Yaman, Selim Bey ile Deniz Han\u0131m\u0131 g\u00f6r\u00fcnce, yok art\u0131k, der. Selim Bey, biz tampon b\u00f6lge olarak buraday\u0131z.<\/p>\n<p><a href=\"http:\/\/balcilar-blog.com\/wp-content\/uploads\/2014\/12\/Ekran-Al\u0131nt\u0131s\u0131MD52.23.png\"><img loading=\"lazy\" decoding=\"async\" class=\"alignnone size-full wp-image-5318\" src=\"http:\/\/balcilar-blog.com\/wp-content\/uploads\/2014\/12\/Ekran-Al\u0131nt\u0131s\u0131MD52.23.png\" alt=\"Ekran Al\u0131nt\u0131s\u0131MD52.23\" width=\"719\" height=\"469\" srcset=\"https:\/\/balcilar-blog.com\/wp-content\/uploads\/2014\/12\/Ekran-Al\u0131nt\u0131s\u0131MD52.23.png 719w, https:\/\/balcilar-blog.com\/wp-content\/uploads\/2014\/12\/Ekran-Al\u0131nt\u0131s\u0131MD52.23-300x195.png 300w\" sizes=\"auto, (max-width: 719px) 100vw, 719px\" \/><\/a><\/p>\n<p>Yaman kendisine yap\u0131lan bu e\u015fek \u015fakas\u0131n\u0131 olgunlukla kar\u015f\u0131lar.\u00a0 Mira, Yaman\u2019a sen ger\u00e7ekten \u00e7ok de\u011fi\u015ftin, biz yeni bar\u0131\u015ft\u0131\u011f\u0131m\u0131z i\u00e7in mi b\u00f6ylesin. Yaman, e\u011flenece\u011fiz demiyormuydun. E\u011fleniyoruz i\u015fte\u2026 Bir daha Mira\u2019y\u0131 \u00f6per. Mert, Yaman\u2019\u0131m gel bu gece senin gecen.<\/p>\n<p>Faruk beyin evde yeme\u011fi sona ermek \u00fczeredir. Orkun Nadir Beyin olay\u0131ndan sonra ne olaca\u011f\u0131n\u0131 bilmedi\u011finden, Eyl\u00fcl\u2019\u00fcn babas\u0131 da o\u011flu Can\u2019\u0131n do\u011fumundan sonra riskli yat\u0131r\u0131mlara girmek istemedi\u011fini s\u00f6yler. O s\u0131rada Orkun\u2019a Mira\u2019dan mesaj gelir. Mesajda, \u2018Yaman hastal\u0131\u011f\u0131mla ilgili geli\u015fmeleri biliyor\u2019<\/p>\n<p><a href=\"http:\/\/balcilar-blog.com\/wp-content\/uploads\/2014\/12\/Ekran-Al\u0131nt\u0131s\u0131MD51.242.png\"><img loading=\"lazy\" decoding=\"async\" class=\"alignnone size-full wp-image-5294\" src=\"http:\/\/balcilar-blog.com\/wp-content\/uploads\/2014\/12\/Ekran-Al\u0131nt\u0131s\u0131MD51.242.png\" alt=\"Ekran Al\u0131nt\u0131s\u0131MD51.24\" width=\"726\" height=\"472\" srcset=\"https:\/\/balcilar-blog.com\/wp-content\/uploads\/2014\/12\/Ekran-Al\u0131nt\u0131s\u0131MD51.242.png 726w, https:\/\/balcilar-blog.com\/wp-content\/uploads\/2014\/12\/Ekran-Al\u0131nt\u0131s\u0131MD51.242-300x195.png 300w\" sizes=\"auto, (max-width: 726px) 100vw, 726px\" \/><\/a><\/p>\n<p>Yaman\u2019\u0131n eline gitar verilir. Yaman, Kenan Do\u011fulu&#8217;nun &#8220;Kand\u0131rd\u0131m nazl\u0131 yarim&#8221;\u00a0 \u015fark\u0131s\u0131n\u0131 b\u00fcy\u00fck bir keyifle s\u00f6yler, b\u00fct\u00fcn herkes tempo tutar.<\/p>\n<p><a href=\"http:\/\/balcilar-blog.com\/wp-content\/uploads\/2014\/12\/Ekran-Al\u0131nt\u0131s\u0131MD52.24.png\"><img loading=\"lazy\" decoding=\"async\" class=\"alignnone size-full wp-image-5319\" src=\"http:\/\/balcilar-blog.com\/wp-content\/uploads\/2014\/12\/Ekran-Al\u0131nt\u0131s\u0131MD52.24.png\" alt=\"Ekran Al\u0131nt\u0131s\u0131MD52.24\" width=\"714\" height=\"471\" srcset=\"https:\/\/balcilar-blog.com\/wp-content\/uploads\/2014\/12\/Ekran-Al\u0131nt\u0131s\u0131MD52.24.png 714w, https:\/\/balcilar-blog.com\/wp-content\/uploads\/2014\/12\/Ekran-Al\u0131nt\u0131s\u0131MD52.24-300x197.png 300w\" sizes=\"auto, (max-width: 714px) 100vw, 714px\" \/><\/a><\/p>\n<p>\u00c7ok keyifli anlar ya\u015fan\u0131r. O s\u0131rada Orkun da gelir. Mira\u2019ya eminmisin diye sorar. Orkun, emin olal\u0131m o zaman.<\/p>\n<p><a href=\"http:\/\/balcilar-blog.com\/wp-content\/uploads\/2014\/12\/Ekran-Al\u0131nt\u0131s\u0131MD52.27.png\"><img loading=\"lazy\" decoding=\"async\" class=\"alignnone size-full wp-image-5320\" src=\"http:\/\/balcilar-blog.com\/wp-content\/uploads\/2014\/12\/Ekran-Al\u0131nt\u0131s\u0131MD52.27.png\" alt=\"Ekran Al\u0131nt\u0131s\u0131MD52.27\" width=\"718\" height=\"477\" srcset=\"https:\/\/balcilar-blog.com\/wp-content\/uploads\/2014\/12\/Ekran-Al\u0131nt\u0131s\u0131MD52.27.png 718w, https:\/\/balcilar-blog.com\/wp-content\/uploads\/2014\/12\/Ekran-Al\u0131nt\u0131s\u0131MD52.27-300x199.png 300w\" sizes=\"auto, (max-width: 718px) 100vw, 718px\" \/><\/a><\/p>\n<p>Ertesi g\u00fcn okulda Orkun Yaman ile konu\u015fmak ister. Yaman hay\u0131r der. Orkun, l\u00fctfen. Yaman, problem ne? Orkun, Mira. Yaman, Mira senin problemin olamaz. Sakin bir yere g\u00f6t\u00fcr\u00fcr. Mira da pe\u015flerinden fark ettirmeden gelir.<\/p>\n<p><a href=\"http:\/\/balcilar-blog.com\/wp-content\/uploads\/2014\/12\/Ekran-Al\u0131nt\u0131s\u0131MD52.28.png\"><img loading=\"lazy\" decoding=\"async\" class=\"alignnone size-full wp-image-5321\" src=\"http:\/\/balcilar-blog.com\/wp-content\/uploads\/2014\/12\/Ekran-Al\u0131nt\u0131s\u0131MD52.28.png\" alt=\"Ekran Al\u0131nt\u0131s\u0131MD52.28\" width=\"705\" height=\"469\" srcset=\"https:\/\/balcilar-blog.com\/wp-content\/uploads\/2014\/12\/Ekran-Al\u0131nt\u0131s\u0131MD52.28.png 705w, https:\/\/balcilar-blog.com\/wp-content\/uploads\/2014\/12\/Ekran-Al\u0131nt\u0131s\u0131MD52.28-300x199.png 300w\" sizes=\"auto, (max-width: 705px) 100vw, 705px\" \/><\/a><\/p>\n<p>Orkun bo\u015f bir s\u0131n\u0131fa g\u00f6t\u00fcr\u00fcr. Orkun lafa ba\u015flar. \u0130kimiz de Mira\u2019ya bir s\u00f6z verdik. Birbirimize tahamm\u00fcl ediyoruz. Seni d\u00fc\u015f\u00fcnd\u00fc\u011f\u00fcm i\u00e7in seninle konu\u015fmak istedim. Sen son zamanlarda gere\u00e7ek Yaman gibi davranm\u0131yorsun. Sebebini de tahmin ediyorum.<\/p>\n<p>Mert, ger\u00e7ek Sibel\u2019i g\u00f6rm\u00fc\u015ft\u00fcr. Herkes Yaman\u2019\u0131 arar. Bir ko\u015fu\u015fturmad\u0131r ba\u015flar.<\/p>\n<p><a href=\"http:\/\/balcilar-blog.com\/wp-content\/uploads\/2014\/12\/MD29.png\"><img loading=\"lazy\" decoding=\"async\" class=\"alignnone size-full wp-image-5327\" src=\"http:\/\/balcilar-blog.com\/wp-content\/uploads\/2014\/12\/MD29.png\" alt=\"MD29\" width=\"709\" height=\"467\" srcset=\"https:\/\/balcilar-blog.com\/wp-content\/uploads\/2014\/12\/MD29.png 709w, https:\/\/balcilar-blog.com\/wp-content\/uploads\/2014\/12\/MD29-300x197.png 300w\" sizes=\"auto, (max-width: 709px) 100vw, 709px\" \/><\/a><\/p>\n<p>Orkun, sen herkesi kand\u0131rabilirsin.\u00a0 Yaman sen gevelemeden konu\u015fsana ne s\u00f6yleyeceksen. Orkun, sen Mira\u2019y\u0131 sevdi\u011fin i\u00e7in onunla birlikte de\u011filsin. Yaman, ne diyorsun ulan sen? Tam bu s\u0131rada kap\u0131dan Mira i\u00e7eri girer. Yaman diye seslenir.<\/p>\n<p><a href=\"http:\/\/balcilar-blog.com\/wp-content\/uploads\/2014\/12\/Ekran-Al\u0131nt\u0131s\u0131MD52.29A.png\"><img loading=\"lazy\" decoding=\"async\" class=\"alignnone size-full wp-image-5322\" src=\"http:\/\/balcilar-blog.com\/wp-content\/uploads\/2014\/12\/Ekran-Al\u0131nt\u0131s\u0131MD52.29A.png\" alt=\"Ekran Al\u0131nt\u0131s\u0131MD52.29A\" width=\"715\" height=\"469\" srcset=\"https:\/\/balcilar-blog.com\/wp-content\/uploads\/2014\/12\/Ekran-Al\u0131nt\u0131s\u0131MD52.29A.png 715w, https:\/\/balcilar-blog.com\/wp-content\/uploads\/2014\/12\/Ekran-Al\u0131nt\u0131s\u0131MD52.29A-300x196.png 300w\" sizes=\"auto, (max-width: 715px) 100vw, 715px\" \/><\/a><\/p>\n<p>O an i\u00e7eri Sibel girer, S\u00fcrpriz der. Yaman hi\u00e7bir \u015fey s\u00f6ylemez. Bir Mira\u2019ya bakar, bir de Sibel\u2019e\u2026 Ve 52.b\u00f6l\u00fcm burada sona erer.<\/p>\n<p><a href=\"http:\/\/balcilar-blog.com\/wp-content\/uploads\/2014\/12\/Ekran-Al\u0131nt\u0131s\u0131MD52.SON_.png\"><img loading=\"lazy\" decoding=\"async\" class=\"alignnone size-full wp-image-5325\" src=\"http:\/\/balcilar-blog.com\/wp-content\/uploads\/2014\/12\/Ekran-Al\u0131nt\u0131s\u0131MD52.SON_.png\" alt=\"Ekran Al\u0131nt\u0131s\u0131MD52.SON\" width=\"714\" height=\"474\" srcset=\"https:\/\/balcilar-blog.com\/wp-content\/uploads\/2014\/12\/Ekran-Al\u0131nt\u0131s\u0131MD52.SON_.png 714w, https:\/\/balcilar-blog.com\/wp-content\/uploads\/2014\/12\/Ekran-Al\u0131nt\u0131s\u0131MD52.SON_-300x199.png 300w\" sizes=\"auto, (max-width: 714px) 100vw, 714px\" \/><\/a><\/p>\n<p>Ay Yap\u0131m\u2019\u0131n bu g\u00fczel dizisinde haftaya neler olacak? Yaman Sibel&#8217;i nas\u0131l kar\u015f\u0131layacak? Orkun laf\u0131n\u0131 bitirmedi, Yaman&#8217;a bu hastal\u0131k meselesini ne zaman s\u00f6yleyecek. \u0130lerleyen b\u00f6l\u00fcmlerde hep birlikte g\u00f6rece\u011fiz.<\/p>\n<p>Ay Yap\u0131m&#8217;n\u0131n reklam sorumsu kimse dizinin reklam\u0131n\u0131 tam yapam\u0131yor. Daha \u00f6nce de belirtti\u011fim gibi haftada en az \u00fc\u00e7 fragman Star Tv. ekranlar\u0131nda g\u00f6sterilmeli. Dizi b\u00f6l\u00fcmleri yan\u0131lm\u0131yorsam en az bir hafta \u00f6nceden \u00e7ekildi\u011fine g\u00f6re, ilk fragman mutlaka pazar g\u00fcn\u00fc, 2.si Pazartesi, 3.s\u00fc Sal\u0131 g\u00fcn\u00fc yay\u0131na verilmeli. E\u011fer reytingler artt\u0131r\u0131lmak isteniyorsa.<\/p>\n<p>Keyifli seyirler.<\/p>\n<p>Sayg\u0131lar, sevgiler.<\/p>\n<p>Abdurrahman Balc\u0131lar<\/p>\n<p>Twitter: abdurrahman balc\u0131lar@abbalcilar<\/p>\n<p>Mail : <a href=\"mailto:ab.balcilar@hotmail.com\">ab.balcilar@hotmail.com<\/a><\/p>\n<p>Blog: milliyet.com.tr\/cansever<\/p>\n<p>Blog: balcilar-blog.com<\/p>\n<p>Not: G\u00f6rseller internetten ve dizifilm.com ve taraf\u0131mdan diziden sayfas\u0131ndan kopyalanarak al\u0131nm\u0131\u015ft\u0131r.<\/p>\n<p>&nbsp;<\/p>\n<p>&nbsp;<\/p>\n<p>&nbsp;<\/p>\n","protected":false},"excerpt":{"rendered":"<p>Star Tv\u2019nin fenomen dizisi Medcezir\u2019in 52.b\u00f6l\u00fcm\u00fcnde Yaman\u2019a yap\u0131lan Vantuzella \u015fakas\u0131, tam bir e\u015fek \u015fakas\u0131yd\u0131! Mira gene eski k\u0131skan\u00e7l\u0131k g\u00fcnlerine mi d\u00f6nd\u00fc? Seven kad\u0131n k\u0131skan\u0131r anlad\u0131k da, Yaman\u2019a yapt\u0131\u011f\u0131n bu \u015faka ile Alt\u0131nkoy gen\u00e7leri aras\u0131nda sevdi\u011fin adam\u0131 rezil ettin be Mira\u2026 Yaman\u2019\u0131n bu k\u00f6t\u00fc \u015fakan\u0131n etkisinden gitar\u0131 eline alarak s\u00f6yledi\u011fi \u201cKand\u0131rd\u0131m\u201d \u015fark\u0131s\u0131 ile ortal\u0131\u011f\u0131 bir nebze [&hellip;]<\/p>\n","protected":false},"author":3,"featured_media":0,"comment_status":"open","ping_status":"open","sticky":false,"template":"","format":"standard","meta":{"footnotes":""},"categories":[2],"tags":[26,15,16,25],"class_list":["post-5293","post","type-post","status-publish","format-standard","hentry","category-tv-programlari","tag-ay-yapim","tag-cagatay-ulusoy","tag-medcezir","tag-star-tv"],"views":5958,"blog_post_layout_featured_media_urls":{"thumbnail":"","full":""},"categories_names":{"2":{"name":"TV Programlar\u0131","link":"https:\/\/balcilar-blog.com\/?cat=2"}},"tags_names":{"26":{"name":"Ay Yap\u0131m","link":"https:\/\/balcilar-blog.com\/?tag=ay-yapim"},"15":{"name":"\u00e7a\u011fatay ulusoy","link":"https:\/\/balcilar-blog.com\/?tag=cagatay-ulusoy"},"16":{"name":"medcezir","link":"https:\/\/balcilar-blog.com\/?tag=medcezir"},"25":{"name":"Star Tv","link":"https:\/\/balcilar-blog.com\/?tag=star-tv"}},"comments_number":"0","wpmagazine_modules_lite_featured_media_urls":{"thumbnail":"","cvmm-medium":"","cvmm-medium-plus":"","cvmm-portrait":"","cvmm-medium-square":"","cvmm-large":"","cvmm-small":"","full":""},"_links":{"self":[{"href":"https:\/\/balcilar-blog.com\/index.php?rest_route=\/wp\/v2\/posts\/5293","targetHints":{"allow":["GET"]}}],"collection":[{"href":"https:\/\/balcilar-blog.com\/index.php?rest_route=\/wp\/v2\/posts"}],"about":[{"href":"https:\/\/balcilar-blog.com\/index.php?rest_route=\/wp\/v2\/types\/post"}],"author":[{"embeddable":true,"href":"https:\/\/balcilar-blog.com\/index.php?rest_route=\/wp\/v2\/users\/3"}],"replies":[{"embeddable":true,"href":"https:\/\/balcilar-blog.com\/index.php?rest_route=%2Fwp%2Fv2%2Fcomments&post=5293"}],"version-history":[{"count":5,"href":"https:\/\/balcilar-blog.com\/index.php?rest_route=\/wp\/v2\/posts\/5293\/revisions"}],"predecessor-version":[{"id":5339,"href":"https:\/\/balcilar-blog.com\/index.php?rest_route=\/wp\/v2\/posts\/5293\/revisions\/5339"}],"wp:attachment":[{"href":"https:\/\/balcilar-blog.com\/index.php?rest_route=%2Fwp%2Fv2%2Fmedia&parent=5293"}],"wp:term":[{"taxonomy":"category","embeddable":true,"href":"https:\/\/balcilar-blog.com\/index.php?rest_route=%2Fwp%2Fv2%2Fcategories&post=5293"},{"taxonomy":"post_tag","embeddable":true,"href":"https:\/\/balcilar-blog.com\/index.php?rest_route=%2Fwp%2Fv2%2Ftags&post=5293"}],"curies":[{"name":"wp","href":"https:\/\/api.w.org\/{rel}","templated":true}]}}