{"id":5158,"date":"2014-12-08T19:56:12","date_gmt":"2014-12-08T17:56:12","guid":{"rendered":"http:\/\/balcilar-blog.com\/?p=5158"},"modified":"2014-12-08T19:56:12","modified_gmt":"2014-12-08T17:56:12","slug":"medcezirin-mirasi-serenay-sarikayaya-en-iyi-kadin-oyuncu-odulu","status":"publish","type":"post","link":"https:\/\/balcilar-blog.com\/?p=5158","title":{"rendered":"Medcezir&#8217;in Mira&#8217;s\u0131 Serenay Sar\u0131kaya&#8217;ya en iyi kad\u0131n oyuncu \u00f6d\u00fcl\u00fc!"},"content":{"rendered":"<p><a href=\"http:\/\/balcilar-blog.com\/wp-content\/uploads\/2014\/12\/1418032001_serenay-sarikaya.jpg\"><img loading=\"lazy\" decoding=\"async\" class=\"alignnone size-full wp-image-5159\" src=\"http:\/\/balcilar-blog.com\/wp-content\/uploads\/2014\/12\/1418032001_serenay-sarikaya.jpg\" alt=\"1418032001_serenay-sarikaya\" width=\"480\" height=\"614\" srcset=\"https:\/\/balcilar-blog.com\/wp-content\/uploads\/2014\/12\/1418032001_serenay-sarikaya.jpg 480w, https:\/\/balcilar-blog.com\/wp-content\/uploads\/2014\/12\/1418032001_serenay-sarikaya-234x300.jpg 234w\" sizes=\"auto, (max-width: 480px) 100vw, 480px\" \/><\/a><\/p>\n<p>Sunuculu\u011funu Atila Ta\u015f&#8217;\u0131n yapt\u0131\u011f\u0131 t\u00f6rende, <strong>Serenay Sar\u0131kaya<\/strong> sosyal medya \u00f6d\u00fcllerinde &#8216;En \u0130yi Kad\u0131n Oyuncu&#8217; \u00f6d\u00fcl\u00fcn\u00fc ald\u0131. Sar\u0131kaya, \u00f6d\u00fcl t\u00f6reninde giydi\u011fi derin dekolteli siyah tulum k\u0131yafeti ile geceye damgas\u0131n\u0131 vurdu.<\/p>\n<p><a href=\"http:\/\/balcilar-blog.com\/wp-content\/uploads\/2014\/12\/081220141255172480277_2.jpg\"><img loading=\"lazy\" decoding=\"async\" class=\"alignnone size-full wp-image-5160\" src=\"http:\/\/balcilar-blog.com\/wp-content\/uploads\/2014\/12\/081220141255172480277_2.jpg\" alt=\"081220141255172480277_2\" width=\"306\" height=\"225\" srcset=\"https:\/\/balcilar-blog.com\/wp-content\/uploads\/2014\/12\/081220141255172480277_2.jpg 306w, https:\/\/balcilar-blog.com\/wp-content\/uploads\/2014\/12\/081220141255172480277_2-300x220.jpg 300w, https:\/\/balcilar-blog.com\/wp-content\/uploads\/2014\/12\/081220141255172480277_2-210x155.jpg 210w\" sizes=\"auto, (max-width: 306px) 100vw, 306px\" \/><\/a><\/p>\n<p>T\u00fcrkiye\u2019de sosyal medyaya y\u00f6n veren organizasyonlar aras\u0131nda yer alan\u00a0<strong><em>Turkcell Superonline Sosyal Medya \u00d6d\u00fclleri<\/em><\/strong>\u2019nde kazananlar belli oldu. \u0130lk olarak 2010 y\u0131l\u0131nda\u00a0<strong><em>\u0130T\u00dc \u0130\u015fletme M\u00fchendisli\u011fi Kul\u00fcb\u00fc<\/em><\/strong>\u00a0taraf\u0131ndan d\u00fczenlenen \u00f6d\u00fcller bu y\u0131l 5. kez sahiplerini buldu. 7. Bili\u015fim Teknolojileri Zirvesi\u2019nin kapan\u0131\u015f\u0131nda,\u00a0<strong><em>\u0130T\u00dc Ma\u00e7ka Kamp\u00fcs\u00fc<\/em><\/strong>\u2019nde ger\u00e7ekle\u015ftirilen \u00f6d\u00fcl t\u00f6reni y\u0131ld\u0131zlar ge\u00e7idine sahne oldu.<\/p>\n<p>Bireysel ve kurumsal olmak \u00fczere iki ana kategoride sosyal medyan\u0131n en ba\u015far\u0131l\u0131 isimlerinin ve kampanyalar\u0131n\u0131n belirlendi\u011fi yar\u0131\u015fman\u0131n kazananlar\u0131, internet \u00fczerinden halk\u0131n oylar\u0131yla se\u00e7ildi. Yar\u0131\u015fma<strong><em>32 alt kategoride<\/em><\/strong>,\u00a0<strong><em>toplam 160 aday<\/em><\/strong>\u00a0aras\u0131nda ge\u00e7ti. Sosyal medyadaki payla\u015f\u0131mlar\u0131yla dikkati \u00e7ekerek \u00f6d\u00fcle hak kazanan isimler aras\u0131nda oyuncu kategorisinde\u00a0<strong><em>Serenay Sar\u0131kaya<\/em><\/strong>\u00a0ve\u00a0<strong><em>Ahmet Kural<\/em><\/strong>, m\u00fczik kategorisinde\u00a0<strong><em>Nil Karaibrahimgil<\/em><\/strong>,\u00a0<strong><em>Hayko Cepkin\u00a0<\/em><\/strong>ve\u00a0<strong><em>Model<\/em><\/strong>, mizah kategorisinde\u00a0<strong><em>Tolga \u00c7evik<\/em><\/strong>, yazar kategorisinde\u00a0<strong><em>Yekta Kopan<\/em><\/strong>\u00a0yer ald\u0131.<\/p>\n<p>Turkcell Superonline Sosyal Medya \u00d6d\u00fclleri\u2019nin sahiplerini buldu\u011fu t\u00f6rende sanat, spor, medya ve i\u015f d\u00fcnyas\u0131ndan \u00fcnl\u00fc isimler de yer alm\u0131\u015ft\u0131r.<\/p>\n<p>Serenay Sar\u0131kaya, Medcezir&#8217;deki &#8216;Mira&#8217; karakteri olarak ba\u015far\u0131s\u0131ndan dolay\u0131 bu y\u0131l ald\u0131\u011f\u0131 bu ikinci \u00f6d\u00fcl\u00fc olmu\u015ftur.<\/p>\n<p>Serenay Sar\u0131kaya&#8217;ya 2015 y\u0131l\u0131nda da ba\u015far\u0131lar\u0131n\u0131n devam\u0131n\u0131 dileriz.<\/p>\n<p>&nbsp;<\/p>\n<p>Sayg\u0131lar, sevgiler.<\/p>\n<p>Abdurrahman Balc\u0131lar<\/p>\n<p>Twitter: abdurrahman balc\u0131lar@abbalcilar<\/p>\n<p>Mail : <a href=\"mailto:ab.balcilar@hotmail.com\">ab.balcilar@hotmail.com<\/a><\/p>\n<p>Blog: milliyet.com.tr\/cansever<\/p>\n<p>Blog: balcilar-blog.com<\/p>\n<p>Not: Haber, G\u00f6rseller internetten ve Serenay Sar\u0131kaya Twitter sayfas\u0131ndan al\u0131nm\u0131\u015ft\u0131r.<\/p>\n<p>&nbsp;<\/p>\n<p>&nbsp;<\/p>\n","protected":false},"excerpt":{"rendered":"<p>Sunuculu\u011funu Atila Ta\u015f&#8217;\u0131n yapt\u0131\u011f\u0131 t\u00f6rende, Serenay Sar\u0131kaya sosyal medya \u00f6d\u00fcllerinde &#8216;En \u0130yi Kad\u0131n Oyuncu&#8217; \u00f6d\u00fcl\u00fcn\u00fc ald\u0131. Sar\u0131kaya, \u00f6d\u00fcl t\u00f6reninde giydi\u011fi derin dekolteli siyah tulum k\u0131yafeti ile geceye damgas\u0131n\u0131 vurdu. T\u00fcrkiye\u2019de sosyal medyaya y\u00f6n veren organizasyonlar aras\u0131nda yer alan\u00a0Turkcell Superonline Sosyal Medya \u00d6d\u00fclleri\u2019nde kazananlar belli oldu. \u0130lk olarak 2010 y\u0131l\u0131nda\u00a0\u0130T\u00dc \u0130\u015fletme M\u00fchendisli\u011fi Kul\u00fcb\u00fc\u00a0taraf\u0131ndan d\u00fczenlenen \u00f6d\u00fcller bu [&hellip;]<\/p>\n","protected":false},"author":3,"featured_media":0,"comment_status":"open","ping_status":"open","sticky":false,"template":"","format":"standard","meta":{"footnotes":""},"categories":[7],"tags":[16,27,553],"class_list":["post-5158","post","type-post","status-publish","format-standard","hentry","category-magazin","tag-medcezir","tag-serenay-sarikaya","tag-turkcell-superonline-sosyal-medya-odulleri"],"views":4102,"blog_post_layout_featured_media_urls":{"thumbnail":"","full":""},"categories_names":{"7":{"name":"Magazin","link":"https:\/\/balcilar-blog.com\/?cat=7"}},"tags_names":{"16":{"name":"medcezir","link":"https:\/\/balcilar-blog.com\/?tag=medcezir"},"27":{"name":"Serenay Sar\u0131kaya","link":"https:\/\/balcilar-blog.com\/?tag=serenay-sarikaya"},"553":{"name":"T\u00fcrkcell S\u00fcperonline Sosyal Medya \u00d6d\u00fclleri","link":"https:\/\/balcilar-blog.com\/?tag=turkcell-superonline-sosyal-medya-odulleri"}},"comments_number":"0","wpmagazine_modules_lite_featured_media_urls":{"thumbnail":"","cvmm-medium":"","cvmm-medium-plus":"","cvmm-portrait":"","cvmm-medium-square":"","cvmm-large":"","cvmm-small":"","full":""},"_links":{"self":[{"href":"https:\/\/balcilar-blog.com\/index.php?rest_route=\/wp\/v2\/posts\/5158","targetHints":{"allow":["GET"]}}],"collection":[{"href":"https:\/\/balcilar-blog.com\/index.php?rest_route=\/wp\/v2\/posts"}],"about":[{"href":"https:\/\/balcilar-blog.com\/index.php?rest_route=\/wp\/v2\/types\/post"}],"author":[{"embeddable":true,"href":"https:\/\/balcilar-blog.com\/index.php?rest_route=\/wp\/v2\/users\/3"}],"replies":[{"embeddable":true,"href":"https:\/\/balcilar-blog.com\/index.php?rest_route=%2Fwp%2Fv2%2Fcomments&post=5158"}],"version-history":[{"count":1,"href":"https:\/\/balcilar-blog.com\/index.php?rest_route=\/wp\/v2\/posts\/5158\/revisions"}],"predecessor-version":[{"id":5161,"href":"https:\/\/balcilar-blog.com\/index.php?rest_route=\/wp\/v2\/posts\/5158\/revisions\/5161"}],"wp:attachment":[{"href":"https:\/\/balcilar-blog.com\/index.php?rest_route=%2Fwp%2Fv2%2Fmedia&parent=5158"}],"wp:term":[{"taxonomy":"category","embeddable":true,"href":"https:\/\/balcilar-blog.com\/index.php?rest_route=%2Fwp%2Fv2%2Fcategories&post=5158"},{"taxonomy":"post_tag","embeddable":true,"href":"https:\/\/balcilar-blog.com\/index.php?rest_route=%2Fwp%2Fv2%2Ftags&post=5158"}],"curies":[{"name":"wp","href":"https:\/\/api.w.org\/{rel}","templated":true}]}}