{"id":5145,"date":"2014-12-08T13:39:39","date_gmt":"2014-12-08T11:39:39","guid":{"rendered":"http:\/\/balcilar-blog.com\/?p=5145"},"modified":"2014-12-09T10:08:59","modified_gmt":"2014-12-09T08:08:59","slug":"medcezir-pakistan-bulgaristandan-sonra-romanya-televizyonunda","status":"publish","type":"post","link":"https:\/\/balcilar-blog.com\/?p=5145","title":{"rendered":"Medcezir \/ Pakistan, Bulgaristan&#8217;dan sonra Romanya Televizyonunda!"},"content":{"rendered":"<p><a href=\"http:\/\/balcilar-blog.com\/wp-content\/uploads\/2014\/12\/124446-medcezir.jpg\"><img loading=\"lazy\" decoding=\"async\" class=\"alignnone size-full wp-image-5172\" src=\"http:\/\/balcilar-blog.com\/wp-content\/uploads\/2014\/12\/124446-medcezir.jpg\" alt=\"124446 medcezir\" width=\"600\" height=\"445\" srcset=\"https:\/\/balcilar-blog.com\/wp-content\/uploads\/2014\/12\/124446-medcezir.jpg 600w, https:\/\/balcilar-blog.com\/wp-content\/uploads\/2014\/12\/124446-medcezir-300x222.jpg 300w, https:\/\/balcilar-blog.com\/wp-content\/uploads\/2014\/12\/124446-medcezir-210x155.jpg 210w\" sizes=\"auto, (max-width: 600px) 100vw, 600px\" \/><\/a><\/p>\n<p><strong>Medcezir<\/strong> \u00fclkemizden sonra \u015fimdi de d\u00fcnya televizyonlar\u0131nda. Daha \u00f6nce Pakistan ve Bulgaristan televizyonlar\u0131nda g\u00f6sterime ba\u015flayan s\u00fcper dizi Medcezir, 12 Aral\u0131k&#8217;da Romanya Televizyonunda ilk b\u00f6l\u00fcm\u00fcnden itibaren g\u00f6sterime ba\u015flayacak. &#8216;<strong>Yaman<\/strong>&#8216; ad\u0131 ile yay\u0131na girecek olan Medcezir, Romanya&#8217;daki Kanal D ekranlar\u0131nda g\u00f6sterime girecek.<\/p>\n<p>Ba\u015f rollerini \u00c7a\u011fatay Ulusoy ve Serenay Sar\u0131kaya&#8217;n\u0131n oynad\u0131\u011f\u0131 reytinglerde olduk\u00e7a iyi yerlerde olan dizi, Romen halk\u0131na 12 Aral\u0131k Cuma ak\u015fam\u0131 merhaba diyecek.<\/p>\n<p><a href=\"http:\/\/balcilar-blog.com\/wp-content\/uploads\/2014\/12\/070820131008125304521.jpg\"><img loading=\"lazy\" decoding=\"async\" class=\"alignnone size-full wp-image-5174\" src=\"http:\/\/balcilar-blog.com\/wp-content\/uploads\/2014\/12\/070820131008125304521.jpg\" alt=\"070820131008125304521\" width=\"613\" height=\"405\" srcset=\"https:\/\/balcilar-blog.com\/wp-content\/uploads\/2014\/12\/070820131008125304521.jpg 613w, https:\/\/balcilar-blog.com\/wp-content\/uploads\/2014\/12\/070820131008125304521-300x198.jpg 300w\" sizes=\"auto, (max-width: 613px) 100vw, 613px\" \/><\/a><\/p>\n<p>\u00c7a\u011fatay Ulusoy&#8217;un ilk dizisi olan &#8220;Ad\u0131n\u0131 Feriha Koydum&#8221; nedeniyle Hazal Kaya ile birlikte Romen halk\u0131 taraf\u0131ndan \u00e7ok sevilmi\u015fti. \u00c7a\u011fatay Ulusoy ve Hazal Kaya&#8217;n\u0131n ortak fanlar\u0131 \u00fclkede olduk\u00e7a fazla.<\/p>\n<p><a href=\"http:\/\/balcilar-blog.com\/wp-content\/uploads\/2014\/12\/adini-feriha-koydum-izle-3400809_6666_o.jpg\"><img loading=\"lazy\" decoding=\"async\" class=\"alignnone size-full wp-image-5147\" src=\"http:\/\/balcilar-blog.com\/wp-content\/uploads\/2014\/12\/adini-feriha-koydum-izle-3400809_6666_o.jpg\" alt=\"adini-feriha-koydum-izle-3400809_6666_o\" width=\"400\" height=\"300\" srcset=\"https:\/\/balcilar-blog.com\/wp-content\/uploads\/2014\/12\/adini-feriha-koydum-izle-3400809_6666_o.jpg 400w, https:\/\/balcilar-blog.com\/wp-content\/uploads\/2014\/12\/adini-feriha-koydum-izle-3400809_6666_o-300x225.jpg 300w\" sizes=\"auto, (max-width: 400px) 100vw, 400px\" \/><\/a><\/p>\n<p>Hazal Kaya ve \u00c7a\u011fatay Ulusoy, Ad\u0131n\u0131 Feriha Koydum dizisinin bir sahnesinde.<\/p>\n<p>&nbsp;<\/p>\n<p>\u015eimdi de, Medcezir&#8217;in Yaman&#8217;\u0131:<\/p>\n<p><a href=\"http:\/\/balcilar-blog.com\/wp-content\/uploads\/2014\/12\/\u00e7a\u011fatay-ululsoy-sa\u00e7-kesim-modelleri-1-5.jpg\"><img loading=\"lazy\" decoding=\"async\" class=\"alignnone size-full wp-image-5150\" src=\"http:\/\/balcilar-blog.com\/wp-content\/uploads\/2014\/12\/\u00e7a\u011fatay-ululsoy-sa\u00e7-kesim-modelleri-1-5.jpg\" alt=\"\u00e7a\u011fatay -ululsoy-sa\u00e7-kesim-modelleri 1 (5)\" width=\"300\" height=\"319\" srcset=\"https:\/\/balcilar-blog.com\/wp-content\/uploads\/2014\/12\/\u00e7a\u011fatay-ululsoy-sa\u00e7-kesim-modelleri-1-5.jpg 300w, https:\/\/balcilar-blog.com\/wp-content\/uploads\/2014\/12\/\u00e7a\u011fatay-ululsoy-sa\u00e7-kesim-modelleri-1-5-282x300.jpg 282w\" sizes=\"auto, (max-width: 300px) 100vw, 300px\" \/><\/a><\/p>\n<p>&nbsp;<\/p>\n<p>Romanya&#8217;daki \u00c7a\u011fatay Ulusoy Fanlar\u0131 nedenle, Medcezir \u00fclkemizde oldu\u011fu gibi Romanya&#8217;da da &#8216;Yaman&#8217; olarak olduk\u00e7a tutulaca\u011f\u0131ndan eminim.<\/p>\n<p>Sayg\u0131lar, sevgiler.<\/p>\n<p>Abdurrahman Balc\u0131lar<\/p>\n<p>Twitter: abdurrahman balc\u0131lar@abbalcilar<\/p>\n<p>Mail : <a href=\"mailto:ab.balcilar@hotmail.com\">ab.balcilar@hotmail.com<\/a><\/p>\n<p>Blog: milliyet.com.tr\/cansever<\/p>\n<p>Blog: balcilar-blog.com<\/p>\n<p>Not: G\u00f6rseller internetten kopyalanm\u0131\u015ft\u0131r.<\/p>\n<p>&nbsp;<\/p>\n<p>&nbsp;<\/p>\n<p>&nbsp;<\/p>\n<p>&nbsp;<\/p>\n<p>&nbsp;<\/p>\n<p>&nbsp;<\/p>\n<p>&nbsp;<\/p>\n<p>&nbsp;<\/p>\n<p>&nbsp;<\/p>\n<p>&nbsp;<\/p>\n","protected":false},"excerpt":{"rendered":"<p>Medcezir \u00fclkemizden sonra \u015fimdi de d\u00fcnya televizyonlar\u0131nda. Daha \u00f6nce Pakistan ve Bulgaristan televizyonlar\u0131nda g\u00f6sterime ba\u015flayan s\u00fcper dizi Medcezir, 12 Aral\u0131k&#8217;da Romanya Televizyonunda ilk b\u00f6l\u00fcm\u00fcnden itibaren g\u00f6sterime ba\u015flayacak. &#8216;Yaman&#8216; ad\u0131 ile yay\u0131na girecek olan Medcezir, Romanya&#8217;daki Kanal D ekranlar\u0131nda g\u00f6sterime girecek. Ba\u015f rollerini \u00c7a\u011fatay Ulusoy ve Serenay Sar\u0131kaya&#8217;n\u0131n oynad\u0131\u011f\u0131 reytinglerde olduk\u00e7a iyi yerlerde olan dizi, Romen [&hellip;]<\/p>\n","protected":false},"author":3,"featured_media":0,"comment_status":"open","ping_status":"open","sticky":false,"template":"","format":"standard","meta":{"footnotes":""},"categories":[2],"tags":[15,16,552,152],"class_list":["post-5145","post","type-post","status-publish","format-standard","hentry","category-tv-programlari","tag-cagatay-ulusoy","tag-medcezir","tag-romanya","tag-yaman"],"views":3698,"blog_post_layout_featured_media_urls":{"thumbnail":"","full":""},"categories_names":{"2":{"name":"TV Programlar\u0131","link":"https:\/\/balcilar-blog.com\/?cat=2"}},"tags_names":{"15":{"name":"\u00e7a\u011fatay ulusoy","link":"https:\/\/balcilar-blog.com\/?tag=cagatay-ulusoy"},"16":{"name":"medcezir","link":"https:\/\/balcilar-blog.com\/?tag=medcezir"},"552":{"name":"Romanya","link":"https:\/\/balcilar-blog.com\/?tag=romanya"},"152":{"name":"Yaman","link":"https:\/\/balcilar-blog.com\/?tag=yaman"}},"comments_number":"0","wpmagazine_modules_lite_featured_media_urls":{"thumbnail":"","cvmm-medium":"","cvmm-medium-plus":"","cvmm-portrait":"","cvmm-medium-square":"","cvmm-large":"","cvmm-small":"","full":""},"_links":{"self":[{"href":"https:\/\/balcilar-blog.com\/index.php?rest_route=\/wp\/v2\/posts\/5145","targetHints":{"allow":["GET"]}}],"collection":[{"href":"https:\/\/balcilar-blog.com\/index.php?rest_route=\/wp\/v2\/posts"}],"about":[{"href":"https:\/\/balcilar-blog.com\/index.php?rest_route=\/wp\/v2\/types\/post"}],"author":[{"embeddable":true,"href":"https:\/\/balcilar-blog.com\/index.php?rest_route=\/wp\/v2\/users\/3"}],"replies":[{"embeddable":true,"href":"https:\/\/balcilar-blog.com\/index.php?rest_route=%2Fwp%2Fv2%2Fcomments&post=5145"}],"version-history":[{"count":7,"href":"https:\/\/balcilar-blog.com\/index.php?rest_route=\/wp\/v2\/posts\/5145\/revisions"}],"predecessor-version":[{"id":5175,"href":"https:\/\/balcilar-blog.com\/index.php?rest_route=\/wp\/v2\/posts\/5145\/revisions\/5175"}],"wp:attachment":[{"href":"https:\/\/balcilar-blog.com\/index.php?rest_route=%2Fwp%2Fv2%2Fmedia&parent=5145"}],"wp:term":[{"taxonomy":"category","embeddable":true,"href":"https:\/\/balcilar-blog.com\/index.php?rest_route=%2Fwp%2Fv2%2Fcategories&post=5145"},{"taxonomy":"post_tag","embeddable":true,"href":"https:\/\/balcilar-blog.com\/index.php?rest_route=%2Fwp%2Fv2%2Ftags&post=5145"}],"curies":[{"name":"wp","href":"https:\/\/api.w.org\/{rel}","templated":true}]}}