{"id":5129,"date":"2014-12-07T17:34:34","date_gmt":"2014-12-07T15:34:34","guid":{"rendered":"http:\/\/balcilar-blog.com\/?p=5129"},"modified":"2014-12-07T17:34:34","modified_gmt":"2014-12-07T15:34:34","slug":"hazal-kayanin-maral-dizisinde-cagatay-ulusoy-oynayacagi-balon-cikti","status":"publish","type":"post","link":"https:\/\/balcilar-blog.com\/?p=5129","title":{"rendered":"Hazal Kaya&#8217;n\u0131n Maral dizisinde \u00c7a\u011fatay Ulusoy oynayaca\u011f\u0131 balon \u00e7\u0131kt\u0131!"},"content":{"rendered":"<p><a href=\"http:\/\/balcilar-blog.com\/wp-content\/uploads\/2014\/12\/281120141044324757224.jpg\"><img loading=\"lazy\" decoding=\"async\" class=\"alignnone size-full wp-image-5135\" src=\"http:\/\/balcilar-blog.com\/wp-content\/uploads\/2014\/12\/281120141044324757224.jpg\" alt=\"281120141044324757224\" width=\"686\" height=\"405\" srcset=\"https:\/\/balcilar-blog.com\/wp-content\/uploads\/2014\/12\/281120141044324757224.jpg 686w, https:\/\/balcilar-blog.com\/wp-content\/uploads\/2014\/12\/281120141044324757224-300x177.jpg 300w\" sizes=\"auto, (max-width: 686px) 100vw, 686px\" \/><\/a><\/p>\n<p>Hazal Kaya&#8217;n\u0131n TV8&#8217;de yay\u0131nlanacak yeni dizisi Maral&#8217;da Aras Bulut \u0130ynemli yerine \u00c7a\u011fatay Ulusoy oynayaca\u011f\u0131 g\u00fcnlerdir yaz\u0131l\u0131yor. Sina Kolo\u011flu k\u00f6e\u015finde yazd\u0131\u011f\u0131 bir yaz\u0131dan kaynaklanan haber, b\u00fct\u00fcn \u0130nternet sitelerinde ve magazin bas\u0131n\u0131nda yaz\u0131l\u0131yordu.<\/p>\n<p>Bu haber ile ilgili Cuma g\u00fcn\u00fc (05\/12\/2014) a\u00e7\u0131klama geldi. Ve haber yalanland\u0131. \u00c7a\u011fatay Ulusoy ad\u0131n\u0131n projede hi\u00e7 ge\u00e7medi\u011fi a\u00e7\u0131kland\u0131. \u00c7a\u011fatay Ulusoy da y\u00fcksek reytingli Medcezir&#8217;i b\u0131rakmayaca\u011f\u0131n\u0131 s\u00f6ylemi\u015ftir. Neticede bu haber balon \u00e7\u0131kt\u0131.<\/p>\n<p>Ben daha \u00f6nce de bu asparagas haberin do\u011fru olmayaca\u011f\u0131n\u0131, \u00c7a\u011fatay Ulusoy&#8217;un prensiplerini ters d\u00fc\u015fece\u011fini s\u00f6ylemi\u015ftim. Dedi\u011fim de do\u011fru \u00e7\u0131kt\u0131. Bu as\u0131ls\u0131z haber Hazal Kaya&#8217;n\u0131n yeni dizisinin reklam\u0131 oldu. Ve de dolay\u0131s\u0131 ile TV&#8217;in.<\/p>\n<p>Maral \u015eubat ya da Mart ay\u0131 i\u00e7inde TV8 ekranlar\u0131nda olacak.<\/p>\n<p>Hazal Kaya ve Aras Bulut \u0130ynemli&#8217;nin yeni dizilerinin ba\u015far\u0131l\u0131 ve uzun soluklu olmas\u0131n\u0131 dilerim.<\/p>\n<p>Sayg\u0131lar, sevgiler.<\/p>\n<p>Abdurrahman Balc\u0131lar<\/p>\n<p>Twitter: abdurrahman balc\u0131lar@abbalcilar<\/p>\n<p>Mail : <a href=\"mailto:ab.balcilar@hotmail.com\">ab.balcilar@hotmail.com<\/a><\/p>\n<p>Blog: milliyet.com.tr\/cansever<\/p>\n<p>Blog: balcilar-blog.com<\/p>\n<p>Not: G\u00f6rsel \u0130nternetten al\u0131nm\u0131\u015ft\u0131r.<\/p>\n<p>&nbsp;<\/p>\n<p>&nbsp;<\/p>\n<p>&nbsp;<\/p>\n<p>&nbsp;<\/p>\n","protected":false},"excerpt":{"rendered":"<p>Hazal Kaya&#8217;n\u0131n TV8&#8217;de yay\u0131nlanacak yeni dizisi Maral&#8217;da Aras Bulut \u0130ynemli yerine \u00c7a\u011fatay Ulusoy oynayaca\u011f\u0131 g\u00fcnlerdir yaz\u0131l\u0131yor. Sina Kolo\u011flu k\u00f6e\u015finde yazd\u0131\u011f\u0131 bir yaz\u0131dan kaynaklanan haber, b\u00fct\u00fcn \u0130nternet sitelerinde ve magazin bas\u0131n\u0131nda yaz\u0131l\u0131yordu. Bu haber ile ilgili Cuma g\u00fcn\u00fc (05\/12\/2014) a\u00e7\u0131klama geldi. Ve haber yalanland\u0131. \u00c7a\u011fatay Ulusoy ad\u0131n\u0131n projede hi\u00e7 ge\u00e7medi\u011fi a\u00e7\u0131kland\u0131. \u00c7a\u011fatay Ulusoy da y\u00fcksek reytingli [&hellip;]<\/p>\n","protected":false},"author":3,"featured_media":0,"comment_status":"open","ping_status":"open","sticky":false,"template":"","format":"standard","meta":{"footnotes":""},"categories":[7],"tags":[533,15,19,534,392],"class_list":["post-5129","post","type-post","status-publish","format-standard","hentry","category-magazin","tag-aras-bulut-iynemli","tag-cagatay-ulusoy","tag-hazal-kaya","tag-maral","tag-tv8"],"views":6385,"blog_post_layout_featured_media_urls":{"thumbnail":"","full":""},"categories_names":{"7":{"name":"Magazin","link":"https:\/\/balcilar-blog.com\/?cat=7"}},"tags_names":{"533":{"name":"Aras Bulut \u0130ynemli","link":"https:\/\/balcilar-blog.com\/?tag=aras-bulut-iynemli"},"15":{"name":"\u00e7a\u011fatay ulusoy","link":"https:\/\/balcilar-blog.com\/?tag=cagatay-ulusoy"},"19":{"name":"Hazal Kaya","link":"https:\/\/balcilar-blog.com\/?tag=hazal-kaya"},"534":{"name":"Maral","link":"https:\/\/balcilar-blog.com\/?tag=maral"},"392":{"name":"Tv8","link":"https:\/\/balcilar-blog.com\/?tag=tv8"}},"comments_number":"0","wpmagazine_modules_lite_featured_media_urls":{"thumbnail":"","cvmm-medium":"","cvmm-medium-plus":"","cvmm-portrait":"","cvmm-medium-square":"","cvmm-large":"","cvmm-small":"","full":""},"_links":{"self":[{"href":"https:\/\/balcilar-blog.com\/index.php?rest_route=\/wp\/v2\/posts\/5129","targetHints":{"allow":["GET"]}}],"collection":[{"href":"https:\/\/balcilar-blog.com\/index.php?rest_route=\/wp\/v2\/posts"}],"about":[{"href":"https:\/\/balcilar-blog.com\/index.php?rest_route=\/wp\/v2\/types\/post"}],"author":[{"embeddable":true,"href":"https:\/\/balcilar-blog.com\/index.php?rest_route=\/wp\/v2\/users\/3"}],"replies":[{"embeddable":true,"href":"https:\/\/balcilar-blog.com\/index.php?rest_route=%2Fwp%2Fv2%2Fcomments&post=5129"}],"version-history":[{"count":2,"href":"https:\/\/balcilar-blog.com\/index.php?rest_route=\/wp\/v2\/posts\/5129\/revisions"}],"predecessor-version":[{"id":5136,"href":"https:\/\/balcilar-blog.com\/index.php?rest_route=\/wp\/v2\/posts\/5129\/revisions\/5136"}],"wp:attachment":[{"href":"https:\/\/balcilar-blog.com\/index.php?rest_route=%2Fwp%2Fv2%2Fmedia&parent=5129"}],"wp:term":[{"taxonomy":"category","embeddable":true,"href":"https:\/\/balcilar-blog.com\/index.php?rest_route=%2Fwp%2Fv2%2Fcategories&post=5129"},{"taxonomy":"post_tag","embeddable":true,"href":"https:\/\/balcilar-blog.com\/index.php?rest_route=%2Fwp%2Fv2%2Ftags&post=5129"}],"curies":[{"name":"wp","href":"https:\/\/api.w.org\/{rel}","templated":true}]}}