{"id":4931,"date":"2014-12-03T14:55:07","date_gmt":"2014-12-03T12:55:07","guid":{"rendered":"http:\/\/balcilar-blog.com\/?p=4931"},"modified":"2014-12-06T20:30:30","modified_gmt":"2014-12-06T18:30:30","slug":"cagatay-ulusoy-bir-iddiaya-gore-medcezirden-ayrilacak-hazal-kaya-ile-oynayacak","status":"publish","type":"post","link":"https:\/\/balcilar-blog.com\/?p=4931","title":{"rendered":"\u00c7a\u011fatay Ulusoy bir iddiaya g\u00f6re Medcezir&#8217;den ayr\u0131lacak, Hazal Kaya ile oynayacak!"},"content":{"rendered":"<p>&nbsp;<\/p>\n<p><a href=\"http:\/\/balcilar-blog.com\/wp-content\/uploads\/2014\/12\/f0d9b26c69777b68df2ac21a7eda08f0.jpg\"><img loading=\"lazy\" decoding=\"async\" class=\"alignnone size-full wp-image-4932\" src=\"http:\/\/balcilar-blog.com\/wp-content\/uploads\/2014\/12\/f0d9b26c69777b68df2ac21a7eda08f0.jpg\" alt=\"f0d9b26c69777b68df2ac21a7eda08f0\" width=\"654\" height=\"532\" srcset=\"https:\/\/balcilar-blog.com\/wp-content\/uploads\/2014\/12\/f0d9b26c69777b68df2ac21a7eda08f0.jpg 654w, https:\/\/balcilar-blog.com\/wp-content\/uploads\/2014\/12\/f0d9b26c69777b68df2ac21a7eda08f0-300x244.jpg 300w\" sizes=\"auto, (max-width: 654px) 100vw, 654px\" \/><\/a><\/p>\n<p>Milliyet Gazetesi yazar\u0131 Sina Kolo\u011flu k\u00f6\u015fesinde Tv8\u2032in yeni dizisi Maral ile ilgili bir iddia ortaya att\u0131.<\/p>\n<p>\u0130ddiaya g\u00f6re Maral\u2019da Hazal Kaya\u2019ya e\u015flik edecek oyuncu Aras Bulut \u0130ynemli de\u011fil, \u00c7a\u011fatay Ulusoy olacak. Hazal Kaya dizide bir ma\u011fazas\u0131n\u0131n y\u00f6neticisi olacak. \u00c7a\u011fatay Ulusoy ise ayn\u0131 ma\u011fazada g\u00f6rev yapan bir i\u015f\u00e7iye hayat verecek. Bir di\u011fer iddia ise dizinin mart ay\u0131nda de\u011fil \u015fubat ay\u0131nda yay\u0131nlanaca\u011f\u0131.<\/p>\n<p>Bu iddiaya g\u00f6re \u00c7a\u011fatay Ulusoy Medcezir dizisinden sezonun ortas\u0131nda ayr\u0131lacak.<\/p>\n<p>Pek asparagas haberleri sevmem ama, ben de Sina Kolo\u011flu&#8217;nun yaz\u0131s\u0131n\u0131 okudum ve \u00a0fark ettim. Hazal Kaya&#8217;n\u0131n yeni dizisinin konusunu aktar\u0131rken, Aras Bulut \u0130ynemli ismi yerine \u00c7a\u011fatay Ulusoy yazm\u0131\u015f. Ben bir hata yapt\u0131 zannettim, demek ki bir bildi\u011fi var ki, bilerek \u00c7a\u011fatay Ulusoy yazm\u0131\u015f.<\/p>\n<p>Ben \u00c7a\u011fatay Ulusoy&#8217;un s\u0131rf para i\u00e7in \u015fu s\u0131ralarda Star Tv&#8217;de oynad\u0131\u011f\u0131 Medcezir&#8217;den ayr\u0131l\u0131p, TV8&#8217;e ge\u00e7ece\u011fini zannetmiyorum. Prensiplerine ayk\u0131r\u0131 d\u00fc\u015fer, tabii ki Hazal Kaya ile ayn\u0131 dizide yer almas\u0131n\u0131 isterim. Ama \u015fimdi zaman\u0131 de\u011fil. Medcezir dizisi final yapt\u0131ktan sonra olabilir. \u015eayet,Yap\u0131mc\u0131lar sevilen iki oyuncuyu ayn\u0131 filmde oynatmak istiyorlarsa, hodri meydan. \u00c7a\u011fatay&#8217;\u0131n 2015 yaz\u0131nda \u00e7ekece\u011fi sinema filminde bayan partneri yaps\u0131nlar. \u00c7ok da ho\u015f olur. \u00c7a\u011fatay bir bateristi canland\u0131racak, Hazal Kaya da grubun solisti, ya da organizat\u00f6r\u00fc olarak \u00c7a\u011fatay&#8217;\u0131n sevgilisi olabilir.<\/p>\n<p>Ne dersiniz?<\/p>\n<p>Bu iddia d\u00fcn (5\/12\/2014) yalanland\u0131. \u00c7a\u011fatay Ulusoy ad\u0131n\u0131n projede hi\u00e7 ge\u00e7medi\u011fi a\u00e7\u0131kland\u0131. \u00c7a\u011fatay Ulusoy da y\u00fcksek reytingli Medcezir&#8217;i b\u0131rakmayaca\u011f\u0131n\u0131 s\u00f6ylemi\u015ftir. Ben yukar\u0131da da s\u00f6yledim, bu asparagas haberin do\u011fru olamayaca\u011f\u0131n\u0131, \u00c7a\u011fatay Ulusoy&#8217;un da prensiplerine ters d\u00fc\u015fece\u011fini s\u00f6ylemi\u015ftim. Bu as\u0131ls\u0131z haber Hazal Kaya&#8217;n\u0131n yeni dizinin reklam\u0131 oldu. O kadar.<\/p>\n<p>&nbsp;<\/p>\n<p>Sayg\u0131lar, sevgiler.<\/p>\n<p>Abdurrahman Balc\u0131lar<\/p>\n<p>Twitter: abdurrahman balc\u0131lar@abbalcilar<\/p>\n<p>Mail : <a href=\"mailto:ab.balcilar@hotmail.com\">ab.balcilar@hotmail.com<\/a><\/p>\n<p>Blog: milliyet.com.tr\/cansever<\/p>\n<p>Blog: balcilar-blog.com<\/p>\n<p>&nbsp;<\/p>\n<p>Not: Kaynak reytingkurdu haberi.<\/p>\n<p>&nbsp;<\/p>\n","protected":false},"excerpt":{"rendered":"<p>&nbsp; Milliyet Gazetesi yazar\u0131 Sina Kolo\u011flu k\u00f6\u015fesinde Tv8\u2032in yeni dizisi Maral ile ilgili bir iddia ortaya att\u0131. \u0130ddiaya g\u00f6re Maral\u2019da Hazal Kaya\u2019ya e\u015flik edecek oyuncu Aras Bulut \u0130ynemli de\u011fil, \u00c7a\u011fatay Ulusoy olacak. Hazal Kaya dizide bir ma\u011fazas\u0131n\u0131n y\u00f6neticisi olacak. \u00c7a\u011fatay Ulusoy ise ayn\u0131 ma\u011fazada g\u00f6rev yapan bir i\u015f\u00e7iye hayat verecek. Bir di\u011fer iddia ise dizinin [&hellip;]<\/p>\n","protected":false},"author":3,"featured_media":0,"comment_status":"open","ping_status":"open","sticky":false,"template":"","format":"standard","meta":{"footnotes":""},"categories":[7],"tags":[533,15,19,16,25],"class_list":["post-4931","post","type-post","status-publish","format-standard","hentry","category-magazin","tag-aras-bulut-iynemli","tag-cagatay-ulusoy","tag-hazal-kaya","tag-medcezir","tag-star-tv"],"views":5712,"blog_post_layout_featured_media_urls":{"thumbnail":"","full":""},"categories_names":{"7":{"name":"Magazin","link":"https:\/\/balcilar-blog.com\/?cat=7"}},"tags_names":{"533":{"name":"Aras Bulut \u0130ynemli","link":"https:\/\/balcilar-blog.com\/?tag=aras-bulut-iynemli"},"15":{"name":"\u00e7a\u011fatay ulusoy","link":"https:\/\/balcilar-blog.com\/?tag=cagatay-ulusoy"},"19":{"name":"Hazal Kaya","link":"https:\/\/balcilar-blog.com\/?tag=hazal-kaya"},"16":{"name":"medcezir","link":"https:\/\/balcilar-blog.com\/?tag=medcezir"},"25":{"name":"Star Tv","link":"https:\/\/balcilar-blog.com\/?tag=star-tv"}},"comments_number":"0","wpmagazine_modules_lite_featured_media_urls":{"thumbnail":"","cvmm-medium":"","cvmm-medium-plus":"","cvmm-portrait":"","cvmm-medium-square":"","cvmm-large":"","cvmm-small":"","full":""},"_links":{"self":[{"href":"https:\/\/balcilar-blog.com\/index.php?rest_route=\/wp\/v2\/posts\/4931","targetHints":{"allow":["GET"]}}],"collection":[{"href":"https:\/\/balcilar-blog.com\/index.php?rest_route=\/wp\/v2\/posts"}],"about":[{"href":"https:\/\/balcilar-blog.com\/index.php?rest_route=\/wp\/v2\/types\/post"}],"author":[{"embeddable":true,"href":"https:\/\/balcilar-blog.com\/index.php?rest_route=\/wp\/v2\/users\/3"}],"replies":[{"embeddable":true,"href":"https:\/\/balcilar-blog.com\/index.php?rest_route=%2Fwp%2Fv2%2Fcomments&post=4931"}],"version-history":[{"count":4,"href":"https:\/\/balcilar-blog.com\/index.php?rest_route=\/wp\/v2\/posts\/4931\/revisions"}],"predecessor-version":[{"id":5114,"href":"https:\/\/balcilar-blog.com\/index.php?rest_route=\/wp\/v2\/posts\/4931\/revisions\/5114"}],"wp:attachment":[{"href":"https:\/\/balcilar-blog.com\/index.php?rest_route=%2Fwp%2Fv2%2Fmedia&parent=4931"}],"wp:term":[{"taxonomy":"category","embeddable":true,"href":"https:\/\/balcilar-blog.com\/index.php?rest_route=%2Fwp%2Fv2%2Fcategories&post=4931"},{"taxonomy":"post_tag","embeddable":true,"href":"https:\/\/balcilar-blog.com\/index.php?rest_route=%2Fwp%2Fv2%2Ftags&post=4931"}],"curies":[{"name":"wp","href":"https:\/\/api.w.org\/{rel}","templated":true}]}}