{"id":4920,"date":"2014-12-03T10:58:44","date_gmt":"2014-12-03T08:58:44","guid":{"rendered":"http:\/\/balcilar-blog.com\/?p=4920"},"modified":"2014-12-03T13:02:47","modified_gmt":"2014-12-03T11:02:47","slug":"cagatay-ulusoy-serenay-sarikaya-tekrar-sevgililer","status":"publish","type":"post","link":"https:\/\/balcilar-blog.com\/?p=4920","title":{"rendered":"\u00c7a\u011fatay Ulusoy &#038; Serenay Sar\u0131kaya tekrar sevgililer mi?"},"content":{"rendered":"<p><a href=\"http:\/\/balcilar-blog.com\/wp-content\/uploads\/2014\/12\/B0KYiLACYAApIMh.jpg\"><img loading=\"lazy\" decoding=\"async\" class=\"alignnone size-full wp-image-4923\" src=\"http:\/\/balcilar-blog.com\/wp-content\/uploads\/2014\/12\/B0KYiLACYAApIMh.jpg\" alt=\"B0KYiLACYAApIMh\" width=\"562\" height=\"337\" srcset=\"https:\/\/balcilar-blog.com\/wp-content\/uploads\/2014\/12\/B0KYiLACYAApIMh.jpg 562w, https:\/\/balcilar-blog.com\/wp-content\/uploads\/2014\/12\/B0KYiLACYAApIMh-300x179.jpg 300w\" sizes=\"auto, (max-width: 562px) 100vw, 562px\" \/><\/a><\/p>\n<p>\u00c7a\u011fatay Ulusoy ile Serenay Sar\u0131kaya tekrar sevgili olmu\u015flar. Ge\u00e7en sezonda Medcezir dizisinde Yaman &#8211; Mira olarak dizide birbirlerine a\u015f\u0131klard\u0131. Bu dizi a\u015fklar\u0131n\u0131 set d\u0131\u015f\u0131na ta\u015f\u0131rm\u0131\u015flar, iki ayr\u0131lmaz sevgili olmu\u015flard\u0131. Ge\u00e7ti\u011fimiz Haziran Medcezir&#8217;in sezon finali yapmas\u0131ndan sonra birlikte Meksika tatiline \u00e7\u0131kan sevgililer, tatil d\u00f6n\u00fc\u015f\u00fcnde ayr\u0131lm\u0131\u015flard\u0131. Yaz tatillerini ayr\u0131 ayr\u0131 yapan \u00c7a\u011fatay ile Serenay, tatil d\u00f6n\u00fc\u015f\u00fc Medcezir&#8217;in yeni sezon \u00e7ekimleri i\u00e7in bir araya tekrar geldiler. Ba\u015flang\u0131\u00e7ta \u00c7a\u011fatay Serenay&#8217;a tav\u0131r koymu\u015f, senarist Ece Y\u00f6ren\u00e7&#8217;e diziden \u00f6p\u00fc\u015fme sahnelerinin \u00e7\u0131kart\u0131lmas\u0131n\u0131 istemi\u015f, Serenay ile \u00f6p\u00fc\u015fmeyece\u011fini s\u00f6ylemi\u015ftir. Sonra ne olduysa oldu, aynen dizinin konusunda oldu\u011fu gibi aralar\u0131ndaki sular \u0131s\u0131nm\u0131\u015f, tekrar bir araya gelmi\u015fler.<\/p>\n<p>Geceleri yeniden ikili bir arada g\u00f6r\u00fclmeye ba\u015flad\u0131. \u00c7ift sosyal hayatta dizi ekibiyle yapt\u0131klar\u0131 birka\u00e7 kutlama d\u0131\u015f\u0131nda \u00f6zellikle birlikte g\u00f6r\u00fcnt\u00fclenmemeye dikkat ettiler. Bu nedenle ayr\u0131 ayr\u0131 kat\u0131lmaya, ayr\u0131 ayr\u0131 salonu terk etmeye \u00f6zen g\u00f6stermi\u015flerdir.<\/p>\n<p><a href=\"http:\/\/balcilar-blog.com\/wp-content\/uploads\/2014\/12\/Buve7fZCIAEu0wP-yaman.jpg\"><img loading=\"lazy\" decoding=\"async\" class=\"alignnone size-full wp-image-4922\" src=\"http:\/\/balcilar-blog.com\/wp-content\/uploads\/2014\/12\/Buve7fZCIAEu0wP-yaman.jpg\" alt=\"Buve7fZCIAEu0wP yaman\" width=\"538\" height=\"399\" srcset=\"https:\/\/balcilar-blog.com\/wp-content\/uploads\/2014\/12\/Buve7fZCIAEu0wP-yaman.jpg 538w, https:\/\/balcilar-blog.com\/wp-content\/uploads\/2014\/12\/Buve7fZCIAEu0wP-yaman-300x222.jpg 300w, https:\/\/balcilar-blog.com\/wp-content\/uploads\/2014\/12\/Buve7fZCIAEu0wP-yaman-210x155.jpg 210w\" sizes=\"auto, (max-width: 538px) 100vw, 538px\" \/><\/a><\/p>\n<p>Anadolu Yakas\u0131 bas\u0131n mensuplar\u0131n\u0131n pek u\u011frak yeri olmad\u0131\u011f\u0131ndan, buradaki mekanlarda tak\u0131lmaya ba\u015flam\u0131\u015flar. Sevgililer ev bulu\u015fmalar\u0131n\u0131n yan\u0131 s\u0131ra daha \u00e7ok Anadolu Yakas\u0131&#8217;ndaki mekanlara gitmeyi tercih ediyordu. Gen\u00e7 a\u015f\u0131klar, \u00f6nceki ak\u015fam Caddebostan&#8217;daki Brasserie Polonez adl\u0131 mekanda yemek yemi\u015fler. \u00c7ifte kumrular gibi a\u015fk tazeleyen ikili, yemek sonras\u0131nda \u00c7a\u011fatay Ulusoy&#8217;un ehliyetine trafik alt\u0131 ay el koydu\u011fundan, eve gitmek i\u00e7in menajeri Engin Aykanat almaya gelmi\u015ftir.<\/p>\n<p>\u015eayet bu birliktelikler do\u011fru ise, \u00c7a\u011fatay Ulusoy ile Serenay Sar\u0131kaya demek ki, tekrar sevgililer.<\/p>\n<p>Ben de, dizideki performanslar\u0131 artacaksa yola devam,\u00a0Allah muhabbetlerini artt\u0131rs\u0131n diyorum.<\/p>\n<p>&nbsp;<\/p>\n<p>Sayg\u0131lar, sevgiler.<\/p>\n<p>Abdurrahman Balc\u0131lar<\/p>\n<p>Twitter: abdurrahman balc\u0131lar@abbalcilar<\/p>\n<p>Mail : <a href=\"mailto:ab.balcilar@hotmail.com\">ab.balcilar@hotmail.com<\/a><\/p>\n<p>Blog: milliyet.com.tr\/cansever<\/p>\n<p>Blog: balcilar-blog.com<\/p>\n<p>&nbsp;<\/p>\n<p>Not: Kaynak haber, G\u00fcne\u015f&#8217;ten Ahmet D\u00f6\u011fen&#8217;in haberi.<\/p>\n<p>&nbsp;<\/p>\n","protected":false},"excerpt":{"rendered":"<p>\u00c7a\u011fatay Ulusoy ile Serenay Sar\u0131kaya tekrar sevgili olmu\u015flar. Ge\u00e7en sezonda Medcezir dizisinde Yaman &#8211; Mira olarak dizide birbirlerine a\u015f\u0131klard\u0131. Bu dizi a\u015fklar\u0131n\u0131 set d\u0131\u015f\u0131na ta\u015f\u0131rm\u0131\u015flar, iki ayr\u0131lmaz sevgili olmu\u015flard\u0131. Ge\u00e7ti\u011fimiz Haziran Medcezir&#8217;in sezon finali yapmas\u0131ndan sonra birlikte Meksika tatiline \u00e7\u0131kan sevgililer, tatil d\u00f6n\u00fc\u015f\u00fcnde ayr\u0131lm\u0131\u015flard\u0131. Yaz tatillerini ayr\u0131 ayr\u0131 yapan \u00c7a\u011fatay ile Serenay, tatil d\u00f6n\u00fc\u015f\u00fc Medcezir&#8217;in [&hellip;]<\/p>\n","protected":false},"author":3,"featured_media":0,"comment_status":"open","ping_status":"open","sticky":false,"template":"","format":"standard","meta":{"footnotes":""},"categories":[7],"tags":[15,16,27],"class_list":["post-4920","post","type-post","status-publish","format-standard","hentry","category-magazin","tag-cagatay-ulusoy","tag-medcezir","tag-serenay-sarikaya"],"views":5126,"blog_post_layout_featured_media_urls":{"thumbnail":"","full":""},"categories_names":{"7":{"name":"Magazin","link":"https:\/\/balcilar-blog.com\/?cat=7"}},"tags_names":{"15":{"name":"\u00e7a\u011fatay ulusoy","link":"https:\/\/balcilar-blog.com\/?tag=cagatay-ulusoy"},"16":{"name":"medcezir","link":"https:\/\/balcilar-blog.com\/?tag=medcezir"},"27":{"name":"Serenay Sar\u0131kaya","link":"https:\/\/balcilar-blog.com\/?tag=serenay-sarikaya"}},"comments_number":"0","wpmagazine_modules_lite_featured_media_urls":{"thumbnail":"","cvmm-medium":"","cvmm-medium-plus":"","cvmm-portrait":"","cvmm-medium-square":"","cvmm-large":"","cvmm-small":"","full":""},"_links":{"self":[{"href":"https:\/\/balcilar-blog.com\/index.php?rest_route=\/wp\/v2\/posts\/4920","targetHints":{"allow":["GET"]}}],"collection":[{"href":"https:\/\/balcilar-blog.com\/index.php?rest_route=\/wp\/v2\/posts"}],"about":[{"href":"https:\/\/balcilar-blog.com\/index.php?rest_route=\/wp\/v2\/types\/post"}],"author":[{"embeddable":true,"href":"https:\/\/balcilar-blog.com\/index.php?rest_route=\/wp\/v2\/users\/3"}],"replies":[{"embeddable":true,"href":"https:\/\/balcilar-blog.com\/index.php?rest_route=%2Fwp%2Fv2%2Fcomments&post=4920"}],"version-history":[{"count":5,"href":"https:\/\/balcilar-blog.com\/index.php?rest_route=\/wp\/v2\/posts\/4920\/revisions"}],"predecessor-version":[{"id":4927,"href":"https:\/\/balcilar-blog.com\/index.php?rest_route=\/wp\/v2\/posts\/4920\/revisions\/4927"}],"wp:attachment":[{"href":"https:\/\/balcilar-blog.com\/index.php?rest_route=%2Fwp%2Fv2%2Fmedia&parent=4920"}],"wp:term":[{"taxonomy":"category","embeddable":true,"href":"https:\/\/balcilar-blog.com\/index.php?rest_route=%2Fwp%2Fv2%2Fcategories&post=4920"},{"taxonomy":"post_tag","embeddable":true,"href":"https:\/\/balcilar-blog.com\/index.php?rest_route=%2Fwp%2Fv2%2Ftags&post=4920"}],"curies":[{"name":"wp","href":"https:\/\/api.w.org\/{rel}","templated":true}]}}