{"id":4900,"date":"2014-12-02T14:13:36","date_gmt":"2014-12-02T12:13:36","guid":{"rendered":"http:\/\/balcilar-blog.com\/?p=4900"},"modified":"2014-12-02T14:26:03","modified_gmt":"2014-12-02T12:26:03","slug":"damla-sonmez-dunu-bugunu-ve-yarini","status":"publish","type":"post","link":"https:\/\/balcilar-blog.com\/?p=4900","title":{"rendered":"Damla S\u00f6nmez d\u00fcn\u00fc, bug\u00fcn\u00fc ve yar\u0131n\u0131?"},"content":{"rendered":"<p><a href=\"http:\/\/balcilar-blog.com\/wp-content\/uploads\/2014\/12\/892095_539923082715197_303923289_o.jpg\"><img loading=\"lazy\" decoding=\"async\" class=\"alignnone size-medium wp-image-4901\" src=\"http:\/\/balcilar-blog.com\/wp-content\/uploads\/2014\/12\/892095_539923082715197_303923289_o-234x300.jpg\" alt=\"892095_539923082715197_303923289_o\" width=\"234\" height=\"300\" srcset=\"https:\/\/balcilar-blog.com\/wp-content\/uploads\/2014\/12\/892095_539923082715197_303923289_o-234x300.jpg 234w, https:\/\/balcilar-blog.com\/wp-content\/uploads\/2014\/12\/892095_539923082715197_303923289_o-802x1024.jpg 802w, https:\/\/balcilar-blog.com\/wp-content\/uploads\/2014\/12\/892095_539923082715197_303923289_o.jpg 1276w\" sizes=\"auto, (max-width: 234px) 100vw, 234px\" \/><\/a><\/p>\n<p>\u015eu s\u0131ralarda Kanal D\u2019de g\u00f6sterilen \u201dG\u00fcllerin Sava\u015f\u0131\u201d dizisinin \u2018G\u00fclru\u2019 karakterini can veren, g\u00fczel mi, g\u00fczel k\u0131z\u0131 Damla S\u00f6nmez\u2019i okuyucular\u0131m\u0131za tan\u0131tmak istiyorum.<\/p>\n<p>Damla S\u00f6nmez, 3 May\u0131s 1987 \u0130stanbul do\u011fumlu. \u0130lk ve orta \u00f6\u011fretim y\u0131llar\u0131nda, Mimar Sinan \u00dcniversitesi Devlet Konservatuar\u0131\u2019nda yar\u0131 zamanl\u0131 iki y\u0131l keman, bir y\u0131l piyano dal\u0131nda \u00f6\u011fretim g\u00f6rd\u00fc.<\/p>\n<p>St. Joseph Lisesi\u2019ni bitirdikten sonra Fransa\u2019da Paris Sorbonne \u00dcniversitesi\u2019nde tiyatro e\u011fitimi alan oyuncu, Yeditepe \u00dcniversitesi Tiyatro B\u00f6l\u00fcm\u00fc\u2019ne devam etmektedir.<\/p>\n<p>Damla S\u00f6nmez, ge\u00e7ti\u011fimiz ay H\u00fcrriyet Kelebek\u2019ten Hakan Gence\u2019ye verdi\u011fi r\u00f6portajda bak\u0131n kendisini nas\u0131l anlatm\u0131\u015f.<\/p>\n<p>Do\u011fma b\u00fcy\u00fcme \u0130stanbul\u2019luyum. Babam Diyarbak\u0131r, annem Bart\u0131nl\u0131. \u0130ki taraf da \u00c7erkes. Tek \u00e7ocu\u011fum. Okulda tiyatro okumak isterken ailem \u201ckonservatuarda tiyatro e\u011fitimi \u00fcniversitede ba\u015fl\u0131yor\u201d diyerek beni kand\u0131rd\u0131 ve ilkokulda Mimar Sinan\u2019da \u00fc\u00e7 y\u0131l keman, bir y\u0131l piyano e\u011fitimi ald\u0131m. Ortaokul ve lisede okul tiyatrosundayd\u0131m. Saint Joseph mezunuyum. Lise son s\u0131n\u0131fta Fransa\u2019ya \u00fcniversitelere ba\u015fvururken Paris Sorbonne \u00dcniversitesi\u2019ne ba\u015fvurdum. M\u00fclakata gittim ve kabul edildim. Ama kuramsal bir b\u00f6l\u00fcm\u2026 Okul d\u0131\u015f\u0131nda b\u00fct\u00fcn vaktim k\u00fct\u00fcphanede ge\u00e7iyordu. Bir y\u0131l kald\u0131m ve sonra okulu b\u0131rak\u0131p ka\u00e7t\u0131m. Yeditepe \u00dcniversitesi\u2019ni burslu kazan\u0131p mezun oldum. New York Film Akademi\u2019de at\u00f6lyelere kat\u0131ld\u0131m.<\/p>\n<p>Damla S\u00f6nmez gen\u00e7 ya\u015fta, hen\u00fcz 22 ya\u015f\u0131nda iken 2009 y\u0131l\u0131nda \u201cBornova Bornova\u201d filmiyle 46.Alt\u0131n Portakal Film Festivali\u2019nde, \u201cEn \u0130yi Kad\u0131n Oyuncu\u201d \u00f6d\u00fcl\u00fcn\u00fc alm\u0131\u015ft\u0131r.<\/p>\n<p>Bu y\u0131l da, Adana Alt\u0131n Koza\u2019dan \u201cEn \u0130yi Kad\u0131n Oyuncu\u201d \u00f6d\u00fcl\u00fcne lay\u0131k g\u00f6r\u00fclm\u00fc\u015ft\u00fcr. \u015eu s\u0131ralarda sinemalarda vizyonda olan \u201cDeniz Seviyesi\u201dnde ki rol\u00fc ile bu \u00f6d\u00fcle lay\u0131k g\u00f6r\u00fclm\u00fc\u015ft\u00fcr.<\/p>\n<p>Damla S\u00f6nmez bir\u00e7ok sinema filmi ve dizide rol alm\u0131\u015ft\u0131r.<\/p>\n<p><strong>Sinema filmleri:<\/strong><\/p>\n<ol>\n<li>Kamp\u00fcste \u00c7\u0131plak Ayaklar, 2009 \u2013 (Ebru) karakteri,<\/li>\n<li>Bornova Bornova, 2009 \u2013 (\u00d6zlem) karakteri,<\/li>\n<li>\u00c7akal, 2010 \u2013 (Deniz) karakteri,<\/li>\n<li>Mahpeyker K\u00f6sem Sultan, \u00a02010 \u2013 (K\u00f6sem Sultan) karakteri,<\/li>\n<li>Kurtulu\u015f Son Durak, 2012 \u2013 (T\u00fclay) karakteri,<\/li>\n<li>Uzun Hikaye, 2012 (Ayla) karakteri,<\/li>\n<li>Deniz Seviyesi, 2013 (Damla) karakteri,<\/li>\n<li>Sen Ayd\u0131nlat\u0131rs\u0131n Geceyi 2013<\/li>\n<\/ol>\n<p>&nbsp;<\/p>\n<p><strong>Dizi Filmleri:<\/strong><\/p>\n<p>&nbsp;<\/p>\n<ol>\n<li>Camdan Pabu\u00e7lar, 2004 &#8211;\u00a0 G\u00fcl\u00e7in<\/li>\n<li>Omuz Omuza, 2004 &#8211; Pelin<\/li>\n<li>Kap\u0131lar\u0131 A\u00e7mak, 2005 \u2013 G\u00fcl\u015fen<\/li>\n<li>\u015eark\u0131lar Susmas\u0131n, 2006 \u2013 Aycan<\/li>\n<li>Sahte Prenses, 2006 \u2013 Sedef<\/li>\n<li>F\u0131rt\u0131nal\u0131 A\u015fk, 2007 \u2013 Melda Talay<\/li>\n<li>Emret Komutan\u0131m, 2008 \u2013 Karamel<\/li>\n<li>Gece G\u00fcnd\u00fcz, 2008 \u2013 P\u0131nar<\/li>\n<li>T\u00fcrkan, 2010 \u2013 Turhan<\/li>\n<li>\u015eubat, 2012 \u2013 Gelin<\/li>\n<li>Bir A\u015fk Hikayesi, 2013 \u2013 Ceylan<\/li>\n<li>G\u00fcllerin Sava\u015f\u0131, 2014 \u2013 G\u00fclru<\/li>\n<\/ol>\n<p>G\u00f6r\u00fcld\u00fc\u011f\u00fc gibi Damla S\u00f6nmez\u2019in sanat hayat\u0131 hem Tv dizileri ve sinema filmleri ile dopdolu. \u015eu s\u0131ralarda Kanal D\u2019de oynayan \u201cG\u00fcllerin Sava\u015f\u0131\u201d dizisinin reytingleri \u00e7ok iyi. Ben be\u011feni ile izliyorum kendisini. \u00c7ok da ba\u015far\u0131l\u0131 buluyorum. Daha \u00f6nceki Se\u00e7kin \u00d6zdemir ile oynad\u0131klar\u0131 Bir A\u015fk Hik\u00e2yesi\u2019nde canland\u0131rd\u0131\u011f\u0131 \u2018Ceylan\u2019 karakterinde de \u00e7ok ba\u015far\u0131l\u0131yd\u0131.\u00a0 Bu ba\u015far\u0131s\u0131n\u0131 sinema filmlerinde ald\u0131\u011f\u0131 \u00f6d\u00fcller ile teyit etmi\u015ftir.<\/p>\n<p><a href=\"http:\/\/balcilar-blog.com\/wp-content\/uploads\/2014\/12\/fft16_mf2264097.jpeg\"><img loading=\"lazy\" decoding=\"async\" class=\"alignnone size-full wp-image-4904\" src=\"http:\/\/balcilar-blog.com\/wp-content\/uploads\/2014\/12\/fft16_mf2264097.jpeg\" alt=\"fft16_mf2264097\" width=\"458\" height=\"588\" srcset=\"https:\/\/balcilar-blog.com\/wp-content\/uploads\/2014\/12\/fft16_mf2264097.jpeg 458w, https:\/\/balcilar-blog.com\/wp-content\/uploads\/2014\/12\/fft16_mf2264097-233x300.jpeg 233w\" sizes=\"auto, (max-width: 458px) 100vw, 458px\" \/><\/a><\/p>\n<p>Damla S\u00f6nmez\u2019in d\u00fcn\u00fcn\u00fc ve bu g\u00fcn\u00fcnden bahsettik. Gelelim a\u015fk hayat\u0131na;<\/p>\n<p>Damla S\u00f6nmez, bir evin tek k\u0131z \u00e7ocu\u011fu olmas\u0131 nedeniyle, ailesi onu hem k\u0131z, hem erkek \u00e7ocu\u011fu gibi yeti\u015ftirmi\u015f olsa gerek ki, giyim konusunda hep spor giyinmeyi, kot pantolon, spor ayakkab\u0131 falan. Kendisi G\u00fcllerin Sava\u015f\u0131 ba\u015flamadan, Radikal Gazetesi\u2019ne verdi\u011fi bir r\u00f6portajda, \u201cErkek \u00e7ocu\u011fu gibiyim\u201d\u00a0 demi\u015ftir. Yanl\u0131\u015f anla\u015f\u0131lmas\u0131n son derece g\u00f6r\u00fcnt\u00fc olarak, al\u0131ml\u0131 ve son derece g\u00fczel bir k\u0131z\u0131m\u0131z. \u00a0Kendisine sorulan \u015fu soruya bak\u0131n nas\u0131l cevap vermi\u015f. Modayla aran\u0131z nas\u0131l? \u015e\u0131k giyinmeyi, tak\u0131p tak\u0131\u015ft\u0131rmay\u0131 sever misiniz? Cevap; \u201cBu anlamda erkek \u00e7ocu\u011fu gibiyim. Yeni, yeni aksesuar kullanmaya ba\u015flad\u0131m mesela. Hatta topuklu ayakkab\u0131 giyen kad\u0131nlar\u0131n \u00e7ok ho\u015f g\u00f6z\u00fckt\u00fc\u011f\u00fcn\u00fc biliyorum ama \u00f6zel g\u00fcnler d\u0131\u015f\u0131nda kad\u0131nlar\u0131n neden topuklu ayakkab\u0131 giydiklerini bile h\u00e2l\u00e2, anlayabilmi\u015f de\u011filim.\u201d<\/p>\n<p><a href=\"http:\/\/balcilar-blog.com\/wp-content\/uploads\/2014\/12\/52c07aca4ef4084628000067.jpg\"><img loading=\"lazy\" decoding=\"async\" class=\"alignnone size-full wp-image-4905\" src=\"http:\/\/balcilar-blog.com\/wp-content\/uploads\/2014\/12\/52c07aca4ef4084628000067.jpg\" alt=\"52c07aca4ef4084628000067\" width=\"658\" height=\"405\" srcset=\"https:\/\/balcilar-blog.com\/wp-content\/uploads\/2014\/12\/52c07aca4ef4084628000067.jpg 658w, https:\/\/balcilar-blog.com\/wp-content\/uploads\/2014\/12\/52c07aca4ef4084628000067-300x184.jpg 300w\" sizes=\"auto, (max-width: 658px) 100vw, 658px\" \/><\/a><\/p>\n<p>Damla S\u00f6nmez, Se\u00e7kin \u00d6zdemir ile \u201cBir A\u015fk Hikayesi\u201d dizisinde oynarken yak\u0131nla\u015fmalar\u0131 olmu\u015f ki, birlikte ak\u015fam yeme\u011fi yerlerken g\u00f6r\u00fcnt\u00fclenmi\u015flerdi. Kendisi o zamanlar bunun bir yanl\u0131\u015f anla\u015f\u0131lma oldu\u011funu s\u00f6ylemi\u015ftir. Nedense dizide izleyici, Se\u00e7kin \u00d6zdemir ile birbirlerine \u00e7ok yak\u0131\u015ft\u0131rm\u0131\u015flard\u0131r. Bir ara gene rol arkada\u015f\u0131 Ushan \u00c7ak\u0131r ile yak\u0131\u015ft\u0131r\u0131lm\u0131\u015ft\u0131r. Kendisi sevgilin var m\u0131 sorusuna, yok diye cevap vermi\u015ftir. En b\u00fcy\u00fck a\u015fk\u0131n\u0131n babas\u0131 oldu\u011funu s\u00f6yleyen Damla S\u00f6nmez, bir g\u00fcn arad\u0131\u011f\u0131 a\u015fk\u0131 bulur in\u015fallah. Belki de buldu da bizler bilmiyoruz.<\/p>\n<p><a href=\"http:\/\/balcilar-blog.com\/wp-content\/uploads\/2014\/12\/Damla-S\u00f6nmez.jpeg\"><img loading=\"lazy\" decoding=\"async\" class=\"alignnone size-full wp-image-4903\" src=\"http:\/\/balcilar-blog.com\/wp-content\/uploads\/2014\/12\/Damla-S\u00f6nmez.jpeg\" alt=\"Damla S\u00f6nmez\" width=\"500\" height=\"746\" srcset=\"https:\/\/balcilar-blog.com\/wp-content\/uploads\/2014\/12\/Damla-S\u00f6nmez.jpeg 500w, https:\/\/balcilar-blog.com\/wp-content\/uploads\/2014\/12\/Damla-S\u00f6nmez-201x300.jpeg 201w\" sizes=\"auto, (max-width: 500px) 100vw, 500px\" \/><\/a><\/p>\n<p>Zeynep \u00d6zek\u2019in haz\u0131rlad\u0131\u011f\u0131 uydu arac\u0131l\u0131\u011f\u0131 ile Birle\u015fik Arap Emirlikleri\u2019nden yay\u0131n yapan MBC4 kanal\u0131ndaki \u201cT\u00fcrki Extra\u201d \u00a0Program\u0131nda ge\u00e7ti\u011fimiz haftalarda \u201cG\u00fcllerin sava\u015f\u0131\u201d setinde yap\u0131lan r\u00f6portajlar ekrana getirildi. Sanat\u00e7\u0131lar, dizide canland\u0131rd\u0131klar\u0131 karakterler hakk\u0131nda bilgi verirken\u00a0 \u2018G\u00fclru \u00c7elik\u2019 karakterini canland\u0131ran Damla S\u00f6nmez de sorulan sorular\u0131 cevapland\u0131rm\u0131\u015ft\u0131r. Bu r\u00f6portajda Arap sunucu Liana Dahdouh\u2019un sorusu \u00fczerine, \u201cEvet hayat\u0131mda biri var\u201d demi\u015f, ancak isim vermemi\u015ftir.<\/p>\n<p><a href=\"http:\/\/balcilar-blog.com\/wp-content\/uploads\/2014\/12\/fft99_mf4883047.jpeg\"><img loading=\"lazy\" decoding=\"async\" class=\"alignnone size-full wp-image-4907\" src=\"http:\/\/balcilar-blog.com\/wp-content\/uploads\/2014\/12\/fft99_mf4883047.jpeg\" alt=\"fft99_mf4883047\" width=\"517\" height=\"298\" srcset=\"https:\/\/balcilar-blog.com\/wp-content\/uploads\/2014\/12\/fft99_mf4883047.jpeg 517w, https:\/\/balcilar-blog.com\/wp-content\/uploads\/2014\/12\/fft99_mf4883047-300x172.jpeg 300w\" sizes=\"auto, (max-width: 517px) 100vw, 517px\" \/><\/a><\/p>\n<p>Gelelim Damla S\u00f6nmez\u2019in gelece\u011fine;<\/p>\n<p>Damla S\u00f6nmez, hastal\u0131k derecesinde titiz oldu\u011funu, bu nedenle projelerdeki rollerini \u00e7ok titiz haz\u0131rland\u0131\u011f\u0131n\u0131 s\u00f6ylemektedir. \u00a0Alt\u0131n Portakal, son olarak da Alt\u0131n Koza\u2019da \u00f6d\u00fcl alan sanat\u00e7\u0131, oyunculu\u011fu ad\u0131na \u00e7\u0131tan\u0131n bir anda benim kald\u0131ramayaca\u011f\u0131m kadar y\u00fckseldi. Bu \u00f6d\u00fclleri nas\u0131l korumay\u0131 ve daha iyisini nas\u0131l yapaca\u011f\u0131m\u0131 d\u00fc\u015f\u00fcn\u00fcr olmu\u015ftum. Bu nedenle bunal\u0131ma d\u00fc\u015fen oyuncu, o g\u00fcnlerde \u00f6d\u00fcl ald\u0131\u011f\u0131n\u0131 \u015f\u00fckredip, sonra da her \u015feyi unutup yola devam etmelisiniz demi\u015ftir.<\/p>\n<p>\u015eu g\u00fcnlerde, \u201cG\u00fcllerin Sava\u015f\u0131\u201d dizisi ile Damla S\u00f6nmez, oyunculuktaki performans\u0131 ile g\u00f6z dolduruyor, dizisi de reytinglerde ba\u015fa g\u00fcre\u015fiyor.<\/p>\n<p>Son g\u00fcnlerde, Marie Claire T\u00fcrkiya dergi kapak \u00e7ekimleri yapm\u0131\u015ft\u0131r. Derginin Aral\u0131k say\u0131s\u0131nda g\u00fczel g\u00f6r\u00fcnt\u00fclerini izleyebilece\u011fiz.<\/p>\n<p>G\u00fczel ve de ba\u015far\u0131l\u0131 oyuncumuz Damla S\u00f6nmez\u2019e; Oyunculukta ba\u015far\u0131lar diler, bundan sonraki alaca\u011f\u0131 \u00f6d\u00fcllerin Uluslararas\u0131 olmas\u0131n\u0131 dilerim.<\/p>\n<p>&nbsp;<\/p>\n<p>Sayg\u0131lar, sevgiler.<\/p>\n<p>Abdurrahman Balc\u0131lar<\/p>\n<p>Twitter: abdurrahman balc\u0131lar@abbalcilar<\/p>\n<p>Mail : <a href=\"mailto:ab.balcilar@hotmail.com\">ab.balcilar@hotmail.com<\/a><\/p>\n<p>Blog: milliyet.com.tr\/cansever<\/p>\n<p>Blog: balcilar-blog.com<\/p>\n<p>Not: G\u00f6rseller, kaynak H\u00fcrriyet Kelebek R\u00f6portaj\u0131 ve \u0130nternetten al\u0131nm\u0131\u015ft\u0131r.<\/p>\n<p>&nbsp;<\/p>\n<p>&nbsp;<\/p>\n<p>&nbsp;<\/p>\n","protected":false},"excerpt":{"rendered":"<p>\u015eu s\u0131ralarda Kanal D\u2019de g\u00f6sterilen \u201dG\u00fcllerin Sava\u015f\u0131\u201d dizisinin \u2018G\u00fclru\u2019 karakterini can veren, g\u00fczel mi, g\u00fczel k\u0131z\u0131 Damla S\u00f6nmez\u2019i okuyucular\u0131m\u0131za tan\u0131tmak istiyorum. Damla S\u00f6nmez, 3 May\u0131s 1987 \u0130stanbul do\u011fumlu. \u0130lk ve orta \u00f6\u011fretim y\u0131llar\u0131nda, Mimar Sinan \u00dcniversitesi Devlet Konservatuar\u0131\u2019nda yar\u0131 zamanl\u0131 iki y\u0131l keman, bir y\u0131l piyano dal\u0131nda \u00f6\u011fretim g\u00f6rd\u00fc. St. Joseph Lisesi\u2019ni bitirdikten sonra Fransa\u2019da [&hellip;]<\/p>\n","protected":false},"author":3,"featured_media":0,"comment_status":"open","ping_status":"open","sticky":false,"template":"","format":"standard","meta":{"footnotes":""},"categories":[7],"tags":[255,473,254],"class_list":["post-4900","post","type-post","status-publish","format-standard","hentry","category-magazin","tag-damla-sonmez","tag-gullerin-savasi","tag-seckin-ozdemir"],"views":5121,"blog_post_layout_featured_media_urls":{"thumbnail":"","full":""},"categories_names":{"7":{"name":"Magazin","link":"https:\/\/balcilar-blog.com\/?cat=7"}},"tags_names":{"255":{"name":"Damla S\u00f6nmez","link":"https:\/\/balcilar-blog.com\/?tag=damla-sonmez"},"473":{"name":"G\u00fcllerin Sava\u015f\u0131","link":"https:\/\/balcilar-blog.com\/?tag=gullerin-savasi"},"254":{"name":"Se\u00e7kin \u00d6zdemir","link":"https:\/\/balcilar-blog.com\/?tag=seckin-ozdemir"}},"comments_number":"0","wpmagazine_modules_lite_featured_media_urls":{"thumbnail":"","cvmm-medium":"","cvmm-medium-plus":"","cvmm-portrait":"","cvmm-medium-square":"","cvmm-large":"","cvmm-small":"","full":""},"_links":{"self":[{"href":"https:\/\/balcilar-blog.com\/index.php?rest_route=\/wp\/v2\/posts\/4900","targetHints":{"allow":["GET"]}}],"collection":[{"href":"https:\/\/balcilar-blog.com\/index.php?rest_route=\/wp\/v2\/posts"}],"about":[{"href":"https:\/\/balcilar-blog.com\/index.php?rest_route=\/wp\/v2\/types\/post"}],"author":[{"embeddable":true,"href":"https:\/\/balcilar-blog.com\/index.php?rest_route=\/wp\/v2\/users\/3"}],"replies":[{"embeddable":true,"href":"https:\/\/balcilar-blog.com\/index.php?rest_route=%2Fwp%2Fv2%2Fcomments&post=4900"}],"version-history":[{"count":3,"href":"https:\/\/balcilar-blog.com\/index.php?rest_route=\/wp\/v2\/posts\/4900\/revisions"}],"predecessor-version":[{"id":4910,"href":"https:\/\/balcilar-blog.com\/index.php?rest_route=\/wp\/v2\/posts\/4900\/revisions\/4910"}],"wp:attachment":[{"href":"https:\/\/balcilar-blog.com\/index.php?rest_route=%2Fwp%2Fv2%2Fmedia&parent=4900"}],"wp:term":[{"taxonomy":"category","embeddable":true,"href":"https:\/\/balcilar-blog.com\/index.php?rest_route=%2Fwp%2Fv2%2Fcategories&post=4900"},{"taxonomy":"post_tag","embeddable":true,"href":"https:\/\/balcilar-blog.com\/index.php?rest_route=%2Fwp%2Fv2%2Ftags&post=4900"}],"curies":[{"name":"wp","href":"https:\/\/api.w.org\/{rel}","templated":true}]}}