{"id":4882,"date":"2014-12-01T13:31:02","date_gmt":"2014-12-01T11:31:02","guid":{"rendered":"http:\/\/balcilar-blog.com\/?p=4882"},"modified":"2014-12-01T13:56:46","modified_gmt":"2014-12-01T11:56:46","slug":"cagatay-ulusoyun-kenan-imirzalioglunu-ornek-aliyormus","status":"publish","type":"post","link":"https:\/\/balcilar-blog.com\/?p=4882","title":{"rendered":"\u00c7a\u011fatay Ulusoy, Kenan \u0130mirzal\u0131o\u011flu&#8217;nu \u00f6rnek al\u0131yormu\u015f!"},"content":{"rendered":"<p><a href=\"http:\/\/balcilar-blog.com\/wp-content\/uploads\/2014\/12\/Ekran-Al\u0131nt\u0131s\u0131\u00c7a\u011fatay-Kenan-5.png\"><img loading=\"lazy\" decoding=\"async\" class=\"alignnone size-full wp-image-4886\" src=\"http:\/\/balcilar-blog.com\/wp-content\/uploads\/2014\/12\/Ekran-Al\u0131nt\u0131s\u0131\u00c7a\u011fatay-Kenan-5.png\" alt=\"Ekran Al\u0131nt\u0131s\u0131\u00c7a\u011fatay-Kenan 5\" width=\"572\" height=\"382\" srcset=\"https:\/\/balcilar-blog.com\/wp-content\/uploads\/2014\/12\/Ekran-Al\u0131nt\u0131s\u0131\u00c7a\u011fatay-Kenan-5.png 572w, https:\/\/balcilar-blog.com\/wp-content\/uploads\/2014\/12\/Ekran-Al\u0131nt\u0131s\u0131\u00c7a\u011fatay-Kenan-5-300x200.png 300w\" sizes=\"auto, (max-width: 572px) 100vw, 572px\" \/><\/a><\/p>\n<p>\u00c7a\u011fatay Ulusoy Elle dergisinin Aral\u0131k \u00a0say\u0131s\u0131na kapak olmu\u015f ve bir de r\u00f6portaj vermi\u015fti. Bu r\u00f6portaj\u0131nda bir \u00e7ok bilinmeyen y\u00f6nlerini dobra, dobra anlatm\u0131\u015ft\u0131r. \u00c7a\u011fatay kendisine \u00f6rnek ald\u0131\u011f\u0131 oyuncuyu a\u00e7\u0131klam\u0131\u015ft\u0131r. Kenan \u0130mirzal\u0131o\u011flu i\u00e7in \u0130dol\u00fcm diyerek bahsetmi\u015ftir. &#8220;K\u00fc\u00e7\u00fckl\u00fckten bu yana Kenan \u0130mirzal\u0131o\u011flu&#8217;nu kendime rol modem ald\u0131m.&#8221; diyerek ona hayranl\u0131\u011f\u0131n\u0131 dile getirmi\u015ftir.<\/p>\n<p>K\u00fc\u00e7\u00fckken en be\u011fendi\u011finiz oyuncu kimdi? Sorusuna bak\u0131n \u00c7a\u011fatay Ulusoy ne cevap vermi\u015f.<\/p>\n<p>&#8220;\u00c7ok iyi hat\u0131rl\u0131yorum, 10-11 ya\u015flar\u0131ndayken &#8216;Deli Y\u00fcrek&#8217; vard\u0131. \u0130zledi\u011fim delikanl\u0131 olarak gaza geldi\u011fim ilk dizilerdendi. Kenan \u0130mirzal\u0131o\u011flu&#8217;nu \u00e7ok sevdim. Hala \u00e7ok be\u011fendi\u011fim, sayg\u0131 duydu\u011fum de\u011ferli insanlardand\u0131r.&#8221;<\/p>\n<p>\u00c7a\u011fatay Ulusoy, ge\u00e7ti\u011fimiz Ekim ay\u0131 sonunda Ayakl\u0131 Gazete&#8217;nin \u00f6d\u00fcl gecesinde Kenan \u0130mirzal\u0131o\u011flu ile ayn\u0131 gecede beraberlerdi. \u00c7a\u011fatay Ulusoy, Medcezir&#8217;deki Yaman rol\u00fc ile &#8220;En iyi Erkek Drama oyuncusu&#8221; \u00f6d\u00fcl\u00fcn\u00fc alm\u0131\u015ft\u0131.Ulusoy, masalar\u0131na gelen Kenan \u0130mirzal\u0131o\u011flu&#8217;na, &#8220;A\u011fabey&#8221; diye hitap etmi\u015ftir. \u00c7a\u011fatay ile \u0130mirzal\u0131o\u011flu sar\u0131larak birbirlerine &#8220;Ho\u015fgeldin&#8221; demi\u015flerdi. Kenan \u0130mirzal\u0131o\u011flu \u00c7a\u011fatay&#8217;a; &#8220;\u00c7a\u011fatay naber?..&#8221; Demi\u015f, \u00c7a\u011fatay&#8217;da ; &#8220;A\u011fabey naber, nas\u0131ls\u0131n?..&#8221; Diyerek kar\u015f\u0131l\u0131k vermi\u015fti. Kenan \u0130mirzal\u0131o\u011flu&#8217;da \u00a0&#8220;\u0130yiyim karde\u015fim, sa\u011fol sen nas\u0131ls\u0131n?&#8221; \u00c7a\u011fatay: &#8220;\u0130yiyim ben de sa\u011fol, Ho\u015fgeldin, S\u00fcper.&#8221; Diyerek cevap vermi\u015fti.<\/p>\n<p><a href=\"http:\/\/balcilar-blog.com\/wp-content\/uploads\/2014\/12\/Ekran-Al\u0131nt\u0131s\u0131-\u00c7a\u011fatay-Kenan-\u0130mirzal\u0131o\u011flu.png\"><img loading=\"lazy\" decoding=\"async\" class=\"alignnone size-full wp-image-4884\" src=\"http:\/\/balcilar-blog.com\/wp-content\/uploads\/2014\/12\/Ekran-Al\u0131nt\u0131s\u0131-\u00c7a\u011fatay-Kenan-\u0130mirzal\u0131o\u011flu.png\" alt=\"Ekran Al\u0131nt\u0131s\u0131 \u00c7a\u011fatay-Kenan \u0130mirzal\u0131o\u011flu\" width=\"578\" height=\"380\" srcset=\"https:\/\/balcilar-blog.com\/wp-content\/uploads\/2014\/12\/Ekran-Al\u0131nt\u0131s\u0131-\u00c7a\u011fatay-Kenan-\u0130mirzal\u0131o\u011flu.png 578w, https:\/\/balcilar-blog.com\/wp-content\/uploads\/2014\/12\/Ekran-Al\u0131nt\u0131s\u0131-\u00c7a\u011fatay-Kenan-\u0130mirzal\u0131o\u011flu-300x197.png 300w\" sizes=\"auto, (max-width: 578px) 100vw, 578px\" \/><\/a><\/p>\n<p><a href=\"http:\/\/balcilar-blog.com\/wp-content\/uploads\/2014\/12\/Ekran-Al\u0131nt\u0131s\u0131\u00e7\u00c7a\u011fatay-Kenan-2.png\"><img loading=\"lazy\" decoding=\"async\" class=\"alignnone size-full wp-image-4888\" src=\"http:\/\/balcilar-blog.com\/wp-content\/uploads\/2014\/12\/Ekran-Al\u0131nt\u0131s\u0131\u00e7\u00c7a\u011fatay-Kenan-2.png\" alt=\"Ekran Al\u0131nt\u0131s\u0131\u00e7\u00c7a\u011fatay-Kenan 2\" width=\"587\" height=\"386\" srcset=\"https:\/\/balcilar-blog.com\/wp-content\/uploads\/2014\/12\/Ekran-Al\u0131nt\u0131s\u0131\u00e7\u00c7a\u011fatay-Kenan-2.png 587w, https:\/\/balcilar-blog.com\/wp-content\/uploads\/2014\/12\/Ekran-Al\u0131nt\u0131s\u0131\u00e7\u00c7a\u011fatay-Kenan-2-300x197.png 300w\" sizes=\"auto, (max-width: 587px) 100vw, 587px\" \/><\/a><\/p>\n<p><a href=\"http:\/\/balcilar-blog.com\/wp-content\/uploads\/2014\/12\/Ekran-Al\u0131nt\u0131s\u0131\u00e7a\u011fatay-Kenan3.png\"><img loading=\"lazy\" decoding=\"async\" class=\"alignnone size-full wp-image-4887\" src=\"http:\/\/balcilar-blog.com\/wp-content\/uploads\/2014\/12\/Ekran-Al\u0131nt\u0131s\u0131\u00e7a\u011fatay-Kenan3.png\" alt=\"Ekran Al\u0131nt\u0131s\u0131\u00e7a\u011fatay-Kenan3\" width=\"587\" height=\"376\" srcset=\"https:\/\/balcilar-blog.com\/wp-content\/uploads\/2014\/12\/Ekran-Al\u0131nt\u0131s\u0131\u00e7a\u011fatay-Kenan3.png 587w, https:\/\/balcilar-blog.com\/wp-content\/uploads\/2014\/12\/Ekran-Al\u0131nt\u0131s\u0131\u00e7a\u011fatay-Kenan3-300x192.png 300w\" sizes=\"auto, (max-width: 587px) 100vw, 587px\" \/><\/a><\/p>\n<p><a href=\"http:\/\/balcilar-blog.com\/wp-content\/uploads\/2014\/12\/Ekran-Al\u0131nt\u0131s\u0131\u00e7a\u011fatay-Kenan-4.png\"><img loading=\"lazy\" decoding=\"async\" class=\"alignnone size-full wp-image-4885\" src=\"http:\/\/balcilar-blog.com\/wp-content\/uploads\/2014\/12\/Ekran-Al\u0131nt\u0131s\u0131\u00e7a\u011fatay-Kenan-4.png\" alt=\"Ekran Al\u0131nt\u0131s\u0131\u00e7a\u011fatay - Kenan 4\" width=\"574\" height=\"373\" srcset=\"https:\/\/balcilar-blog.com\/wp-content\/uploads\/2014\/12\/Ekran-Al\u0131nt\u0131s\u0131\u00e7a\u011fatay-Kenan-4.png 574w, https:\/\/balcilar-blog.com\/wp-content\/uploads\/2014\/12\/Ekran-Al\u0131nt\u0131s\u0131\u00e7a\u011fatay-Kenan-4-300x194.png 300w\" sizes=\"auto, (max-width: 574px) 100vw, 574px\" \/><\/a><\/p>\n<p>Foto\u011fraflarda da g\u00f6r\u00fcld\u00fc\u011f\u00fc gibi \u00c7a\u011fatay Ulusoy o gecede Kenan abisine \u00e7ok i\u00e7ten y\u00fcreklilikle sar\u0131lm\u0131\u015f, hat\u0131r\u0131n\u0131 sormu\u015ftur. Demek ki \u00c7a\u011fatay ger\u00e7ekten Kenan abisini \u00e7ok seviyor ve kendisine \u00f6rnek al\u0131yor.<\/p>\n<p>Ben de Allah muhabbetlerini artt\u0131rs\u0131n, \u00c7a\u011fatay Ulusoy da, Kenan \u0130mirzal\u0131o\u011flu&#8217;nun yolunda y\u00fcr\u00fcs\u00fcn, Medcezir&#8217;de zaten ba\u015far\u0131l\u0131 ama, \u00e7ok daha ba\u015far\u0131l\u0131 olsun diyorum.<\/p>\n<p>Sayg\u0131lar, sevgiler.<\/p>\n<p>Abdurrahman Balc\u0131lar<\/p>\n<p>Twitter: abdurrahman balc\u0131lar@abbalcilar<\/p>\n<p>Mail : <a href=\"mailto:ab.balcilar@hotmail.com\">ab.balcilar@hotmail.com<\/a><\/p>\n<p>Blog: milliyet.com.tr\/cansever<\/p>\n<p>Blog: balcilar-blog.com<\/p>\n<p>&nbsp;<\/p>\n<p>Not: Kaynak Haber, HT Magazin ve Elle Dergi r\u00f6portaj\u0131ndan, g\u00f6rseller, Starlife \u00e7ekimlerinden kopyalanarak al\u0131nm\u0131\u015ft\u0131r.<\/p>\n<p>&nbsp;<\/p>\n<p>&nbsp;<\/p>\n<p>&nbsp;<\/p>\n<div><\/div>\n<p>&nbsp;<\/p>\n<div><\/div>\n","protected":false},"excerpt":{"rendered":"<p>\u00c7a\u011fatay Ulusoy Elle dergisinin Aral\u0131k \u00a0say\u0131s\u0131na kapak olmu\u015f ve bir de r\u00f6portaj vermi\u015fti. Bu r\u00f6portaj\u0131nda bir \u00e7ok bilinmeyen y\u00f6nlerini dobra, dobra anlatm\u0131\u015ft\u0131r. \u00c7a\u011fatay kendisine \u00f6rnek ald\u0131\u011f\u0131 oyuncuyu a\u00e7\u0131klam\u0131\u015ft\u0131r. Kenan \u0130mirzal\u0131o\u011flu i\u00e7in \u0130dol\u00fcm diyerek bahsetmi\u015ftir. &#8220;K\u00fc\u00e7\u00fckl\u00fckten bu yana Kenan \u0130mirzal\u0131o\u011flu&#8217;nu kendime rol modem ald\u0131m.&#8221; diyerek ona hayranl\u0131\u011f\u0131n\u0131 dile getirmi\u015ftir. K\u00fc\u00e7\u00fckken en be\u011fendi\u011finiz oyuncu kimdi? Sorusuna bak\u0131n [&hellip;]<\/p>\n","protected":false},"author":3,"featured_media":0,"comment_status":"open","ping_status":"open","sticky":false,"template":"","format":"standard","meta":{"footnotes":""},"categories":[7],"tags":[546,15,545,16],"class_list":["post-4882","post","type-post","status-publish","format-standard","hentry","category-magazin","tag-ayakli-gazete","tag-cagatay-ulusoy","tag-kenan-imirzalioglu","tag-medcezir"],"views":5964,"blog_post_layout_featured_media_urls":{"thumbnail":"","full":""},"categories_names":{"7":{"name":"Magazin","link":"https:\/\/balcilar-blog.com\/?cat=7"}},"tags_names":{"546":{"name":"Ayakl\u0131 Gazete","link":"https:\/\/balcilar-blog.com\/?tag=ayakli-gazete"},"15":{"name":"\u00e7a\u011fatay ulusoy","link":"https:\/\/balcilar-blog.com\/?tag=cagatay-ulusoy"},"545":{"name":"Kenan \u0130mirzal\u0131o\u011flu","link":"https:\/\/balcilar-blog.com\/?tag=kenan-imirzalioglu"},"16":{"name":"medcezir","link":"https:\/\/balcilar-blog.com\/?tag=medcezir"}},"comments_number":"0","wpmagazine_modules_lite_featured_media_urls":{"thumbnail":"","cvmm-medium":"","cvmm-medium-plus":"","cvmm-portrait":"","cvmm-medium-square":"","cvmm-large":"","cvmm-small":"","full":""},"_links":{"self":[{"href":"https:\/\/balcilar-blog.com\/index.php?rest_route=\/wp\/v2\/posts\/4882","targetHints":{"allow":["GET"]}}],"collection":[{"href":"https:\/\/balcilar-blog.com\/index.php?rest_route=\/wp\/v2\/posts"}],"about":[{"href":"https:\/\/balcilar-blog.com\/index.php?rest_route=\/wp\/v2\/types\/post"}],"author":[{"embeddable":true,"href":"https:\/\/balcilar-blog.com\/index.php?rest_route=\/wp\/v2\/users\/3"}],"replies":[{"embeddable":true,"href":"https:\/\/balcilar-blog.com\/index.php?rest_route=%2Fwp%2Fv2%2Fcomments&post=4882"}],"version-history":[{"count":5,"href":"https:\/\/balcilar-blog.com\/index.php?rest_route=\/wp\/v2\/posts\/4882\/revisions"}],"predecessor-version":[{"id":4893,"href":"https:\/\/balcilar-blog.com\/index.php?rest_route=\/wp\/v2\/posts\/4882\/revisions\/4893"}],"wp:attachment":[{"href":"https:\/\/balcilar-blog.com\/index.php?rest_route=%2Fwp%2Fv2%2Fmedia&parent=4882"}],"wp:term":[{"taxonomy":"category","embeddable":true,"href":"https:\/\/balcilar-blog.com\/index.php?rest_route=%2Fwp%2Fv2%2Fcategories&post=4882"},{"taxonomy":"post_tag","embeddable":true,"href":"https:\/\/balcilar-blog.com\/index.php?rest_route=%2Fwp%2Fv2%2Ftags&post=4882"}],"curies":[{"name":"wp","href":"https:\/\/api.w.org\/{rel}","templated":true}]}}