{"id":488,"date":"2013-05-31T15:44:47","date_gmt":"2013-05-31T12:44:47","guid":{"rendered":"http:\/\/balcilar-blog.com\/?p=488"},"modified":"2014-03-14T15:47:17","modified_gmt":"2014-03-14T13:47:17","slug":"men-arzuyu-siddetlendirir","status":"publish","type":"post","link":"https:\/\/balcilar-blog.com\/?p=488","title":{"rendered":"Men arzuyu \u015fiddetlendirir!"},"content":{"rendered":"<div>\n<h4>31 May\u0131s &#8217;13<\/h4>\n<\/div>\n<dl>\n<dt>Kategori<\/dt>\n<dd><a href=\"http:\/\/blog.milliyet.com.tr\/blog-yazarlari-tartisiyor\/Kategori\/?KategoriNo=352\"><strong>Blog yazarlar\u0131 tart\u0131\u015f\u0131yor!<\/strong><\/a><\/dd>\n<\/dl>\n<p>&nbsp;<\/p>\n<div>\n<div><img loading=\"lazy\" decoding=\"async\" alt=\"Men arzuyu \u015fiddetlendirir!\" src=\"http:\/\/iblog.milliyet.com.tr\/imgroot\/blogv7\/Blog333\/2013\/05\/31\/11\/417227-3-4-78ffd.jpg\" width=\"333\" height=\"240\" \/><\/div>\n<div id=\"BlogDetail\">\n<p>Bu g\u00fcn gelen maillerimi bakarken, Milliyet\u00a0<a href=\"http:\/\/blog.milliyet.com.tr\/AramaBlog\/?search=Blog\" rel=\"external nofollow\">Blog<\/a>Haftal\u0131k b\u00fcltenini g\u00f6rd\u00fcm. Detayda Blog<a href=\"http:\/\/blog.milliyet.com.tr\/AramaBlog\/?search=yazarlar%C4%B1\" rel=\"external nofollow\">yazarlar\u0131<\/a>\u00a0<a href=\"http:\/\/blog.milliyet.com.tr\/AramaBlog\/?search=tart%C4%B1%C5%9F%C4%B1yor\" rel=\"external nofollow\">tart\u0131\u015f\u0131yor<\/a>\u00a0konu ba\u015fl\u0131\u011f\u0131nda\u00a0<a href=\"http:\/\/blog.milliyet.com.tr\/AramaBlog\/?search=alkol\" rel=\"external nofollow\">alkol<\/a>\u00a0<a href=\"http:\/\/blog.milliyet.com.tr\/AramaBlog\/?search=yasa%C4%9F%C4%B1\" rel=\"external nofollow\">yasa\u011f\u0131<\/a>\u00a0hakk\u0131nda fikirlerimizi payla\u015fmam\u0131z isteniyordu. Ben de bu nedenle d\u00fc\u015f\u00fcncelerimi payla\u015fmak istedim.<\/p>\n<p>Ben \u015fahsen alkol ve sigara ile aras\u0131 iyi olmayan bir ki\u015fiyim. Ya\u015f\u0131m 65. Sigaray\u0131, hayat\u0131m boyu bir paket bile i\u00e7memi\u015fimdir.\u00a0Arkada\u015flar\u0131m i\u00e7ki masalar\u0131nda\u00a0teklif etmi\u015fler, hat\u0131r i\u00e7in alm\u0131\u015f tek t\u00fck laf olsun diye yakm\u0131\u015f\u0131md\u0131r. Tiryakisi de olmad\u0131m. Tam bir Ye\u015filayc\u0131y\u0131m. \u0130\u00e7enin yan\u0131na bulunmam. Yan\u0131mda da i\u00e7irtmem.<\/p>\n<p>Alkole gelince. Arkada\u015f toplant\u0131lar\u0131nda, \u00f6zel gecelerde rak\u0131 i\u00e7mi\u015fimdir. Ama ayda bu 2 defadan fazla olmam\u0131\u015ft\u0131r. Yerine, mekana ve ortama g\u00f6re davranm\u0131\u015f, kendimi bilmemecesine i\u00e7ti\u011fimi hat\u0131rlamam. Son \u00fc\u00e7 y\u0131ld\u0131r k\u00f6y ortam\u0131nda do\u011fa ile i\u00e7 i\u00e7e ya\u015fad\u0131\u011f\u0131mdan m\u0131 nedir, hi\u00e7 ihtiya\u00e7 duymad\u0131m. Etrafa rahats\u0131z\u00a0\u00a0etmedi\u011fi s\u00fcrece, i\u00e7ene de kar\u0131\u015fmam.<\/p>\n<p>Gelelim H\u00fck\u00fcmetimizin ald\u0131\u011f\u0131 gece belli saatlerde yasak karar\u0131na. Konu ba\u015fl\u0131\u011f\u0131mda yazd\u0131\u011f\u0131m gibi, &#8220;Men arzuyu \u015fiddetlendirir&#8221;. Yasaklara kar\u015f\u0131 insano\u011flunun devaml\u0131 bir merak\u0131 vard\u0131r. Yasak daha da t\u00fcketimi k\u00f6r\u00fckler.\u00a0Bu t\u00fcr yasaklar\u0131\u00a0olan, bir \u0130ran, bir Suudi Arabistan kapal\u0131 kap\u0131lar ard\u0131nda neler olup biti\u011fini hep bas\u0131ndan okuyoruz. \u0130\u00e7en veya i\u00e7ecek insan yasak saatlerinden \u00f6nce al\u0131r, evinde stok yapar. AKP&#8217;nin\u00a0Say\u0131n Milletvekilleri bunu bilmiyor mu? Biliyorlard\u0131r\u00a0ama, Say\u0131n \u00a0Ba\u015fbakanlar\u0131na dile getiremiyorlard\u0131r. Atat\u00fcrk&#8217;\u00fcn kurdu\u011fu bu Cumhuriyet, Laik bir devlettir. Kald\u0131 ki dinimiz bir bask\u0131 yasak\u00e7\u0131 bir din de\u011fildir. Dinimiz \u015funu emrediyor, buna g\u00f6re bir kanun \u00e7\u0131kartal\u0131m diyemezsiniz. B\u00f6yle bir zihniyetle\u00a0ben Avrupa Birli\u011fi \u00fcyesi olaca\u011f\u0131m da diyemezsiniz.<\/p>\n<p>Osmanl\u0131 Padi\u015fahlar\u0131ndan 4.Murat da kendi devrinde alkol, t\u00fct\u00fcn ve kahve yasa\u011f\u0131 koymu\u015ftur. Kendisi tebdili mekan gezerek bizzat yasa\u011f\u0131 uyulup uyulmad\u0131\u011f\u0131n\u0131 denetlemi\u015ftir. Hadi o zaman kendine g\u00f6re onun bir sebebi vard\u0131. B\u00fcy\u00fck \u0130stanbul yang\u0131n\u0131n\u0131 bahane etmi\u015f, Yeni\u00e7erilerin i\u00e7ti\u011fi sigaradan \u00e7\u0131kt\u0131\u011f\u0131n\u0131 s\u00f6ylenmi\u015f. Bu nedenle bu yasa\u011f\u0131 \u00e7\u0131kartm\u0131\u015ft\u0131r.<\/p>\n<p>B\u00fct\u00e7e gelirlerinde en b\u00fcy\u00fck pay\u0131 tekel maddelerinden al\u0131nan vergilerden geldi\u011fini herkes bilir. Bu ne\u00a0perhiz, bu ne lahana tur\u015fusu.<\/p>\n<p>Yasaklarla bu i\u015fler olmaz. E\u011fitimle olur. O da ailede ba\u015flar, okulda devam eder.<\/p>\n<p>Allah i\u00e7eni de, i\u00e7meyeni de bilir. Onun terazisi, her \u015feyin do\u011frusunu da, e\u011frisini de tartar.<\/p>\n<p>ALLAH&#8217; \u0131n\u00a0i\u015fine kar\u0131\u015f\u0131lmaz.<\/p>\n<p>Her iste\u011finiz yasaklardan uzak, g\u00f6nl\u00fcn\u00fczce olsun.<\/p>\n<p>Sayg\u0131lar, sevgiler.<\/p>\n<p>Abdurrahman Balc\u0131lar<\/p>\n<\/div>\n<p>&nbsp;<\/p>\n<\/div>\n","protected":false},"excerpt":{"rendered":"<p>31 May\u0131s &#8217;13 Kategori Blog yazarlar\u0131 tart\u0131\u015f\u0131yor! &nbsp; Bu g\u00fcn gelen maillerimi bakarken, Milliyet\u00a0BlogHaftal\u0131k b\u00fcltenini g\u00f6rd\u00fcm. Detayda Blogyazarlar\u0131\u00a0tart\u0131\u015f\u0131yor\u00a0konu ba\u015fl\u0131\u011f\u0131nda\u00a0alkol\u00a0yasa\u011f\u0131\u00a0hakk\u0131nda fikirlerimizi payla\u015fmam\u0131z isteniyordu. Ben de bu nedenle d\u00fc\u015f\u00fcncelerimi payla\u015fmak istedim. Ben \u015fahsen alkol ve sigara ile aras\u0131 iyi olmayan bir ki\u015fiyim. Ya\u015f\u0131m 65. Sigaray\u0131, hayat\u0131m boyu bir paket bile i\u00e7memi\u015fimdir.\u00a0Arkada\u015flar\u0131m i\u00e7ki masalar\u0131nda\u00a0teklif etmi\u015fler, hat\u0131r i\u00e7in alm\u0131\u015f [&hellip;]<\/p>\n","protected":false},"author":3,"featured_media":0,"comment_status":"open","ping_status":"open","sticky":false,"template":"","format":"standard","meta":{"footnotes":""},"categories":[1],"tags":[260,261,259],"class_list":["post-488","post","type-post","status-publish","format-standard","hentry","category-genel","tag-4-murat","tag-alkol-ve-sigara","tag-alkol-yasagi"],"views":3679,"blog_post_layout_featured_media_urls":{"thumbnail":"","full":""},"categories_names":{"1":{"name":"Genel","link":"https:\/\/balcilar-blog.com\/?cat=1"}},"tags_names":{"260":{"name":"4.Murat","link":"https:\/\/balcilar-blog.com\/?tag=4-murat"},"261":{"name":"Alkol ve Sigara","link":"https:\/\/balcilar-blog.com\/?tag=alkol-ve-sigara"},"259":{"name":"alkol yasa\u011f\u0131","link":"https:\/\/balcilar-blog.com\/?tag=alkol-yasagi"}},"comments_number":"0","wpmagazine_modules_lite_featured_media_urls":{"thumbnail":"","cvmm-medium":"","cvmm-medium-plus":"","cvmm-portrait":"","cvmm-medium-square":"","cvmm-large":"","cvmm-small":"","full":""},"_links":{"self":[{"href":"https:\/\/balcilar-blog.com\/index.php?rest_route=\/wp\/v2\/posts\/488","targetHints":{"allow":["GET"]}}],"collection":[{"href":"https:\/\/balcilar-blog.com\/index.php?rest_route=\/wp\/v2\/posts"}],"about":[{"href":"https:\/\/balcilar-blog.com\/index.php?rest_route=\/wp\/v2\/types\/post"}],"author":[{"embeddable":true,"href":"https:\/\/balcilar-blog.com\/index.php?rest_route=\/wp\/v2\/users\/3"}],"replies":[{"embeddable":true,"href":"https:\/\/balcilar-blog.com\/index.php?rest_route=%2Fwp%2Fv2%2Fcomments&post=488"}],"version-history":[{"count":1,"href":"https:\/\/balcilar-blog.com\/index.php?rest_route=\/wp\/v2\/posts\/488\/revisions"}],"predecessor-version":[{"id":489,"href":"https:\/\/balcilar-blog.com\/index.php?rest_route=\/wp\/v2\/posts\/488\/revisions\/489"}],"wp:attachment":[{"href":"https:\/\/balcilar-blog.com\/index.php?rest_route=%2Fwp%2Fv2%2Fmedia&parent=488"}],"wp:term":[{"taxonomy":"category","embeddable":true,"href":"https:\/\/balcilar-blog.com\/index.php?rest_route=%2Fwp%2Fv2%2Fcategories&post=488"},{"taxonomy":"post_tag","embeddable":true,"href":"https:\/\/balcilar-blog.com\/index.php?rest_route=%2Fwp%2Fv2%2Ftags&post=488"}],"curies":[{"name":"wp","href":"https:\/\/api.w.org\/{rel}","templated":true}]}}