{"id":4679,"date":"2014-11-25T10:55:36","date_gmt":"2014-11-25T08:55:36","guid":{"rendered":"http:\/\/balcilar-blog.com\/?p=4679"},"modified":"2014-11-28T09:45:29","modified_gmt":"2014-11-28T07:45:29","slug":"cagatay-ulusoyun-sinema-filmi-netlesiyor","status":"publish","type":"post","link":"https:\/\/balcilar-blog.com\/?p=4679","title":{"rendered":"\u00c7a\u011fatay Ulusoy, Sinema filminde baterist oluyor!"},"content":{"rendered":"<p><a href=\"http:\/\/balcilar-blog.com\/wp-content\/uploads\/2014\/11\/l-cagatay-ulusoy-0a7a9db8.jpg\"><img loading=\"lazy\" decoding=\"async\" class=\"alignnone size-full wp-image-4684\" src=\"http:\/\/balcilar-blog.com\/wp-content\/uploads\/2014\/11\/l-cagatay-ulusoy-0a7a9db8.jpg\" alt=\"l-cagatay-ulusoy-0a7a9db8\" width=\"604\" height=\"453\" srcset=\"https:\/\/balcilar-blog.com\/wp-content\/uploads\/2014\/11\/l-cagatay-ulusoy-0a7a9db8.jpg 604w, https:\/\/balcilar-blog.com\/wp-content\/uploads\/2014\/11\/l-cagatay-ulusoy-0a7a9db8-300x225.jpg 300w\" sizes=\"auto, (max-width: 604px) 100vw, 604px\" \/><\/a><\/p>\n<p>\u00c7a\u011fatay Ulusoy bilindi\u011fi gibi 2.sinema filmini 2015 yaz\u0131nda \u00e7ekecek. \u015e\u00f6hret basamaklar\u0131n\u0131 birer birer t\u0131rmanan Medcezir&#8217;in yak\u0131\u015f\u0131kl\u0131s\u0131 Yaman karakteri, \u015fimdi de yeni sinema filminde bir m\u00fczisyeni canland\u0131racak ve baterist olacak.<\/p>\n<p>Medcezir dizisinde Yaman olarak, elinde gitar\u0131 ile gitar \u00e7ald\u0131\u011f\u0131n\u0131, beste yapt\u0131\u011f\u0131n\u0131 ve \u015fark\u0131 s\u00f6yledi\u011fini ge\u00e7en b\u00f6l\u00fcmlerinde izledi\u011fimiz \u00c7a\u011fatay Ulusoy&#8217;un sesini dinlemi\u015ftik. Olduk\u00e7a yumu\u015fak ve duygulu bir sese sahip olan \u00c7a\u011fatay Ulusoy, iyi bir baterist oldu\u011funu da sinema filminde g\u00f6sterecek.<\/p>\n<p>Yak\u0131\u015f\u0131kl\u0131l\u0131\u011f\u0131 ve sempatikli\u011fi ile gen\u00e7 k\u0131zlar\u0131m\u0131z\u0131n g\u00f6nl\u00fcnde taht kuran \u00c7a\u011fatay Ulusoy, imaj\u0131nda \u00e7arp\u0131c\u0131 de\u011fi\u015fikler yapaca\u011f\u0131 s\u00f6yleniyor.<\/p>\n<p>\u015eu g\u00fcnlerde oynayaca\u011f\u0131 sinema filmi i\u00e7in bateri dersleri al\u0131yormu\u015f. Yap\u0131mc\u0131l\u0131\u011f\u0131n\u0131 Ay Yap\u0131m &#8211; Kerem \u00c7atay&#8217;\u0131n \u00fcstlenece\u011fi bu filmin ad\u0131 s\u0131r gibi saklan\u0131yor.<\/p>\n<p>\u00c7a\u011fatay Ulusoy, 2011 yaz\u0131nda Anadolu Kartallar\u0131 filminde, \u00dcste\u011fmen Ahmet Onur karakteri olarak ilk filmini \u00e7evirmi\u015f, bu rol\u00fc ile de \u00e7ok b\u00fcy\u00fck be\u011feni toplam\u0131\u015ft\u0131r.<\/p>\n<p>\u0130lk dizi filmi olan, Hazal Kaya ile oynad\u0131\u011f\u0131 &#8220;Ad\u0131n\u0131 Feriha Koydum&#8221; dizisinde \u00a0haval\u0131 Emir karakteri olarak da \u00e7ok ba\u015far\u0131l\u0131 olmu\u015f, \u015f\u00f6hreti orada yakalam\u0131\u015ft\u0131. \u015eimdilerde Star Tv. ekranlar\u0131nda ikinci sezonunu oynayan Medcezir dizisinde Yaman karakteri ile \u00e7ok ba\u015far\u0131l\u0131 oldu ve izleyici taraf\u0131ndan \u00e7ok benimsendi.<\/p>\n<p><a href=\"http:\/\/balcilar-blog.com\/wp-content\/uploads\/2014\/10\/Ekran-Al\u0131nt\u0131s\u0131MD43.10.png\"><img loading=\"lazy\" decoding=\"async\" class=\"alignnone size-full wp-image-3705\" src=\"http:\/\/balcilar-blog.com\/wp-content\/uploads\/2014\/10\/Ekran-Al\u0131nt\u0131s\u0131MD43.10.png\" alt=\"Ekran Al\u0131nt\u0131s\u0131MD43.10\" width=\"671\" height=\"435\" srcset=\"https:\/\/balcilar-blog.com\/wp-content\/uploads\/2014\/10\/Ekran-Al\u0131nt\u0131s\u0131MD43.10.png 671w, https:\/\/balcilar-blog.com\/wp-content\/uploads\/2014\/10\/Ekran-Al\u0131nt\u0131s\u0131MD43.10-300x194.png 300w\" sizes=\"auto, (max-width: 671px) 100vw, 671px\" \/><\/a><\/p>\n<p>Medcezir milyonlarca izleyici taraf\u0131ndan izlenen fenomen bir dizi oldu. Bu y\u0131l Eyl\u00fcl ba\u015f\u0131nda G\u00fcney Kore&#8217;de yap\u0131lan 9.Seul Drama \u00d6d\u00fcllerinde, en iyi drama dizi oyuncusu dal\u0131nda \u00c7a\u011fatay Ulusoy finale kalm\u0131\u015ft\u0131r. Oynad\u0131\u011f\u0131 Medcezir dizisi de, &#8220;En iyi drama dizi \u00f6d\u00fcl&#8221;lerinde ikincilik \u00f6d\u00fcl\u00fc kazand\u0131rd\u0131. Ayr\u0131ca \u00c7a\u011fatay Ulusoy \u00dclkemizde, Medcezir&#8217;de oynad\u0131\u011f\u0131 Yaman karakterindeki ba\u015far\u0131s\u0131 ile en iyi drama dizi oyuncusu \u00f6d\u00fcllerini topluyor.<\/p>\n<p><a href=\"http:\/\/balcilar-blog.com\/wp-content\/uploads\/2014\/11\/Ayakl\u0131-gazete-\u00f6d\u00fcl.jpg\"><img loading=\"lazy\" decoding=\"async\" class=\"alignnone size-full wp-image-4130\" src=\"http:\/\/balcilar-blog.com\/wp-content\/uploads\/2014\/11\/Ayakl\u0131-gazete-\u00f6d\u00fcl.jpg\" alt=\"Ayakl\u0131 gazete \u00f6d\u00fcl\" width=\"620\" height=\"640\" srcset=\"https:\/\/balcilar-blog.com\/wp-content\/uploads\/2014\/11\/Ayakl\u0131-gazete-\u00f6d\u00fcl.jpg 620w, https:\/\/balcilar-blog.com\/wp-content\/uploads\/2014\/11\/Ayakl\u0131-gazete-\u00f6d\u00fcl-290x300.jpg 290w\" sizes=\"auto, (max-width: 620px) 100vw, 620px\" \/><\/a><\/p>\n<p>\u0130lerleyen g\u00fcnlerde filmin konusu ve de ba\u015frol oynayaca\u011f\u0131 bayan partneri belli olacak. Bu sinema filmi i\u00e7in iddial\u0131 olarak haz\u0131rlanan \u00c7a\u011fatay&#8217;\u0131n s\u00fcper bir i\u015f \u00e7\u0131karaca\u011f\u0131n\u0131 tahmin ediyorum.<\/p>\n<p>\u00c7a\u011fatay Ulusoy&#8217;a sinema filminde ba\u015far\u0131lar diliyorum.<\/p>\n<p>Sayg\u0131lar, sevgiler.<\/p>\n<p>Abdurrahman Balc\u0131lar<\/p>\n<p>Twitter: abdurrahman balc\u0131lar@abbalcilar<\/p>\n<p>Mail : <a href=\"mailto:ab.balcilar@hotmail.com\">ab.balcilar@hotmail.com<\/a><\/p>\n<p>Blog: milliyet.com.tr\/cansever<\/p>\n<p>Blog: balcilar-blog.com<\/p>\n<p>Not: G\u00f6rseller ve haber \u0130nternetten al\u0131nm\u0131\u015ft\u0131r.<\/p>\n<p>&nbsp;<\/p>\n<p>&nbsp;<\/p>\n","protected":false},"excerpt":{"rendered":"<p>\u00c7a\u011fatay Ulusoy bilindi\u011fi gibi 2.sinema filmini 2015 yaz\u0131nda \u00e7ekecek. \u015e\u00f6hret basamaklar\u0131n\u0131 birer birer t\u0131rmanan Medcezir&#8217;in yak\u0131\u015f\u0131kl\u0131s\u0131 Yaman karakteri, \u015fimdi de yeni sinema filminde bir m\u00fczisyeni canland\u0131racak ve baterist olacak. Medcezir dizisinde Yaman olarak, elinde gitar\u0131 ile gitar \u00e7ald\u0131\u011f\u0131n\u0131, beste yapt\u0131\u011f\u0131n\u0131 ve \u015fark\u0131 s\u00f6yledi\u011fini ge\u00e7en b\u00f6l\u00fcmlerinde izledi\u011fimiz \u00c7a\u011fatay Ulusoy&#8217;un sesini dinlemi\u015ftik. Olduk\u00e7a yumu\u015fak ve duygulu bir [&hellip;]<\/p>\n","protected":false},"author":3,"featured_media":0,"comment_status":"open","ping_status":"open","sticky":false,"template":"","format":"standard","meta":{"footnotes":""},"categories":[10],"tags":[26,15,19,39,16,25],"class_list":["post-4679","post","type-post","status-publish","format-standard","hentry","category-sinema","tag-ay-yapim","tag-cagatay-ulusoy","tag-hazal-kaya","tag-kerem-catay","tag-medcezir","tag-star-tv"],"views":5241,"blog_post_layout_featured_media_urls":{"thumbnail":"","full":""},"categories_names":{"10":{"name":"Sinema","link":"https:\/\/balcilar-blog.com\/?cat=10"}},"tags_names":{"26":{"name":"Ay Yap\u0131m","link":"https:\/\/balcilar-blog.com\/?tag=ay-yapim"},"15":{"name":"\u00e7a\u011fatay ulusoy","link":"https:\/\/balcilar-blog.com\/?tag=cagatay-ulusoy"},"19":{"name":"Hazal Kaya","link":"https:\/\/balcilar-blog.com\/?tag=hazal-kaya"},"39":{"name":"Kerem \u00c7atay","link":"https:\/\/balcilar-blog.com\/?tag=kerem-catay"},"16":{"name":"medcezir","link":"https:\/\/balcilar-blog.com\/?tag=medcezir"},"25":{"name":"Star Tv","link":"https:\/\/balcilar-blog.com\/?tag=star-tv"}},"comments_number":"0","wpmagazine_modules_lite_featured_media_urls":{"thumbnail":"","cvmm-medium":"","cvmm-medium-plus":"","cvmm-portrait":"","cvmm-medium-square":"","cvmm-large":"","cvmm-small":"","full":""},"_links":{"self":[{"href":"https:\/\/balcilar-blog.com\/index.php?rest_route=\/wp\/v2\/posts\/4679","targetHints":{"allow":["GET"]}}],"collection":[{"href":"https:\/\/balcilar-blog.com\/index.php?rest_route=\/wp\/v2\/posts"}],"about":[{"href":"https:\/\/balcilar-blog.com\/index.php?rest_route=\/wp\/v2\/types\/post"}],"author":[{"embeddable":true,"href":"https:\/\/balcilar-blog.com\/index.php?rest_route=\/wp\/v2\/users\/3"}],"replies":[{"embeddable":true,"href":"https:\/\/balcilar-blog.com\/index.php?rest_route=%2Fwp%2Fv2%2Fcomments&post=4679"}],"version-history":[{"count":11,"href":"https:\/\/balcilar-blog.com\/index.php?rest_route=\/wp\/v2\/posts\/4679\/revisions"}],"predecessor-version":[{"id":4782,"href":"https:\/\/balcilar-blog.com\/index.php?rest_route=\/wp\/v2\/posts\/4679\/revisions\/4782"}],"wp:attachment":[{"href":"https:\/\/balcilar-blog.com\/index.php?rest_route=%2Fwp%2Fv2%2Fmedia&parent=4679"}],"wp:term":[{"taxonomy":"category","embeddable":true,"href":"https:\/\/balcilar-blog.com\/index.php?rest_route=%2Fwp%2Fv2%2Fcategories&post=4679"},{"taxonomy":"post_tag","embeddable":true,"href":"https:\/\/balcilar-blog.com\/index.php?rest_route=%2Fwp%2Fv2%2Ftags&post=4679"}],"curies":[{"name":"wp","href":"https:\/\/api.w.org\/{rel}","templated":true}]}}