{"id":4651,"date":"2014-11-24T18:34:39","date_gmt":"2014-11-24T16:34:39","guid":{"rendered":"http:\/\/balcilar-blog.com\/?p=4651"},"modified":"2014-11-24T19:26:05","modified_gmt":"2014-11-24T17:26:05","slug":"fatih-harbiye-48-bolum-gercekler-acitir","status":"publish","type":"post","link":"https:\/\/balcilar-blog.com\/?p=4651","title":{"rendered":"Fatih Harbiye \/ 48.B\u00f6l\u00fcm, Ger\u00e7ekler Ac\u0131t\u0131r!"},"content":{"rendered":"<p><img decoding=\"async\" src=\"http:\/\/www2.dizifilm.com\/newpics\/fotogaleri\/act\/5359_7834_23112014_1.jpg\" alt=\"\" \/><\/p>\n<p>Show Tv\u2019in a\u015fk ve drama dizisi \u201cFatih Harbiye\u201d d\u00fcn ak\u015fam 48.b\u00f6l\u00fcm\u00fc ile ekranlar\u0131m\u0131zdayd\u0131. Final bileti kesildi\u011fi i\u00e7in olsa gerek, reytinglerin iyice d\u00fc\u015ft\u00fc\u011f\u00fcn\u00fc g\u00f6rd\u00fck. AB\u2019de 28.s\u0131rada, Total\u2019de 39.s\u0131rada yer alm\u0131\u015f.<\/p>\n<p>Peyami Safa&#8217;n\u0131n roman\u0131ndan aktar\u0131lan Fatih harbiye, bana g\u00f6re g\u00fczel bir dizi idi. \u0130stanbul&#8217;un iki farkl\u0131 mahalle k\u00fclt\u00fcr\u00fcn\u00fc bir potada eriten senaristimiz Hayriye Ers\u00f6z \u00e7ok g\u00fczel bir i\u015f \u00e7\u0131kartm\u0131\u015ft\u0131r. Koliba Film&#8217;in yap\u0131mc\u0131l\u0131\u011f\u0131n\u0131 \u00fcstlendi\u011fi dizinin y\u00f6netmenli\u011fini Sadullah Celen yapm\u0131\u015ft\u0131r.<\/p>\n<p>Dizinin ba\u015fl\u0131ca rollerini; Kadir Do\u011fulu, Neslihan Atag\u00fcl, Yunus Emre Y\u0131ld\u0131r\u0131mer, Dilara \u00d6ztun\u00e7, P\u0131nar Dikici, Seda T\u00fcrkmen,It\u0131r Esen, \u00d6zg\u00fcrcan \u00c7evik, U\u011fur Demirpehlivan, Okday Korunan, S\u00fceda \u00c7il, F\u0131rat Topkorur, Murat G\u00f6ksu, G\u00f6k\u00e7e Aky\u0131ld\u0131z, Olcay Y\u00fcsufo\u011flu, Serkan \u015eenalp, Gamze S\u00fcner Atay, Seher Terzi, Sevin\u00e7 S\u0131rma, Bari Hac\u0131han, \u00d6zhan Canda, Yusuf Baymaz, Muhmet Uslu, Kahraman Sivri, Ate\u015f Fatih U\u00e7an, Ararat Mor, \u015eadi Aymutlu ve Alissa Sezen Sever oynam\u0131\u015flard\u0131r.<\/p>\n<p>Finale giden dizimizin 48.b\u00f6l\u00fcm\u00fcnde neler oldu\u011funu \u00f6zetleyelim.<\/p>\n<p>Macit, ge\u00e7en b\u00f6l\u00fcmde Neriman\u2019\u0131n elinden tutmu\u015f, nikah salonuna g\u00f6t\u00fcrm\u00fc\u015ft\u00fc. Hayalini anlat\u0131r. Y\u0131l 2014, g\u00fcnlerden Cumartesi. Bu salonda bizim d\u00fc\u011f\u00fcn\u00fcm\u00fcz olacak. Baban da \u015fu sandalyede oturacak. O s\u0131rada Faiz Bey salona girer, Neriman babas\u0131n\u0131 g\u00f6r\u00fcnce \u015fa\u015f\u0131r\u0131r. Macit Bey k\u0131z\u0131na sar\u0131l\u0131r, evlenmelerine izin vermi\u015ftir.<\/p>\n<p><a href=\"http:\/\/balcilar-blog.com\/wp-content\/uploads\/2014\/11\/Ekran-Al\u0131nt\u0131s\u0131FH48.2.png\"><img loading=\"lazy\" decoding=\"async\" class=\"alignnone size-full wp-image-4653\" src=\"http:\/\/balcilar-blog.com\/wp-content\/uploads\/2014\/11\/Ekran-Al\u0131nt\u0131s\u0131FH48.2.png\" alt=\"Ekran Al\u0131nt\u0131s\u0131FH48.2\" width=\"644\" height=\"428\" srcset=\"https:\/\/balcilar-blog.com\/wp-content\/uploads\/2014\/11\/Ekran-Al\u0131nt\u0131s\u0131FH48.2.png 644w, https:\/\/balcilar-blog.com\/wp-content\/uploads\/2014\/11\/Ekran-Al\u0131nt\u0131s\u0131FH48.2-300x199.png 300w\" sizes=\"auto, (max-width: 644px) 100vw, 644px\" \/><\/a><\/p>\n<p>Macit\u2019in annesi \u0130nci, babas\u0131 Kerim ve ger\u00e7ek babas\u0131 oldu\u011funu iddia eden Nadir Bey, ge\u00e7mi\u015fin hesapla\u015fmas\u0131n\u0131 yaparlar. Nadir Bey, Macit benim o\u011flum deyince, \u00e7ok bozulur. O s\u0131rada evden hizmetli \u015eehriban\u2019dan eve haciz memurlar\u0131 geldi deyince, d\u00fc\u015fer bay\u0131l\u0131r, kalp krizi ge\u00e7irir.<\/p>\n<p><a href=\"http:\/\/balcilar-blog.com\/wp-content\/uploads\/2014\/11\/Ekran-Al\u0131nt\u0131s\u0131FH48.1A.png\"><img loading=\"lazy\" decoding=\"async\" class=\"alignnone size-full wp-image-4652\" src=\"http:\/\/balcilar-blog.com\/wp-content\/uploads\/2014\/11\/Ekran-Al\u0131nt\u0131s\u0131FH48.1A.png\" alt=\"Ekran Al\u0131nt\u0131s\u0131FH48.1A\" width=\"648\" height=\"435\" srcset=\"https:\/\/balcilar-blog.com\/wp-content\/uploads\/2014\/11\/Ekran-Al\u0131nt\u0131s\u0131FH48.1A.png 648w, https:\/\/balcilar-blog.com\/wp-content\/uploads\/2014\/11\/Ekran-Al\u0131nt\u0131s\u0131FH48.1A-300x201.png 300w\" sizes=\"auto, (max-width: 648px) 100vw, 648px\" \/><\/a><\/p>\n<p>Haberi alan Macit, Neriman ile hemen hastaneye ko\u015farlar. Nadir Bey kendi arabas\u0131 ile Kerim Beyi hastaneye getirir. \u0130nci Han\u0131m, yakla\u015fmas\u0131n\u0131 istemez, sen uzaktan bak, der.<\/p>\n<p>Bora Beyin ilk do\u011fum g\u00fcn\u00fc pastas\u0131 Duygu\u2019dan gelir. Bora\u2019ya Kerim Beyin hastaneye kald\u0131r\u0131ld\u0131\u011f\u0131 ve Nadir Beyin haciz i\u015flemlerini durdurdu\u011fu bildirilir. Bora, Nadir Beyin Arcao\u011flu Holdingin orta\u011f\u0131 olan o\u011fludur.<\/p>\n<p>Neriman, \u0130nci Han\u0131mdan Kerim Beyin Nadir Bey y\u00fcz\u00fcnden kriz ge\u00e7irdi\u011fini ve Macit\u2019in o\u011flu olmad\u0131\u011f\u0131n\u0131 \u00f6\u011frendi\u011fini s\u00f6yler.<\/p>\n<p>Bora da Duygu ile Kerim Beyin kald\u0131r\u0131ld\u0131\u011f\u0131 hastaneye gelir. Ameliyat esnas\u0131nda Kerim Bey kurtar\u0131lamaz ve \u00f6l\u00fcr. \u0130nci Han\u0131ma malum olmu\u015ftur. Beklemede \u00e7ok a\u011flar. Pelin, Selim Bey herkes oradad\u0131r.<\/p>\n<p><img decoding=\"async\" src=\"http:\/\/www2.dizifilm.com\/newpics\/fotogaleri\/act\/5359_405_23112014_1.jpg\" alt=\"\" \/><\/p>\n<p>Macit evde annesi ile taziyeleri kabul eder. Neriman, babas\u0131 Faiz Bey ve Fahriye\u2019de oradad\u0131r.<\/p>\n<p><a href=\"http:\/\/balcilar-blog.com\/wp-content\/uploads\/2014\/11\/Ekran-Al\u0131nt\u0131s\u0131FH48.4A.png\"><img loading=\"lazy\" decoding=\"async\" class=\"alignnone size-full wp-image-4655\" src=\"http:\/\/balcilar-blog.com\/wp-content\/uploads\/2014\/11\/Ekran-Al\u0131nt\u0131s\u0131FH48.4A.png\" alt=\"Ekran Al\u0131nt\u0131s\u0131FH48.4A\" width=\"647\" height=\"438\" srcset=\"https:\/\/balcilar-blog.com\/wp-content\/uploads\/2014\/11\/Ekran-Al\u0131nt\u0131s\u0131FH48.4A.png 647w, https:\/\/balcilar-blog.com\/wp-content\/uploads\/2014\/11\/Ekran-Al\u0131nt\u0131s\u0131FH48.4A-300x203.png 300w\" sizes=\"auto, (max-width: 647px) 100vw, 647px\" \/><\/a><\/p>\n<p>&nbsp;<\/p>\n<p>Pelin\u2019in annesi \u015fu sokak s\u00fcpr\u00fcnt\u00fcleri de burada ne ar\u0131yor der. O s\u0131rada \u015einasi de \u00e7\u0131kar gelir. Neriman \u00e7ok \u015fa\u015f\u0131r\u0131r, bir rezillik \u00e7\u0131kmas\u0131n diye dua eder. \u015einasi centilmen bir beyefendi gibi, Macit\u2019e ba\u015f sa\u011fl\u0131\u011f\u0131 diler, Allah rahmet eylesin der. K\u0131sa kal\u0131r gider. \u015einasi, Faiz Beyi orada g\u00f6r\u00fcnce \u00e7ok \u015fa\u015f\u0131rm\u0131\u015ft\u0131r.<\/p>\n<p><a href=\"http:\/\/balcilar-blog.com\/wp-content\/uploads\/2014\/11\/Ekran-Al\u0131nt\u0131s\u0131FH48.3.png\"><img loading=\"lazy\" decoding=\"async\" class=\"alignnone size-full wp-image-4654\" src=\"http:\/\/balcilar-blog.com\/wp-content\/uploads\/2014\/11\/Ekran-Al\u0131nt\u0131s\u0131FH48.3.png\" alt=\"Ekran Al\u0131nt\u0131s\u0131FH48.3\" width=\"603\" height=\"434\" srcset=\"https:\/\/balcilar-blog.com\/wp-content\/uploads\/2014\/11\/Ekran-Al\u0131nt\u0131s\u0131FH48.3.png 603w, https:\/\/balcilar-blog.com\/wp-content\/uploads\/2014\/11\/Ekran-Al\u0131nt\u0131s\u0131FH48.3-300x215.png 300w\" sizes=\"auto, (max-width: 603px) 100vw, 603px\" \/><\/a><\/p>\n<p>Pelin Faiz Beyin yan\u0131na gider, hadi sevgili kuzenim Neriman\u2019\u0131n neden burada oldu\u011fu malum. Sizi burada g\u00f6r\u00fcnce \u015fa\u015f\u0131rd\u0131m. Siz y\u0131llarca b\u00f6yle evlerden uzak durdu\u011fuz Faiz Bey. Akrabam\u0131z olman\u0131za ra\u011fmen bize hi\u00e7 gelmediniz. Faiz Bey, ben evlerden uzak durmad\u0131m, evlerin i\u00e7indekilerden uzak durdum. Rahmet isteyene merhamet g\u00f6stermeyecek kadar ta\u015f y\u00fcrekli biri de\u011filim. Olmad\u0131m, olmayaca\u011f\u0131m.<\/p>\n<p><a href=\"http:\/\/balcilar-blog.com\/wp-content\/uploads\/2014\/11\/Ekran-Al\u0131nt\u0131s\u0131FH48.4AA.png\"><img loading=\"lazy\" decoding=\"async\" class=\"alignnone size-full wp-image-4656\" src=\"http:\/\/balcilar-blog.com\/wp-content\/uploads\/2014\/11\/Ekran-Al\u0131nt\u0131s\u0131FH48.4AA.png\" alt=\"Ekran Al\u0131nt\u0131s\u0131FH48.4AA\" width=\"645\" height=\"437\" srcset=\"https:\/\/balcilar-blog.com\/wp-content\/uploads\/2014\/11\/Ekran-Al\u0131nt\u0131s\u0131FH48.4AA.png 645w, https:\/\/balcilar-blog.com\/wp-content\/uploads\/2014\/11\/Ekran-Al\u0131nt\u0131s\u0131FH48.4AA-300x203.png 300w\" sizes=\"auto, (max-width: 645px) 100vw, 645px\" \/><\/a><\/p>\n<p>Aras da \u015einasi ile gelmi\u015ftir. Sonra bah\u00e7eye \u00e7\u0131kar, Fahriye k\u00fcms\u00fcy\u00fcz diyerek yan\u0131na gider. Niye tek ba\u015f\u0131nas\u0131n. \u015einasi niye seninle geldi\u011fini anlayamad\u0131m. Aras, \u015einasi Neriman\u2019\u0131 o kadar \u00e7ok seviyor ki, gurunu hi\u00e7e sayarak o da geldi. Fahriye hemen laf\u0131 sokar, gururun haks\u0131z yere k\u0131r\u0131lsa bile sevmeye devam etmek zor i\u015f.<\/p>\n<p><a href=\"http:\/\/balcilar-blog.com\/wp-content\/uploads\/2014\/11\/Ekran-Al\u0131nt\u0131s\u0131FH48.6.png\"><img loading=\"lazy\" decoding=\"async\" class=\"alignnone size-full wp-image-4657\" src=\"http:\/\/balcilar-blog.com\/wp-content\/uploads\/2014\/11\/Ekran-Al\u0131nt\u0131s\u0131FH48.6.png\" alt=\"Ekran Al\u0131nt\u0131s\u0131FH48.6\" width=\"647\" height=\"425\" srcset=\"https:\/\/balcilar-blog.com\/wp-content\/uploads\/2014\/11\/Ekran-Al\u0131nt\u0131s\u0131FH48.6.png 647w, https:\/\/balcilar-blog.com\/wp-content\/uploads\/2014\/11\/Ekran-Al\u0131nt\u0131s\u0131FH48.6-300x197.png 300w\" sizes=\"auto, (max-width: 647px) 100vw, 647px\" \/><\/a><\/p>\n<p>Macit\u2019i Neriman teselli eder. Macit, seni o kadar \u00e7ok seviyorum ki, \u00f6l\u00fcm bile g\u00f6z\u00fcmde ufac\u0131k kal\u0131yor. Sen hep benim yan\u0131mda kal, benimle ol. Neriman, ben senin her zaman yan\u0131nday\u0131m. O s\u0131rada Bora Macit\u2019e kendisini tan\u0131t\u0131r. Yeni orta\u011f\u0131n\u0131z\u0131m, sizinle tan\u0131\u015fmam\u0131\u015ft\u0131k der ve ba\u015f sa\u011fl\u0131\u011f\u0131 diler.<\/p>\n<p><a href=\"http:\/\/balcilar-blog.com\/wp-content\/uploads\/2014\/11\/Ekran-Al\u0131nt\u0131s\u0131FH48.7.png\"><img loading=\"lazy\" decoding=\"async\" class=\"alignnone size-full wp-image-4658\" src=\"http:\/\/balcilar-blog.com\/wp-content\/uploads\/2014\/11\/Ekran-Al\u0131nt\u0131s\u0131FH48.7.png\" alt=\"Ekran Al\u0131nt\u0131s\u0131FH48.7\" width=\"639\" height=\"431\" srcset=\"https:\/\/balcilar-blog.com\/wp-content\/uploads\/2014\/11\/Ekran-Al\u0131nt\u0131s\u0131FH48.7.png 639w, https:\/\/balcilar-blog.com\/wp-content\/uploads\/2014\/11\/Ekran-Al\u0131nt\u0131s\u0131FH48.7-300x202.png 300w\" sizes=\"auto, (max-width: 639px) 100vw, 639px\" \/><\/a><\/p>\n<p>O s\u0131rada gelen Nadir Beye, \u0130nci Han\u0131m sizin ne i\u015finiz var burada diyerek \u00e7\u0131k\u0131\u015f\u0131r. Ba\u015f sa\u011fl\u0131\u011f\u0131 i\u00e7in geldim. \u0130nci Han\u0131m hemen evimden def ol git.<\/p>\n<p><a href=\"http:\/\/balcilar-blog.com\/wp-content\/uploads\/2014\/11\/Ekran-Al\u0131nt\u0131s\u0131FH48.8.png\"><img loading=\"lazy\" decoding=\"async\" class=\"alignnone size-full wp-image-4659\" src=\"http:\/\/balcilar-blog.com\/wp-content\/uploads\/2014\/11\/Ekran-Al\u0131nt\u0131s\u0131FH48.8.png\" alt=\"Ekran Al\u0131nt\u0131s\u0131FH48.8\" width=\"631\" height=\"430\" srcset=\"https:\/\/balcilar-blog.com\/wp-content\/uploads\/2014\/11\/Ekran-Al\u0131nt\u0131s\u0131FH48.8.png 631w, https:\/\/balcilar-blog.com\/wp-content\/uploads\/2014\/11\/Ekran-Al\u0131nt\u0131s\u0131FH48.8-300x204.png 300w\" sizes=\"auto, (max-width: 631px) 100vw, 631px\" \/><\/a><\/p>\n<p>Neriman Nadir Beyin \u0130nci Han\u0131mla konu\u015ftu\u011funu g\u00f6r\u00fcnce, Macit\u2019i uzakla\u015ft\u0131rmak ister ama Macit de Nadir Beyi g\u00f6r\u00fcr. Yan\u0131na gider, ho\u015f geldin der. Annesi ile tan\u0131\u015ft\u0131rmak ister, Nadir Bey tan\u0131\u015ft\u0131k az \u00f6nce.<\/p>\n<p>Macit onu u\u011furlamak i\u00e7in \u00e7\u0131kar. Nadir Bey bir ihtiyac\u0131n var m\u0131? Diye sorar. Ge\u00e7ecek her \u015fey, bak b\u00fct\u00fcn sevdiklerin yan\u0131nda. Zaten hayatta \u00f6nemli olan \u015fey budur o\u011flum. Nadir Beyin di\u011fer o\u011flu Bora da onlara bir garip bakar. Bas\u0131n\u0131n Macit\u2019e g\u00f6sterdi\u011fi ilgi dikkatini \u00e7eker. \u00c7\u00fcnk\u00fc Bora, Macit ile karde\u015f olduklar\u0131n\u0131 bilmiyordur.<\/p>\n<p>Bora \u015firkete gelir babas\u0131n\u0131 s\u0131k\u0131\u015ft\u0131r\u0131r. Babas\u0131 Kerim Bey d\u00fc\u015fman\u0131m\u0131zd\u0131, Macit\u2019e bu ihtimam niye der. Nadir Bey de o benim o\u011flum, senin de karde\u015fin diyerek s\u0131rr\u0131n\u0131 if\u015fa eder. Bora babas\u0131na sitem eder, ona yard\u0131m ettin, i\u015fe ald\u0131n. Peki ben baba? Ben senin evlad\u0131n de\u011fimliyim? Bana niye babal\u0131k yapmad\u0131n?<\/p>\n<p><a href=\"http:\/\/balcilar-blog.com\/wp-content\/uploads\/2014\/11\/Ekran-Al\u0131nt\u0131s\u0131FH48.9.png\"><img loading=\"lazy\" decoding=\"async\" class=\"alignnone size-full wp-image-4660\" src=\"http:\/\/balcilar-blog.com\/wp-content\/uploads\/2014\/11\/Ekran-Al\u0131nt\u0131s\u0131FH48.9.png\" alt=\"Ekran Al\u0131nt\u0131s\u0131FH48.9\" width=\"651\" height=\"444\" srcset=\"https:\/\/balcilar-blog.com\/wp-content\/uploads\/2014\/11\/Ekran-Al\u0131nt\u0131s\u0131FH48.9.png 651w, https:\/\/balcilar-blog.com\/wp-content\/uploads\/2014\/11\/Ekran-Al\u0131nt\u0131s\u0131FH48.9-300x204.png 300w\" sizes=\"auto, (max-width: 651px) 100vw, 651px\" \/><\/a><\/p>\n<p>Bora yat\u0131l\u0131 okullarda okudu\u011funu, hi\u00e7 baba sevgisi g\u00f6stermememsin hesab\u0131n\u0131 sorar. Her \u015fey Macit i\u00e7in miydi?<\/p>\n<p>Macit babas\u0131n\u0131n \u00f6l\u00fcm nedeninin eve gelen haciz memurlar\u0131 y\u00fcz\u00fcnden oldu\u011funu hizmet\u00e7i k\u0131zdan \u00f6\u011frenir. Macit h\u0131\u015f\u0131mla evden \u00e7\u0131kar, bu i\u015fin asl\u0131n\u0131 \u00f6\u011frenmek i\u00e7in Pelin\u2019e gider. Eve haciz g\u00f6ndermi\u015fsin diyerek ondan hesap sorar. Pelin nakte ihtiyac\u0131m vard\u0131, ben senetleri satt\u0131m. Kim oldu\u011funu bilmiyorum. Baban biliyordu, \u015firketi kurtarmaya \u00e7al\u0131\u015ft\u0131m.<\/p>\n<p>Neriman bu s\u0131rr\u0131 \u00f6nce babas\u0131na s\u00f6ylemek ister. O an Fahriye gelir her \u015feyi ona anlat\u0131r. Macit telefon eder, Pelin de\u011filmi\u015f, ama ben \u00f6\u011frenece\u011fim.<\/p>\n<p>Bora sahilde Duygu ile bulu\u015fur. Bir \u015fey anlatamaz, sadece seni g\u00f6rmek istedim. Geldi\u011fin i\u00e7in \u00e7ok te\u015fekk\u00fcr ederim der ve onu \u00f6per. Duygu ne zaman \u00e7a\u011f\u0131r\u0131rsan, ni\u00e7in \u00e7a\u011f\u0131r\u0131rsan ben gelirim.<\/p>\n<p><a href=\"http:\/\/balcilar-blog.com\/wp-content\/uploads\/2014\/11\/Ekran-Al\u0131nt\u0131s\u0131FH48.10.png\"><img loading=\"lazy\" decoding=\"async\" class=\"alignnone size-full wp-image-4661\" src=\"http:\/\/balcilar-blog.com\/wp-content\/uploads\/2014\/11\/Ekran-Al\u0131nt\u0131s\u0131FH48.10.png\" alt=\"Ekran Al\u0131nt\u0131s\u0131FH48.10\" width=\"632\" height=\"429\" srcset=\"https:\/\/balcilar-blog.com\/wp-content\/uploads\/2014\/11\/Ekran-Al\u0131nt\u0131s\u0131FH48.10.png 632w, https:\/\/balcilar-blog.com\/wp-content\/uploads\/2014\/11\/Ekran-Al\u0131nt\u0131s\u0131FH48.10-300x203.png 300w\" sizes=\"auto, (max-width: 632px) 100vw, 632px\" \/><\/a><\/p>\n<p>Neriman babas\u0131ndan izin ister, Macit\u2019in ac\u0131 g\u00fcn\u00fcnde yan\u0131nda olmam laz\u0131m diyerek \u00e7\u0131kar. Faiz Bey git k\u0131z\u0131m der. \u00c7\u0131k\u0131\u015fta Fahriye ile kar\u015f\u0131la\u015f\u0131r. Beraber y\u00fcr\u00fcrler.<\/p>\n<p><a href=\"http:\/\/balcilar-blog.com\/wp-content\/uploads\/2014\/11\/Ekran-Al\u0131nt\u0131s\u0131FH48.11.png\"><img loading=\"lazy\" decoding=\"async\" class=\"alignnone size-full wp-image-4673\" src=\"http:\/\/balcilar-blog.com\/wp-content\/uploads\/2014\/11\/Ekran-Al\u0131nt\u0131s\u0131FH48.11.png\" alt=\"Ekran Al\u0131nt\u0131s\u0131FH48.11\" width=\"618\" height=\"434\" srcset=\"https:\/\/balcilar-blog.com\/wp-content\/uploads\/2014\/11\/Ekran-Al\u0131nt\u0131s\u0131FH48.11.png 618w, https:\/\/balcilar-blog.com\/wp-content\/uploads\/2014\/11\/Ekran-Al\u0131nt\u0131s\u0131FH48.11-300x210.png 300w\" sizes=\"auto, (max-width: 618px) 100vw, 618px\" \/><\/a><\/p>\n<p>Macit annesi \u0130nci Han\u0131ma s\u0131k\u0131\u015ft\u0131r\u0131r. Babam kriz geldi\u011finde evde de\u011filmi\u015fsiniz, eve haciz memurlar\u0131 gelmi\u015f. \u0130nci Han\u0131m, Macit olan oldu. Macit\u2019e baban\u0131z\u0131n arac\u0131 emniyete \u00e7ekilmi\u015f, gelip alman\u0131z laz\u0131m diye telefon gelir.<\/p>\n<p>Asl\u0131, a\u011fabeyi \u015einasi\u2019ye \u00e7ay koymak ister. Hay\u0131r deyince gene Neriman\u2019\u0131 m\u0131 d\u00fc\u015f\u00fcn\u00fcyorsun. \u015einasi, Faiz amca Neriman\u2019\u0131n evlenmesini izin vermi\u015f, onu sonsuza kadar kaybedece\u011fim, sonra da tamamen kapanm\u0131\u015f olacak. Asl\u0131, bu konu kapanmaz abi, der.<\/p>\n<p>Kader Han\u0131m, o\u011flu Emre\u2019nin p\u0131s\u0131r\u0131kl\u0131\u011f\u0131ndan \u015fikayet eder, haftaya Asl\u0131 ile mahkemen var, bir \u015feyler yap.<\/p>\n<p>Bora adam\u0131 Tar\u0131k\u2019a talimat verir, bundan sonra sadece benim i\u00e7in \u00e7al\u0131\u015facaks\u0131n, sadece bana hesap vereceksin. Sana s\u00f6yledi\u011fim herkese takip edip bana rapor vereceksin. Babam\u0131n bu i\u015ften haberi olmayacak, onu da takip etmeni istiyorum.<\/p>\n<p><a href=\"http:\/\/balcilar-blog.com\/wp-content\/uploads\/2014\/11\/Ekran-Al\u0131nt\u0131s\u0131FH48.12.png\"><img loading=\"lazy\" decoding=\"async\" class=\"alignnone size-full wp-image-4663\" src=\"http:\/\/balcilar-blog.com\/wp-content\/uploads\/2014\/11\/Ekran-Al\u0131nt\u0131s\u0131FH48.12.png\" alt=\"Ekran Al\u0131nt\u0131s\u0131FH48.12\" width=\"645\" height=\"425\" srcset=\"https:\/\/balcilar-blog.com\/wp-content\/uploads\/2014\/11\/Ekran-Al\u0131nt\u0131s\u0131FH48.12.png 645w, https:\/\/balcilar-blog.com\/wp-content\/uploads\/2014\/11\/Ekran-Al\u0131nt\u0131s\u0131FH48.12-300x197.png 300w\" sizes=\"auto, (max-width: 645px) 100vw, 645px\" \/><\/a><\/p>\n<p>Asl\u0131\u2019n\u0131n annesi Zehra Han\u0131m seyahatten d\u00f6nm\u00fc\u015ft\u00fcr. Halas\u0131n\u0131 kaybetmi\u015f, \u00e7ok \u00fcz\u00fcnt\u00fcl\u00fcd\u00fcr.<\/p>\n<p><a href=\"http:\/\/balcilar-blog.com\/wp-content\/uploads\/2014\/11\/Ekran-Al\u0131nt\u0131s\u0131FH48.13A.png\"><img loading=\"lazy\" decoding=\"async\" class=\"alignnone size-full wp-image-4664\" src=\"http:\/\/balcilar-blog.com\/wp-content\/uploads\/2014\/11\/Ekran-Al\u0131nt\u0131s\u0131FH48.13A.png\" alt=\"Ekran Al\u0131nt\u0131s\u0131FH48.13A\" width=\"657\" height=\"429\" srcset=\"https:\/\/balcilar-blog.com\/wp-content\/uploads\/2014\/11\/Ekran-Al\u0131nt\u0131s\u0131FH48.13A.png 657w, https:\/\/balcilar-blog.com\/wp-content\/uploads\/2014\/11\/Ekran-Al\u0131nt\u0131s\u0131FH48.13A-300x195.png 300w\" sizes=\"auto, (max-width: 657px) 100vw, 657px\" \/><\/a><\/p>\n<p>Neriman Macit i\u00e7in evlerine gider. \u0130nci Han\u0131m Macit \u00e7\u0131kt\u0131, der. Oturur birlikte konu\u015furlar. Neriman ben Nadir Beye Macit\u2019in o\u011flu oldu\u011funu s\u00f6yledim deyince \u0130nci Han\u0131m sen ne yapt\u0131n Neriman. Sen nas\u0131l s\u00f6ylersin. Neriman ben yalan s\u00f6ylemekten b\u0131kt\u0131m. \u0130nci Han\u0131m, sen \u00e7eneni kapasayd\u0131n, Kerim hala ya\u015f\u0131yor olacakt\u0131. Neriman, kusura bakmay\u0131n, ben sevdi\u011fim adam\u0131n her g\u00fcn g\u00f6z\u00fcne bakarak yalan s\u00f6yleyemem. As\u0131l siz en ba\u015f\u0131ndan beri Macit\u2019e ve kerim Beye yalan s\u00f6ylemeseydiniz bunlar\u0131n hi\u00e7 biri ya\u015fanmayacakt\u0131. Ben d\u00fcr\u00fcst davrand\u0131m, ge\u00e7 de olsa ayn\u0131 d\u00fcr\u00fcstl\u00fc\u011f\u00fc sizden bekliyorum. Macit\u2019e anlatmal\u0131s\u0131n\u0131z, e\u011fer siz anlatmazsan\u0131z ben anlataca\u011f\u0131m. \u0130nci Han\u0131m, anlat\u0131rsan seni siler atar. Onu kaybetmeyi g\u00f6ze alabilir misin?<\/p>\n<p>Macit babas\u0131n\u0131n arac\u0131n\u0131 otoparktan al\u0131r, araban\u0131n nereden \u00e7ekildi\u011fini sorar. Gider Nadir Bey, annesi ve babas\u0131n\u0131n bulu\u015ftuklar\u0131 yere gider.<\/p>\n<p>Emre Asl\u0131\u2019n\u0131n d\u00fckkan\u0131na gider, konu\u015fmak ister. Asl\u0131\u2019y\u0131 tehdit eder, O s\u0131rada Cihan gelir, araya girer. Emre\u2019yi yaka pa\u00e7a d\u0131\u015far\u0131 atar. Emre, sen kendi karde\u015fine bak, ben san g\u00f6steririm diyerek tehdit savurur gider.<\/p>\n<p>Macit, o g\u00fcnk\u00fc anne babas\u0131 ile \u00fc\u00e7\u00fcnc\u00fc \u015fahs\u0131n arabas\u0131n\u0131n plakas\u0131na bulur. Telefon eder, sekreter Nadir Beye Macit konu\u015fmak istiyor deyince Nadir Bey deponun adresini ver, oraya gelsin, der. Neriman \u0130nci Han\u0131m\u0131 arar, Macit arac\u0131n sahibi Nadir Beyle bulu\u015facak. Diyerek haber verir.<\/p>\n<p><a href=\"http:\/\/balcilar-blog.com\/wp-content\/uploads\/2014\/11\/Ekran-Al\u0131nt\u0131s\u0131FH48.14BBC.png\"><img loading=\"lazy\" decoding=\"async\" class=\"alignnone size-medium wp-image-4666\" src=\"http:\/\/balcilar-blog.com\/wp-content\/uploads\/2014\/11\/Ekran-Al\u0131nt\u0131s\u0131FH48.14BBC-300x199.png\" alt=\"Ekran Al\u0131nt\u0131s\u0131FH48.14BBC\" width=\"300\" height=\"199\" srcset=\"https:\/\/balcilar-blog.com\/wp-content\/uploads\/2014\/11\/Ekran-Al\u0131nt\u0131s\u0131FH48.14BBC-300x199.png 300w, https:\/\/balcilar-blog.com\/wp-content\/uploads\/2014\/11\/Ekran-Al\u0131nt\u0131s\u0131FH48.14BBC.png 642w\" sizes=\"auto, (max-width: 300px) 100vw, 300px\" \/><\/a>\u00a0<a href=\"http:\/\/balcilar-blog.com\/wp-content\/uploads\/2014\/11\/Ekran-Al\u0131nt\u0131s\u0131FH48.14BC.png\"><img loading=\"lazy\" decoding=\"async\" class=\"alignnone size-medium wp-image-4667\" src=\"http:\/\/balcilar-blog.com\/wp-content\/uploads\/2014\/11\/Ekran-Al\u0131nt\u0131s\u0131FH48.14BC-300x198.png\" alt=\"Ekran Al\u0131nt\u0131s\u0131FH48.14BC\" width=\"300\" height=\"198\" srcset=\"https:\/\/balcilar-blog.com\/wp-content\/uploads\/2014\/11\/Ekran-Al\u0131nt\u0131s\u0131FH48.14BC-300x198.png 300w, https:\/\/balcilar-blog.com\/wp-content\/uploads\/2014\/11\/Ekran-Al\u0131nt\u0131s\u0131FH48.14BC.png 649w\" sizes=\"auto, (max-width: 300px) 100vw, 300px\" \/><\/a><\/p>\n<p>\u0130nci Han\u0131m Nadir Beyi arar, ne yapt\u0131\u011f\u0131n\u0131 san\u0131yorsun sen. Nadir Bey, eninde sonunda \u00f6\u011frenecek \u0130nci Han\u0131m. Sak\u0131n yapma, \u00f6ld\u00fcr\u00fcr\u00fcm seni der.<\/p>\n<p><a href=\"http:\/\/balcilar-blog.com\/wp-content\/uploads\/2014\/11\/Ekran-Al\u0131nt\u0131s\u0131FH48.15.png\"><img loading=\"lazy\" decoding=\"async\" class=\"alignnone size-full wp-image-4668\" src=\"http:\/\/balcilar-blog.com\/wp-content\/uploads\/2014\/11\/Ekran-Al\u0131nt\u0131s\u0131FH48.15.png\" alt=\"Ekran Al\u0131nt\u0131s\u0131FH48.15\" width=\"651\" height=\"434\" srcset=\"https:\/\/balcilar-blog.com\/wp-content\/uploads\/2014\/11\/Ekran-Al\u0131nt\u0131s\u0131FH48.15.png 651w, https:\/\/balcilar-blog.com\/wp-content\/uploads\/2014\/11\/Ekran-Al\u0131nt\u0131s\u0131FH48.15-300x200.png 300w\" sizes=\"auto, (max-width: 651px) 100vw, 651px\" \/><\/a><\/p>\n<p>Macit ile Neriman birlikte depoya do\u011fru giderler. Neriman Macit, do\u011fru mu yap\u0131yorsun, \u00f6nce bir annenle konu\u015fsayd\u0131n. Macit, annem benden bir \u015fey sakl\u0131yor.<\/p>\n<p>Neriman, Macit bekle istersen adam gelmemi\u015ftir. Macit, Neriman ben o g\u00fcn benden neler gizlendi\u011fini \u00f6\u011frenece\u011fim. Neriman, belki \u00f6\u011frenmemen gereken bir \u015feydir, belki anne-n seni korumaya \u00e7al\u0131\u015fm\u0131\u015ft\u0131r. Macit, Neriman\u2019\u0131n y\u00fcz\u00fcne garip, garip, bakar. Ne demek istiyorsun Neriman? O s\u0131rada \u0130nci Han\u0131m da depo kap\u0131s\u0131na gelir. Macit sen ne yapmaya \u00e7al\u0131\u015f\u0131yorsun? Macit, benden ne saklad\u0131\u011f\u0131n \u0131 \u00f6\u011frenmeye \u00e7al\u0131\u015f\u0131yorum anne. H\u0131zla kap\u0131dan i\u00e7eri girer.<\/p>\n<p><a href=\"http:\/\/balcilar-blog.com\/wp-content\/uploads\/2014\/11\/Ekran-Al\u0131nt\u0131s\u0131FH48.16.png\"><img loading=\"lazy\" decoding=\"async\" class=\"alignnone size-full wp-image-4669\" src=\"http:\/\/balcilar-blog.com\/wp-content\/uploads\/2014\/11\/Ekran-Al\u0131nt\u0131s\u0131FH48.16.png\" alt=\"Ekran Al\u0131nt\u0131s\u0131FH48.16\" width=\"647\" height=\"430\" srcset=\"https:\/\/balcilar-blog.com\/wp-content\/uploads\/2014\/11\/Ekran-Al\u0131nt\u0131s\u0131FH48.16.png 647w, https:\/\/balcilar-blog.com\/wp-content\/uploads\/2014\/11\/Ekran-Al\u0131nt\u0131s\u0131FH48.16-300x199.png 300w\" sizes=\"auto, (max-width: 647px) 100vw, 647px\" \/><\/a><\/p>\n<p>\u0130nci han\u0131m; L\u00fctfen o\u011flum beni dinle\u2026 Hadi d\u00f6n o\u011flum, ben sana her \u015feyi anlataca\u011f\u0131m. Macit, art\u0131k \u00e7ok ge\u00e7 anne.<\/p>\n<p><a href=\"http:\/\/balcilar-blog.com\/wp-content\/uploads\/2014\/11\/Ekran-Al\u0131nt\u0131s\u0131FH48.17A.png\"><img loading=\"lazy\" decoding=\"async\" class=\"alignnone size-medium wp-image-4670\" src=\"http:\/\/balcilar-blog.com\/wp-content\/uploads\/2014\/11\/Ekran-Al\u0131nt\u0131s\u0131FH48.17A-300x197.png\" alt=\"Ekran Al\u0131nt\u0131s\u0131FH48.17A\" width=\"300\" height=\"197\" srcset=\"https:\/\/balcilar-blog.com\/wp-content\/uploads\/2014\/11\/Ekran-Al\u0131nt\u0131s\u0131FH48.17A-300x197.png 300w, https:\/\/balcilar-blog.com\/wp-content\/uploads\/2014\/11\/Ekran-Al\u0131nt\u0131s\u0131FH48.17A.png 663w\" sizes=\"auto, (max-width: 300px) 100vw, 300px\" \/><\/a>\u00a0<a href=\"http:\/\/balcilar-blog.com\/wp-content\/uploads\/2014\/11\/Ekran-Al\u0131nt\u0131s\u0131FH48.17B.png\"><img loading=\"lazy\" decoding=\"async\" class=\"alignnone size-medium wp-image-4671\" src=\"http:\/\/balcilar-blog.com\/wp-content\/uploads\/2014\/11\/Ekran-Al\u0131nt\u0131s\u0131FH48.17B-300x192.png\" alt=\"Ekran Al\u0131nt\u0131s\u0131FH48.17B\" width=\"300\" height=\"192\" srcset=\"https:\/\/balcilar-blog.com\/wp-content\/uploads\/2014\/11\/Ekran-Al\u0131nt\u0131s\u0131FH48.17B-300x192.png 300w, https:\/\/balcilar-blog.com\/wp-content\/uploads\/2014\/11\/Ekran-Al\u0131nt\u0131s\u0131FH48.17B.png 661w\" sizes=\"auto, (max-width: 300px) 100vw, 300px\" \/><\/a><\/p>\n<p>Macit a\u00e7ar kap\u0131y\u0131 i\u00e7eri bakar, g\u00f6zleri fal ta\u015f\u0131 gibi a\u00e7\u0131l\u0131r. Kar\u015f\u0131s\u0131ndakinin kim oldu\u011funu biz g\u00f6rmedik amma, Nadir Bey olmal\u0131. Ve 48.b\u00f6l\u00fcm burada biter.<\/p>\n<p><a href=\"http:\/\/balcilar-blog.com\/wp-content\/uploads\/2014\/11\/Ekran-Al\u0131nt\u0131s\u0131FH48.SON_.png\"><img loading=\"lazy\" decoding=\"async\" class=\"alignnone size-full wp-image-4672\" src=\"http:\/\/balcilar-blog.com\/wp-content\/uploads\/2014\/11\/Ekran-Al\u0131nt\u0131s\u0131FH48.SON_.png\" alt=\"Ekran Al\u0131nt\u0131s\u0131FH48.SON\" width=\"638\" height=\"431\" srcset=\"https:\/\/balcilar-blog.com\/wp-content\/uploads\/2014\/11\/Ekran-Al\u0131nt\u0131s\u0131FH48.SON_.png 638w, https:\/\/balcilar-blog.com\/wp-content\/uploads\/2014\/11\/Ekran-Al\u0131nt\u0131s\u0131FH48.SON_-300x202.png 300w\" sizes=\"auto, (max-width: 638px) 100vw, 638px\" \/><\/a><\/p>\n<p>Nadir Bey, Macit\u2019e ne s\u00f6yleyecek. Ger\u00e7ek baban benim. Kerim bey \u00f6ld\u00fc, o senin baban de\u011fildi diyecek. \u015e\u00fcphesiz bu ger\u00e7ekler Macit&#8217;in y\u00fcre\u011fini ac\u0131tacak. B\u00fct\u00fcn bu sorular\u0131n cevab\u0131n\u0131 bekleyip haftaya \u00f6\u011frenece\u011fiz. Art\u0131k Fatih Harbiye\u2019de son iki b\u00f6l\u00fcme gidiyoruz. \u00d6b\u00fcr hafta 50.b\u00f6l\u00fcm final. Macit ile Neriman\u2019\u0131n davullu-zurnal\u0131 d\u00fc\u011f\u00fcn\u00fc izleyecek, mutluluklar\u0131n\u0131 payla\u015faca\u011f\u0131z.<\/p>\n<p>Fatih Harbiye bitiyor. Kadir Do\u011fulu\u2019nun yeni dizisi ve kanal\u0131 belli oldu bile. Atv.de yeni dizisi \u201cAlabora\u201d da izleyece\u011fiz yeni y\u0131lda.<\/p>\n<p>Sayg\u0131lar, sevgiler.<\/p>\n<p>Abdurrahman Balc\u0131lar<\/p>\n<p>Twitter: abdurrahman balc\u0131lar@abbalcilar<\/p>\n<p>Mail : <a href=\"mailto:ab.balcilar@hotmail.com\">ab.balcilar@hotmail.com<\/a><\/p>\n<p>Blog: milliyet.com.tr\/cansever<\/p>\n<p>Blog: balcilar-blog.com<\/p>\n<p>Not: G\u00f6rseller internetten, Fatih harbiye twitter sayfas\u0131ndan ve taraf\u0131mdan diziden kopyalanm\u0131\u015ft\u0131r.<\/p>\n<p>&nbsp;<\/p>\n<p>&nbsp;<\/p>\n<p>&nbsp;<\/p>\n","protected":false},"excerpt":{"rendered":"<p>Show Tv\u2019in a\u015fk ve drama dizisi \u201cFatih Harbiye\u201d d\u00fcn ak\u015fam 48.b\u00f6l\u00fcm\u00fc ile ekranlar\u0131m\u0131zdayd\u0131. Final bileti kesildi\u011fi i\u00e7in olsa gerek, reytinglerin iyice d\u00fc\u015ft\u00fc\u011f\u00fcn\u00fc g\u00f6rd\u00fck. AB\u2019de 28.s\u0131rada, Total\u2019de 39.s\u0131rada yer alm\u0131\u015f. Peyami Safa&#8217;n\u0131n roman\u0131ndan aktar\u0131lan Fatih harbiye, bana g\u00f6re g\u00fczel bir dizi idi. \u0130stanbul&#8217;un iki farkl\u0131 mahalle k\u00fclt\u00fcr\u00fcn\u00fc bir potada eriten senaristimiz Hayriye Ers\u00f6z \u00e7ok g\u00fczel bir [&hellip;]<\/p>\n","protected":false},"author":3,"featured_media":0,"comment_status":"open","ping_status":"open","sticky":false,"template":"","format":"standard","meta":{"footnotes":""},"categories":[2],"tags":[36,536,118,131,119,130,35],"class_list":["post-4651","post","type-post","status-publish","format-standard","hentry","category-tv-programlari","tag-fatih-harbiye","tag-hayriye-ersoz","tag-kadir-dogulu","tag-koliba-film","tag-neslihan-atagul","tag-peyami-safa","tag-show-tv"],"views":6057,"blog_post_layout_featured_media_urls":{"thumbnail":"","full":""},"categories_names":{"2":{"name":"TV Programlar\u0131","link":"https:\/\/balcilar-blog.com\/?cat=2"}},"tags_names":{"36":{"name":"Fatih Harbiye","link":"https:\/\/balcilar-blog.com\/?tag=fatih-harbiye"},"536":{"name":"Hayriye Ers\u00f6z","link":"https:\/\/balcilar-blog.com\/?tag=hayriye-ersoz"},"118":{"name":"Kadir Do\u011fulu","link":"https:\/\/balcilar-blog.com\/?tag=kadir-dogulu"},"131":{"name":"Koliba Film","link":"https:\/\/balcilar-blog.com\/?tag=koliba-film"},"119":{"name":"Neslihan Atag\u00fcl","link":"https:\/\/balcilar-blog.com\/?tag=neslihan-atagul"},"130":{"name":"Peyami Safa","link":"https:\/\/balcilar-blog.com\/?tag=peyami-safa"},"35":{"name":"Show Tv","link":"https:\/\/balcilar-blog.com\/?tag=show-tv"}},"comments_number":"0","wpmagazine_modules_lite_featured_media_urls":{"thumbnail":"","cvmm-medium":"","cvmm-medium-plus":"","cvmm-portrait":"","cvmm-medium-square":"","cvmm-large":"","cvmm-small":"","full":""},"_links":{"self":[{"href":"https:\/\/balcilar-blog.com\/index.php?rest_route=\/wp\/v2\/posts\/4651","targetHints":{"allow":["GET"]}}],"collection":[{"href":"https:\/\/balcilar-blog.com\/index.php?rest_route=\/wp\/v2\/posts"}],"about":[{"href":"https:\/\/balcilar-blog.com\/index.php?rest_route=\/wp\/v2\/types\/post"}],"author":[{"embeddable":true,"href":"https:\/\/balcilar-blog.com\/index.php?rest_route=\/wp\/v2\/users\/3"}],"replies":[{"embeddable":true,"href":"https:\/\/balcilar-blog.com\/index.php?rest_route=%2Fwp%2Fv2%2Fcomments&post=4651"}],"version-history":[{"count":5,"href":"https:\/\/balcilar-blog.com\/index.php?rest_route=\/wp\/v2\/posts\/4651\/revisions"}],"predecessor-version":[{"id":4678,"href":"https:\/\/balcilar-blog.com\/index.php?rest_route=\/wp\/v2\/posts\/4651\/revisions\/4678"}],"wp:attachment":[{"href":"https:\/\/balcilar-blog.com\/index.php?rest_route=%2Fwp%2Fv2%2Fmedia&parent=4651"}],"wp:term":[{"taxonomy":"category","embeddable":true,"href":"https:\/\/balcilar-blog.com\/index.php?rest_route=%2Fwp%2Fv2%2Fcategories&post=4651"},{"taxonomy":"post_tag","embeddable":true,"href":"https:\/\/balcilar-blog.com\/index.php?rest_route=%2Fwp%2Fv2%2Ftags&post=4651"}],"curies":[{"name":"wp","href":"https:\/\/api.w.org\/{rel}","templated":true}]}}