{"id":4523,"date":"2014-11-20T15:06:31","date_gmt":"2014-11-20T13:06:31","guid":{"rendered":"http:\/\/balcilar-blog.com\/?p=4523"},"modified":"2014-11-20T15:06:31","modified_gmt":"2014-11-20T13:06:31","slug":"kurt-seyit-sura-gorkemli-bir-final","status":"publish","type":"post","link":"https:\/\/balcilar-blog.com\/?p=4523","title":{"rendered":"Kurt Seyit \u015eura \/ G\u00f6rkemli bir Final!"},"content":{"rendered":"<p><a href=\"http:\/\/balcilar-blog.com\/wp-content\/uploads\/2014\/11\/21-4.jpg\"><img loading=\"lazy\" decoding=\"async\" class=\"alignnone size-medium wp-image-4526\" src=\"http:\/\/balcilar-blog.com\/wp-content\/uploads\/2014\/11\/21-4-300x200.jpg\" alt=\"21-4\" width=\"300\" height=\"200\" srcset=\"https:\/\/balcilar-blog.com\/wp-content\/uploads\/2014\/11\/21-4-300x200.jpg 300w, https:\/\/balcilar-blog.com\/wp-content\/uploads\/2014\/11\/21-4-1024x682.jpg 1024w, https:\/\/balcilar-blog.com\/wp-content\/uploads\/2014\/11\/21-4.jpg 1500w\" sizes=\"auto, (max-width: 300px) 100vw, 300px\" \/><\/a><\/p>\n<p>K\u0131van\u00e7 Tatl\u0131tu\u011f, Farah Zeynep Abdullah ve Fahriye Evcen&#8217;in rol ald\u0131\u011f\u0131 y\u00fczy\u0131ll\u0131k ger\u00e7ek bir a\u015fk hikayesini konu alan Kurt Seyit ve \u015eura uzun s\u00fcre konu\u015fulacak\u00a0 final b\u00f6l\u00fcm\u00fcyle bu ak\u015fam ekranlara veda ediyor.<\/p>\n<p><strong>KURT SEY\u0130T VE \u015eURA&#8217;YA VEDA<\/strong><\/p>\n<p><strong>Y\u00fczy\u0131ll\u0131k a\u015fkta unutulmaz son!<\/strong><\/p>\n<p><a href=\"http:\/\/balcilar-blog.com\/wp-content\/uploads\/2014\/11\/21-1.jpg\"><img loading=\"lazy\" decoding=\"async\" class=\"alignnone size-medium wp-image-4525\" src=\"http:\/\/balcilar-blog.com\/wp-content\/uploads\/2014\/11\/21-1-300x203.jpg\" alt=\"21-1\" width=\"300\" height=\"203\" srcset=\"https:\/\/balcilar-blog.com\/wp-content\/uploads\/2014\/11\/21-1-300x203.jpg 300w, https:\/\/balcilar-blog.com\/wp-content\/uploads\/2014\/11\/21-1-1024x694.jpg 1024w, https:\/\/balcilar-blog.com\/wp-content\/uploads\/2014\/11\/21-1.jpg 1500w\" sizes=\"auto, (max-width: 300px) 100vw, 300px\" \/><\/a><\/p>\n<p>&nbsp;<\/p>\n<p>K\u0131van\u00e7 Tatl\u0131tu\u011f, Farah Zeynep Abdullah ve Fahriye Evcen&#8217;in rol ald\u0131\u011f\u0131 y\u00fczy\u0131ll\u0131k ger\u00e7ek bir a\u015fk hikayesini konu alan Kurt Seyit ve \u015eura uzun s\u00fcre konu\u015fulacak\u00a0 final b\u00f6l\u00fcm\u00fcyle bu ak\u015fam ekranlara veda ediyor.<\/p>\n<p>&nbsp;<\/p>\n<p><strong>29 EK\u0130M 1923: \u0130STANBUL PERA&#8217;DA CUMHUR\u0130YET CO\u015eKUSU<\/strong><\/p>\n<p><a href=\"http:\/\/balcilar-blog.com\/wp-content\/uploads\/2014\/11\/KURT-SEY\u0130T-SON-6.jpg\"><img loading=\"lazy\" decoding=\"async\" class=\"alignnone size-medium wp-image-4529\" src=\"http:\/\/balcilar-blog.com\/wp-content\/uploads\/2014\/11\/KURT-SEY\u0130T-SON-6-300x200.jpg\" alt=\"KURT SEY\u0130T SON (6)\" width=\"300\" height=\"200\" srcset=\"https:\/\/balcilar-blog.com\/wp-content\/uploads\/2014\/11\/KURT-SEY\u0130T-SON-6-300x200.jpg 300w, https:\/\/balcilar-blog.com\/wp-content\/uploads\/2014\/11\/KURT-SEY\u0130T-SON-6-1024x682.jpg 1024w, https:\/\/balcilar-blog.com\/wp-content\/uploads\/2014\/11\/KURT-SEY\u0130T-SON-6.jpg 1500w\" sizes=\"auto, (max-width: 300px) 100vw, 300px\" \/><\/a>\u00a0\u00a0<a href=\"http:\/\/balcilar-blog.com\/wp-content\/uploads\/2014\/11\/21-5.jpg\"><img loading=\"lazy\" decoding=\"async\" class=\"alignnone size-medium wp-image-4527\" src=\"http:\/\/balcilar-blog.com\/wp-content\/uploads\/2014\/11\/21-5-300x225.jpg\" alt=\"21-5\" width=\"300\" height=\"225\" srcset=\"https:\/\/balcilar-blog.com\/wp-content\/uploads\/2014\/11\/21-5-300x225.jpg 300w, https:\/\/balcilar-blog.com\/wp-content\/uploads\/2014\/11\/21-5-1024x768.jpg 1024w, https:\/\/balcilar-blog.com\/wp-content\/uploads\/2014\/11\/21-5.jpg 1500w\" sizes=\"auto, (max-width: 300px) 100vw, 300px\" \/><\/a><\/p>\n<p>&nbsp;<\/p>\n<p>B\u00fcy\u00fck bir a\u015fk\u0131 izlerken, d\u00fcnya tarihini de\u011fi\u015ftiren bir d\u00f6neme de tan\u0131kl\u0131k etti\u011fimiz Kurt Seyit ve \u015eura\u2019da bu kez\u00a0 Cumhuriyet&#8217;in ilan edildi\u011fi ilk y\u0131llar ekrana gelecek. \u0130stanbul Pera&#8217;da Cumhuriyet co\u015fkusunun ya\u015fanaca\u011f\u0131 final b\u00f6l\u00fcm\u00fcn\u00fc izleyenleri o y\u0131llara g\u00f6t\u00fcrerek duygusal anlar ya\u015fatacak.<\/p>\n<p><a href=\"http:\/\/balcilar-blog.com\/wp-content\/uploads\/2014\/11\/KURT-SEY\u0130T-SON-10.jpg\"><img loading=\"lazy\" decoding=\"async\" class=\"alignnone size-medium wp-image-4524\" src=\"http:\/\/balcilar-blog.com\/wp-content\/uploads\/2014\/11\/KURT-SEY\u0130T-SON-10-300x205.jpg\" alt=\"KURT SEY\u0130T SON (10)\" width=\"300\" height=\"205\" srcset=\"https:\/\/balcilar-blog.com\/wp-content\/uploads\/2014\/11\/KURT-SEY\u0130T-SON-10-300x205.jpg 300w, https:\/\/balcilar-blog.com\/wp-content\/uploads\/2014\/11\/KURT-SEY\u0130T-SON-10-1024x702.jpg 1024w, https:\/\/balcilar-blog.com\/wp-content\/uploads\/2014\/11\/KURT-SEY\u0130T-SON-10.jpg 1500w\" sizes=\"auto, (max-width: 300px) 100vw, 300px\" \/><\/a><\/p>\n<p>&nbsp;<\/p>\n<p><strong>KURT SEY\u0130T VE \u015eURA\u2019NIN VEDASI B\u00dcY\u00dcK B\u0130R SIRRI ORTAYA \u00c7IKARACAK!<\/strong><\/p>\n<p>&nbsp;<\/p>\n<p>Nermin Bezmen\u2019in ayn\u0131 adl\u0131 eserinden uyarlanan dizinin final b\u00f6l\u00fcm\u00fcnde, eserin tamamlanmas\u0131 ve okuyucuya ula\u015fmas\u0131ndan y\u0131llar sonra Bezmen\u2019e ula\u015fan Kurt Seyit\u2019le ilgili \u015fimdiye dek g\u00fcn \u0131\u015f\u0131\u011f\u0131na \u00e7\u0131kmam\u0131\u015f b\u00fcy\u00fck bir s\u0131r seyirciyle payla\u015f\u0131lacak. Vedalar, hesapla\u015fmalar, heyecan ve g\u00f6zya\u015f\u0131n\u0131n zirve yapaca\u011f\u0131 dizinin final b\u00f6l\u00fcm\u00fc, unutulmayacak bir vedaya imza atacak.<\/p>\n<p>&nbsp;<\/p>\n<p><strong>SETTE F\u0130NAL HATIRASI<\/strong><\/p>\n<p><a href=\"http:\/\/balcilar-blog.com\/wp-content\/uploads\/2014\/11\/KURT-SEY\u0130T-SON-3.jpg\"><img loading=\"lazy\" decoding=\"async\" class=\"alignnone size-medium wp-image-4528\" src=\"http:\/\/balcilar-blog.com\/wp-content\/uploads\/2014\/11\/KURT-SEY\u0130T-SON-3-300x200.jpg\" alt=\"KURT SEY\u0130T SON (3)\" width=\"300\" height=\"200\" srcset=\"https:\/\/balcilar-blog.com\/wp-content\/uploads\/2014\/11\/KURT-SEY\u0130T-SON-3-300x200.jpg 300w, https:\/\/balcilar-blog.com\/wp-content\/uploads\/2014\/11\/KURT-SEY\u0130T-SON-3-1024x682.jpg 1024w, https:\/\/balcilar-blog.com\/wp-content\/uploads\/2014\/11\/KURT-SEY\u0130T-SON-3.jpg 1500w\" sizes=\"auto, (max-width: 300px) 100vw, 300px\" \/><\/a><\/p>\n<p>Kurt Seyit ve \u015eura ekibi, dizinin final sahnesinin \u00e7ekimlerini tamamlamalar\u0131n\u0131n ard\u0131ndan platoda pasta kestiler. Dizinin t\u00fcm oyuncu kadrosunun bir araya geldi\u011fi platoda, oyuncular ve teknik ekip hat\u0131ra foto\u011fraf\u0131 \u00e7ektirdiler.<\/p>\n<p>&nbsp;<\/p>\n<p><strong>RAKAMLARLA KURT SEY\u0130T VE \u015eURA<\/strong><\/p>\n<p>Rusya&#8217;da \u00e7ekilen ilk T\u00fcrk dizisi olan Kurt Seyit ve \u015eura&#8217;n\u0131n St. Petersburg \u00e7ekimleri 90 g\u00fcnde tamamland\u0131. Rusya&#8217;n\u0131n bir \u00e7ok tarihi saray ve m\u00fczelerinde ger\u00e7ekle\u015fen \u00e7ekimlerde T\u00fcrk ve Rus olmak \u00fczere yakla\u015f\u0131k 200 ki\u015fi g\u00f6rev ald\u0131. 26 Rus oyuncunun rol ald\u0131\u011f\u0131 dizide yakla\u015f\u0131k 2000 Rus fig\u00fcrasyon yer ald\u0131. 1915\u2019li y\u0131llar\u0131n Rusya\u2019s\u0131n\u0131 her detay\u0131yla birebir yans\u0131tan\u00a0kost\u00fcmlerin tamam\u0131 20 terzi taraf\u0131ndan 3 ayda T\u00fcrkiye ve Rusya\u2019da dikildi. B\u00fcy\u00fck bir \u00f6zenle \u00e7al\u0131\u015f\u0131lan 5 ayl\u0131k s\u00fcre\u00e7te, 1800 par\u00e7a kost\u00fcm ve aksesuar 2 t\u0131rla Rusya\u2019ya ta\u015f\u0131nd\u0131.<\/p>\n<p>Karpatlar Cephesinde ya\u015fan\u0131lan sava\u015f sahneleri i\u00e7in, 7000 m2 alana 15000 m2lik \u00e7ad\u0131r alan\u0131 kuruldu. Sava\u015f sahneleri i\u00e7in 1210 asker , 182 at kullan\u0131ld\u0131. Fig\u00fcranlar\u0131n kost\u00fcmleri \u00f6zel olarak \u00fcretildi.<\/p>\n<p>Kurt Seyit ve \u015eura&#8217;n\u0131n \u0130stanbul d\u00f6nemi i\u00e7in ise Samand\u0131ra&#8217;da \u00f6zel bir plato in\u015fa edildi. 6 d\u00f6n\u00fcm arazi \u00fczerine kurulan platoda; 1920\u2019lerden g\u00fcn\u00fcm\u00fcze hala varl\u0131\u011f\u0131n\u0131 s\u00fcrd\u00fcren ve Pera\u2019yla \u00f6zde\u015fle\u015fmi\u015f yap\u0131lar ve sokaklar orijinal hallerine \u00e7ok yak\u0131n bir \u015fekilde yeniden in\u015fa edildi.\u00a0 \u0130stiklal Caddesi ve o d\u00f6nem i\u00e7in b\u00fcy\u00fck bir yenilik olan elektrikli tramvay, T\u00fcnel Binas\u0131, 1831 y\u0131l\u0131nda Rus el\u00e7ilik binas\u0131 olarak in\u015fa edilen ve Cumhuriyet\u2019in ilk y\u0131llar\u0131nda pek \u00e7ok sanat\u00e7\u0131n\u0131n st\u00fcdyo olarak kulland\u0131\u011f\u0131 Narmanl\u0131 Han bunlardan bir ka\u00e7\u0131.<\/p>\n<p>Kurt Seyit ve \u015eura ; Ortado\u011fu \u00fclkeleri, Yunanistan, Rusya, Romanya, Macaristan, Balt\u0131k \u00fclkeleri, Ukrayna, G\u00fcrcistan dahil olmak \u00fczere 40 \u00fclkede yay\u0131nlanmaya devam ediyor.<\/p>\n<p>&nbsp;<\/p>\n<p>Star Tv&#8217; de yay\u0131nlanan Ay Yap\u0131m imzal\u0131 Kurt Seyit ve \u015eura&#8217;n\u0131n senaristli\u011fini Ece Y\u00f6ren\u00e7, Murat Uyurkulak, Aylin Al\u0131veren,\u00a0 y\u00f6netmenli\u011fini ise Hilal Saral \u00fcstlendi. Kurt Seyit ve \u015eura&#8217;n\u0131n unutulmaz final b\u00f6l\u00fcm\u00fc 20 Kas\u0131m Per\u015fembe g\u00fcn\u00fc saat 22:30&#8217;da Star TV&#8217;de ekrana gelecek.<\/p>\n<p>&nbsp;<\/p>\n<p>http:\/\/www.youtube.com\/watch?v=w38S2uWL4QM&#038;list=PLfePZ0Zu8lFczYEPbGWk4Vrw8TlK8m_91<\/p>\n<p>&nbsp;<\/p>\n<p>Keyifli seyirler.<\/p>\n<p>Abdurrahman Balc\u0131lar<\/p>\n<p>&nbsp;<\/p>\n<p>Not: Kaynak ve g\u00f6rseller Ay Yap\u0131m, Persona Sanat bas\u0131n b\u00fclteninden al\u0131nm\u0131\u015ft\u0131r.<\/p>\n<p class=\"ecxMsoNormal\" align=\"center\">\n","protected":false},"excerpt":{"rendered":"<p>K\u0131van\u00e7 Tatl\u0131tu\u011f, Farah Zeynep Abdullah ve Fahriye Evcen&#8217;in rol ald\u0131\u011f\u0131 y\u00fczy\u0131ll\u0131k ger\u00e7ek bir a\u015fk hikayesini konu alan Kurt Seyit ve \u015eura uzun s\u00fcre konu\u015fulacak\u00a0 final b\u00f6l\u00fcm\u00fcyle bu ak\u015fam ekranlara veda ediyor. KURT SEY\u0130T VE \u015eURA&#8217;YA VEDA Y\u00fczy\u0131ll\u0131k a\u015fkta unutulmaz son! &nbsp; K\u0131van\u00e7 Tatl\u0131tu\u011f, Farah Zeynep Abdullah ve Fahriye Evcen&#8217;in rol ald\u0131\u011f\u0131 y\u00fczy\u0131ll\u0131k ger\u00e7ek bir a\u015fk [&hellip;]<\/p>\n","protected":false},"author":3,"featured_media":0,"comment_status":"open","ping_status":"open","sticky":false,"template":"","format":"standard","meta":{"footnotes":""},"categories":[2],"tags":[26,408,80,234,531,83],"class_list":["post-4523","post","type-post","status-publish","format-standard","hentry","category-tv-programlari","tag-ay-yapim","tag-fahriye-evcen","tag-kivanc-tatlitug","tag-kurt-seyit-ve-sura","tag-satr-tv","tag-zeynep-farah-abdullah"],"views":5159,"blog_post_layout_featured_media_urls":{"thumbnail":"","full":""},"categories_names":{"2":{"name":"TV Programlar\u0131","link":"https:\/\/balcilar-blog.com\/?cat=2"}},"tags_names":{"26":{"name":"Ay Yap\u0131m","link":"https:\/\/balcilar-blog.com\/?tag=ay-yapim"},"408":{"name":"Fahriye Evcen","link":"https:\/\/balcilar-blog.com\/?tag=fahriye-evcen"},"80":{"name":"K\u0131van\u00e7 Tatl\u0131tu\u011f","link":"https:\/\/balcilar-blog.com\/?tag=kivanc-tatlitug"},"234":{"name":"Kurt Seyit ve \u015eura","link":"https:\/\/balcilar-blog.com\/?tag=kurt-seyit-ve-sura"},"531":{"name":"Satr Tv","link":"https:\/\/balcilar-blog.com\/?tag=satr-tv"},"83":{"name":"Zeynep Farah Abdullah","link":"https:\/\/balcilar-blog.com\/?tag=zeynep-farah-abdullah"}},"comments_number":"0","wpmagazine_modules_lite_featured_media_urls":{"thumbnail":"","cvmm-medium":"","cvmm-medium-plus":"","cvmm-portrait":"","cvmm-medium-square":"","cvmm-large":"","cvmm-small":"","full":""},"_links":{"self":[{"href":"https:\/\/balcilar-blog.com\/index.php?rest_route=\/wp\/v2\/posts\/4523","targetHints":{"allow":["GET"]}}],"collection":[{"href":"https:\/\/balcilar-blog.com\/index.php?rest_route=\/wp\/v2\/posts"}],"about":[{"href":"https:\/\/balcilar-blog.com\/index.php?rest_route=\/wp\/v2\/types\/post"}],"author":[{"embeddable":true,"href":"https:\/\/balcilar-blog.com\/index.php?rest_route=\/wp\/v2\/users\/3"}],"replies":[{"embeddable":true,"href":"https:\/\/balcilar-blog.com\/index.php?rest_route=%2Fwp%2Fv2%2Fcomments&post=4523"}],"version-history":[{"count":1,"href":"https:\/\/balcilar-blog.com\/index.php?rest_route=\/wp\/v2\/posts\/4523\/revisions"}],"predecessor-version":[{"id":4530,"href":"https:\/\/balcilar-blog.com\/index.php?rest_route=\/wp\/v2\/posts\/4523\/revisions\/4530"}],"wp:attachment":[{"href":"https:\/\/balcilar-blog.com\/index.php?rest_route=%2Fwp%2Fv2%2Fmedia&parent=4523"}],"wp:term":[{"taxonomy":"category","embeddable":true,"href":"https:\/\/balcilar-blog.com\/index.php?rest_route=%2Fwp%2Fv2%2Fcategories&post=4523"},{"taxonomy":"post_tag","embeddable":true,"href":"https:\/\/balcilar-blog.com\/index.php?rest_route=%2Fwp%2Fv2%2Ftags&post=4523"}],"curies":[{"name":"wp","href":"https:\/\/api.w.org\/{rel}","templated":true}]}}