{"id":4388,"date":"2014-11-13T21:52:40","date_gmt":"2014-11-13T19:52:40","guid":{"rendered":"http:\/\/balcilar-blog.com\/?p=4388"},"modified":"2014-11-29T20:12:33","modified_gmt":"2014-11-29T18:12:33","slug":"cagatay-ulusoy-anne-ve-babasi-ile-ilk-defa-yemek-yedi","status":"publish","type":"post","link":"https:\/\/balcilar-blog.com\/?p=4388","title":{"rendered":"\u00c7a\u011fatay Ulusoy anne ve babas\u0131 ile ilk defa yemek yedi!"},"content":{"rendered":"<p><a href=\"http:\/\/balcilar-blog.com\/wp-content\/uploads\/2014\/11\/B2QUkvyIgAAhQxM.jpg\"><img loading=\"lazy\" decoding=\"async\" class=\"alignnone size-full wp-image-4389\" src=\"http:\/\/balcilar-blog.com\/wp-content\/uploads\/2014\/11\/B2QUkvyIgAAhQxM.jpg\" alt=\"B2QUkvyIgAAhQxM\" width=\"598\" height=\"278\" srcset=\"https:\/\/balcilar-blog.com\/wp-content\/uploads\/2014\/11\/B2QUkvyIgAAhQxM.jpg 598w, https:\/\/balcilar-blog.com\/wp-content\/uploads\/2014\/11\/B2QUkvyIgAAhQxM-300x139.jpg 300w\" sizes=\"auto, (max-width: 598px) 100vw, 598px\" \/><\/a><\/p>\n<p>\u00c7a\u011fatay Ulusoy, annesi Refiye Han\u0131m ve babas\u0131 Aylin Ulusoy \u00a0ve menajeri Engin Aykanat ile \u00f6nceki ak\u015fam Etiler G\u00fcnayd\u0131n Restauranta ak\u015fam yeme\u011fi yemi\u015fler. Son y\u0131llarda bu g\u00fcne kadar birlikte bir arada pek g\u00f6r\u00fclmeyen Ulusoy ailesi i\u00e7in bas\u0131n taraf\u0131ndan ilk defa bir arada g\u00f6r\u00fcnt\u00fclenmi\u015fler.<\/p>\n<p><a href=\"http:\/\/balcilar-blog.com\/wp-content\/uploads\/2014\/11\/CAGATAY-10-4.jpg\"><img loading=\"lazy\" decoding=\"async\" class=\"alignnone size-full wp-image-4395\" src=\"http:\/\/balcilar-blog.com\/wp-content\/uploads\/2014\/11\/CAGATAY-10-4.jpg\" alt=\"CAGATAY-(10) (4)\" width=\"500\" height=\"281\" srcset=\"https:\/\/balcilar-blog.com\/wp-content\/uploads\/2014\/11\/CAGATAY-10-4.jpg 500w, https:\/\/balcilar-blog.com\/wp-content\/uploads\/2014\/11\/CAGATAY-10-4-300x168.jpg 300w\" sizes=\"auto, (max-width: 500px) 100vw, 500px\" \/><\/a><\/p>\n<p>Restauranttan o\u011fullar\u0131ndan \u00f6nce \u00e7\u0131kan anne ve babas\u0131 hemen arabalar\u0131na binmi\u015fler. Daha sonra restauranttan \u00e7\u0131kan \u00c7a\u011fatay, &#8220;Ailemle yemek yedik, \u015fimdi de evimize gidiyoruz&#8221; demi\u015ftir. Ba\u015f\u0131nda NY cap &#8216;i eksik etmeyen \u00c7a\u011fatay son derece keyifli oldu\u011fu dikkatlerden ka\u00e7mam\u0131\u015ft\u0131r. Muhabirin; &#8220;Serenay Sar\u0131kaya ile kald\u0131klar\u0131 evde g\u00fcr\u00fclt\u00fc \u00e7\u0131kard\u0131klar\u0131 i\u00e7in kom\u015fular\u0131n\u0131z \u015fikayet etmi\u015f.&#8221; Sorusuna ise sinirlenmi\u015ftir.<\/p>\n<p>\u00c7a\u011fatay Ulusoy&#8217;un arabas\u0131n\u0131 menajeri Engin Aykanat kullanm\u0131\u015ft\u0131r. Birlikte Etiler&#8217;den ayr\u0131lm\u0131\u015flard\u0131r.<\/p>\n<p>Foto\u011frafta g\u00f6r\u00fcld\u00fc\u011f\u00fc gibi babas\u0131 Aylin beye \u00c7a\u011fatay&#8217;\u0131n \u00e7ok benzedi\u011fi dikkati \u00e7ekmi\u015ftir. A\u015fa\u011f\u0131daki foto\u011fraf, \u00c7a\u011fatay&#8217;\u0131n anne ve babas\u0131 ile son g\u00fcnlerde \u00e7ektirdi\u011fi bir foto\u011fraft\u0131r<\/p>\n<p><a href=\"http:\/\/balcilar-blog.com\/wp-content\/uploads\/2014\/11\/\u00c7A\u011eATAY-ANNE-BABA.jpg\"><img loading=\"lazy\" decoding=\"async\" class=\"alignnone size-full wp-image-4841\" src=\"http:\/\/balcilar-blog.com\/wp-content\/uploads\/2014\/11\/\u00c7A\u011eATAY-ANNE-BABA.jpg\" alt=\"\u00c7A\u011eATAY ANNE-BABA\" width=\"479\" height=\"475\" srcset=\"https:\/\/balcilar-blog.com\/wp-content\/uploads\/2014\/11\/\u00c7A\u011eATAY-ANNE-BABA.jpg 479w, https:\/\/balcilar-blog.com\/wp-content\/uploads\/2014\/11\/\u00c7A\u011eATAY-ANNE-BABA-150x150.jpg 150w, https:\/\/balcilar-blog.com\/wp-content\/uploads\/2014\/11\/\u00c7A\u011eATAY-ANNE-BABA-300x297.jpg 300w\" sizes=\"auto, (max-width: 479px) 100vw, 479px\" \/><\/a><\/p>\n<p>\u00c7a\u011fatay Ulusoy \u00e7ocuklu\u011funda babas\u0131n\u0131n boynunda. Bu resimde \u00c7a\u011fatay&#8217;\u0131n babas\u0131na ne kadar \u00e7ok benzedi\u011fi a\u00e7\u0131k\u00e7a g\u00f6r\u00fcl\u00fcyor.<\/p>\n<p><a href=\"http:\/\/balcilar-blog.com\/wp-content\/uploads\/2014\/11\/764_434ee.jpg\"><img loading=\"lazy\" decoding=\"async\" class=\"alignnone size-full wp-image-4392\" src=\"http:\/\/balcilar-blog.com\/wp-content\/uploads\/2014\/11\/764_434ee.jpg\" alt=\"764_434ee\" width=\"468\" height=\"311\" srcset=\"https:\/\/balcilar-blog.com\/wp-content\/uploads\/2014\/11\/764_434ee.jpg 468w, https:\/\/balcilar-blog.com\/wp-content\/uploads\/2014\/11\/764_434ee-300x199.jpg 300w\" sizes=\"auto, (max-width: 468px) 100vw, 468px\" \/><\/a><\/p>\n<p>&nbsp;<\/p>\n<p>&nbsp;<\/p>\n<p>Not: Haber ve g\u00f6rseller interneten ve ayakl\u0131gazete.com&#8217;dan al\u0131nm\u0131\u015ft\u0131r.<\/p>\n","protected":false},"excerpt":{"rendered":"<p>\u00c7a\u011fatay Ulusoy, annesi Refiye Han\u0131m ve babas\u0131 Aylin Ulusoy \u00a0ve menajeri Engin Aykanat ile \u00f6nceki ak\u015fam Etiler G\u00fcnayd\u0131n Restauranta ak\u015fam yeme\u011fi yemi\u015fler. Son y\u0131llarda bu g\u00fcne kadar birlikte bir arada pek g\u00f6r\u00fclmeyen Ulusoy ailesi i\u00e7in bas\u0131n taraf\u0131ndan ilk defa bir arada g\u00f6r\u00fcnt\u00fclenmi\u015fler. Restauranttan o\u011fullar\u0131ndan \u00f6nce \u00e7\u0131kan anne ve babas\u0131 hemen arabalar\u0131na binmi\u015fler. Daha sonra restauranttan [&hellip;]<\/p>\n","protected":false},"author":3,"featured_media":0,"comment_status":"open","ping_status":"open","sticky":false,"template":"","format":"standard","meta":{"footnotes":""},"categories":[7],"tags":[15,362,528,529],"class_list":["post-4388","post","type-post","status-publish","format-standard","hentry","category-magazin","tag-cagatay-ulusoy","tag-engin-aykanat","tag-etiler","tag-gunaydin-retaurant"],"views":38382,"blog_post_layout_featured_media_urls":{"thumbnail":"","full":""},"categories_names":{"7":{"name":"Magazin","link":"https:\/\/balcilar-blog.com\/?cat=7"}},"tags_names":{"15":{"name":"\u00e7a\u011fatay ulusoy","link":"https:\/\/balcilar-blog.com\/?tag=cagatay-ulusoy"},"362":{"name":"Engin Aykanat","link":"https:\/\/balcilar-blog.com\/?tag=engin-aykanat"},"528":{"name":"Etiler","link":"https:\/\/balcilar-blog.com\/?tag=etiler"},"529":{"name":"G\u00fcnayd\u0131n Retaurant","link":"https:\/\/balcilar-blog.com\/?tag=gunaydin-retaurant"}},"comments_number":"0","wpmagazine_modules_lite_featured_media_urls":{"thumbnail":"","cvmm-medium":"","cvmm-medium-plus":"","cvmm-portrait":"","cvmm-medium-square":"","cvmm-large":"","cvmm-small":"","full":""},"_links":{"self":[{"href":"https:\/\/balcilar-blog.com\/index.php?rest_route=\/wp\/v2\/posts\/4388","targetHints":{"allow":["GET"]}}],"collection":[{"href":"https:\/\/balcilar-blog.com\/index.php?rest_route=\/wp\/v2\/posts"}],"about":[{"href":"https:\/\/balcilar-blog.com\/index.php?rest_route=\/wp\/v2\/types\/post"}],"author":[{"embeddable":true,"href":"https:\/\/balcilar-blog.com\/index.php?rest_route=\/wp\/v2\/users\/3"}],"replies":[{"embeddable":true,"href":"https:\/\/balcilar-blog.com\/index.php?rest_route=%2Fwp%2Fv2%2Fcomments&post=4388"}],"version-history":[{"count":7,"href":"https:\/\/balcilar-blog.com\/index.php?rest_route=\/wp\/v2\/posts\/4388\/revisions"}],"predecessor-version":[{"id":4842,"href":"https:\/\/balcilar-blog.com\/index.php?rest_route=\/wp\/v2\/posts\/4388\/revisions\/4842"}],"wp:attachment":[{"href":"https:\/\/balcilar-blog.com\/index.php?rest_route=%2Fwp%2Fv2%2Fmedia&parent=4388"}],"wp:term":[{"taxonomy":"category","embeddable":true,"href":"https:\/\/balcilar-blog.com\/index.php?rest_route=%2Fwp%2Fv2%2Fcategories&post=4388"},{"taxonomy":"post_tag","embeddable":true,"href":"https:\/\/balcilar-blog.com\/index.php?rest_route=%2Fwp%2Fv2%2Ftags&post=4388"}],"curies":[{"name":"wp","href":"https:\/\/api.w.org\/{rel}","templated":true}]}}