{"id":4129,"date":"2014-11-04T15:02:26","date_gmt":"2014-11-04T13:02:26","guid":{"rendered":"http:\/\/balcilar-blog.com\/?p=4129"},"modified":"2014-11-04T21:28:15","modified_gmt":"2014-11-04T19:28:15","slug":"cagatay-ulusoy-ve-dizisi-medcezir-odul-toplamaya-devam-ediyor","status":"publish","type":"post","link":"https:\/\/balcilar-blog.com\/?p=4129","title":{"rendered":"\u00c7a\u011fatay Ulusoy ve dizisi Medcezir \u00f6d\u00fcl toplamaya devam ediyor!"},"content":{"rendered":"<p><a href=\"http:\/\/balcilar-blog.com\/wp-content\/uploads\/2014\/11\/Ayakl\u0131-gazete-\u00f6d\u00fcl.jpg\"><img loading=\"lazy\" decoding=\"async\" class=\"alignnone size-full wp-image-4130\" src=\"http:\/\/balcilar-blog.com\/wp-content\/uploads\/2014\/11\/Ayakl\u0131-gazete-\u00f6d\u00fcl.jpg\" alt=\"Ayakl\u0131 gazete \u00f6d\u00fcl\" width=\"620\" height=\"640\" srcset=\"https:\/\/balcilar-blog.com\/wp-content\/uploads\/2014\/11\/Ayakl\u0131-gazete-\u00f6d\u00fcl.jpg 620w, https:\/\/balcilar-blog.com\/wp-content\/uploads\/2014\/11\/Ayakl\u0131-gazete-\u00f6d\u00fcl-290x300.jpg 290w\" sizes=\"auto, (max-width: 620px) 100vw, 620px\" \/><\/a><\/p>\n<p>Ge\u00e7ti\u011finiz 30 Ekim ak\u015fam\u0131 Mer\u0131d\u0131en Hotel&#8217;de, 5.Ayakl\u0131 Gazete TV \u00f6d\u00fclleri&#8217;nin da\u011f\u0131t\u0131m\u0131 ger\u00e7ekle\u015ftirilen t\u00f6renle sahiplerini buldu.<\/p>\n<p>Medcezir, En \u0130yi Drama dizisi dal\u0131ndaki b\u00fct\u00fcn \u00f6d\u00fclleri toplad\u0131.<\/p>\n<p>\u00c7a\u011fatay Ulusoy, Medcezir&#8217;deki Yaman karakterinde g\u00f6sterdi\u011fi performans\u0131 ile bu \u00f6d\u00fcle lay\u0131k g\u00f6r\u00fcld\u00fc.<\/p>\n<p>\u00c7a\u011fatay Ulusoy \u00f6d\u00fcl\u00fcn\u00fc, ilk dizisi\u00a0 olan &#8220;Ad\u0131n\u0131 Feriha Koydum&#8221; senaristlerinden, \u015fimdilerde Televizyon idarecisi Melis Cilevik&#8217;in elinden ald\u0131.<\/p>\n<p>\u00c7a\u011fatay Ulusoy, Y\u0131l\u0131n En \u0130yi Drama Dizisi Erkek oyuncusu \u00f6d\u00fcl\u00fcn\u00fc, Medcezir&#8217;de canlard\u0131rd\u0131\u011f\u0131 Yaman karakteri olarak g\u00f6sterdi\u011fi ba\u015far\u0131dan alm\u0131\u015ft\u0131r.<\/p>\n<p><a href=\"http:\/\/balcilar-blog.com\/wp-content\/uploads\/2014\/11\/Ekran-Al\u0131nt\u0131s\u0131AG.2.png\"><img loading=\"lazy\" decoding=\"async\" class=\"alignnone size-medium wp-image-4136\" src=\"http:\/\/balcilar-blog.com\/wp-content\/uploads\/2014\/11\/Ekran-Al\u0131nt\u0131s\u0131AG.2-300x202.png\" alt=\"Ekran Al\u0131nt\u0131s\u0131AG.2\" width=\"300\" height=\"202\" srcset=\"https:\/\/balcilar-blog.com\/wp-content\/uploads\/2014\/11\/Ekran-Al\u0131nt\u0131s\u0131AG.2-300x202.png 300w, https:\/\/balcilar-blog.com\/wp-content\/uploads\/2014\/11\/Ekran-Al\u0131nt\u0131s\u0131AG.2.png 552w\" sizes=\"auto, (max-width: 300px) 100vw, 300px\" \/><\/a>\u00a0\u00a0 <a href=\"http:\/\/balcilar-blog.com\/wp-content\/uploads\/2014\/11\/Ekran-Al\u0131nt\u0131s\u0131AY.\u00d6D\u00dcL-1.png\"><img loading=\"lazy\" decoding=\"async\" class=\"alignnone size-medium wp-image-4134\" src=\"http:\/\/balcilar-blog.com\/wp-content\/uploads\/2014\/11\/Ekran-Al\u0131nt\u0131s\u0131AY.\u00d6D\u00dcL-1-300x192.png\" alt=\"Ekran Al\u0131nt\u0131s\u0131AY.\u00d6D\u00dcL 1\" width=\"300\" height=\"192\" srcset=\"https:\/\/balcilar-blog.com\/wp-content\/uploads\/2014\/11\/Ekran-Al\u0131nt\u0131s\u0131AY.\u00d6D\u00dcL-1-300x192.png 300w, https:\/\/balcilar-blog.com\/wp-content\/uploads\/2014\/11\/Ekran-Al\u0131nt\u0131s\u0131AY.\u00d6D\u00dcL-1.png 566w\" sizes=\"auto, (max-width: 300px) 100vw, 300px\" \/><\/a><\/p>\n<p>\u00c7a\u011fatay, \u00f6d\u00fcl\u00fc ald\u0131ktan sonra yapt\u0131\u011f\u0131 k\u0131sa konu\u015fmada \u015funlar\u0131 s\u00f6ylemi\u015ftir. &#8220;Melis Han\u0131m&#8217;\u0131n bendeki yeri \u00e7ok farkl\u0131, \u00e7\u00fcnk\u00fc ilk i\u015fimin senaristlerinden&#8230;\u00a0 Ve bu \u00f6d\u00fcl\u00fc ondan almak ayr\u0131 bir g\u00fczel. Bu i\u015fin birliktelik \u00fczerine dayal\u0131 oldu\u011funa inan\u0131yorum. Ayr\u0131ca birlikte oldu\u011fumuz Ece Y\u00f6ren\u00e7, Ali Bilgin b\u00fct\u00fcn ekip arkada\u015flar\u0131ma \u00e7ok te\u015fekk\u00fcr ediyorum, iyi ak\u015famlar.&#8221;<\/p>\n<p><a href=\"http:\/\/balcilar-blog.com\/wp-content\/uploads\/2014\/11\/ayakli-gazete13_343.jpg\"><img loading=\"lazy\" decoding=\"async\" class=\"alignnone size-full wp-image-4132\" src=\"http:\/\/balcilar-blog.com\/wp-content\/uploads\/2014\/11\/ayakli-gazete13_343.jpg\" alt=\"ayakli-gazete13_343\" width=\"343\" height=\"257\" srcset=\"https:\/\/balcilar-blog.com\/wp-content\/uploads\/2014\/11\/ayakli-gazete13_343.jpg 343w, https:\/\/balcilar-blog.com\/wp-content\/uploads\/2014\/11\/ayakli-gazete13_343-300x224.jpg 300w\" sizes=\"auto, (max-width: 343px) 100vw, 343px\" \/><\/a><\/p>\n<p>Medcezir&#8217;de \u00c7a\u011fatay Ulusoy&#8217;un partneri olan Serenay Sar\u0131kaya da En \u0130yi Drama Dizisi Kad\u0131n Oyuncusu \u00f6d\u00fcl\u00fcne lay\u0131k g\u00f6r\u00fclm\u00fc\u015ft\u00fcr. Tebess\u00fcm\u00fc y\u00fcz\u00fcnden eksik etmeyen Sar\u0131kaya, elinde \u00f6d\u00fcl\u00fc ile salonu terk ederken; &#8220;Evet, \u00e7ok mutluyuz&#8221; diyerek ayr\u0131lm\u0131\u015ft\u0131r.<\/p>\n<p><a href=\"http:\/\/balcilar-blog.com\/wp-content\/uploads\/2014\/11\/ayakli-gazete12_343.jpg\"><img loading=\"lazy\" decoding=\"async\" class=\"alignnone size-full wp-image-4133\" src=\"http:\/\/balcilar-blog.com\/wp-content\/uploads\/2014\/11\/ayakli-gazete12_343.jpg\" alt=\"ayakli-gazete12_343\" width=\"343\" height=\"257\" srcset=\"https:\/\/balcilar-blog.com\/wp-content\/uploads\/2014\/11\/ayakli-gazete12_343.jpg 343w, https:\/\/balcilar-blog.com\/wp-content\/uploads\/2014\/11\/ayakli-gazete12_343-300x224.jpg 300w\" sizes=\"auto, (max-width: 343px) 100vw, 343px\" \/><\/a><\/p>\n<p>\u00c7ok keyifli ge\u00e7en \u00f6d\u00fcl t\u00f6reninden sonra, \u00c7a\u011fatay Ulusoy \u00e7\u0131k\u0131\u015fta h\u0131zl\u0131 ad\u0131mlarla y\u00fcr\u00fcken Dizi Magazin muhabrinin sorular\u0131na cevap veriyor. Mutluyuz diyen yak\u0131\u015f\u0131kl\u0131 oyuncu o g\u00fczel tebess\u00fcm\u00fcn\u00fc y\u00fcz\u00fcnden hi\u00e7 eksik etmiyor. Muhabirin yeni projeler var m\u0131? sorusuna bak\u0131n ne cevap vermi\u015f. Yaz\u0131n, yaz\u0131n sinema filmi var, diyerek ayr\u0131lm\u0131\u015ft\u0131r.<\/p>\n<p><a href=\"http:\/\/balcilar-blog.com\/wp-content\/uploads\/2014\/11\/Ekran-Al\u0131nt\u0131s\u0131-AYG.3.png\"><img loading=\"lazy\" decoding=\"async\" class=\"alignnone size-full wp-image-4135\" src=\"http:\/\/balcilar-blog.com\/wp-content\/uploads\/2014\/11\/Ekran-Al\u0131nt\u0131s\u0131-AYG.3.png\" alt=\"Ekran Al\u0131nt\u0131s\u0131 AYG.3\" width=\"509\" height=\"324\" srcset=\"https:\/\/balcilar-blog.com\/wp-content\/uploads\/2014\/11\/Ekran-Al\u0131nt\u0131s\u0131-AYG.3.png 509w, https:\/\/balcilar-blog.com\/wp-content\/uploads\/2014\/11\/Ekran-Al\u0131nt\u0131s\u0131-AYG.3-300x190.png 300w\" sizes=\"auto, (max-width: 509px) 100vw, 509px\" \/><\/a><\/p>\n<p>Geceye Bar\u0131\u015f Falay e\u015fi ile kat\u0131lm\u0131\u015f, o da en iyi yard\u0131mc\u0131 erkek oyuncu \u00f6d\u00fcl\u00fcn\u00fc alm\u0131\u015ft\u0131r. Ayr\u0131ca dizi oyuncular\u0131ndan, Taner \u00d6lmez, Hazar Erg\u00fc\u00e7l\u00fc, Defne Kayalar ve Metin Akd\u00fclger kat\u0131lm\u0131\u015flard\u0131r. Eyl\u00fcl karakterini canland\u0131r\u0131n Hazar Erg\u00fc\u00e7l\u00fc; &#8220;Arkada\u015flar\u0131m\u0131z \u00f6d\u00fcl ald\u0131, onlar\u0131n yan\u0131nda olmak i\u00e7in geldik.&#8221; Demi\u015ftir. Defene Kayalar ise; &#8220;\u00c7ok keyifli, i\u015fimiz \u00e7ok g\u00fczel, gayet iyi gidiyor.&#8221; Demi\u015ftir.<\/p>\n<p><strong>AYAKLI GAZETE TV \u00d6D\u00dcLLER\u0130<\/strong>&#8216;nden MEDCEZ\u0130R&#8217;den kazanalar:<\/p>\n<p>En \u0130yi Drama Dizisi&#8230;&#8230;&#8230;&#8230;&#8230;&#8230;&#8230;&#8230;&#8230;&#8230;&#8230;&#8230; :\u00a0\u00a0 MEDCEZ\u0130R<\/p>\n<p>En \u0130yi Drama Dizisi Erkek Oyuncu&#8230;&#8230;&#8230;&#8230;&#8230;. : \u00a0\u00c7A\u011eATAY ULUSOY<\/p>\n<p>En \u0130yi Drama Dizisi Kad\u0131n\u00a0 Oyuncu&#8230;&#8230;&#8230;&#8230;&#8230; : \u00a0SERENAY SARIKAYA<\/p>\n<p>En \u0130yi Drama Dizisi Yard\u0131mc\u0131 Kad\u0131n Oyuncu..: \u00a0 M\u0130NE TUGAY<\/p>\n<p>En \u0130yi Drama Dizisi Yard\u0131mc\u0131 Erkek Oyuncu.. : \u00a0 BARI\u015e FALAY<\/p>\n<p>En \u0130yi Dizi M\u00fczi\u011fi&#8230;&#8230;&#8230;&#8230;&#8230;&#8230;&#8230;&#8230;&#8230;&#8230;&#8230;&#8230;.. \u00a0: \u00a0 MEDCEZ\u0130R &#8211; TOYGAR I\u015eIKLI<\/p>\n<p>Medcezir, bu y\u0131l ikinci sezonu ile Star Tv. ekranlar\u0131nda. Sekiz b\u00f6l\u00fcm\u00fc geride kalan dizi olduk\u00e7a heyacanl\u0131 gidiyor. Bu gidi\u015f ile bu sezonda Medcezir ve oyuncular\u0131 gene b\u00fct\u00fcn \u00f6d\u00fclleri toplayacak gibi duruyor.<\/p>\n<p>T\u00fcm Medcezir ekibine, bu harika \u00f6d\u00fcller i\u00e7in tebrik eder ve ba\u015far\u0131lar\u0131n\u0131n devam\u0131n\u0131 dilerim.<\/p>\n<p>Sayg\u0131lar, sevgiler.<\/p>\n<p>Abdurrahman Balc\u0131lar<\/p>\n<p>Twitter: abdurrahman balc\u0131lar@abbalcilar<br \/>\nMail : ab.balcilar@hotmail.com<br \/>\nBlog: milliyet.com.tr\/cansever<br \/>\nBlog: balcilar-blog.com<\/p>\n<p>Not: G\u00f6rseller internetten, Medcezir Twitter sayfas\u0131ndan ve taraf\u0131mdan S\u00fcper Star Life pro\u011fram\u0131ndan al\u0131nm\u0131\u015ft\u0131r.<\/p>\n<p>&nbsp;<\/p>\n<p>&nbsp;<\/p>\n","protected":false},"excerpt":{"rendered":"<p>Ge\u00e7ti\u011finiz 30 Ekim ak\u015fam\u0131 Mer\u0131d\u0131en Hotel&#8217;de, 5.Ayakl\u0131 Gazete TV \u00f6d\u00fclleri&#8217;nin da\u011f\u0131t\u0131m\u0131 ger\u00e7ekle\u015ftirilen t\u00f6renle sahiplerini buldu. Medcezir, En \u0130yi Drama dizisi dal\u0131ndaki b\u00fct\u00fcn \u00f6d\u00fclleri toplad\u0131. \u00c7a\u011fatay Ulusoy, Medcezir&#8217;deki Yaman karakterinde g\u00f6sterdi\u011fi performans\u0131 ile bu \u00f6d\u00fcle lay\u0131k g\u00f6r\u00fcld\u00fc. \u00c7a\u011fatay Ulusoy \u00f6d\u00fcl\u00fcn\u00fc, ilk dizisi\u00a0 olan &#8220;Ad\u0131n\u0131 Feriha Koydum&#8221; senaristlerinden, \u015fimdilerde Televizyon idarecisi Melis Cilevik&#8217;in elinden ald\u0131. \u00c7a\u011fatay Ulusoy, [&hellip;]<\/p>\n","protected":false},"author":3,"featured_media":0,"comment_status":"open","ping_status":"open","sticky":false,"template":"","format":"standard","meta":{"footnotes":""},"categories":[7],"tags":[309,15,16,27,25],"class_list":["post-4129","post","type-post","status-publish","format-standard","hentry","category-magazin","tag-baris-falay","tag-cagatay-ulusoy","tag-medcezir","tag-serenay-sarikaya","tag-star-tv"],"views":5319,"blog_post_layout_featured_media_urls":{"thumbnail":"","full":""},"categories_names":{"7":{"name":"Magazin","link":"https:\/\/balcilar-blog.com\/?cat=7"}},"tags_names":{"309":{"name":"Bar\u0131\u015f Falay","link":"https:\/\/balcilar-blog.com\/?tag=baris-falay"},"15":{"name":"\u00e7a\u011fatay ulusoy","link":"https:\/\/balcilar-blog.com\/?tag=cagatay-ulusoy"},"16":{"name":"medcezir","link":"https:\/\/balcilar-blog.com\/?tag=medcezir"},"27":{"name":"Serenay Sar\u0131kaya","link":"https:\/\/balcilar-blog.com\/?tag=serenay-sarikaya"},"25":{"name":"Star Tv","link":"https:\/\/balcilar-blog.com\/?tag=star-tv"}},"comments_number":"0","wpmagazine_modules_lite_featured_media_urls":{"thumbnail":"","cvmm-medium":"","cvmm-medium-plus":"","cvmm-portrait":"","cvmm-medium-square":"","cvmm-large":"","cvmm-small":"","full":""},"_links":{"self":[{"href":"https:\/\/balcilar-blog.com\/index.php?rest_route=\/wp\/v2\/posts\/4129","targetHints":{"allow":["GET"]}}],"collection":[{"href":"https:\/\/balcilar-blog.com\/index.php?rest_route=\/wp\/v2\/posts"}],"about":[{"href":"https:\/\/balcilar-blog.com\/index.php?rest_route=\/wp\/v2\/types\/post"}],"author":[{"embeddable":true,"href":"https:\/\/balcilar-blog.com\/index.php?rest_route=\/wp\/v2\/users\/3"}],"replies":[{"embeddable":true,"href":"https:\/\/balcilar-blog.com\/index.php?rest_route=%2Fwp%2Fv2%2Fcomments&post=4129"}],"version-history":[{"count":7,"href":"https:\/\/balcilar-blog.com\/index.php?rest_route=\/wp\/v2\/posts\/4129\/revisions"}],"predecessor-version":[{"id":4142,"href":"https:\/\/balcilar-blog.com\/index.php?rest_route=\/wp\/v2\/posts\/4129\/revisions\/4142"}],"wp:attachment":[{"href":"https:\/\/balcilar-blog.com\/index.php?rest_route=%2Fwp%2Fv2%2Fmedia&parent=4129"}],"wp:term":[{"taxonomy":"category","embeddable":true,"href":"https:\/\/balcilar-blog.com\/index.php?rest_route=%2Fwp%2Fv2%2Fcategories&post=4129"},{"taxonomy":"post_tag","embeddable":true,"href":"https:\/\/balcilar-blog.com\/index.php?rest_route=%2Fwp%2Fv2%2Ftags&post=4129"}],"curies":[{"name":"wp","href":"https:\/\/api.w.org\/{rel}","templated":true}]}}