{"id":4047,"date":"2014-10-31T20:05:11","date_gmt":"2014-10-31T18:05:11","guid":{"rendered":"http:\/\/balcilar-blog.com\/?p=4047"},"modified":"2014-10-31T20:05:11","modified_gmt":"2014-10-31T18:05:11","slug":"kurt-seyit-ve-sura-seyit-evlendi-3-bolum-sonra-final","status":"publish","type":"post","link":"https:\/\/balcilar-blog.com\/?p=4047","title":{"rendered":"Kurt Seyit ve \u015eura \/ Seyit evlendi, 3 b\u00f6l\u00fcm sonra Final!"},"content":{"rendered":"<p><a href=\"http:\/\/balcilar-blog.com\/wp-content\/uploads\/2014\/10\/5265_2493_28102014_1.jpg\"><img loading=\"lazy\" decoding=\"async\" class=\"alignnone size-full wp-image-4062\" src=\"http:\/\/balcilar-blog.com\/wp-content\/uploads\/2014\/10\/5265_2493_28102014_1.jpg\" alt=\"5265_2493_28102014_1\" width=\"500\" height=\"322\" srcset=\"https:\/\/balcilar-blog.com\/wp-content\/uploads\/2014\/10\/5265_2493_28102014_1.jpg 500w, https:\/\/balcilar-blog.com\/wp-content\/uploads\/2014\/10\/5265_2493_28102014_1-300x193.jpg 300w\" sizes=\"auto, (max-width: 500px) 100vw, 500px\" \/><\/a><\/p>\n<p>Ay Yap\u0131m\u2019\u0131n b\u00fcy\u00fck \u00fcmitler ba\u011flad\u0131\u011f\u0131, Star Tv. ekranlar\u0131nda yay\u0131nlanan a\u015fk ve macera dizisi Kurt Seyit ve \u015eura d\u00fcn ak\u015fam 18.B\u00f6l\u00fcm\u00fc izleyenleri ile idi. Her nedense olmad\u0131, olmuyor ve Kurt Seyit ve \u015eura ne yaz\u0131k ki 3 b\u00f6l\u00fcm sonra final yapmak zorunda kal\u0131yor. \u00a0Reytingler yerlerde s\u00fcr\u00fcn\u00fcyor, Total\u2019de 23.s\u0131rada, AB\u2019de 14.s\u0131rada yer alm\u0131\u015f.<\/p>\n<p>Ge\u00e7ti\u011fimiz sezon ortas\u0131nda Mart ay\u0131nda 2 milyon TL \u00fccretle, iki y\u0131ll\u0131\u011f\u0131na K\u0131van\u00e7 Tatl\u0131tu\u011f ile anla\u015fma yap\u0131ld\u0131. B\u00fcy\u00fck \u00fcmit ve masraflarla ilk b\u00f6l\u00fcmleri yurt d\u0131\u015f\u0131nda \u00e7ekilen dizi nedense reytinglerde bekleneni alamad\u0131. B\u00f6l\u00fcm maliyetleri 800 bin TL. oldu\u011fu s\u00f6ylenen dizi, yurt d\u0131\u015f\u0131 reklam ba\u011flant\u0131lar\u0131 nedeniyle yay\u0131n\u0131na hemen de son verilemedi. Yeni sezonda dizi ekibine Fahriye Evcen ve Zerrin Tekindor gibi iki g\u00fc\u00e7l\u00fc oyuncu dahil edildi. Gene olmad\u0131, \u00f6zde Zeynep Farah Abdullah ile K\u0131van\u00e7 Tatl\u0131tu\u011f\u2019un kimyas\u0131 tutmad\u0131\u011f\u0131 s\u00f6ylendi.<\/p>\n<p>Ge\u00e7en b\u00f6l\u00fcmde Seyit ile M\u00fcrvet imam nikah\u0131 yap\u0131l\u0131rken, \u015eura ko\u015far otele gelir. Onlar\u0131 nikah an\u0131nda g\u00f6r\u00fcnce g\u00f6z ya\u015flar\u0131n\u0131 tutamaz. Seyit d\u0131\u015far\u0131 \u00e7\u0131karken, M\u00fcrvet\u2019in annesi Cemile Han\u0131m Seyit\u2019in \u00f6n\u00fcne ge\u00e7er, \u201cDur balal\u0131m orada Seyit Efendi, bir ad\u0131m daha atarsan sana d\u00fcnyay\u0131 zindan ederim. Ben sana k\u0131z\u0131m\u0131 harcatmam, seni harcar\u0131m, d\u00fcnyay\u0131 harcar\u0131m, ama o aln\u0131ndaki lekeyi k\u0131z\u0131ma bula\u015ft\u0131rmana izin vermem. Seyit, kimsenin kimseyi harcad\u0131\u011f\u0131 falan yok, ben bir s\u00f6z verdiysem bitmi\u015ftir. Kay\u0131n valide hi\u00e7 hak etmedin diyerek elini \u00f6pmesi i\u00e7in biraz zor verir.<\/p>\n<p><a href=\"http:\/\/balcilar-blog.com\/wp-content\/uploads\/2014\/10\/Ekran-Al\u0131nt\u0131s\u0131KS\u015e18.1.png\"><img loading=\"lazy\" decoding=\"async\" class=\"alignnone size-full wp-image-4049\" src=\"http:\/\/balcilar-blog.com\/wp-content\/uploads\/2014\/10\/Ekran-Al\u0131nt\u0131s\u0131KS\u015e18.1.png\" alt=\"Ekran Al\u0131nt\u0131s\u0131KS\u015e18.1\" width=\"648\" height=\"417\" srcset=\"https:\/\/balcilar-blog.com\/wp-content\/uploads\/2014\/10\/Ekran-Al\u0131nt\u0131s\u0131KS\u015e18.1.png 648w, https:\/\/balcilar-blog.com\/wp-content\/uploads\/2014\/10\/Ekran-Al\u0131nt\u0131s\u0131KS\u015e18.1-300x193.png 300w\" sizes=\"auto, (max-width: 648px) 100vw, 648px\" \/><\/a><\/p>\n<p>\u015eura\u2019n\u0131n ablas\u0131 Tina ile Petro gelir onu al\u0131p g\u00f6t\u00fcr\u00fcrler. Giderlerken Seyit merdivenlerden onlar\u0131 seyreder. K\u00fc\u00e7\u00fck Sabri, \u015eura\u2019ya ne olur sen benimle evlen. Ben seni hi\u00e7 \u00fczmem. Petro\u2019nun elini daha g\u00fc\u00e7l\u00fc s\u0131karak, g\u00f6t\u00fcr beni buradan.<\/p>\n<p><img decoding=\"async\" src=\"http:\/\/www2.dizifilm.com\/newpics\/fotogaleri\/act\/5265_2493_28102014_9.jpg\" alt=\"\" \/><\/p>\n<p>Kurt Seyit, kaynanas\u0131na ra\u011fmen M\u00fcrvet benim helalim der ve bindirir arabay\u0131 g\u00f6t\u00fcr\u00fcr.<\/p>\n<p>Emine Han\u0131m d\u00fc\u011f\u00fcn yeme\u011fi bile yemeden o\u011flu Hakk\u0131 ve gelinini al\u0131r giderler. Bir evde iki gelin, biri k\u0131z\u0131 M\u00fcrvet, di\u011feri o\u011flu Hakk\u0131\u2019n\u0131n kar\u0131s\u0131 Ay\u015fe. Onlara da \u00fc\u015femeyin diye bir yorgan verir. Hakk\u0131 y\u00fcz g\u00f6r\u00fcml\u00fcl\u00fc\u011f\u00fcn\u00fc takar. Ay\u015fe ba\u015f\u0131m a\u011fr\u0131yor diyerek nazlan\u0131r. Hakk\u0131 bu gece bu evde iki bo\u015f gerdek odas\u0131 olmayacak der.<\/p>\n<p><a href=\"http:\/\/balcilar-blog.com\/wp-content\/uploads\/2014\/10\/Ekran-Al\u0131nt\u0131s\u0131KS\u015e18.3.png\"><img loading=\"lazy\" decoding=\"async\" class=\"alignnone size-full wp-image-4051\" src=\"http:\/\/balcilar-blog.com\/wp-content\/uploads\/2014\/10\/Ekran-Al\u0131nt\u0131s\u0131KS\u015e18.3.png\" alt=\"Ekran Al\u0131nt\u0131s\u0131KS\u015e18.3\" width=\"614\" height=\"425\" srcset=\"https:\/\/balcilar-blog.com\/wp-content\/uploads\/2014\/10\/Ekran-Al\u0131nt\u0131s\u0131KS\u015e18.3.png 614w, https:\/\/balcilar-blog.com\/wp-content\/uploads\/2014\/10\/Ekran-Al\u0131nt\u0131s\u0131KS\u015e18.3-300x207.png 300w\" sizes=\"auto, (max-width: 614px) 100vw, 614px\" \/><\/a><\/p>\n<p>Seyit kaynanas\u0131n\u0131n a\u011f\u0131r s\u00f6zlerine dayanamaz gerde\u011fe girmeden evi terk eder.<\/p>\n<p>\u015eura \u00e7ok \u00fczg\u00fcnd\u00fcr. Seyit ile olan a\u015fklar\u0131n\u0131 o kadar \u00e7ok g\u00fcvenmi\u015fti ki, olanlar onu hayal k\u0131r\u0131kl\u0131\u011f\u0131na u\u011frat\u0131r. Seyit i\u00e7in, babas\u0131n\u0131n s\u00f6z\u00fcne geldi, att\u0131 Rus k\u0131z\u0131n\u0131, ald\u0131 T\u00fcrk k\u0131z\u0131n\u0131 diye s\u00f6ylenir. Sinir krizi ge\u00e7irir, oda da her \u015feyi k\u0131rar d\u00f6ker. Doktora g\u00f6t\u00fcr\u00fcrler, doktor bir s\u00fcre dinlenmesi, ortamdan uzakla\u015fmas\u0131n\u0131 \u00f6nerir.<\/p>\n<p>Celil, Seyit\u2019i g\u00f6r\u00fcnce sen burada ne ar\u0131yorsun damat bey diye tak\u0131l\u0131r. Seyit, \u015eura i\u00e7in \u00e7ok ge\u00e7, ben karar\u0131m\u0131 verdim, o yolda y\u00fcr\u00fcyece\u011fim. \u015eura\u2019n\u0131n yapt\u0131\u011f\u0131 hatalar\u0131 konu\u015furlar. M\u00fcrvet i\u00e7in, annesi ile ayn\u0131 evde olmaz, der.<\/p>\n<p>Petro bir taraftan g\u00f6z\u00fc Ayla\u2019d\u0131r. Ayla\u2019n\u0131n derdini G\u00fczide\u2019ye anlat\u0131r.<\/p>\n<p>Celil, \u015eura\u2019y\u0131 hasta yata\u011f\u0131nda ziyarete gelir. \u015eura, niye geldin, durumumu g\u00f6r\u00fcp arkada\u015f\u0131na anlatmak i\u00e7in mi? Celil\u2019e dert yanar, neden durdurmad\u0131n, neden bana s\u00f6ylemedin o nikah\u0131? Celil, giderken l\u00fctfen \u00fcz\u00fcnt\u00fcden yataklara d\u00fc\u015ft\u00fc\u011f\u00fcm\u00fc s\u00f6yleme diye tembihler.<\/p>\n<p><a href=\"http:\/\/balcilar-blog.com\/wp-content\/uploads\/2014\/10\/Ekran-Al\u0131nt\u0131s\u0131KS\u015e18.4.png\"><img loading=\"lazy\" decoding=\"async\" class=\"alignnone size-full wp-image-4052\" src=\"http:\/\/balcilar-blog.com\/wp-content\/uploads\/2014\/10\/Ekran-Al\u0131nt\u0131s\u0131KS\u015e18.4.png\" alt=\"Ekran Al\u0131nt\u0131s\u0131KS\u015e18.4\" width=\"630\" height=\"425\" srcset=\"https:\/\/balcilar-blog.com\/wp-content\/uploads\/2014\/10\/Ekran-Al\u0131nt\u0131s\u0131KS\u015e18.4.png 630w, https:\/\/balcilar-blog.com\/wp-content\/uploads\/2014\/10\/Ekran-Al\u0131nt\u0131s\u0131KS\u015e18.4-300x202.png 300w\" sizes=\"auto, (max-width: 630px) 100vw, 630px\" \/><\/a><\/p>\n<p>Seyit sabah M\u00fcrvet\u2019in evine bir demet \u00e7i\u00e7ek ve bir tak\u0131m erzaklarla gelir. M\u00fcrvet ile yaln\u0131z konu\u015fmak istiyorum. Emine Han\u0131m \u00f6nce biz konu\u015fal\u0131m. M\u00fcrvet ne s\u00f6yleyeceksen burada annem ile a\u011fabeyimin \u00f6n\u00fcnde s\u00f6yleyebilirsin. Kimden ne sakl\u0131yoruz ki? \u00a0Seyit, Pera\u2019da bir ev tutum, ikimiz i\u00e7in deyince kaynana ba\u015ftan sana s\u00f6yledim, bu evde bizinle ya\u015fayacaks\u0131n diye. M\u00fcrvet, ben bu evde ya\u015famak istiyorum deyince Seyit \u00e7eker gider. Sonra da herkesin \u015fa\u015fk\u0131n bak\u0131\u015flar\u0131 aras\u0131nda valizleri ile eve d\u00f6ner.<\/p>\n<p>Petro, \u015eura\u2019ya \u0130stanbul d\u0131\u015f\u0131nda bir yazl\u0131k eve g\u00f6t\u00fcr\u00fcr. Ablas\u0131 Tina onlar\u0131 u\u011furlar.<\/p>\n<p><a href=\"http:\/\/balcilar-blog.com\/wp-content\/uploads\/2014\/10\/Ekran-Al\u0131nt\u0131s\u0131KS\u015e18.5.png\"><img loading=\"lazy\" decoding=\"async\" class=\"alignnone size-full wp-image-4053\" src=\"http:\/\/balcilar-blog.com\/wp-content\/uploads\/2014\/10\/Ekran-Al\u0131nt\u0131s\u0131KS\u015e18.5.png\" alt=\"Ekran Al\u0131nt\u0131s\u0131KS\u015e18.5\" width=\"638\" height=\"424\" srcset=\"https:\/\/balcilar-blog.com\/wp-content\/uploads\/2014\/10\/Ekran-Al\u0131nt\u0131s\u0131KS\u015e18.5.png 638w, https:\/\/balcilar-blog.com\/wp-content\/uploads\/2014\/10\/Ekran-Al\u0131nt\u0131s\u0131KS\u015e18.5-300x199.png 300w\" sizes=\"auto, (max-width: 638px) 100vw, 638px\" \/><\/a><\/p>\n<p>Seyit benim ba\u015faklar\u0131m uzun yer sofras\u0131na oturmuyorum diyerek eve yemek masas\u0131 ve sandalyeler getirir. Birlikte masa etraf\u0131nda evde yap\u0131lan yemekleri yerler. Ay\u015fe, M\u00fcrvet\u2019e kocas\u0131n\u0131 elinde tutmas\u0131 i\u00e7in tavsiyelerde bulunur.<\/p>\n<p>Eve Kuva-yi Milliye\u2019ciler gelir. Anadolu\u2019ya Mustafa Kemal\u2019e asker yeti\u015ftirmek i\u00e7in Seyit gibi, Celil gibi subaylara ihtiya\u00e7lar\u0131 olduklar\u0131n\u0131 s\u00f6ylerler.<\/p>\n<p>O gece Seyit evde kalacakt\u0131r. Kaynana iki odun alarak banyoyu yakay\u0131m diye yukar\u0131 \u00e7\u0131kar. Seyir bu hareketlerden huzursuz olur.<\/p>\n<p><a href=\"http:\/\/balcilar-blog.com\/wp-content\/uploads\/2014\/10\/Ekran-Al\u0131nt\u0131s\u0131KS\u015e18.6.png\"><img loading=\"lazy\" decoding=\"async\" class=\"alignnone size-full wp-image-4054\" src=\"http:\/\/balcilar-blog.com\/wp-content\/uploads\/2014\/10\/Ekran-Al\u0131nt\u0131s\u0131KS\u015e18.6.png\" alt=\"Ekran Al\u0131nt\u0131s\u0131KS\u015e18.6\" width=\"639\" height=\"416\" srcset=\"https:\/\/balcilar-blog.com\/wp-content\/uploads\/2014\/10\/Ekran-Al\u0131nt\u0131s\u0131KS\u015e18.6.png 639w, https:\/\/balcilar-blog.com\/wp-content\/uploads\/2014\/10\/Ekran-Al\u0131nt\u0131s\u0131KS\u015e18.6-300x195.png 300w\" sizes=\"auto, (max-width: 639px) 100vw, 639px\" \/><\/a><\/p>\n<p>M\u00fcrvet ben istemiyorum diye annesine s\u00f6yler. Emine Han\u0131m o gece damad\u0131n\u0131 g\u00f6z\u00fc tutar. Akl\u0131 ba\u015f\u0131nda, vatan i\u00e7in de d\u00fc\u015f\u00fcncelerini be\u011fenmi\u015ftir. K\u0131z\u0131n\u0131 oda kap\u0131s\u0131na kadar u\u011furlar. Seyit ile konu\u015furlar. M\u00fcrvet Seyit\u2019i g\u00fcvenmemektedir. Mira\u2019y\u0131 k\u0131skand\u0131\u011f\u0131 her halinden, her s\u00f6z\u00fcnden bellidir. \u00a0Seyit\u2019in onuru ve gururu k\u0131r\u0131l\u0131r, odadan \u00e7\u0131kar gider.<\/p>\n<p>Ertesi sabah Celil, Emine Han\u0131ma d\u00fcn gece Seyit bana u\u011frad\u0131 da bu mektubu size g\u00f6nderdi. Seyit mektubunda; \u201cM\u00fcrvet, ben Anadolu\u2019ya gidiyorum. \u015eu an bana en fazla ihtiya\u00e7 duyulacak yer oras\u0131. Bir yuvam\u0131z olacaksa, bir vatan\u0131m\u0131z da olmal\u0131. Ardan ge\u00e7en s\u00fcrede biraz sakinle\u015firiz. Ben d\u00f6nebilirsem e\u011fer seni \u00f6zlemi\u015f olaca\u011f\u0131m\u0131 biliyorum. Odada bavulumun i\u00e7 g\u00f6z\u00fcnde para var. Ne ihtiya\u00e7 olursa kullan, Allaha emanet ol.\u201d\u00a0 Annesi ne yazm\u0131\u015f deyince, mektubu annesine uzat\u0131r. Ay\u015fe, ne oldu, bo\u015fuyor mu seni der. Emine Han\u0131m sen \u00fcst\u00fcne vazife olmayan i\u015flere kar\u0131\u015fma.<\/p>\n<p><img decoding=\"async\" src=\"http:\/\/www2.dizifilm.com\/newpics\/fotogaleri\/act\/5265_2493_28102014_5.jpg\" alt=\"\" \/><\/p>\n<p>Seyit, acemi askerleri silah ve tabanca ile at\u0131\u015f e\u011fitimi yapt\u0131r\u0131r. Her biri att\u0131\u011f\u0131n\u0131 vurur.<\/p>\n<p>M\u00fcrvet g\u00fcn sayar, Seyit gideli tam 32 g\u00fcn olmu\u015ftur. Ay\u015fe, hi\u00e7 belli etmiyorsun \u00fcz\u00fcnt\u00fcn\u00fc diyerek dalga ge\u00e7er.<\/p>\n<p>\u015eura yazl\u0131k k\u00f6\u015fk\u00fc istedi\u011fi gibi dayar, d\u00f6\u015fer. Ablas\u0131 Tina\u2019y\u0131 beklerken, Petro \u00e7\u0131kar gelir.<\/p>\n<p><a href=\"http:\/\/balcilar-blog.com\/wp-content\/uploads\/2014\/10\/Ekran-Al\u0131nt\u0131s\u0131KS\u015e18.7A.png\"><img loading=\"lazy\" decoding=\"async\" class=\"alignnone size-full wp-image-4055\" src=\"http:\/\/balcilar-blog.com\/wp-content\/uploads\/2014\/10\/Ekran-Al\u0131nt\u0131s\u0131KS\u015e18.7A.png\" alt=\"Ekran Al\u0131nt\u0131s\u0131KS\u015e18.7A\" width=\"628\" height=\"415\" srcset=\"https:\/\/balcilar-blog.com\/wp-content\/uploads\/2014\/10\/Ekran-Al\u0131nt\u0131s\u0131KS\u015e18.7A.png 628w, https:\/\/balcilar-blog.com\/wp-content\/uploads\/2014\/10\/Ekran-Al\u0131nt\u0131s\u0131KS\u015e18.7A-300x198.png 300w\" sizes=\"auto, (max-width: 628px) 100vw, 628px\" \/><\/a><\/p>\n<p>Celil kendisini i\u00e7kiye verir. Sevdi\u011fi kad\u0131n G\u00fczide ile ayn\u0131 \u015fehirde ya\u015f\u0131yor ama, onu g\u00f6remiyordur. Yahya Bey Ankara\u2019ya gitmi\u015ftir. Celil\u2019i \u00e7a\u011f\u0131r\u0131r, G\u00fczide senin i\u00e7in i\u015fi g\u00fcc\u00fc bo\u015flad\u0131, kendini da\u011f\u0131tt\u0131 diyorlar. Celil, sana gelmemek i\u00e7in takat\u0131m kesilinceye kadar i\u00e7iyorum. G\u00fczide benim de senden ba\u015fka ya\u015fama sebebim yok. Ben gidiyorum, Seyit\u2019in yan\u0131na gidiyorum. Celil G\u00fczide\u2019yi ihtirasla \u00f6per.<\/p>\n<p><a href=\"http:\/\/balcilar-blog.com\/wp-content\/uploads\/2014\/10\/Ekran-Al\u0131nt\u0131s\u0131KS\u015e18.8.png\"><img loading=\"lazy\" decoding=\"async\" class=\"alignnone size-full wp-image-4056\" src=\"http:\/\/balcilar-blog.com\/wp-content\/uploads\/2014\/10\/Ekran-Al\u0131nt\u0131s\u0131KS\u015e18.8.png\" alt=\"Ekran Al\u0131nt\u0131s\u0131KS\u015e18.8\" width=\"649\" height=\"414\" srcset=\"https:\/\/balcilar-blog.com\/wp-content\/uploads\/2014\/10\/Ekran-Al\u0131nt\u0131s\u0131KS\u015e18.8.png 649w, https:\/\/balcilar-blog.com\/wp-content\/uploads\/2014\/10\/Ekran-Al\u0131nt\u0131s\u0131KS\u015e18.8-300x191.png 300w\" sizes=\"auto, (max-width: 649px) 100vw, 649px\" \/><\/a><\/p>\n<p>Celil, ben senin i\u00e7in ordularla bile sava\u015f\u0131r\u0131m. Ama sen ba\u015fkas\u0131n\u0131n helalisin. Sen iyi ol, sa\u011fl\u0131kl\u0131 ol, mutlu ol. Sana s\u00f6z veriyorum, ben de senin i\u00e7in hayatta kalaca\u011f\u0131m.<\/p>\n<p><a href=\"http:\/\/balcilar-blog.com\/wp-content\/uploads\/2014\/10\/Ekran-Al\u0131nt\u0131s\u0131KS\u015e18.9.png\"><img loading=\"lazy\" decoding=\"async\" class=\"alignnone size-full wp-image-4057\" src=\"http:\/\/balcilar-blog.com\/wp-content\/uploads\/2014\/10\/Ekran-Al\u0131nt\u0131s\u0131KS\u015e18.9.png\" alt=\"Ekran Al\u0131nt\u0131s\u0131KS\u015e18.9\" width=\"661\" height=\"423\" srcset=\"https:\/\/balcilar-blog.com\/wp-content\/uploads\/2014\/10\/Ekran-Al\u0131nt\u0131s\u0131KS\u015e18.9.png 661w, https:\/\/balcilar-blog.com\/wp-content\/uploads\/2014\/10\/Ekran-Al\u0131nt\u0131s\u0131KS\u015e18.9-300x191.png 300w\" sizes=\"auto, (max-width: 661px) 100vw, 661px\" \/><\/a><\/p>\n<p>Petro ile \u015eura ak\u015fam bah\u00e7ede birlikte yemek yerler. \u0130stanbul!da i\u015flerinin \u00e7ok yo\u011fun oldu\u011funu her \u015feyi anlat\u0131r. \u015eura ba\u015fka deyince, Seyit\u2019i soruyorsan Anadolu\u2019dan daha d\u00f6nmemi\u015f. Petro, \u015eura\u2019n\u0131n Seyit\u2019i d\u00fc\u015f\u00fcnmesini dayanamaz, sen iyile\u015fmemi\u015fsin diyerek sert tepkide bulunur. Ben senin kalbinde bana bir yer a\u00e7man\u0131 istiyorum. Pedroi bir tek ta\u015f y\u00fcz\u00fck \u00e7\u0131kart\u0131r. Diz \u00e7\u00f6ker, benimle evlenirsen, der. \u015eura, cevap vermez. Sadece \u0130stanbul\u2019a d\u00f6nmek istedi\u011fini s\u00f6yler.<\/p>\n<p>Celil, M\u00fcr\u00fcvvet\u2019e gelir, ben Seyit\u2019in yan\u0131na gidiyorum, bir s\u00f6yleyece\u011finiz var m\u0131 diye u\u011frad\u0131m. M\u00fcr\u00fcvvet var, benim s\u00f6ylemek istediklerim var.<\/p>\n<p>Celil, Seyit\u2019in birli\u011fine ula\u015f\u0131r. Eski g\u00fcnlerde oldu\u011fu gibi yere att\u0131\u011f\u0131 mendili yere atar, Seyit at\u0131 ile yerden al\u0131r.<\/p>\n<p><a href=\"http:\/\/balcilar-blog.com\/wp-content\/uploads\/2014\/10\/Ekran-Al\u0131nt\u0131s\u0131KS\u015e18.10.png\"><img loading=\"lazy\" decoding=\"async\" class=\"alignnone size-full wp-image-4058\" src=\"http:\/\/balcilar-blog.com\/wp-content\/uploads\/2014\/10\/Ekran-Al\u0131nt\u0131s\u0131KS\u015e18.10.png\" alt=\"Ekran Al\u0131nt\u0131s\u0131KS\u015e18.10\" width=\"653\" height=\"424\" srcset=\"https:\/\/balcilar-blog.com\/wp-content\/uploads\/2014\/10\/Ekran-Al\u0131nt\u0131s\u0131KS\u015e18.10.png 653w, https:\/\/balcilar-blog.com\/wp-content\/uploads\/2014\/10\/Ekran-Al\u0131nt\u0131s\u0131KS\u015e18.10-300x194.png 300w\" sizes=\"auto, (max-width: 653px) 100vw, 653px\" \/><\/a><\/p>\n<p>Seyit, ne haberler getirdin \u0130stanbul\u2019dan. Celil haberler burada deyip mektubu verir.<\/p>\n<p><img decoding=\"async\" src=\"http:\/\/www2.dizifilm.com\/newpics\/fotogaleri\/act\/5265_2493_28102014_6.jpg\" alt=\"\" \/><\/p>\n<p>M\u00fcr\u00fcvvet duygular\u0131n\u0131 anlatan bir mektup yazm\u0131\u015ft\u0131r. Bo\u015fanal\u0131m, ge\u00e7 olmadan d\u00f6nelim bu yoldan. Rica ediyorum bu i\u015fi halletmek i\u00e7in \u0130stanbul\u2019a gel.<\/p>\n<p>M\u00fcrvet Seyit\u2019in geldi\u011fini annesinden \u00f6\u011frenir. Tozu topra\u011f\u0131 ile gelmek istemedi. Ay\u015fe, \u00f6nce hamama sonra da Pera\u2019ya gider. M\u00fcr\u00fcvvet yeter, nereye gitti ise gitti. Benim umurumda de\u011fil. Annesi k\u0131z\u0131n\u0131n pe\u015finden gider. \u00dczme kendini deyince anne ben bo\u015fanmak istiyorum, der.<\/p>\n<p><a href=\"http:\/\/balcilar-blog.com\/wp-content\/uploads\/2014\/10\/Ekran-Al\u0131nt\u0131s\u0131KS\u015e18.11.png\"><img loading=\"lazy\" decoding=\"async\" class=\"alignnone size-full wp-image-4059\" src=\"http:\/\/balcilar-blog.com\/wp-content\/uploads\/2014\/10\/Ekran-Al\u0131nt\u0131s\u0131KS\u015e18.11.png\" alt=\"Ekran Al\u0131nt\u0131s\u0131KS\u015e18.11\" width=\"648\" height=\"427\" srcset=\"https:\/\/balcilar-blog.com\/wp-content\/uploads\/2014\/10\/Ekran-Al\u0131nt\u0131s\u0131KS\u015e18.11.png 648w, https:\/\/balcilar-blog.com\/wp-content\/uploads\/2014\/10\/Ekran-Al\u0131nt\u0131s\u0131KS\u015e18.11-300x197.png 300w\" sizes=\"auto, (max-width: 648px) 100vw, 648px\" \/><\/a><\/p>\n<p>\u015eura, Seyit ile kuyumcuda kar\u015f\u0131la\u015f\u0131r. Seyit kar\u0131s\u0131na kolye al\u0131rken \u015eura duyar. \u00a0\u0130ki eski sevgili konu\u015furlar. \u015eura, demek d\u00f6nd\u00fcn. \u015eura, g\u00fczel kolye der. Senin Anadolu\u2019ya gitti\u011fini duyunca, o k\u0131z\u0131 b\u0131rak\u0131p bana gelecek dedim. Gene umutland\u0131m. Aralar\u0131nda ge\u00e7mi\u015fin muhasebesini yaparlar.\u00a0 Seyit, seni ben terk etmedim. \u015eura, her defas\u0131nda sen gittin. Seyit, y\u00fczlerce defa seni seviyorum dememe ra\u011fmen, y\u00fcre\u011fine inand\u0131ramad\u0131m. Bu konu\u015fmadan sonra, \u015fura\u2019n\u0131n \u00fcmitleri t\u00fckenmi\u015ftir.<\/p>\n<p>Evde ak\u015fam yeme\u011finde b\u00fct\u00fcn aile bir araya gelir. Yemekten sonra Emine Han\u0131m bir kom\u015fusuna gitmek ister. M\u00fcrvet ben de geleyim deyince annesi gelmesini istemez. Kocanla oturun, anla\u015f\u0131n der.<\/p>\n<p>Seyit, ben senden bo\u015fanma istemiyorum. Ben hayat\u0131m\u0131z\u0131n sonuna kadar birbirimizi sevece\u011fimiz bir evlili\u011fimiz olsun istiyorum. Sonra kolyeyi \u00e7\u0131kart\u0131p boynuna takar.<\/p>\n<p><a href=\"http:\/\/balcilar-blog.com\/wp-content\/uploads\/2014\/10\/Ekran-Al\u0131nt\u0131s\u0131KS\u015e18.12.png\"><img loading=\"lazy\" decoding=\"async\" class=\"alignnone size-full wp-image-4060\" src=\"http:\/\/balcilar-blog.com\/wp-content\/uploads\/2014\/10\/Ekran-Al\u0131nt\u0131s\u0131KS\u015e18.12.png\" alt=\"Ekran Al\u0131nt\u0131s\u0131KS\u015e18.12\" width=\"635\" height=\"420\" srcset=\"https:\/\/balcilar-blog.com\/wp-content\/uploads\/2014\/10\/Ekran-Al\u0131nt\u0131s\u0131KS\u015e18.12.png 635w, https:\/\/balcilar-blog.com\/wp-content\/uploads\/2014\/10\/Ekran-Al\u0131nt\u0131s\u0131KS\u015e18.12-300x198.png 300w\" sizes=\"auto, (max-width: 635px) 100vw, 635px\" \/><\/a><\/p>\n<p>\u015eura, ablas\u0131 Tina, Petro ve Frans\u0131z gen\u00e7 dostlar\u0131 ve Ayla bir aradad\u0131r. Tam giderlerken \u015eura \u00f6nemli bir a\u00e7\u0131klama yapmak ister. K\u0131sa bir s\u00fcre \u00f6nce Petro bana evlenme teklif etti. \u015eimdi ona cevap vermek istiyorum. Petro, teklifini kabul ediyorum.\u00a0 Petro, \u015eura beni d\u00fcnyan\u0131n en mutlu insan\u0131 yapt\u0131n, seni seviyorum der ve \u00f6per.<\/p>\n<p><a href=\"http:\/\/balcilar-blog.com\/wp-content\/uploads\/2014\/10\/Ekran-Al\u0131nt\u0131s\u0131KS\u015e18.13.png\"><img loading=\"lazy\" decoding=\"async\" class=\"alignnone size-full wp-image-4061\" src=\"http:\/\/balcilar-blog.com\/wp-content\/uploads\/2014\/10\/Ekran-Al\u0131nt\u0131s\u0131KS\u015e18.13.png\" alt=\"Ekran Al\u0131nt\u0131s\u0131KS\u015e18.13\" width=\"652\" height=\"424\" srcset=\"https:\/\/balcilar-blog.com\/wp-content\/uploads\/2014\/10\/Ekran-Al\u0131nt\u0131s\u0131KS\u015e18.13.png 652w, https:\/\/balcilar-blog.com\/wp-content\/uploads\/2014\/10\/Ekran-Al\u0131nt\u0131s\u0131KS\u015e18.13-300x195.png 300w\" sizes=\"auto, (max-width: 652px) 100vw, 652px\" \/><\/a><\/p>\n<p>Di\u011fer tarafta Seyit de kar\u0131s\u0131 M\u00fcrvet\u2019i \u00f6per. Kucaklar zifaf odas\u0131na do\u011fru g\u00f6t\u00fcr\u00fcr. M\u00fcrvet \u00e7ok mutludur, m\u00fcr\u00fcvvetine kavu\u015fmu\u015ftur. Ve 18.b\u00f6l\u00fcm burada sona erer.<\/p>\n<p><a href=\"http:\/\/balcilar-blog.com\/wp-content\/uploads\/2014\/10\/Ekran-Al\u0131nt\u0131s\u0131KS\u015e18.14.png\"><img loading=\"lazy\" decoding=\"async\" class=\"alignnone size-full wp-image-4048\" src=\"http:\/\/balcilar-blog.com\/wp-content\/uploads\/2014\/10\/Ekran-Al\u0131nt\u0131s\u0131KS\u015e18.14.png\" alt=\"Ekran Al\u0131nt\u0131s\u0131KS\u015e18.14\" width=\"671\" height=\"430\" srcset=\"https:\/\/balcilar-blog.com\/wp-content\/uploads\/2014\/10\/Ekran-Al\u0131nt\u0131s\u0131KS\u015e18.14.png 671w, https:\/\/balcilar-blog.com\/wp-content\/uploads\/2014\/10\/Ekran-Al\u0131nt\u0131s\u0131KS\u015e18.14-300x192.png 300w\" sizes=\"auto, (max-width: 671px) 100vw, 671px\" \/><\/a><\/p>\n<p>Bu g\u00fczel dizi ne yaz\u0131k ki \u00fc\u00e7 b\u00f6l\u00fcm sonra final yapacak, dizi \u00e7\u00f6pl\u00fc\u011f\u00fcne at\u0131lacak. \u00c7ok yaz\u0131k.<\/p>\n<p>Bakal\u0131m son b\u00f6l\u00fcmlerde neler olacak, bizleri nas\u0131l bir final bekliyor, bekleyip hep birlikte g\u00f6rece\u011fiz.<\/p>\n<p>&nbsp;<\/p>\n<p>Keyifli seyirler.<\/p>\n<p>Sayg\u0131lar ve sevgiler.<\/p>\n<p>Abdurrahman Balc\u0131lar<\/p>\n<p>Twitter: abdurrahman balc\u0131lar@abbalcilar<\/p>\n<p>Mail : <a href=\"mailto:ab.balcilar@hotmail.com\">ab.balcilar@hotmail.com<\/a><\/p>\n<p>Blog: milliyet.com.tr\/cansever<\/p>\n<p>Not: G\u00f6rseller dizifilm.com\u2019dan ve \u00a0taraf\u0131mdan diziden kopyalanarak al\u0131nm\u0131\u015ft\u0131r.<\/p>\n<p>&nbsp;<\/p>\n<p>&nbsp;<\/p>\n","protected":false},"excerpt":{"rendered":"<p>Ay Yap\u0131m\u2019\u0131n b\u00fcy\u00fck \u00fcmitler ba\u011flad\u0131\u011f\u0131, Star Tv. ekranlar\u0131nda yay\u0131nlanan a\u015fk ve macera dizisi Kurt Seyit ve \u015eura d\u00fcn ak\u015fam 18.B\u00f6l\u00fcm\u00fc izleyenleri ile idi. Her nedense olmad\u0131, olmuyor ve Kurt Seyit ve \u015eura ne yaz\u0131k ki 3 b\u00f6l\u00fcm sonra final yapmak zorunda kal\u0131yor. \u00a0Reytingler yerlerde s\u00fcr\u00fcn\u00fcyor, Total\u2019de 23.s\u0131rada, AB\u2019de 14.s\u0131rada yer alm\u0131\u015f. Ge\u00e7ti\u011fimiz sezon ortas\u0131nda Mart [&hellip;]<\/p>\n","protected":false},"author":3,"featured_media":0,"comment_status":"open","ping_status":"open","sticky":false,"template":"","format":"standard","meta":{"footnotes":""},"categories":[2],"tags":[26,408,80,234,524],"class_list":["post-4047","post","type-post","status-publish","format-standard","hentry","category-tv-programlari","tag-ay-yapim","tag-fahriye-evcen","tag-kivanc-tatlitug","tag-kurt-seyit-ve-sura","tag-zerrin-tekindor"],"views":5139,"blog_post_layout_featured_media_urls":{"thumbnail":"","full":""},"categories_names":{"2":{"name":"TV Programlar\u0131","link":"https:\/\/balcilar-blog.com\/?cat=2"}},"tags_names":{"26":{"name":"Ay Yap\u0131m","link":"https:\/\/balcilar-blog.com\/?tag=ay-yapim"},"408":{"name":"Fahriye Evcen","link":"https:\/\/balcilar-blog.com\/?tag=fahriye-evcen"},"80":{"name":"K\u0131van\u00e7 Tatl\u0131tu\u011f","link":"https:\/\/balcilar-blog.com\/?tag=kivanc-tatlitug"},"234":{"name":"Kurt Seyit ve \u015eura","link":"https:\/\/balcilar-blog.com\/?tag=kurt-seyit-ve-sura"},"524":{"name":"Zerrin Tekindor","link":"https:\/\/balcilar-blog.com\/?tag=zerrin-tekindor"}},"comments_number":"0","wpmagazine_modules_lite_featured_media_urls":{"thumbnail":"","cvmm-medium":"","cvmm-medium-plus":"","cvmm-portrait":"","cvmm-medium-square":"","cvmm-large":"","cvmm-small":"","full":""},"_links":{"self":[{"href":"https:\/\/balcilar-blog.com\/index.php?rest_route=\/wp\/v2\/posts\/4047","targetHints":{"allow":["GET"]}}],"collection":[{"href":"https:\/\/balcilar-blog.com\/index.php?rest_route=\/wp\/v2\/posts"}],"about":[{"href":"https:\/\/balcilar-blog.com\/index.php?rest_route=\/wp\/v2\/types\/post"}],"author":[{"embeddable":true,"href":"https:\/\/balcilar-blog.com\/index.php?rest_route=\/wp\/v2\/users\/3"}],"replies":[{"embeddable":true,"href":"https:\/\/balcilar-blog.com\/index.php?rest_route=%2Fwp%2Fv2%2Fcomments&post=4047"}],"version-history":[{"count":1,"href":"https:\/\/balcilar-blog.com\/index.php?rest_route=\/wp\/v2\/posts\/4047\/revisions"}],"predecessor-version":[{"id":4063,"href":"https:\/\/balcilar-blog.com\/index.php?rest_route=\/wp\/v2\/posts\/4047\/revisions\/4063"}],"wp:attachment":[{"href":"https:\/\/balcilar-blog.com\/index.php?rest_route=%2Fwp%2Fv2%2Fmedia&parent=4047"}],"wp:term":[{"taxonomy":"category","embeddable":true,"href":"https:\/\/balcilar-blog.com\/index.php?rest_route=%2Fwp%2Fv2%2Fcategories&post=4047"},{"taxonomy":"post_tag","embeddable":true,"href":"https:\/\/balcilar-blog.com\/index.php?rest_route=%2Fwp%2Fv2%2Ftags&post=4047"}],"curies":[{"name":"wp","href":"https:\/\/api.w.org\/{rel}","templated":true}]}}