{"id":404,"date":"2013-05-05T22:35:37","date_gmt":"2013-05-05T19:35:37","guid":{"rendered":"http:\/\/balcilar-blog.com\/?p=404"},"modified":"2014-03-08T22:37:39","modified_gmt":"2014-03-08T20:37:39","slug":"twitterda-cagatay-cilginligi-devam-ediyor","status":"publish","type":"post","link":"https:\/\/balcilar-blog.com\/?p=404","title":{"rendered":"Twitter&#8217;da &#8220;\u00c7a\u011fatay&#8221; \u00e7\u0131lg\u0131nl\u0131\u011f\u0131 devam ediyor"},"content":{"rendered":"<div>\n<h4>5 May\u0131s &#8217;13<\/h4>\n<\/div>\n<dl>\n<dt>Kategori<\/dt>\n<dd><a href=\"http:\/\/blog.milliyet.com.tr\/magazin\/Kategori\/?KategoriNo=312\"><strong>Magazin<\/strong><\/a><\/dd>\n<\/dl>\n<p>&nbsp;<\/p>\n<div>\n<div><img loading=\"lazy\" decoding=\"async\" alt=\"Twitter'da &quot;\u00c7a\u011fatay&quot; \u00e7\u0131lg\u0131nl\u0131\u011f\u0131 devam ediyor\" src=\"http:\/\/iblog.milliyet.com.tr\/imgroot\/blogv7\/Blog333\/2013\/05\/05\/26\/413913-3-4-a4480.jpg\" width=\"333\" height=\"240\" \/><\/p>\n<div><\/div>\n<\/div>\n<div id=\"BlogDetail\">\n<p>D\u00fcn ak\u015fam\u00a0<a href=\"http:\/\/blog.milliyet.com.tr\/AramaBlog\/?search=Twitter\" rel=\"external nofollow\">Twitter<\/a>\u2019da tam bir\u00a0<a href=\"http:\/\/blog.milliyet.com.tr\/AramaBlog\/?search=%C3%87a%C4%9Fatay\" rel=\"external nofollow\">\u00c7a\u011fatay<\/a>\u00a0<a href=\"http:\/\/blog.milliyet.com.tr\/AramaBlog\/?search=Ulusoy\" rel=\"external nofollow\">Ulusoy<\/a>\u00e7\u0131lg\u0131nl\u0131\u011f\u0131 vard\u0131. Fanlar\u0131 45 dakika D\u00fcnya g\u00fcndeminde \u00a0(WTT) kald\u0131lar. T\u00fcrkiye g\u00fcndeminde bir saatten fazla kalarak TT (Trending Topic) yapt\u0131lar. Konu, \u00c7a\u011fatay Ulusoy\u2019un bir\u00a0<a href=\"http:\/\/blog.milliyet.com.tr\/AramaBlog\/?search=reklam\" rel=\"external nofollow\">reklam<\/a>\u00a0<a href=\"http:\/\/blog.milliyet.com.tr\/AramaBlog\/?search=filmi\" rel=\"external nofollow\">filmi<\/a>nde yer almas\u0131 istekleriydi. (\u00e7a\u011fatayBirReklamFilmi) ba\u015fl\u0131kl\u0131 twitler binlerce seveni ve fanlar\u0131 taraf\u0131ndan at\u0131ld\u0131.<\/p>\n<p>Ama\u00e7lar\u0131 d\u00f6rt ayd\u0131r ekranlarda g\u00f6r\u00fcnmeyen \u00c7a\u011fatay Ulusoy\u2019u bir reklam filminde oynatmak. \u00a0Yeni dizisi ancak Eyl\u00fcl ba\u015f\u0131nda ekrana gelecek. Bu nedenle, bir reklam filmiyle yaz aylar\u0131nda ekranda g\u00f6rmek istiyorlar.<\/p>\n<p>Bu reklam filmi, bir giyim, \u015fampuan, tra\u015f losyonu, parf\u00fcm reklam\u0131 olabilir. \u201c\u00c7a\u011fatay Ulusoy\u201d ismi zaten bir marka T\u00fcrkiye g\u00fcndeminde. Bu reklam\u0131 verecek\u00a0<a href=\"http:\/\/blog.milliyet.com.tr\/AramaBlog\/?search=%C3%BCr%C3%BCn\" rel=\"external nofollow\">\u00fcr\u00fcn<\/a>\u00a0<a href=\"http:\/\/blog.milliyet.com.tr\/AramaBlog\/?search=firma\" rel=\"external nofollow\">firma<\/a>s\u0131 bu imtiyaz\u0131 da alm\u0131\u015f olacak. Dolay\u0131s\u0131yla sat\u0131\u015flar\u0131nda patlama yapacak. Burada \u00c7a\u011fatay\u2019\u0131n cebi de dolacak. Fanlar\u0131 ve sevenleri i\u00e7in hangi kanal oldu\u011fu \u00f6nemli de\u011fil. Her kanalda bu reklamla, her g\u00fcn, her saat, \u00c7a\u011fatay\u2019\u0131 izleyecek. Ve de \u00f6zlemlerini giderecekler.<\/p>\n<p>Art\u0131k reklamlarda zaping yap\u0131lmaz. \u00c7a\u011fatay Ulusoy u\u011fruna seyredilir olur. Bakal\u0131m hangi \u00fcr\u00fcn firmas\u0131 elini \u00e7abuk tutup \u00c7a\u011fatay Ulusoy ile anla\u015facak.<\/p>\n<p>Hep birlikte bekleyip g\u00f6rece\u011fiz.<\/p>\n<p>Sayg\u0131lar, sevgiler herkese.<\/p>\n<p>Abdurrahman Balc\u0131lar<\/p>\n<p>&nbsp;<\/p>\n<p>&nbsp;<\/p>\n<\/div>\n<\/div>\n","protected":false},"excerpt":{"rendered":"<p>5 May\u0131s &#8217;13 Kategori Magazin &nbsp; D\u00fcn ak\u015fam\u00a0Twitter\u2019da tam bir\u00a0\u00c7a\u011fatay\u00a0Ulusoy\u00e7\u0131lg\u0131nl\u0131\u011f\u0131 vard\u0131. Fanlar\u0131 45 dakika D\u00fcnya g\u00fcndeminde \u00a0(WTT) kald\u0131lar. T\u00fcrkiye g\u00fcndeminde bir saatten fazla kalarak TT (Trending Topic) yapt\u0131lar. Konu, \u00c7a\u011fatay Ulusoy\u2019un bir\u00a0reklam\u00a0filminde yer almas\u0131 istekleriydi. (\u00e7a\u011fatayBirReklamFilmi) ba\u015fl\u0131kl\u0131 twitler binlerce seveni ve fanlar\u0131 taraf\u0131ndan at\u0131ld\u0131. Ama\u00e7lar\u0131 d\u00f6rt ayd\u0131r ekranlarda g\u00f6r\u00fcnmeyen \u00c7a\u011fatay Ulusoy\u2019u bir reklam filminde oynatmak. [&hellip;]<\/p>\n","protected":false},"author":3,"featured_media":0,"comment_status":"open","ping_status":"open","sticky":false,"template":"","format":"standard","meta":{"footnotes":""},"categories":[7],"tags":[15,225,226],"class_list":["post-404","post","type-post","status-publish","format-standard","hentry","category-magazin","tag-cagatay-ulusoy","tag-reklam-filmi","tag-twitter"],"views":3297,"blog_post_layout_featured_media_urls":{"thumbnail":"","full":""},"categories_names":{"7":{"name":"Magazin","link":"https:\/\/balcilar-blog.com\/?cat=7"}},"tags_names":{"15":{"name":"\u00e7a\u011fatay ulusoy","link":"https:\/\/balcilar-blog.com\/?tag=cagatay-ulusoy"},"225":{"name":"reklam filmi","link":"https:\/\/balcilar-blog.com\/?tag=reklam-filmi"},"226":{"name":"twitter","link":"https:\/\/balcilar-blog.com\/?tag=twitter"}},"comments_number":"0","wpmagazine_modules_lite_featured_media_urls":{"thumbnail":"","cvmm-medium":"","cvmm-medium-plus":"","cvmm-portrait":"","cvmm-medium-square":"","cvmm-large":"","cvmm-small":"","full":""},"_links":{"self":[{"href":"https:\/\/balcilar-blog.com\/index.php?rest_route=\/wp\/v2\/posts\/404","targetHints":{"allow":["GET"]}}],"collection":[{"href":"https:\/\/balcilar-blog.com\/index.php?rest_route=\/wp\/v2\/posts"}],"about":[{"href":"https:\/\/balcilar-blog.com\/index.php?rest_route=\/wp\/v2\/types\/post"}],"author":[{"embeddable":true,"href":"https:\/\/balcilar-blog.com\/index.php?rest_route=\/wp\/v2\/users\/3"}],"replies":[{"embeddable":true,"href":"https:\/\/balcilar-blog.com\/index.php?rest_route=%2Fwp%2Fv2%2Fcomments&post=404"}],"version-history":[{"count":2,"href":"https:\/\/balcilar-blog.com\/index.php?rest_route=\/wp\/v2\/posts\/404\/revisions"}],"predecessor-version":[{"id":406,"href":"https:\/\/balcilar-blog.com\/index.php?rest_route=\/wp\/v2\/posts\/404\/revisions\/406"}],"wp:attachment":[{"href":"https:\/\/balcilar-blog.com\/index.php?rest_route=%2Fwp%2Fv2%2Fmedia&parent=404"}],"wp:term":[{"taxonomy":"category","embeddable":true,"href":"https:\/\/balcilar-blog.com\/index.php?rest_route=%2Fwp%2Fv2%2Fcategories&post=404"},{"taxonomy":"post_tag","embeddable":true,"href":"https:\/\/balcilar-blog.com\/index.php?rest_route=%2Fwp%2Fv2%2Ftags&post=404"}],"curies":[{"name":"wp","href":"https:\/\/api.w.org\/{rel}","templated":true}]}}