{"id":4033,"date":"2014-10-30T22:14:44","date_gmt":"2014-10-30T20:14:44","guid":{"rendered":"http:\/\/balcilar-blog.com\/?p=4033"},"modified":"2025-05-25T11:56:43","modified_gmt":"2025-05-25T08:56:43","slug":"medcezirin-yonetmeni-ali-bilgin-dizinin-3-sezon-devamedebilecegi-sinyali-verdi","status":"publish","type":"post","link":"https:\/\/balcilar-blog.com\/?p=4033","title":{"rendered":"Medcezir&#8217;in y\u00f6netmeni Ali Bilgin dizinin 3.sezon devam edebilece\u011fi sinyali verdi!"},"content":{"rendered":"<p><a href=\"http:\/\/balcilar-blog.com\/wp-content\/uploads\/2014\/10\/medcezir-testi.jpg\"><img loading=\"lazy\" decoding=\"async\" class=\"alignnone size-full wp-image-4044\" src=\"http:\/\/balcilar-blog.com\/wp-content\/uploads\/2014\/10\/medcezir-testi.jpg\" alt=\"medcezir-testi\" width=\"600\" height=\"355\" srcset=\"https:\/\/balcilar-blog.com\/wp-content\/uploads\/2014\/10\/medcezir-testi.jpg 600w, https:\/\/balcilar-blog.com\/wp-content\/uploads\/2014\/10\/medcezir-testi-300x177.jpg 300w\" sizes=\"auto, (max-width: 600px) 100vw, 600px\" \/><\/a><\/p>\n<p>\u0130zmir \u00dcniversitesi G\u00fczel Sanatlar Fak\u00fcltesi ve Sinema Kul\u00fcb\u00fc \u00f6\u011frencileri, iki sezondan bu yana be\u011feni ile izlenen Medcezir dizisi y\u00f6netmeni Ali Bilgin\u2019i a\u011f\u0131rlad\u0131.<\/p>\n<p>Amerikan yap\u0131m\u0131 The O.C. dizisinden uyarlanan, Serenay Sar\u0131kaya ve \u00c7a\u011fatay Ulusoy\u2019un performanslar\u0131 ile televizyon izleyicisinin b\u00fcy\u00fck be\u011feni ile takip etti\u011fi Medcezir dizisinin y\u00f6netmeni Ali Bilgin ve yard\u0131mc\u0131 y\u00f6netmeni Semih Ba\u011fc\u0131, G\u00fczel Sanatlar Fak\u00fcltesi ve Sinema Kul\u00fcb\u00fc\u2019n\u00fcn etkinli\u011finde, \u0130zmir \u00dcniversitesi \u00f6\u011frencileri ile bir araya geldi. Dizinin ba\u015far\u0131s\u0131 ve sekt\u00f6rde \u00f6\u011frencileri nelerin bekledi\u011fi konular\u0131nda \u00f6\u011frencilerin sorular\u0131n\u0131 yan\u0131tlayan Bilgin, \u201c<strong>\u00dc\u00e7\u00fcnc\u00fc sezona devam edilip edilmeyece\u011fi konusunda hen\u00fcz karar verilmedi ancak \u015fimdiden devam edilmesi i\u00e7in bir kamuoyu olu\u015fturulmu\u015f durumda\u201d de<\/strong>di. Bilgin, gelecekte sekt\u00f6rde yer alacak Sinema Televizyon b\u00f6l\u00fcm\u00fc \u00f6\u011frencilerine kendilerini geli\u015ftirmelerini ve sekt\u00f6rle okul y\u0131llar\u0131ndan itibaren ba\u011f kurmalar\u0131n\u0131 tavsiye etti. S\u00f6yle\u015fi sonunda GSF Dekan Yard\u0131mc\u0131s\u0131 Yrd. Do\u00e7. Dr. Ali Emre Bilis, Bilgin\u2019e plaket takdiminde bulundu.<\/p>\n<p><strong><span style=\"color: #ff0000\">UYARLAMA D\u0130Z\u0130LER YAPMAK ZOR:<\/span><\/strong><\/p>\n<p>\u00d6zellikle Ortado\u011fu\u2019da be\u011feni toplayan T\u00fcrk dizileri kadar yabanc\u0131 dizilerden uyarlama yapman\u0131n da b\u00fcy\u00fck zorluklar\u0131 oldu\u011funa dikkat \u00e7eken Bilgin, \u201cYurt d\u0131\u015f\u0131nda ba\u015far\u0131l\u0131 olmu\u015f bir diziyi uyarlamak b\u00fcy\u00fck stres. Orijinal halinde yer alan uyu\u015fturucu ba\u011f\u0131ml\u0131l\u0131\u011f\u0131, alkolizm gibi konular\u0131n i\u015flenmesi yerine konuyu yerelle\u015ftirmek i\u00e7in b\u00fcy\u00fck \u00e7aba harc\u0131yoruz\u201d diye konu\u015ftu.<\/p>\n<p><a href=\"http:\/\/balcilar-blog.com\/wp-content\/uploads\/2014\/10\/37386-ali-bilgin.png\"><img loading=\"lazy\" decoding=\"async\" class=\"alignnone size-full wp-image-4038\" src=\"http:\/\/balcilar-blog.com\/wp-content\/uploads\/2014\/10\/37386-ali-bilgin.png\" alt=\"37386 ali bilgin\" width=\"695\" height=\"461\" srcset=\"https:\/\/balcilar-blog.com\/wp-content\/uploads\/2014\/10\/37386-ali-bilgin.png 695w, https:\/\/balcilar-blog.com\/wp-content\/uploads\/2014\/10\/37386-ali-bilgin-300x198.png 300w\" sizes=\"auto, (max-width: 695px) 100vw, 695px\" \/><\/a><\/p>\n<p><strong><span style=\"color: #ff0000\">YAPIMCI, D\u0130Z\u0130N\u0130N KAL\u0130TES\u0130N\u0130 BEL\u0130RL\u0130YOR:<\/span><\/strong><br \/>\nHer sezon yay\u0131na yakla\u015f\u0131k 90 dizi girdi\u011fini ancak sadece 60 tanesinin ba\u015far\u0131y\u0131 yakalad\u0131\u011f\u0131n\u0131 hat\u0131rlatan Bilgin, \u201cBir d\u00f6nem \u00e7ok para kazand\u0131r\u0131yor diye tekstilcisi, in\u015faat\u00e7\u0131s\u0131 yap\u0131mc\u0131 oldu. o d\u00f6nem dizi kirlili\u011fi ya\u015fand\u0131 ancak kaliteli yap\u0131mc\u0131lar\u0131n sekt\u00f6re yeniden hakim olmas\u0131 dizilerdeki kaliteyi y\u00fckseltti\u201d dedi.<\/p>\n<p><a href=\"http:\/\/balcilar-blog.com\/wp-content\/uploads\/2014\/10\/Ekran_Resmi_2014-10-30_10.48.49.png\"><img loading=\"lazy\" decoding=\"async\" class=\"alignnone size-full wp-image-4034\" src=\"http:\/\/balcilar-blog.com\/wp-content\/uploads\/2014\/10\/Ekran_Resmi_2014-10-30_10.48.49.png\" alt=\"Ekran_Resmi_2014-10-30_10.48.49\" width=\"508\" height=\"387\" srcset=\"https:\/\/balcilar-blog.com\/wp-content\/uploads\/2014\/10\/Ekran_Resmi_2014-10-30_10.48.49.png 508w, https:\/\/balcilar-blog.com\/wp-content\/uploads\/2014\/10\/Ekran_Resmi_2014-10-30_10.48.49-300x228.png 300w\" sizes=\"auto, (max-width: 508px) 100vw, 508px\" \/><\/a><\/p>\n<p><strong><span style=\"color: #ff0000\">UZUN SET SAATLER\u0130N\u0130N NEDEN\u0130 \u0130ZLEY\u0130C\u0130N\u0130N UZUN B\u00d6L\u00dcM BEKLENT\u0130S\u0130:<\/span><\/strong><\/p>\n<p>Yakla\u015f\u0131k 25 farkl\u0131 mekanda 5 g\u00fcnl\u00fck bir \u00e7al\u0131\u015fma ile bir b\u00f6l\u00fcm \u00e7ektiklerini belirten Bilgin, setlerdeki uzun \u00e7al\u0131\u015fma saatlerinin sekt\u00f6r\u00fcn en \u00f6nemli sorunu olarak \u00f6ne s\u00fcr\u00fcld\u00fc\u011f\u00fcn\u00fc ancak en az 110 dakikal\u0131k b\u00f6l\u00fcm\u00fc seyircinin talep etti\u011fini dile getirdi. Bilgin, \u201cHollywood\u2019daki gibi sosyal g\u00fcvencelere sahip olmad\u0131ktan sonra bu sorunun sendikal \u00e7al\u0131\u015fmalarla \u00e7\u00f6z\u00fclece\u011fine inanm\u0131yorum. Bu durumu ancak yap\u0131mc\u0131 \u015firket ve kanal aras\u0131nda yap\u0131lacak anla\u015fmalar \u00e7\u00f6zer\u201d yorumunda bulundu.<\/p>\n<p><strong><span style=\"color: #ff0000\">D\u0130Z\u0130 \u00c7EKMEK Y\u00d6NETMEN\u0130 G\u00dc\u00c7LEND\u0130R\u0130YOR:<\/span><\/strong><\/p>\n<p>Bu yaz bir gi\u015fe filmi ile sinemalarda yer alaca\u011f\u0131n\u0131n bilgisini payla\u015fan y\u00f6netmen Ali Bilgin, \u201c\u015eimdiye kadar ba\u015far\u0131l\u0131 \u00e7al\u0131\u015fmalar i\u00e7inde yer ald\u0131m. Dizi \u00e7ekmek y\u00f6netmeni ve portf\u00f6y\u00fcn\u00fc g\u00fc\u00e7lendiren bir i\u015f. Bu yaz yapaca\u011f\u0131m gi\u015fe filminin bir sonraki \u00e7al\u0131\u015fmam i\u00e7in kaynak olu\u015fturaca\u011f\u0131n\u0131 tahmin ediyorum\u201d dedi.<\/p>\n<p>Ali Bilgin konu\u015fma ras\u0131nda belitti\u011fi gibi Medcezir&#8217;in 3.sezon devap edip etmeyece\u011fi karar verilmedi\u011fini s\u00f6ylemi\u015ftir. Kamuoyunda 3.sezon i\u00e7in yo\u011fun talep oldu\u011funu vurgulam\u0131\u015ft\u0131r.<\/p>\n<p><a href=\"http:\/\/balcilar-blog.com\/wp-content\/uploads\/2014\/10\/Ekran-Al\u0131nt\u0131s\u0131MD43.8.png\"><img loading=\"lazy\" decoding=\"async\" class=\"alignnone size-full wp-image-3703\" src=\"http:\/\/balcilar-blog.com\/wp-content\/uploads\/2014\/10\/Ekran-Al\u0131nt\u0131s\u0131MD43.8.png\" alt=\"Ekran Al\u0131nt\u0131s\u0131MD43.8\" width=\"648\" height=\"414\" srcset=\"https:\/\/balcilar-blog.com\/wp-content\/uploads\/2014\/10\/Ekran-Al\u0131nt\u0131s\u0131MD43.8.png 648w, https:\/\/balcilar-blog.com\/wp-content\/uploads\/2014\/10\/Ekran-Al\u0131nt\u0131s\u0131MD43.8-300x191.png 300w\" sizes=\"auto, (max-width: 648px) 100vw, 648px\" \/><\/a><\/p>\n<p>Ancak bug\u00fcn twitterda okudu\u011fum \u00c7a\u011fatay Ulusoy&#8217;un menajeri Engin Aykanat&#8217;a at\u0131lan twit son derece manidard\u0131. Twit aynen \u015f\u00f6yle: &#8220;@enginaykanat medcezir 3.sezon istemiyoruz&#8221;. Bu demek ki, baz\u0131 izleyenlerde 3.sezonu istememektedir. Halbuki ben son yaz\u0131lar\u0131m\u0131n birinde &#8220;Medcezir dizisi bir Dallas olur mu?&#8221; demi\u015ftim. Edindi\u011fim izlenim, Medcezir&#8217;in uzun y\u0131llar s\u00fcrebilecek bir dizi olmas\u0131 y\u00f6n\u00fcnde.<\/p>\n<p>\u00d6n\u00fcm\u00fczdeki yaz sezonunda bir sinema filmi oldu\u011funu belirtmi\u015ftir. \u0130sim vermese de daha \u00f6nceden planlanan \u00c7a\u011fatay Ulusoy&#8217;un ba\u015frol\u00fc oynayaca\u011f\u0131 sinema filmidir. \u00c7a\u011fatay Ulusoy bir beyanat\u0131nda 2015 yaz\u0131nda, Ay Yap\u0131m ile sinema filmi olaca\u011f\u0131n\u0131 ve Y\u00f6netmeni de Ali Bilgin olaca\u011f\u0131n\u0131 s\u00f6ylemi\u015fti. Bu sinema filminin hen\u00fcz bayan partneri konu\u015fulmuyor.<\/p>\n<p>Son derece keyifli ge\u00e7en Ali Bilgin&#8217;in \u00f6\u011frencilele sohbeti, Sinama Kulub\u00fc o\u011frencileri i\u00e7in faydal\u0131 olmu\u015ftur.<\/p>\n<p>Medcezir i\u00e7in hay\u0131rl\u0131s\u0131 ne ise, o olsun diyelim.<\/p>\n<p>Sayg\u0131lar, sevgiler.<\/p>\n<p>Abdurrahman Balc\u0131lar<\/p>\n<p>Twitter: abdurrahman balc\u0131lar@abbalcilar<br \/>\nMail : ab.balcilar@hotmail.com<br \/>\nBlog: milliyet.com.tr\/cansever<br \/>\nBlog: balcilar-blog.com<\/p>\n<p>Not: Kayanak Haber ve g\u00f6rseller egitimajans\u0131.com&#8217;dan al\u0131nm\u0131\u015ft\u0131r.<\/p>\n<p>&nbsp;<\/p>\n<p>&nbsp;<\/p>\n","protected":false},"excerpt":{"rendered":"<p>\u0130zmir \u00dcniversitesi G\u00fczel Sanatlar Fak\u00fcltesi ve Sinema Kul\u00fcb\u00fc \u00f6\u011frencileri, iki sezondan bu yana be\u011feni ile izlenen Medcezir dizisi y\u00f6netmeni Ali Bilgin\u2019i a\u011f\u0131rlad\u0131. Amerikan yap\u0131m\u0131 The O.C. dizisinden uyarlanan, Serenay Sar\u0131kaya ve \u00c7a\u011fatay Ulusoy\u2019un performanslar\u0131 ile televizyon izleyicisinin b\u00fcy\u00fck be\u011feni ile takip etti\u011fi Medcezir dizisinin y\u00f6netmeni Ali Bilgin ve yard\u0131mc\u0131 y\u00f6netmeni Semih Ba\u011fc\u0131, G\u00fczel Sanatlar Fak\u00fcltesi [&hellip;]<\/p>\n","protected":false},"author":3,"featured_media":0,"comment_status":"open","ping_status":"open","sticky":false,"template":"","format":"standard","meta":{"footnotes":""},"categories":[2],"tags":[31,15,16],"class_list":["post-4033","post","type-post","status-publish","format-standard","hentry","category-tv-programlari","tag-ali-bilgin","tag-cagatay-ulusoy","tag-medcezir"],"views":5235,"blog_post_layout_featured_media_urls":{"thumbnail":"","full":""},"categories_names":{"2":{"name":"TV Programlar\u0131","link":"https:\/\/balcilar-blog.com\/?cat=2"}},"tags_names":{"31":{"name":"Ali Bilgin","link":"https:\/\/balcilar-blog.com\/?tag=ali-bilgin"},"15":{"name":"\u00e7a\u011fatay ulusoy","link":"https:\/\/balcilar-blog.com\/?tag=cagatay-ulusoy"},"16":{"name":"medcezir","link":"https:\/\/balcilar-blog.com\/?tag=medcezir"}},"comments_number":"0","wpmagazine_modules_lite_featured_media_urls":{"thumbnail":"","cvmm-medium":"","cvmm-medium-plus":"","cvmm-portrait":"","cvmm-medium-square":"","cvmm-large":"","cvmm-small":"","full":""},"_links":{"self":[{"href":"https:\/\/balcilar-blog.com\/index.php?rest_route=\/wp\/v2\/posts\/4033","targetHints":{"allow":["GET"]}}],"collection":[{"href":"https:\/\/balcilar-blog.com\/index.php?rest_route=\/wp\/v2\/posts"}],"about":[{"href":"https:\/\/balcilar-blog.com\/index.php?rest_route=\/wp\/v2\/types\/post"}],"author":[{"embeddable":true,"href":"https:\/\/balcilar-blog.com\/index.php?rest_route=\/wp\/v2\/users\/3"}],"replies":[{"embeddable":true,"href":"https:\/\/balcilar-blog.com\/index.php?rest_route=%2Fwp%2Fv2%2Fcomments&post=4033"}],"version-history":[{"count":7,"href":"https:\/\/balcilar-blog.com\/index.php?rest_route=\/wp\/v2\/posts\/4033\/revisions"}],"predecessor-version":[{"id":29969,"href":"https:\/\/balcilar-blog.com\/index.php?rest_route=\/wp\/v2\/posts\/4033\/revisions\/29969"}],"wp:attachment":[{"href":"https:\/\/balcilar-blog.com\/index.php?rest_route=%2Fwp%2Fv2%2Fmedia&parent=4033"}],"wp:term":[{"taxonomy":"category","embeddable":true,"href":"https:\/\/balcilar-blog.com\/index.php?rest_route=%2Fwp%2Fv2%2Fcategories&post=4033"},{"taxonomy":"post_tag","embeddable":true,"href":"https:\/\/balcilar-blog.com\/index.php?rest_route=%2Fwp%2Fv2%2Ftags&post=4033"}],"curies":[{"name":"wp","href":"https:\/\/api.w.org\/{rel}","templated":true}]}}