{"id":4011,"date":"2014-10-29T15:03:26","date_gmt":"2014-10-29T13:03:26","guid":{"rendered":"http:\/\/balcilar-blog.com\/?p=4011"},"modified":"2014-10-29T15:17:31","modified_gmt":"2014-10-29T13:17:31","slug":"kara-para-ask-elif-ile-omer-sosyal-medyada-en-konusulan-cift","status":"publish","type":"post","link":"https:\/\/balcilar-blog.com\/?p=4011","title":{"rendered":"Kara Para A\u015fk \/ Elif ile \u00d6mer sosyal medyada en konu\u015fulan \u00e7ift!"},"content":{"rendered":"<p><a href=\"http:\/\/balcilar-blog.com\/wp-content\/uploads\/2014\/10\/KARA-PARA-22.-B\u00d6L\u00dcM-20.jpg\"><img loading=\"lazy\" decoding=\"async\" class=\"alignnone size-medium wp-image-4014\" src=\"http:\/\/balcilar-blog.com\/wp-content\/uploads\/2014\/10\/KARA-PARA-22.-B\u00d6L\u00dcM-20-300x252.jpg\" alt=\"KARA PARA 22. B\u00d6L\u00dcM (20)\" width=\"300\" height=\"252\" srcset=\"https:\/\/balcilar-blog.com\/wp-content\/uploads\/2014\/10\/KARA-PARA-22.-B\u00d6L\u00dcM-20-300x252.jpg 300w, https:\/\/balcilar-blog.com\/wp-content\/uploads\/2014\/10\/KARA-PARA-22.-B\u00d6L\u00dcM-20-1024x860.jpg 1024w\" sizes=\"auto, (max-width: 300px) 100vw, 300px\" \/><\/a><\/p>\n<p>Ay Yap\u0131m\u2019\u0131n sevilen dizisi Kara Para A\u015fk\u2019\u0131n kahramanlar\u0131 Elif ile \u00d6mer, bu hafta sosyal medyan\u0131n en \u00e7ok konu\u015fulan \u00e7ifti oldu.<\/p>\n<p>Dizinin ba\u015flad\u0131\u011f\u0131 ilk g\u00fcnden itibaren \u201cm\u00fckemmel \u00e7ift\u201d ilan edilen Tuba B\u00fcy\u00fck\u00fcst\u00fcn ve Engin Aky\u00fcrek\u2019in rol ald\u0131\u011f\u0131 Kara Para A\u015fk; reytinglerde oldu\u011fu kadar sosyal medyada da zirveyi kimseye b\u0131rakm\u0131yor.<\/p>\n<p>&nbsp;<\/p>\n<p>EN \u00c7OK ONLAR KONU\u015eULDU!<\/p>\n<p>M\u00dcKEMMEL \u00c7\u0130FT Y\u0130NE Z\u0130RVEDE!<\/p>\n<p>Ay Yap\u0131m\u2019\u0131n sevilen dizisi Kara Para A\u015fk\u2019\u0131n kahramanlar\u0131 Elif ile \u00d6mer, bu hafta sosyal medyan\u0131n en \u00e7ok konu\u015fulan \u00e7ifti oldu.<\/p>\n<p>Dizinin ba\u015flad\u0131\u011f\u0131 ilk g\u00fcnden itibaren \u201cm\u00fckemmel \u00e7ift\u201d ilan edilen Tuba B\u00fcy\u00fck\u00fcst\u00fcn ve Engin Aky\u00fcrek\u2019in rol ald\u0131\u011f\u0131 Kara Para A\u015fk; reytinglerde oldu\u011fu kadar sosyal medyada da zirveyi kimseye b\u0131rakm\u0131yor.<\/p>\n<p>SOMERA\u2019n\u0131n; dizilerdeki \u00e7iftlerin Twitter\u2019da konu\u015fulma oranlar\u0131 hakk\u0131nda yapt\u0131\u011f\u0131 sosyal medya analizlerine g\u00f6re,Kara Para A\u015fk\u2019\u0131n Elif ve \u00d6mer\u2019i; at\u0131lan 4053 mesajla Twitter\u2019da bu hafta en \u00e7ok konu\u015fulan \u00e7ift oldular. Gizli operasyon i\u00e7in gittikleri Roma\u2019da tekrar sevgili olan Elif ve \u00d6mer\u2019in \u0130stanbul\u2019a d\u00f6nd\u00fckten sonra ya\u015fad\u0131\u011f\u0131 heyecanl\u0131 anlar, sosyal medyada takip\u00e7ilerinden de b\u00fcy\u00fck ilgi g\u00f6rd\u00fc.<\/p>\n<p>SOMERA\u2019n\u0131n listesine gore haklar\u0131nda en \u00e7ok konu\u015fulan 2. \u00e7ift ise 4022 mesajla Medcezir\u2019in g\u00f6zde \u00e7ifti Yaman ve Mira oldu.<\/p>\n<p>KARA PARA A\u015eK&#8217;TA NEFES KESEN OPERASYON<\/p>\n<p>\u00c7ar\u015famba ak\u015famlar\u0131n\u0131n galibi olan Kara Para A\u015fk&#8217;ta bu hafta \u00d6mer ve Elif&#8217;in, Metin&#8217;i yakalamak i\u00e7in yapaca\u011f\u0131 nefes kesen operasyon ekranlara gelecek.<\/p>\n<p><a href=\"http:\/\/balcilar-blog.com\/wp-content\/uploads\/2014\/10\/KARA-PARA-22.-B\u00d6L\u00dcM-24.jpg\"><img loading=\"lazy\" decoding=\"async\" class=\"alignnone size-medium wp-image-4015\" src=\"http:\/\/balcilar-blog.com\/wp-content\/uploads\/2014\/10\/KARA-PARA-22.-B\u00d6L\u00dcM-24-300x230.jpg\" alt=\"KARA PARA 22. B\u00d6L\u00dcM (24)\" width=\"300\" height=\"230\" srcset=\"https:\/\/balcilar-blog.com\/wp-content\/uploads\/2014\/10\/KARA-PARA-22.-B\u00d6L\u00dcM-24-300x230.jpg 300w, https:\/\/balcilar-blog.com\/wp-content\/uploads\/2014\/10\/KARA-PARA-22.-B\u00d6L\u00dcM-24-1024x788.jpg 1024w\" sizes=\"auto, (max-width: 300px) 100vw, 300px\" \/><\/a><\/p>\n<p>Tuba B\u00fcy\u00fck\u00fcst\u00fcn ve Engin Aky\u00fcrek&#8217;in rol ald\u0131\u011f\u0131 Kara Para A\u015fk&#8217;\u0131n yeni b\u00f6l\u00fcm\u00fcne Metin&#8217;i yakalamak i\u00e7in b\u00fcy\u00fck bir operasyon d\u00fczenleyen \u00d6mer&#8217;in soluk solu\u011fa ge\u00e7en takip sahneleri damga vuracak.<\/p>\n<p><a href=\"http:\/\/balcilar-blog.com\/wp-content\/uploads\/2014\/10\/KARA-PARA-22.-B\u00d6L\u00dcM-85.jpg\"><img loading=\"lazy\" decoding=\"async\" class=\"alignnone size-medium wp-image-4013\" src=\"http:\/\/balcilar-blog.com\/wp-content\/uploads\/2014\/10\/KARA-PARA-22.-B\u00d6L\u00dcM-85-300x228.jpg\" alt=\"KARA PARA 22. B\u00d6L\u00dcM (85)\" width=\"300\" height=\"228\" srcset=\"https:\/\/balcilar-blog.com\/wp-content\/uploads\/2014\/10\/KARA-PARA-22.-B\u00d6L\u00dcM-85-300x228.jpg 300w, https:\/\/balcilar-blog.com\/wp-content\/uploads\/2014\/10\/KARA-PARA-22.-B\u00d6L\u00dcM-85-1024x779.jpg 1024w\" sizes=\"auto, (max-width: 300px) 100vw, 300px\" \/><\/a><\/p>\n<p>Yeni b\u00f6l\u00fcmde; Nil\u00fcfer, \u00d6mer&#8217;in, Metin&#8217;i yakalamak i\u00e7in d\u00fczenleyece\u011fi operasyonu kabul edecek. Nil\u00fcfer&#8217;le birlikte yurtd\u0131\u015f\u0131na ka\u00e7arak yeni bir hayat kurmak isteyen Metin, kendisine d\u00fczenlenen operasyondan habersiz Nil\u00fcfer&#8217;le bulu\u015fma yerine gidecek. A\u011fabeyi H\u00fcseyin&#8217;in Tayyar&#8217;\u0131n adam\u0131 oldu\u011funu bilmeyen \u00d6mer&#8217;in kusursuz plan\u0131 ba\u015far\u0131s\u0131zl\u0131kla sonu\u00e7lanacak. \u0130lk ba\u015far\u0131s\u0131zl\u0131\u011f\u0131 kabul etmeyen \u00d6mer, daha da h\u0131rslanarak operasyonu h\u0131zland\u0131racak.<\/p>\n<p>Kara Para A\u015fk&#8217;ta Elif ve \u00d6mer, ya\u015fad\u0131klar\u0131 t\u00fcm olaylara ra\u011fmen a\u015fklar\u0131yla ayakta durmaya \u00e7al\u0131\u015facaklar.<\/p>\n<p>&nbsp;<\/p>\n<p><iframe loading=\"lazy\" title=\"Kara Para A\u015fk 22.B\u00f6l\u00fcm Fragman 1\" width=\"640\" height=\"360\" src=\"https:\/\/www.youtube.com\/embed\/BClYC7qPE_k?feature=oembed\" frameborder=\"0\" allow=\"accelerometer; autoplay; clipboard-write; encrypted-media; gyroscope; picture-in-picture; web-share\" referrerpolicy=\"strict-origin-when-cross-origin\" allowfullscreen><\/iframe><\/p>\n<p>Ay Yap\u0131m imzal\u0131, senaristli\u011fini Sema Ergenekon ve Eylem Canpolat&#8217;\u0131n, y\u00f6netmenli\u011fini Ahmet Kat\u0131ks\u0131z&#8217;\u0131n \u00fcstlendi\u011fi Kara Para A\u015fk 29 Ekim \u00c7ar\u015famba g\u00fcn\u00fc saat 20:00&#8217;da ATV ekranlar\u0131nda olacak.<\/p>\n<p>Keyifli Seyirlar<\/p>\n<p>Abdurrahman Balc\u0131lar<\/p>\n<p>&nbsp;<\/p>\n<p>&nbsp;<\/p>\n<p>Not: Haber ve g\u00f6rseller Ay Yap\u0131m, Persona Sanat Bas\u0131n b\u00fclteninden al\u0131nm\u0131\u015ft\u0131r.<\/p>\n<p>&nbsp;<\/p>\n","protected":false},"excerpt":{"rendered":"<p>Ay Yap\u0131m\u2019\u0131n sevilen dizisi Kara Para A\u015fk\u2019\u0131n kahramanlar\u0131 Elif ile \u00d6mer, bu hafta sosyal medyan\u0131n en \u00e7ok konu\u015fulan \u00e7ifti oldu. Dizinin ba\u015flad\u0131\u011f\u0131 ilk g\u00fcnden itibaren \u201cm\u00fckemmel \u00e7ift\u201d ilan edilen Tuba B\u00fcy\u00fck\u00fcst\u00fcn ve Engin Aky\u00fcrek\u2019in rol ald\u0131\u011f\u0131 Kara Para A\u015fk; reytinglerde oldu\u011fu kadar sosyal medyada da zirveyi kimseye b\u0131rakm\u0131yor. &nbsp; EN \u00c7OK ONLAR KONU\u015eULDU! M\u00dcKEMMEL \u00c7\u0130FT [&hellip;]<\/p>\n","protected":false},"author":3,"featured_media":0,"comment_status":"open","ping_status":"open","sticky":false,"template":"","format":"standard","meta":{"footnotes":""},"categories":[2],"tags":[48,82,304,305],"class_list":["post-4011","post","type-post","status-publish","format-standard","hentry","category-tv-programlari","tag-atv","tag-engin-akyurek","tag-kara-para-ask","tag-tuba-buyukustun"],"views":6024,"blog_post_layout_featured_media_urls":{"thumbnail":"","full":""},"categories_names":{"2":{"name":"TV Programlar\u0131","link":"https:\/\/balcilar-blog.com\/?cat=2"}},"tags_names":{"48":{"name":"ATV","link":"https:\/\/balcilar-blog.com\/?tag=atv"},"82":{"name":"Engin Aky\u00fcrek","link":"https:\/\/balcilar-blog.com\/?tag=engin-akyurek"},"304":{"name":"Kara Para A\u015fk","link":"https:\/\/balcilar-blog.com\/?tag=kara-para-ask"},"305":{"name":"Tuba B\u00fcy\u00fck\u00fcst\u00fcn","link":"https:\/\/balcilar-blog.com\/?tag=tuba-buyukustun"}},"comments_number":"0","wpmagazine_modules_lite_featured_media_urls":{"thumbnail":"","cvmm-medium":"","cvmm-medium-plus":"","cvmm-portrait":"","cvmm-medium-square":"","cvmm-large":"","cvmm-small":"","full":""},"_links":{"self":[{"href":"https:\/\/balcilar-blog.com\/index.php?rest_route=\/wp\/v2\/posts\/4011","targetHints":{"allow":["GET"]}}],"collection":[{"href":"https:\/\/balcilar-blog.com\/index.php?rest_route=\/wp\/v2\/posts"}],"about":[{"href":"https:\/\/balcilar-blog.com\/index.php?rest_route=\/wp\/v2\/types\/post"}],"author":[{"embeddable":true,"href":"https:\/\/balcilar-blog.com\/index.php?rest_route=\/wp\/v2\/users\/3"}],"replies":[{"embeddable":true,"href":"https:\/\/balcilar-blog.com\/index.php?rest_route=%2Fwp%2Fv2%2Fcomments&post=4011"}],"version-history":[{"count":3,"href":"https:\/\/balcilar-blog.com\/index.php?rest_route=\/wp\/v2\/posts\/4011\/revisions"}],"predecessor-version":[{"id":4016,"href":"https:\/\/balcilar-blog.com\/index.php?rest_route=\/wp\/v2\/posts\/4011\/revisions\/4016"}],"wp:attachment":[{"href":"https:\/\/balcilar-blog.com\/index.php?rest_route=%2Fwp%2Fv2%2Fmedia&parent=4011"}],"wp:term":[{"taxonomy":"category","embeddable":true,"href":"https:\/\/balcilar-blog.com\/index.php?rest_route=%2Fwp%2Fv2%2Fcategories&post=4011"},{"taxonomy":"post_tag","embeddable":true,"href":"https:\/\/balcilar-blog.com\/index.php?rest_route=%2Fwp%2Fv2%2Ftags&post=4011"}],"curies":[{"name":"wp","href":"https:\/\/api.w.org\/{rel}","templated":true}]}}