{"id":364,"date":"2013-04-22T15:47:19","date_gmt":"2013-04-22T12:47:19","guid":{"rendered":"http:\/\/balcilar-blog.com\/?p=364"},"modified":"2014-03-03T15:50:18","modified_gmt":"2014-03-03T13:50:18","slug":"cagatay-ulusoy-hic-tadin-kacmasin","status":"publish","type":"post","link":"https:\/\/balcilar-blog.com\/?p=364","title":{"rendered":"\u00c7a\u011fatay Ulusoy, hi\u00e7 tad\u0131n ka\u00e7mas\u0131n,"},"content":{"rendered":"<div>\n<h4>22 Nisan &#8217;13<\/h4>\n<\/div>\n<dl>\n<dt>Kategori<\/dt>\n<dd><a href=\"http:\/\/blog.milliyet.com.tr\/magazin\/Kategori\/?KategoriNo=312\"><strong>Magazin<\/strong><\/a><\/dd>\n<\/dl>\n<p>&nbsp;<\/p>\n<div>\n<div><img loading=\"lazy\" decoding=\"async\" alt=\"\u00c7a\u011fatay Ulusoy, hi\u00e7 tad\u0131n ka\u00e7mas\u0131n\" src=\"http:\/\/iblog.milliyet.com.tr\/imgroot\/blogv7\/Blog333\/2013\/04\/22\/37\/412436-3-4-9f235.jpg\" width=\"333\" height=\"240\" \/><\/p>\n<div><\/div>\n<p>Yeni dizisi i\u00e7in sabah y\u00fcr\u00fcy\u00fc\u015f\u00fc,<\/p>\n<hr \/>\n<\/div>\n<div id=\"BlogDetail\">\n<p><a href=\"http:\/\/blog.milliyet.com.tr\/AramaBlog\/?search=%C3%87a%C4%9Fatay\" rel=\"external nofollow\">\u00c7a\u011fatay<\/a>\u00a0<a href=\"http:\/\/blog.milliyet.com.tr\/AramaBlog\/?search=Ulusoy\" rel=\"external nofollow\">Ulusoy<\/a>, Yenik\u00f6y sahillerinde arkada\u015f\u0131 Can Yurtsevdi ile y\u00fcr\u00fcy\u00fc\u015f yaparken gazetecilere yakalanm\u0131\u015f. Bas\u0131n mensuplar\u0131n\u0131n foto\u011fraf \u00e7ekmesini g\u00f6ren \u00c7a\u011fatay, ters y\u00f6ne do\u011fru y\u00fcr\u00fcmeye ba\u015flam\u0131\u015f. Gazetecilerin sorular\u0131na \u201cTad\u0131m ka\u00e7t\u0131, hi\u00e7 keyfim yok, ben gidiyorum\u201d deyip gitmi\u015f.<\/p>\n<p>Takvim gazetesinde Ufuk \u00d6zcan\u2019\u0131n haberine g\u00f6re, ge\u00e7ti\u011fimiz ak\u015fam \u0130stinye\u2019de La Boom isimli mekanda g\u00f6r\u00fcl\u00fcr. Kalabal\u0131k arkada\u015f grubuyla ile e\u011flenen Ulusoy\u2019un yan\u0131nda \u2018mafya filmlerinden\u2019 \u00e7\u0131km\u0131\u015f gibi duran korumalar\u0131 varm\u0131\u015f. Mekandakilerin korkulu g\u00f6zlerle bakmas\u0131na ald\u0131r\u0131\u015f etmeyen Ulusoy, g<a href=\"http:\/\/blog.milliyet.com.tr\/AramaBlog\/?search=ay\" rel=\"external nofollow\">ay<\/a>et\u00a0 keyifli g\u00f6r\u00fcn\u00fcyormu\u015f. Kap\u0131da gazetecilerin oldu\u011funu \u00f6\u011frenen \u00c7a\u011fatay Ulusoy kendisi yerine yan\u0131nda korumal\u0131k yapan arkada\u015flar\u0131n\u0131 g\u00f6nderip foto\u011fraf \u00e7ekildi\u011fi anda, gazetecilerin hepsini d\u00f6veceklerini, hem de foto\u011fraf makinelerini el koyacaklar\u0131n\u0131 s\u00f6yletmi\u015f.<\/p>\n<p>Sevgili \u00c7a\u011fatay, 1 Nisan\u2019da sevenlerin sana bir mektup g\u00f6ndermi\u015fti. Okumad\u0131n herhalde. Gerekli dersleri almam\u0131\u015fs\u0131n. Unutma, bas\u0131n mensuplar\u0131 (yaz\u0131l\u0131-g\u00f6rsel) sevenlerinle aranda k\u00f6pr\u00fcd\u00fcr. Ters d\u00fc\u015fmemelisin. Bir tek tebess\u00fcm eden resmini iletmeleri, fanlar\u0131n\u0131 ve sevenlerine, ne kadar mutlu k\u0131ld\u0131\u011f\u0131n\u0131 sen \u00e7ok iyi biliyorsun. Ne oldu \u015f\u00f6hret omuzlar\u0131n\u0131 m\u0131 \u00e7\u00f6kertti. E\u011fer ta\u015f\u0131yamazsan, \u00e7ok ac\u0131 \u00e7ekersin. \u201cTad\u0131m ka\u00e7t\u0131, hi\u00e7 keyfim yok\u201d diyorsun. Yan\u0131nda Can Yurtsevdi ile g\u00f6r\u00fcnt\u00fclenmen mi ho\u015funa gitmedi. O k\u00f6t\u00fc olayda arkada\u015f kurban\u0131 dediler. O de\u011filse, \u00e7\u0131kar mert\u00e7e s\u00f6ylersin. Seni \u00f6yle tan\u0131d\u0131 sevenlerin. Ay\u00a0<a href=\"http:\/\/blog.milliyet.com.tr\/AramaBlog\/?search=Yap%C4%B1m\" rel=\"external nofollow\">Yap\u0131m<\/a>\u00a0ortal\u0131kta g\u00f6z\u00fckme diyebilir. Dizi hakk\u0131nda a\u00e7\u0131klama yapma. Ama sevenlerine iki kelime ve bir kare resmi \u00e7ok g\u00f6rme. Onlar getirdi seni buralara\u2026<\/p>\n<p>Y\u00fcr\u00fcy\u00fc\u015f sonras\u0131 Rumeli Hisar\u0131nda bir kebap\u00e7\u0131da g\u00f6r\u00fcnt\u00fclenen mutlu resimlerin, bir \u00e7ok sevenini sevin\u00e7lerinden a\u011flatm\u0131\u015f.\u00a0 Starlife\u2019\u0131n yay\u0131nlanan k\u0131sa \u00e7ekim g\u00f6r\u00fcnt\u00fclerinde pek mutlu g\u00f6r\u00fcn\u00fcyordun.<\/p>\n<p>Korumalar, kimi kimden koruyorlar. Sen korunmaya muhta\u00e7 m\u0131s\u0131n. \u201cAd\u0131n\u0131 Feriha Koydum\u201d setlerinde hep o halk\u0131n i\u00e7indeydin. Sen e\u011flenirken g\u00f6r\u00fcnt\u00fclenecek resimlerin fanlar\u0131n\u0131 ve sevenlerini ziyadesiyle mutlu eder. Ben kendi ad\u0131ma d\u00f6veriz-foto\u011fraf makinelerini k\u0131rar\u0131z s\u00f6zlerinin senin a\u011fz\u0131ndan \u00e7\u0131kmad\u0131\u011f\u0131n\u0131 gibi, hatta bu kelimeleri de, senin bilgin d\u0131\u015f\u0131nda s\u00f6ylendi\u011fini d\u00fc\u015f\u00fcn\u00fcyorum. Benim bildi\u011fim \u00c7a\u011fatay, sevecendir, al\u00e7ak g\u00f6n\u00fcll\u00fc\u011f\u00fc ve m\u00fctevazili\u011fi ile tan\u0131n\u0131r.<\/p>\n<p>Sevgili \u00c7a\u011fatay, art\u0131k kozan\u0131 k\u0131r. Ge\u00e7mi\u015fe mazi denir. \u00c7ok yak\u0131nda yeni dizinle sen gene sevenlerinin kar\u015f\u0131s\u0131nda olacaks\u0131n. O eski mutlu g\u00fcnlerini tekrar ziyadesiyle ya\u015fayacaks\u0131n. Fanlar\u0131n senin i\u00e7in twitter\u2019da her hafta TT yap\u0131yorlar. Niye, unutulmaman i\u00e7in, senin moralinin d\u00fczelmesi i\u00e7in. \u00a0Hep s\u00f6yledi\u011fim o mert ve dik duru\u015funu devam ettir. Unutma, ba\u015far\u0131 senin g\u00f6bek ad\u0131n olacak.<\/p>\n<p>Sayg\u0131lar, sevgiler herkese.<\/p>\n<p>Abdurrahman Balc\u0131lar<\/p>\n<p>&nbsp;<\/p>\n<p>&nbsp;<\/p>\n<\/div>\n<\/div>\n","protected":false},"excerpt":{"rendered":"<p>22 Nisan &#8217;13 Kategori Magazin &nbsp; Yeni dizisi i\u00e7in sabah y\u00fcr\u00fcy\u00fc\u015f\u00fc, \u00c7a\u011fatay\u00a0Ulusoy, Yenik\u00f6y sahillerinde arkada\u015f\u0131 Can Yurtsevdi ile y\u00fcr\u00fcy\u00fc\u015f yaparken gazetecilere yakalanm\u0131\u015f. Bas\u0131n mensuplar\u0131n\u0131n foto\u011fraf \u00e7ekmesini g\u00f6ren \u00c7a\u011fatay, ters y\u00f6ne do\u011fru y\u00fcr\u00fcmeye ba\u015flam\u0131\u015f. Gazetecilerin sorular\u0131na \u201cTad\u0131m ka\u00e7t\u0131, hi\u00e7 keyfim yok, ben gidiyorum\u201d deyip gitmi\u015f. Takvim gazetesinde Ufuk \u00d6zcan\u2019\u0131n haberine g\u00f6re, ge\u00e7ti\u011fimiz ak\u015fam \u0130stinye\u2019de La Boom [&hellip;]<\/p>\n","protected":false},"author":3,"featured_media":0,"comment_status":"open","ping_status":"open","sticky":false,"template":"","format":"standard","meta":{"footnotes":""},"categories":[7],"tags":[26,15],"class_list":["post-364","post","type-post","status-publish","format-standard","hentry","category-magazin","tag-ay-yapim","tag-cagatay-ulusoy"],"views":3585,"blog_post_layout_featured_media_urls":{"thumbnail":"","full":""},"categories_names":{"7":{"name":"Magazin","link":"https:\/\/balcilar-blog.com\/?cat=7"}},"tags_names":{"26":{"name":"Ay Yap\u0131m","link":"https:\/\/balcilar-blog.com\/?tag=ay-yapim"},"15":{"name":"\u00e7a\u011fatay ulusoy","link":"https:\/\/balcilar-blog.com\/?tag=cagatay-ulusoy"}},"comments_number":"0","wpmagazine_modules_lite_featured_media_urls":{"thumbnail":"","cvmm-medium":"","cvmm-medium-plus":"","cvmm-portrait":"","cvmm-medium-square":"","cvmm-large":"","cvmm-small":"","full":""},"_links":{"self":[{"href":"https:\/\/balcilar-blog.com\/index.php?rest_route=\/wp\/v2\/posts\/364","targetHints":{"allow":["GET"]}}],"collection":[{"href":"https:\/\/balcilar-blog.com\/index.php?rest_route=\/wp\/v2\/posts"}],"about":[{"href":"https:\/\/balcilar-blog.com\/index.php?rest_route=\/wp\/v2\/types\/post"}],"author":[{"embeddable":true,"href":"https:\/\/balcilar-blog.com\/index.php?rest_route=\/wp\/v2\/users\/3"}],"replies":[{"embeddable":true,"href":"https:\/\/balcilar-blog.com\/index.php?rest_route=%2Fwp%2Fv2%2Fcomments&post=364"}],"version-history":[{"count":1,"href":"https:\/\/balcilar-blog.com\/index.php?rest_route=\/wp\/v2\/posts\/364\/revisions"}],"predecessor-version":[{"id":365,"href":"https:\/\/balcilar-blog.com\/index.php?rest_route=\/wp\/v2\/posts\/364\/revisions\/365"}],"wp:attachment":[{"href":"https:\/\/balcilar-blog.com\/index.php?rest_route=%2Fwp%2Fv2%2Fmedia&parent=364"}],"wp:term":[{"taxonomy":"category","embeddable":true,"href":"https:\/\/balcilar-blog.com\/index.php?rest_route=%2Fwp%2Fv2%2Fcategories&post=364"},{"taxonomy":"post_tag","embeddable":true,"href":"https:\/\/balcilar-blog.com\/index.php?rest_route=%2Fwp%2Fv2%2Ftags&post=364"}],"curies":[{"name":"wp","href":"https:\/\/api.w.org\/{rel}","templated":true}]}}