{"id":359,"date":"2013-04-19T15:24:37","date_gmt":"2013-04-19T12:24:37","guid":{"rendered":"http:\/\/balcilar-blog.com\/?p=359"},"modified":"2014-03-03T15:27:11","modified_gmt":"2014-03-03T13:27:11","slug":"hayirli-cumalar","status":"publish","type":"post","link":"https:\/\/balcilar-blog.com\/?p=359","title":{"rendered":"Hay\u0131rl\u0131 cumalar."},"content":{"rendered":"<div>\n<h4>19 Nisan &#8217;13<\/h4>\n<\/div>\n<dl>\n<dt>Kategori<\/dt>\n<dd><strong>Gelenekler<\/strong><\/dd>\n<\/dl>\n<h1><\/h1>\n<div>\n<div><img loading=\"lazy\" decoding=\"async\" alt=\"Hay\u0131rl\u0131 cumalar\" src=\"http:\/\/iblog.milliyet.com.tr\/imgroot\/blogv7\/Blog333\/2013\/04\/19\/30\/412197-3-4-a0b59.jpg\" width=\"333\" height=\"240\" \/><\/p>\n<div><\/div>\n<p>&nbsp;<\/p>\n<\/div>\n<div id=\"BlogDetail\">\n<p><a href=\"http:\/\/blog.milliyet.com.tr\/AramaBlog\/?search=Din\" rel=\"external nofollow\">Din<\/a>\u00a0<a href=\"http:\/\/blog.milliyet.com.tr\/AramaBlog\/?search=k%C3%BClt%C3%BCr\" rel=\"external nofollow\">k\u00fclt\u00fcr<\/a>\u00fcm\u00fcze vard\u0131r Hay\u0131rl\u0131\u00a0<a href=\"http:\/\/blog.milliyet.com.tr\/AramaBlog\/?search=Cuma\" rel=\"external nofollow\">Cuma<\/a>lar. Dinimizce Cuma m\u00fcbarek g\u00fcnd\u00fcr. Bat\u0131 k\u00fclt\u00fcrlerinde sabah kar\u015f\u0131la\u015fanlar g\u00fcnayd\u0131nla\u015f\u0131rlar. M\u00fcsl\u00fcmanlarda Cuma sabahlar\u0131 Hay\u0131rl\u0131 cumalar demek bir gelenek olarak yerle\u015fmi\u015ftir.<br \/>\nK\u00f6ylerde t\u00fcm k\u00f6yl\u00fc birbirlerini tan\u0131rlar. Cuma m\u00fcbarekleme adettendir. Ya\u015fl\u0131lar\u0131m\u0131z daha \u00f6nem verir bu konuyu. Ben her Cuma sabah\u0131 87 ya\u015f\u0131ndaki \u0130brahim amcam\u0131n evine u\u011frar, ellerinden \u00f6per, cumas\u0131n\u0131 m\u00fcbareklerim. Geli\u015fimi \u00e7ocuk gibi de sevinir, g\u00f6zleri parlar, y\u00fcz\u00fcne, g\u00f6nl\u00fcne huzur dolar. \u00c7ocuk gibidir ya\u015fl\u0131lar\u0131m\u0131z.<br \/>\nDinimizin g\u00fczel bir gelene\u011fidir bu. Ne mutlu yapana, yapabilene.<br \/>\nHay\u0131rl\u0131 cumalar diyorum herkese.<br \/>\nSayg\u0131lar, sevgiler.<br \/>\nAbdurrahman Balc\u0131lar<\/p>\n<\/div>\n<p>&nbsp;<\/p>\n<\/div>\n","protected":false},"excerpt":{"rendered":"<p>19 Nisan &#8217;13 Kategori Gelenekler &nbsp; Din\u00a0k\u00fclt\u00fcr\u00fcm\u00fcze vard\u0131r Hay\u0131rl\u0131\u00a0Cumalar. Dinimizce Cuma m\u00fcbarek g\u00fcnd\u00fcr. Bat\u0131 k\u00fclt\u00fcrlerinde sabah kar\u015f\u0131la\u015fanlar g\u00fcnayd\u0131nla\u015f\u0131rlar. M\u00fcsl\u00fcmanlarda Cuma sabahlar\u0131 Hay\u0131rl\u0131 cumalar demek bir gelenek olarak yerle\u015fmi\u015ftir. K\u00f6ylerde t\u00fcm k\u00f6yl\u00fc birbirlerini tan\u0131rlar. Cuma m\u00fcbarekleme adettendir. Ya\u015fl\u0131lar\u0131m\u0131z daha \u00f6nem verir bu konuyu. Ben her Cuma sabah\u0131 87 ya\u015f\u0131ndaki \u0130brahim amcam\u0131n evine u\u011frar, ellerinden \u00f6per, cumas\u0131n\u0131 [&hellip;]<\/p>\n","protected":false},"author":3,"featured_media":0,"comment_status":"open","ping_status":"open","sticky":false,"template":"","format":"standard","meta":{"footnotes":""},"categories":[3],"tags":[205,204],"class_list":["post-359","post","type-post","status-publish","format-standard","hentry","category-gelenekler","tag-cuma","tag-din-kulturumuz"],"views":3325,"blog_post_layout_featured_media_urls":{"thumbnail":"","full":""},"categories_names":{"3":{"name":"Gelenekler","link":"https:\/\/balcilar-blog.com\/?cat=3"}},"tags_names":{"205":{"name":"Cuma","link":"https:\/\/balcilar-blog.com\/?tag=cuma"},"204":{"name":"Din K\u00fclt\u00fcr\u00fcm\u00fcz","link":"https:\/\/balcilar-blog.com\/?tag=din-kulturumuz"}},"comments_number":"0","wpmagazine_modules_lite_featured_media_urls":{"thumbnail":"","cvmm-medium":"","cvmm-medium-plus":"","cvmm-portrait":"","cvmm-medium-square":"","cvmm-large":"","cvmm-small":"","full":""},"_links":{"self":[{"href":"https:\/\/balcilar-blog.com\/index.php?rest_route=\/wp\/v2\/posts\/359","targetHints":{"allow":["GET"]}}],"collection":[{"href":"https:\/\/balcilar-blog.com\/index.php?rest_route=\/wp\/v2\/posts"}],"about":[{"href":"https:\/\/balcilar-blog.com\/index.php?rest_route=\/wp\/v2\/types\/post"}],"author":[{"embeddable":true,"href":"https:\/\/balcilar-blog.com\/index.php?rest_route=\/wp\/v2\/users\/3"}],"replies":[{"embeddable":true,"href":"https:\/\/balcilar-blog.com\/index.php?rest_route=%2Fwp%2Fv2%2Fcomments&post=359"}],"version-history":[{"count":1,"href":"https:\/\/balcilar-blog.com\/index.php?rest_route=\/wp\/v2\/posts\/359\/revisions"}],"predecessor-version":[{"id":360,"href":"https:\/\/balcilar-blog.com\/index.php?rest_route=\/wp\/v2\/posts\/359\/revisions\/360"}],"wp:attachment":[{"href":"https:\/\/balcilar-blog.com\/index.php?rest_route=%2Fwp%2Fv2%2Fmedia&parent=359"}],"wp:term":[{"taxonomy":"category","embeddable":true,"href":"https:\/\/balcilar-blog.com\/index.php?rest_route=%2Fwp%2Fv2%2Fcategories&post=359"},{"taxonomy":"post_tag","embeddable":true,"href":"https:\/\/balcilar-blog.com\/index.php?rest_route=%2Fwp%2Fv2%2Ftags&post=359"}],"curies":[{"name":"wp","href":"https:\/\/api.w.org\/{rel}","templated":true}]}}