{"id":3400,"date":"2014-09-20T17:47:05","date_gmt":"2014-09-20T14:47:05","guid":{"rendered":"http:\/\/balcilar-blog.com\/?p=3400"},"modified":"2014-09-20T17:56:27","modified_gmt":"2014-09-20T14:56:27","slug":"medcezir-40-bolumde-mira-yaman-duetti-superdi","status":"publish","type":"post","link":"https:\/\/balcilar-blog.com\/?p=3400","title":{"rendered":"Medcezir \/ 40.B\u00f6l\u00fcmde Mira-Yaman d\u00fceti s\u00fcperdi!"},"content":{"rendered":"<p><a href=\"http:\/\/balcilar-blog.com\/wp-content\/uploads\/2014\/09\/mira-yaman-sahnede.jpg\"><img loading=\"lazy\" decoding=\"async\" class=\"alignnone size-full wp-image-3443\" src=\"http:\/\/balcilar-blog.com\/wp-content\/uploads\/2014\/09\/mira-yaman-sahnede.jpg\" alt=\"mira-yaman sahnede\" width=\"773\" height=\"640\" srcset=\"https:\/\/balcilar-blog.com\/wp-content\/uploads\/2014\/09\/mira-yaman-sahnede.jpg 773w, https:\/\/balcilar-blog.com\/wp-content\/uploads\/2014\/09\/mira-yaman-sahnede-300x248.jpg 300w\" sizes=\"auto, (max-width: 773px) 100vw, 773px\" \/><\/a><\/p>\n<p>Star Tv.in fenomen dizisi Medcezir yine ola\u011fan\u00fcst\u00fc performans\u0131 ile izleyenleri ekran ba\u015f\u0131na kilitledi. Bu b\u00f6l\u00fcmde Yaman-Mira gerginli\u011fi ve onlar\u0131 bar\u0131\u015ft\u0131rma \u00e7abalar\u0131 damgas\u0131n\u0131 vurdu.<\/p>\n<p>Yaman ile Mira biraz da emrivaki ile kendilerini sahnede buldular. S\u00f6yledikleri Levent Y\u00fcksel\u2019in \u201cBeni benimle b\u0131rak\u201d \u015fark\u0131s\u0131n\u0131n s\u00f6zleri hislerinin terc\u00fcman\u0131 oldu. Bu s\u00f6yledikleri d\u00fcet izleyenleri resmen ekran ba\u015f\u0131na kilitledi.<\/p>\n<p>Medcezir AB grubunda en \u00e7ok izlenen dizisiydi. Gecenin birincisi oldu.<\/p>\n<p>Total\u2019de Karag\u00fcl\u2019\u00fcn ard\u0131nda ikinci s\u0131rada yer ald\u0131.<\/p>\n<p>Ge\u00e7en b\u00f6l\u00fcmde ya\u015fanan o olkayl\u0131 gecede Elif evine gitmek ister. Yaman onu otob\u00fcs dura\u011f\u0131na kadar g\u00f6t\u00fcr\u00fcr.<\/p>\n<p>Yaman, Elif\u2019\u2019i uzun uzun dil d\u00f6kt\u00fckten sonra, otob\u00fcse bindirip evine g\u00f6nderir.<\/p>\n<p><a href=\"http:\/\/balcilar-blog.com\/wp-content\/uploads\/2014\/09\/MD40.4.png\"><img loading=\"lazy\" decoding=\"async\" class=\"alignnone size-full wp-image-3407\" src=\"http:\/\/balcilar-blog.com\/wp-content\/uploads\/2014\/09\/MD40.4.png\" alt=\"MD40.4\" width=\"667\" height=\"358\" srcset=\"https:\/\/balcilar-blog.com\/wp-content\/uploads\/2014\/09\/MD40.4.png 667w, https:\/\/balcilar-blog.com\/wp-content\/uploads\/2014\/09\/MD40.4-300x161.png 300w\" sizes=\"auto, (max-width: 667px) 100vw, 667px\" \/><\/a><\/p>\n<p>Biraz sivri dilli olan Elif, Yaman\u2019\u0131 iyice terletir.<\/p>\n<p><a href=\"http:\/\/balcilar-blog.com\/wp-content\/uploads\/2014\/09\/MD40.3.png\"><img loading=\"lazy\" decoding=\"async\" class=\"alignnone size-full wp-image-3406\" src=\"http:\/\/balcilar-blog.com\/wp-content\/uploads\/2014\/09\/MD40.3.png\" alt=\"MD40.3\" width=\"640\" height=\"370\" srcset=\"https:\/\/balcilar-blog.com\/wp-content\/uploads\/2014\/09\/MD40.3.png 640w, https:\/\/balcilar-blog.com\/wp-content\/uploads\/2014\/09\/MD40.3-300x173.png 300w\" sizes=\"auto, (max-width: 640px) 100vw, 640px\" \/><\/a><\/p>\n<p>Orkun, Mira\u2019ya rahat b\u0131rakmaz. Mira\u2019y\u0131 s\u0131rf Yaman\u2019\u0131 k\u0131skand\u0131rmak \u00fczere \u00f6pmesi aralar\u0131nda gerilim yarat\u0131r. Mira, Yaman\u2019\u0131 tamamen kaybetme endi\u015fesine d\u00fc\u015fer.<\/p>\n<p>Hale Orkun\u2019u elinden ka\u00e7\u0131rmamak i\u00e7in Gaye ve Doruk\u2019a Mira ve Yaman\u2019\u0131n bar\u0131\u015ft\u0131rmak i\u00e7in bir \u015feyler yapmalar\u0131n\u0131 ister. Eyl\u00fcl ile Mert i\u00e7in onlar beni ilgilendirmez, siz Mira ile Yaman\u2019\u0131 bar\u0131\u015ft\u0131r\u0131n yeter.<\/p>\n<p>Kenan annesinin \u00e7al\u0131\u015ft\u0131\u011f\u0131 gazinoda \u00e7al\u0131\u015fmaktad\u0131r. Doland\u0131r\u0131ld\u0131\u011f\u0131 birileri ile kavga eder, annesi Nevin \u00e7ok meraklan\u0131r. Kenan bu defa annesinin \u00fccretinden kost\u00fcmlerin paras\u0131n\u0131 kesmesinden dolay\u0131 onunla kavga eder, patronun y\u00fcz\u00fcn\u00fc g\u00f6z\u00fcn\u00fc da\u011f\u0131t\u0131r. Tabanca \u00e7eker, tabancay\u0131 elinden al\u0131r. C\u00fczdan\u0131ndan ald\u0131\u011f\u0131 paralar\u0131 annesine verir, oray\u0131 terk ederler.<\/p>\n<p><a href=\"http:\/\/balcilar-blog.com\/wp-content\/uploads\/2014\/09\/MD40.5.png\"><img loading=\"lazy\" decoding=\"async\" class=\"alignnone size-full wp-image-3408\" src=\"http:\/\/balcilar-blog.com\/wp-content\/uploads\/2014\/09\/MD40.5.png\" alt=\"MD40.5\" width=\"669\" height=\"353\" srcset=\"https:\/\/balcilar-blog.com\/wp-content\/uploads\/2014\/09\/MD40.5.png 669w, https:\/\/balcilar-blog.com\/wp-content\/uploads\/2014\/09\/MD40.5-300x158.png 300w\" sizes=\"auto, (max-width: 669px) 100vw, 669px\" \/><\/a><\/p>\n<p>Mert babas\u0131 Selim ile havuz ba\u015f\u0131nda tostlar\u0131n\u0131 yerken, Yaman stresini y\u00fczerek atmak ister. Mert, yetmezse ben odunlar\u0131 ayarlayay\u0131m, biraz da odun k\u0131r.<\/p>\n<p><a href=\"http:\/\/balcilar-blog.com\/wp-content\/uploads\/2014\/09\/MD.40.6.png\"><img loading=\"lazy\" decoding=\"async\" class=\"alignnone size-full wp-image-3404\" src=\"http:\/\/balcilar-blog.com\/wp-content\/uploads\/2014\/09\/MD.40.6.png\" alt=\"MD.40.6\" width=\"646\" height=\"357\" srcset=\"https:\/\/balcilar-blog.com\/wp-content\/uploads\/2014\/09\/MD.40.6.png 646w, https:\/\/balcilar-blog.com\/wp-content\/uploads\/2014\/09\/MD.40.6-300x165.png 300w\" sizes=\"auto, (max-width: 646px) 100vw, 646px\" \/><\/a><\/p>\n<p>&nbsp;<\/p>\n<p>Sedef de onlara kat\u0131l\u0131r. Selim Bey yatmak \u00fczere ayr\u0131l\u0131r. Mert, Mira\u2019y\u0131 Orkun\u2019un \u00f6perken Yaman\u2019\u0131n g\u00f6rd\u00fc\u011f\u00fcn\u00fc anlat\u0131r. Yaman bende sorun yok der.<\/p>\n<p><a href=\"http:\/\/balcilar-blog.com\/wp-content\/uploads\/2014\/09\/Ekran-Al\u0131nt\u0131s\u0131md40.1.png\"><img loading=\"lazy\" decoding=\"async\" class=\"alignnone size-full wp-image-3403\" src=\"http:\/\/balcilar-blog.com\/wp-content\/uploads\/2014\/09\/Ekran-Al\u0131nt\u0131s\u0131md40.1.png\" alt=\"Ekran Al\u0131nt\u0131s\u0131md40.1\" width=\"528\" height=\"342\" srcset=\"https:\/\/balcilar-blog.com\/wp-content\/uploads\/2014\/09\/Ekran-Al\u0131nt\u0131s\u0131md40.1.png 528w, https:\/\/balcilar-blog.com\/wp-content\/uploads\/2014\/09\/Ekran-Al\u0131nt\u0131s\u0131md40.1-300x194.png 300w\" sizes=\"auto, (max-width: 528px) 100vw, 528px\" \/><\/a><\/p>\n<p>As\u0131m Beyin gece g\u00f6z\u00fcne uyku girmez. Kar\u0131s\u0131 Sude\u2019nin o gece ne halt kar\u0131\u015ft\u0131rd\u0131\u011f\u0131n\u0131 merak eder. Kalkar Sude\u2019nin cep telefonunu kontrol eder. Sude, ne oldu\u011funu sorunca As\u0131m Bey ihaleyi d\u00fc\u015f\u00fcn\u00fcyorum, der. O gece s\u0131rt s\u0131rta yatarlar.<br \/>\n<a href=\"http:\/\/balcilar-blog.com\/wp-content\/uploads\/2014\/09\/MD40.7.png\"><img loading=\"lazy\" decoding=\"async\" class=\"alignnone size-full wp-image-3409\" src=\"http:\/\/balcilar-blog.com\/wp-content\/uploads\/2014\/09\/MD40.7.png\" alt=\"MD40.7\" width=\"665\" height=\"366\" srcset=\"https:\/\/balcilar-blog.com\/wp-content\/uploads\/2014\/09\/MD40.7.png 665w, https:\/\/balcilar-blog.com\/wp-content\/uploads\/2014\/09\/MD40.7-300x165.png 300w\" sizes=\"auto, (max-width: 665px) 100vw, 665px\" \/><\/a><\/p>\n<p>Turun\u00e7 Nadir, As\u0131m Beyin girdi\u011fi milyon dolarl\u0131k ihaleyi 1 lira farkla kazanmas\u0131 i\u00e7in birisiyle pazarl\u0131k eder, kar\u015f\u0131l\u0131\u011f\u0131nda komisyon alacakt\u0131r.<\/p>\n<p><a href=\"http:\/\/balcilar-blog.com\/wp-content\/uploads\/2014\/09\/MD40.8.png\"><img loading=\"lazy\" decoding=\"async\" class=\"alignnone size-full wp-image-3410\" src=\"http:\/\/balcilar-blog.com\/wp-content\/uploads\/2014\/09\/MD40.8.png\" alt=\"MD40.8\" width=\"664\" height=\"367\" srcset=\"https:\/\/balcilar-blog.com\/wp-content\/uploads\/2014\/09\/MD40.8.png 664w, https:\/\/balcilar-blog.com\/wp-content\/uploads\/2014\/09\/MD40.8-300x165.png 300w\" sizes=\"auto, (max-width: 664px) 100vw, 664px\" \/><\/a><\/p>\n<p>Yaman da o gece uykusu ka\u00e7m\u0131\u015ft\u0131r.<\/p>\n<p><a href=\"http:\/\/balcilar-blog.com\/wp-content\/uploads\/2014\/09\/MD409.png\"><img loading=\"lazy\" decoding=\"async\" class=\"alignnone size-full wp-image-3405\" src=\"http:\/\/balcilar-blog.com\/wp-content\/uploads\/2014\/09\/MD409.png\" alt=\"MD40,9\" width=\"640\" height=\"358\" srcset=\"https:\/\/balcilar-blog.com\/wp-content\/uploads\/2014\/09\/MD409.png 640w, https:\/\/balcilar-blog.com\/wp-content\/uploads\/2014\/09\/MD409-300x167.png 300w\" sizes=\"auto, (max-width: 640px) 100vw, 640px\" \/><\/a><\/p>\n<p>&nbsp;<\/p>\n<p>G\u00f6z\u00fc Mira\u2019n\u0131n odas\u0131ndad\u0131r. Mert de tedirgin yatar. Yaman annesi ve a\u011fabeyini arar, telefonuna cevap alamaz.<br \/>\n<a href=\"http:\/\/balcilar-blog.com\/wp-content\/uploads\/2014\/09\/MD40.10.png\"><img loading=\"lazy\" decoding=\"async\" class=\"alignnone size-full wp-image-3411\" src=\"http:\/\/balcilar-blog.com\/wp-content\/uploads\/2014\/09\/MD40.10.png\" alt=\"MD40.10\" width=\"667\" height=\"362\" srcset=\"https:\/\/balcilar-blog.com\/wp-content\/uploads\/2014\/09\/MD40.10.png 667w, https:\/\/balcilar-blog.com\/wp-content\/uploads\/2014\/09\/MD40.10-300x162.png 300w\" sizes=\"auto, (max-width: 667px) 100vw, 667px\" \/><\/a><br \/>\nMira da yata\u011f\u0131nda huzursuzdur. O gece Eyl\u00fcl ile beraber yatarlar. Eyl\u00fcl\u2019e Uzay mesaj atar. Ekim ilgilenmez.<\/p>\n<p><a href=\"http:\/\/balcilar-blog.com\/wp-content\/uploads\/2014\/09\/MD40.12.png\"><img loading=\"lazy\" decoding=\"async\" class=\"alignnone size-full wp-image-3412\" src=\"http:\/\/balcilar-blog.com\/wp-content\/uploads\/2014\/09\/MD40.12.png\" alt=\"MD40.12\" width=\"641\" height=\"372\" srcset=\"https:\/\/balcilar-blog.com\/wp-content\/uploads\/2014\/09\/MD40.12.png 641w, https:\/\/balcilar-blog.com\/wp-content\/uploads\/2014\/09\/MD40.12-300x174.png 300w\" sizes=\"auto, (max-width: 641px) 100vw, 641px\" \/><\/a><\/p>\n<p>Elif de gece yatmadan o gece ile ilgili ya\u015fad\u0131klar\u0131n\u0131 bilgisayara d\u00f6ker. Akl\u0131n\u0131 sevdi\u011finde unutan adamdan hay\u0131r gelmez. Seni Allah korudu diye Yaman\u2019a kar\u015f\u0131 olan duygular\u0131n\u0131, kendisini kapt\u0131rmamas\u0131n\u0131, dik durmas\u0131n\u0131 yazar.<\/p>\n<p><a href=\"http:\/\/balcilar-blog.com\/wp-content\/uploads\/2014\/09\/MD40.13.png\"><img loading=\"lazy\" decoding=\"async\" class=\"alignnone size-full wp-image-3413\" src=\"http:\/\/balcilar-blog.com\/wp-content\/uploads\/2014\/09\/MD40.13.png\" alt=\"MD40.13\" width=\"647\" height=\"365\" srcset=\"https:\/\/balcilar-blog.com\/wp-content\/uploads\/2014\/09\/MD40.13.png 647w, https:\/\/balcilar-blog.com\/wp-content\/uploads\/2014\/09\/MD40.13-300x169.png 300w\" sizes=\"auto, (max-width: 647px) 100vw, 647px\" \/><\/a><br \/>\nMert de o gece huzursuz ge\u00e7irmi\u015f, yast\u0131\u011f\u0131na sar\u0131larak yatm\u0131\u015ft\u0131r. Akl\u0131 Eyl\u00fcl\u2019dedir.<\/p>\n<p>Kenen kalk\u0131nca sabah annesi ile tart\u0131\u015f\u0131r. \u0130\u015f bulaca\u011f\u0131n\u0131 s\u00f6yler, Bakt\u0131ro\u011flu Lojistik firmas\u0131n\u0131n kart\u0131n\u0131 g\u00f6stererek, i\u015f isteyece\u011fini s\u00f6yler.<\/p>\n<p><a href=\"http:\/\/balcilar-blog.com\/wp-content\/uploads\/2014\/09\/MD40.14.png\"><img loading=\"lazy\" decoding=\"async\" class=\"alignnone size-full wp-image-3414\" src=\"http:\/\/balcilar-blog.com\/wp-content\/uploads\/2014\/09\/MD40.14.png\" alt=\"MD40.14\" width=\"655\" height=\"363\" srcset=\"https:\/\/balcilar-blog.com\/wp-content\/uploads\/2014\/09\/MD40.14.png 655w, https:\/\/balcilar-blog.com\/wp-content\/uploads\/2014\/09\/MD40.14-300x166.png 300w\" sizes=\"auto, (max-width: 655px) 100vw, 655px\" \/><\/a><br \/>\nBeren ablas\u0131n\u0131 arar, d\u00fcn gece Orkun\u2019la \u00f6p\u00fc\u015fm\u00fc\u015fs\u00fcn\u00fcz do\u011fru mu? Diye sorar, Mira sa\u00e7malama diye ge\u00e7i\u015ftirir. Beren demek ki do\u011fru, der. Mira babas\u0131n\u0131n evine gelir. Faruk Bey Selim Beylerle sabah kahvalt\u0131s\u0131ndad\u0131r. Mira orada Yaman\u2019\u0131 da g\u00f6r\u00fcnce, k\u0131yafet de\u011fi\u015fip, s\u00fcslenip onlar\u0131n yan\u0131na gider. Sonrada Yaman\u2019\u0131n olmad\u0131\u011f\u0131 g\u00f6r\u00fcnce bozulur.<br \/>\n<a href=\"http:\/\/balcilar-blog.com\/wp-content\/uploads\/2014\/09\/MD40.15.png\"><img loading=\"lazy\" decoding=\"async\" class=\"alignnone size-full wp-image-3415\" src=\"http:\/\/balcilar-blog.com\/wp-content\/uploads\/2014\/09\/MD40.15.png\" alt=\"MD40.15\" width=\"642\" height=\"352\" srcset=\"https:\/\/balcilar-blog.com\/wp-content\/uploads\/2014\/09\/MD40.15.png 642w, https:\/\/balcilar-blog.com\/wp-content\/uploads\/2014\/09\/MD40.15-300x164.png 300w\" sizes=\"auto, (max-width: 642px) 100vw, 642px\" \/><\/a><\/p>\n<p>Sude, Sinan Beyden mesaj al\u0131r, bug\u00fcn g\u00f6r\u00fc\u015fmeyelim, kendimi iyi hissetmiyorum, der. As\u0131m Bey, Sude Han\u0131m\u0131 takip etmeleri i\u00e7in talimat verir.<\/p>\n<p>Orkun bir demet \u00e7i\u00e7ekle Sude Han\u0131mlar\u0131n evine gider. Beren Orkun\u2019a Mira gelmeyecek bo\u015funa bekleme. Bo\u015funa aran\u0131zda bir \u015fey olacak diye de bekleme. Olmayacak \u00e7\u00fcnk\u00fc eminim. Olsayd\u0131, Amerika\u2019da ba\u015f ba\u015fa kald\u0131n\u0131z o zaman olurdu. Orkun, sen Yaman\u2019c\u0131 m\u0131 oldun diye sorar.<br \/>\n<a href=\"http:\/\/balcilar-blog.com\/wp-content\/uploads\/2014\/09\/MD40.16.png\"><img loading=\"lazy\" decoding=\"async\" class=\"alignnone size-full wp-image-3416\" src=\"http:\/\/balcilar-blog.com\/wp-content\/uploads\/2014\/09\/MD40.16.png\" alt=\"MD40.16\" width=\"644\" height=\"368\" srcset=\"https:\/\/balcilar-blog.com\/wp-content\/uploads\/2014\/09\/MD40.16.png 644w, https:\/\/balcilar-blog.com\/wp-content\/uploads\/2014\/09\/MD40.16-300x171.png 300w\" sizes=\"auto, (max-width: 644px) 100vw, 644px\" \/><\/a><\/p>\n<p>Beren, Yaman ile ablam\u0131n aras\u0131na kimse giremez. Orkun, Beren\u2019in dobra s\u00f6zlerine \u00e7ok bozulur, ben gideyim deyip \u00e7\u0131kar.<br \/>\nYaman, Mert\u2019in Mira\u2019y\u0131 seslendi\u011fini duyunca odadan \u00e7\u0131kar. Telefonda tamam tatl\u0131m bir saat sonra g\u00f6r\u00fc\u015f\u00fcr\u00fcz diye yalanc\u0131ktan bir konu\u015fma yapar. Mira ile kar\u015f\u0131la\u015f\u0131rlar. G\u00fcnayd\u0131n deyip birlikte masaya ge\u00e7erler.<\/p>\n<p><a href=\"http:\/\/balcilar-blog.com\/wp-content\/uploads\/2014\/09\/MD4016.png\"><img loading=\"lazy\" decoding=\"async\" class=\"alignnone size-full wp-image-3402\" src=\"http:\/\/balcilar-blog.com\/wp-content\/uploads\/2014\/09\/MD4016.png\" alt=\"MD4016\" width=\"644\" height=\"359\" srcset=\"https:\/\/balcilar-blog.com\/wp-content\/uploads\/2014\/09\/MD4016.png 644w, https:\/\/balcilar-blog.com\/wp-content\/uploads\/2014\/09\/MD4016-300x167.png 300w\" sizes=\"auto, (max-width: 644px) 100vw, 644px\" \/><\/a><\/p>\n<p>Mira \u00e7ok huzursuzdur. Ben yokmu\u015fum gibi davran\u0131n l\u00fctfen, der. Yaman benim i\u015fim var deyip masadan kalkar ve gider. Mert, d\u00fcn gece ne yapt\u0131n\u0131z diye sorar. Mira, sabaha kadar tak\u0131ld\u0131k, Eyl\u00fcl\u2019le beraberdik.<\/p>\n<p>Yaman annesini arar, okula gidiyorum. S\u0131nav sonucunu \u00f6\u011frenece\u011fim. A\u011fabeyini sorar. Yaman annesinin huzursuzlu\u011funu anlar.<br \/>\nNadir Bey, ihaleyi televizyondan izler. O s\u0131rada Kenan Nadir Beye gelir, i\u015f ister.<\/p>\n<p>Gaye ve arkada\u015flar\u0131 Yaman ile Mira bar\u0131\u015ft\u0131rma plan\u0131 \u00fczerine konu\u015furlar. Yaman\u2019\u0131 g\u00f6rence \u00e7a\u011f\u0131r\u0131rlar. Yaman s\u0131nav sonucuna bakaca\u011f\u0131m. Yaman, listede Elif\u2019in ard\u0131ndan ikinci olarak kazand\u0131\u011f\u0131n\u0131 g\u00f6r\u00fcr. Elif\u2019e m\u00fcjdeyi vermek i\u00e7in telefon a\u00e7ar, a\u00e7\u0131lmay\u0131nca not b\u0131rak\u0131r. A\u00e7\u0131k kap\u0131dan bale g\u00f6sterisi yapan Elif\u2019i g\u00f6r\u00fcnce kap\u0131dan onu seyreder.<\/p>\n<p><a href=\"http:\/\/balcilar-blog.com\/wp-content\/uploads\/2014\/09\/MD40.17.png\"><img loading=\"lazy\" decoding=\"async\" class=\"alignnone size-full wp-image-3417\" src=\"http:\/\/balcilar-blog.com\/wp-content\/uploads\/2014\/09\/MD40.17.png\" alt=\"MD40.17\" width=\"635\" height=\"360\" srcset=\"https:\/\/balcilar-blog.com\/wp-content\/uploads\/2014\/09\/MD40.17.png 635w, https:\/\/balcilar-blog.com\/wp-content\/uploads\/2014\/09\/MD40.17-300x170.png 300w\" sizes=\"auto, (max-width: 635px) 100vw, 635px\" \/><\/a><\/p>\n<p>Yaman keyifle Elif\u2019in \u015fahane g\u00f6sterisini izler. Bitiminde alk\u0131\u015flar, tebrik ederim, bravo der. \u0130\u00e7eride di\u011fer seyreden arkada\u015flar\u0131n\u0131 g\u00f6r\u00fcnce pardon, kusura bakmay\u0131n der ve \u00e7\u0131kar.<\/p>\n<p>Elif (Ayb\u00fcke Pusat) ger\u00e7ek hayatta, Hacettepe \u00dcniversitesi Bale B\u00f6l\u00fcm\u00fcnde e\u011fitimini devam ettirmektedir. Ayn\u0131 anda iki \u00fcniversite okuyan g\u00fczel oyuncu ikinci \u00fcniversitesini de Anadolu \u00dcniversitesinde \u0130\u015fletme b\u00f6l\u00fcm\u00fcnde okumaktad\u0131r. \u0130ngilizcesi \u00fcst d\u00fczey olan Ayb\u00fcke Pusat, bir \u00e7ok oyunda balerin olarak g\u00f6rev yapm\u0131\u015ft\u0131r.<\/p>\n<p>Sedef Han\u0131m, Mira\u2019n\u0131n yemek sonras\u0131 kahve fal\u0131na bakar. Mira\u2019n\u0131n \u00e7ok s\u0131k\u0131ld\u0131\u011f\u0131n\u0131, aptal bir \u015fey y\u00fcz\u00fcnden uzakla\u015f\u0131rlar. Mira, ger\u00e7ekten \u00e7ok aptall\u0131k ettim, neden Yaman\u2019\u0131n s\u00fcrekli engeller koydu\u011funu anlam\u0131yorum. Onu seviyorum, elini b\u0131rakmak istemiyorum. \u0130zmir\u2019e gitmek istedi\u011fini d\u00fc\u011f\u00fcn g\u00fcn\u00fc \u00f6\u011frendim. Bana \u201cD\u00fc\u015f yakamdan\u201d demesi \u00e7ok a\u011fr\u0131ma gitti.<br \/>\n<a href=\"http:\/\/balcilar-blog.com\/wp-content\/uploads\/2014\/09\/MD40.18.png\"><img loading=\"lazy\" decoding=\"async\" class=\"alignnone size-full wp-image-3418\" src=\"http:\/\/balcilar-blog.com\/wp-content\/uploads\/2014\/09\/MD40.18.png\" alt=\"MD40.18\" width=\"626\" height=\"343\" srcset=\"https:\/\/balcilar-blog.com\/wp-content\/uploads\/2014\/09\/MD40.18.png 626w, https:\/\/balcilar-blog.com\/wp-content\/uploads\/2014\/09\/MD40.18-300x164.png 300w\" sizes=\"auto, (max-width: 626px) 100vw, 626px\" \/><\/a><\/p>\n<p>Sedef Han\u0131m malini s\u00f6yler, seni \u00e7ok seviyorum, senden korkuyorum, demek der. Mira, benim i\u00e7in bitti. Mert balkondan onlar\u0131 g\u00f6r\u00fcr. Yaman\u2019a telefon eder, Mira hala bizde. Yani karde\u015fim k\u0131zlardan gol yeme\u011fe devam ediyoruz. Yaman, Eyl\u00fcl\u2019\u00fc sorar. Mert bana bir kere bile aramad\u0131. Yaman bursu ald\u0131\u011f\u0131n\u0131 s\u00f6yler. Selim Bey duyunca \u201cIslatal\u0131m bunu.\u201d Yaman, Elif\u2019in birinci oldu\u011funu s\u00f6yler.<\/p>\n<p><a href=\"http:\/\/balcilar-blog.com\/wp-content\/uploads\/2014\/09\/MD40.19.png\"><img loading=\"lazy\" decoding=\"async\" class=\"alignnone size-full wp-image-3419\" src=\"http:\/\/balcilar-blog.com\/wp-content\/uploads\/2014\/09\/MD40.19.png\" alt=\"MD40.19\" width=\"633\" height=\"358\" srcset=\"https:\/\/balcilar-blog.com\/wp-content\/uploads\/2014\/09\/MD40.19.png 633w, https:\/\/balcilar-blog.com\/wp-content\/uploads\/2014\/09\/MD40.19-300x169.png 300w\" sizes=\"auto, (max-width: 633px) 100vw, 633px\" \/><\/a><\/p>\n<p>Mert babas\u0131na, bu b\u00f6yle olmaz i\u015fe gitmen laz\u0131m, para kazanman laz\u0131m. \u0130ki tane yeti\u015fkin evlad\u0131n var. Selim Bey, hakl\u0131s\u0131n der. Mert al\u0131r \u00e7antas\u0131n\u0131 okula gider. O s\u0131rada tam gelen Eyl\u00fcl\u2019\u00fc g\u00f6rmez, motoru ile ters y\u00f6ne gider.<br \/>\nSedef Han\u0131m, Eyl\u00fcl\u2019\u00fcn annesi Gamze\u2019yi arar. Bu \u00e7ocuklar\u0131n aras\u0131 ne olacak, bir \u015feyler yapmam\u0131z laz\u0131m, der.<\/p>\n<p><a href=\"http:\/\/balcilar-blog.com\/wp-content\/uploads\/2014\/09\/MD40.20.png\"><img loading=\"lazy\" decoding=\"async\" class=\"alignnone size-full wp-image-3420\" src=\"http:\/\/balcilar-blog.com\/wp-content\/uploads\/2014\/09\/MD40.20.png\" alt=\"MD40.20\" width=\"623\" height=\"306\" srcset=\"https:\/\/balcilar-blog.com\/wp-content\/uploads\/2014\/09\/MD40.20.png 623w, https:\/\/balcilar-blog.com\/wp-content\/uploads\/2014\/09\/MD40.20-300x147.png 300w\" sizes=\"auto, (max-width: 623px) 100vw, 623px\" \/><\/a><\/p>\n<p>Yaman \u00e7\u0131k\u0131\u015fta bankta oturan Elif\u2019in aya\u011f\u0131na basar. Elif \u00e7ok k\u0131zar. Yaman, normal y\u00fcr\u00fcd\u00fc\u011f\u00fc g\u00f6r\u00fcnce numara yapmana gerek yok. Elif, sen benimle irtibat\u0131 keser misin bir zahmet. Yaman kazayd\u0131 k\u0131z\u0131m, der. Elif, sen sevgilinden ayr\u0131lm\u0131\u015fs\u0131n, k\u0131zlarla kafan\u0131 da\u011f\u0131t\u0131yorsun, sen yarana basacak tuz ar\u0131yorsun, ama ben sana ancak ac\u0131 biber olurum. O y\u00fczden fazla dolanma aya\u011f\u0131m\u0131n alt\u0131nda.<\/p>\n<p><a href=\"http:\/\/balcilar-blog.com\/wp-content\/uploads\/2014\/09\/MD40.21.png\"><img loading=\"lazy\" decoding=\"async\" class=\"alignnone size-full wp-image-3421\" src=\"http:\/\/balcilar-blog.com\/wp-content\/uploads\/2014\/09\/MD40.21.png\" alt=\"MD40.21\" width=\"637\" height=\"358\" srcset=\"https:\/\/balcilar-blog.com\/wp-content\/uploads\/2014\/09\/MD40.21.png 637w, https:\/\/balcilar-blog.com\/wp-content\/uploads\/2014\/09\/MD40.21-300x168.png 300w\" sizes=\"auto, (max-width: 637px) 100vw, 637px\" \/><\/a><\/p>\n<p>Yaman, hey hey diyerek kolundan tutar. Sana as\u0131ld\u0131\u011f\u0131m\u0131 m\u0131 zannediyorsun? Elif, uzakla\u015f etraf\u0131n\u0131 zarar verme, yeter.<br \/>\nGaye, Doruk ve arkada\u015flar\u0131 onlar\u0131 g\u00f6r\u00fcrler. Ne olacak bu durum derken, Gaye buldum der. Yaman\u2019\u0131n hay\u0131r diyemece\u011fi bir teklifi hocalar\u0131 taraf\u0131ndan yapt\u0131r\u0131rlar. M\u00fczik grubunda Yaman gitar \u00e7alacakt\u0131r. Tabii Mira da \u015fark\u0131 s\u00f6yleyecek. Has\u0131l\u0131 beraber d\u00fcet yapacaklard\u0131r.<\/p>\n<p><a href=\"http:\/\/balcilar-blog.com\/wp-content\/uploads\/2014\/09\/MD40.22.png\"><img loading=\"lazy\" decoding=\"async\" class=\"alignnone size-full wp-image-3422\" src=\"http:\/\/balcilar-blog.com\/wp-content\/uploads\/2014\/09\/MD40.22.png\" alt=\"MD40.22\" width=\"626\" height=\"357\" srcset=\"https:\/\/balcilar-blog.com\/wp-content\/uploads\/2014\/09\/MD40.22.png 626w, https:\/\/balcilar-blog.com\/wp-content\/uploads\/2014\/09\/MD40.22-300x171.png 300w\" sizes=\"auto, (max-width: 626px) 100vw, 626px\" \/><\/a><br \/>\nBeren Mira ve Eyl\u00fcl\u2019e Elif hakk\u0131nda ara\u015ft\u0131rmalar\u0131n\u0131 anlat\u0131r. Mira \u00e7ok memnun olur. Eyl\u00fcl, bir de bizimkilerle nas\u0131l bar\u0131\u015faca\u011f\u0131m\u0131z\u0131 s\u00f6ylesen.<\/p>\n<p><a href=\"http:\/\/balcilar-blog.com\/wp-content\/uploads\/2014\/09\/MD40.23.png\"><img loading=\"lazy\" decoding=\"async\" class=\"alignnone size-full wp-image-3423\" src=\"http:\/\/balcilar-blog.com\/wp-content\/uploads\/2014\/09\/MD40.23.png\" alt=\"MD40.23\" width=\"627\" height=\"350\" srcset=\"https:\/\/balcilar-blog.com\/wp-content\/uploads\/2014\/09\/MD40.23.png 627w, https:\/\/balcilar-blog.com\/wp-content\/uploads\/2014\/09\/MD40.23-300x167.png 300w\" sizes=\"auto, (max-width: 627px) 100vw, 627px\" \/><\/a><\/p>\n<p>Mert ile Yaman bah\u00e7ede oturup dertle\u015firler. Okula d\u00f6nmek ayarlar\u0131m\u0131z\u0131 bozdu, resmen \u00e7ar\u015fafa doland\u0131k. Bize ne oldu b\u00f6yle. Eyl\u00fcl Uzay ile, Mira Orkun\u2019la beraber. Hayat\u0131mda ilk defa sana y\u00fcz vermeyen bir k\u0131zla kar\u015f\u0131la\u015ft\u0131n. Yaman, bana y\u00fcz vermesi i\u00e7in ilk \u00f6nce benim onunla ilgilenmem laz\u0131m. Biz en iyisi tekneye geri d\u00f6n\u00fcp sonsuza kadar orada ya\u015fayal\u0131m. Ben bal\u0131k tutar\u0131m, sen k\u0131zlarla \u00f6p\u00fc\u015f\u00fcrs\u00fcn. Yaman, suland\u0131rma der. Mert, ayr\u0131l\u0131k da sevdaya dahildir, derler. O s\u0131rada gelen Hoca Yaman\u2019a, a\u00e7\u0131l\u0131\u015fta gitar \u00e7alacaks\u0131n, der.<\/p>\n<p><a href=\"http:\/\/balcilar-blog.com\/wp-content\/uploads\/2014\/09\/MD40.24.png\"><img loading=\"lazy\" decoding=\"async\" class=\"alignnone size-full wp-image-3424\" src=\"http:\/\/balcilar-blog.com\/wp-content\/uploads\/2014\/09\/MD40.24.png\" alt=\"MD40.24\" width=\"639\" height=\"355\" srcset=\"https:\/\/balcilar-blog.com\/wp-content\/uploads\/2014\/09\/MD40.24.png 639w, https:\/\/balcilar-blog.com\/wp-content\/uploads\/2014\/09\/MD40.24-300x166.png 300w\" sizes=\"auto, (max-width: 639px) 100vw, 639px\" \/><\/a><\/p>\n<p>Deniz Han\u0131m\u0131 yukar\u0131dan patronu \u00e7a\u011f\u0131r\u0131r. Sude Han\u0131m patronu ile konu\u015fuyordur. Tamer Bey, Sinan Bey ile Ender Han\u0131m ili\u015fkilerini ara\u015ft\u0131rmas\u0131n\u0131 ister. Deniz Han\u0131m, istemese emir patrondand\u0131r.<\/p>\n<p><a href=\"http:\/\/balcilar-blog.com\/wp-content\/uploads\/2014\/09\/MD40.25.png\"><img loading=\"lazy\" decoding=\"async\" class=\"alignnone size-full wp-image-3425\" src=\"http:\/\/balcilar-blog.com\/wp-content\/uploads\/2014\/09\/MD40.25.png\" alt=\"MD40.25\" width=\"633\" height=\"363\" srcset=\"https:\/\/balcilar-blog.com\/wp-content\/uploads\/2014\/09\/MD40.25.png 633w, https:\/\/balcilar-blog.com\/wp-content\/uploads\/2014\/09\/MD40.25-300x172.png 300w\" sizes=\"auto, (max-width: 633px) 100vw, 633px\" \/><\/a><\/p>\n<p>Selim Bey; Yaman ve Mert\u2019in \u0131srar\u0131yla ALS hastal\u0131\u011f\u0131na yard\u0131m yapaca\u011f\u0131n\u0131 ve ba\u015f\u0131ndan a\u015fa\u011f\u0131 bir kova buzlu su d\u00f6kt\u00fcrmeyi kabul eder. Yaman bir kova buzlu suyu d\u00f6ker. Ba\u011f\u0131\u015f zinciri i\u00e7in, kay\u0131npederi As\u0131m \u015eekip Kaya\u2019y\u0131 meydan okur. Ay Yap\u0131m\u2019a ve de senarist Ece Y\u00f6ren\u00e7\u2019e tebrikler bu sosyal konu i\u00e7in.<\/p>\n<p>As\u0131m \u015eekip Kaya, ihaleyi kaybedince k\u00fcplere biner. Sedef\u2019e o haini bana bulun. Bu bilgileri kim s\u0131zd\u0131. Sonra Ender\u2019in bilgisayar\u0131ndan giren h\u0131rs\u0131zlar\u0131n ald\u0131\u011f\u0131n\u0131 tahmin ederler. \u00c7ok yak\u0131nlar\u0131ndan birinin yapt\u0131\u011f\u0131n\u0131 d\u00fc\u015f\u00fcn\u00fcrler.<\/p>\n<p>Kenan bir sabah Yaman\u2019\u0131n odas\u0131na \u00e7\u0131kar gelir. Nadir Beyin yan\u0131nda \u00e7al\u0131\u015ft\u0131\u011f\u0131n\u0131 s\u00f6yler. Hasan Nevin Han\u0131ma gider, af diler, tekrar birlikte olmay\u0131 teklif eder. Nevin Han\u0131m kabul etmez.<\/p>\n<p>Sude Han\u0131m, Sinan Beyle bulu\u015fmak \u00fczere s\u00f6zle\u015fir. Sude yolda bir araban\u0131n kendisini takip etti\u011fini anlar.<br \/>\nSelim Bey, As\u0131m Beyle konu\u015fur. Ender\u2019in bilgisayar\u0131n\u0131 ald\u0131raca\u011f\u0131n\u0131 s\u00f6yler. O s\u0131rada Sedef telefon eder. Yaman\u2019\u0131n a\u011fabeyi Kenan\u2019\u0131n orada oldu\u011funu s\u00f6yleyince, As\u0131m Bey Sude orada m\u0131? diye sorar, apar topar \u00e7\u0131kar gider.<\/p>\n<p>Kenan, kesin ayr\u0131ld\u0131n\u0131z m\u0131 diye sorar Yaman\u2019a. Sedef onlar\u0131 gidecekleri yere b\u0131rakacakt\u0131r.<\/p>\n<p><a href=\"http:\/\/balcilar-blog.com\/wp-content\/uploads\/2014\/09\/MD40.26.png\"><img loading=\"lazy\" decoding=\"async\" class=\"alignnone size-full wp-image-3426\" src=\"http:\/\/balcilar-blog.com\/wp-content\/uploads\/2014\/09\/MD40.26.png\" alt=\"MD40.26\" width=\"641\" height=\"357\" srcset=\"https:\/\/balcilar-blog.com\/wp-content\/uploads\/2014\/09\/MD40.26.png 641w, https:\/\/balcilar-blog.com\/wp-content\/uploads\/2014\/09\/MD40.26-300x167.png 300w\" sizes=\"auto, (max-width: 641px) 100vw, 641px\" \/><\/a><\/p>\n<p>Nadir Beyin adam\u0131, abi niye Kenan\u2019\u0131 yan\u0131na ald\u0131n. Babas\u0131n\u0131 \u00f6ld\u00fcrd\u00fc\u011f\u00fcn i\u00e7in vicdan yapt\u0131n herhalde. Eninde sonunda aya\u011f\u0131m\u0131za dolanacak. Nadir Bey, onun kefili Hasan. Gerekirse aya\u011f\u0131m\u0131z\u0131n alt\u0131ndan \u00e7ekip al\u0131r\u0131z. Gene de biz ipini k\u0131sa tutal\u0131m. O s\u0131rada ihaleyi alan ki\u015fi, Nadir Beyin komisyonunu bir \u00e7anta dolusu olarak getirir, teslim eder.<\/p>\n<p><a href=\"http:\/\/balcilar-blog.com\/wp-content\/uploads\/2014\/09\/MD40.27.png\"><img loading=\"lazy\" decoding=\"async\" class=\"alignnone size-full wp-image-3427\" src=\"http:\/\/balcilar-blog.com\/wp-content\/uploads\/2014\/09\/MD40.27.png\" alt=\"MD40.27\" width=\"641\" height=\"355\" srcset=\"https:\/\/balcilar-blog.com\/wp-content\/uploads\/2014\/09\/MD40.27.png 641w, https:\/\/balcilar-blog.com\/wp-content\/uploads\/2014\/09\/MD40.27-300x166.png 300w\" sizes=\"auto, (max-width: 641px) 100vw, 641px\" \/><\/a><\/p>\n<p>Mira, Mert ile Yaman\u2019\u0131n yan\u0131na gelerek birlikte \u015fark\u0131 s\u00f6yleyecekmi\u015fiz. Yaman benim sadece \u00e7alaca\u011f\u0131m\u0131 s\u00f6ylediler. Mira o zaman sen sadece \u00e7alars\u0131n, ben s\u00f6ylerim. Nota ka\u011f\u0131d\u0131n\u0131 Yaman\u2019a verir, bir saat sonra provam\u0131z var. Mira ben bilmeden yap\u0131yorum, hoca s\u00f6yledi, d\u00fc\u015fman de\u011filiz sonu\u00e7ta\u2026<\/p>\n<p>Mert bunlar naza \u00e7ekiyorlar, birlikte \u015fark\u0131 s\u00f6ylesinler, birbirlerinin g\u00f6zlerinin i\u00e7ine bakarak eriyecekler. O s\u0131rada gelen Uzay Eyl\u00fcl\u2019\u00fc sorar, Mert bozulur gider.<br \/>\n<a href=\"http:\/\/balcilar-blog.com\/wp-content\/uploads\/2014\/09\/MD40.27A.png\"><img loading=\"lazy\" decoding=\"async\" class=\"alignnone size-full wp-image-3428\" src=\"http:\/\/balcilar-blog.com\/wp-content\/uploads\/2014\/09\/MD40.27A.png\" alt=\"MD40.27A\" width=\"643\" height=\"362\" srcset=\"https:\/\/balcilar-blog.com\/wp-content\/uploads\/2014\/09\/MD40.27A.png 643w, https:\/\/balcilar-blog.com\/wp-content\/uploads\/2014\/09\/MD40.27A-300x168.png 300w\" sizes=\"auto, (max-width: 643px) 100vw, 643px\" \/><\/a><\/p>\n<p>Gamze Eyl\u00fcl\u2019e bu g\u00fcn ne yapacaks\u0131n\u0131z diye sorar. Okulda etkinlik olacak, ne olur bizim i\u00e7in dua edin, hamilelerin duas\u0131 ge\u00e7er. Babas\u0131,babalar\u0131n duas\u0131 da ge\u00e7er, ben de ederim.<\/p>\n<p><a href=\"http:\/\/balcilar-blog.com\/wp-content\/uploads\/2014\/09\/MD40.29.png\"><img loading=\"lazy\" decoding=\"async\" class=\"alignnone size-full wp-image-3430\" src=\"http:\/\/balcilar-blog.com\/wp-content\/uploads\/2014\/09\/MD40.29.png\" alt=\"MD40.29\" width=\"627\" height=\"353\" srcset=\"https:\/\/balcilar-blog.com\/wp-content\/uploads\/2014\/09\/MD40.29.png 627w, https:\/\/balcilar-blog.com\/wp-content\/uploads\/2014\/09\/MD40.29-300x168.png 300w\" sizes=\"auto, (max-width: 627px) 100vw, 627px\" \/><\/a><\/p>\n<p>Okulda Elif de bir bale g\u00f6sterisi yapar. Yaman hayran, hayran, seyreder. Mira, k\u0131skan\u00e7l\u0131kla kem g\u00f6zlerle bakar. O s\u0131rada Orkun, y\u0131l\u0131\u015f\u0131k bir \u015fekilde Mira\u2019n\u0131n omzuna ba\u015f\u0131n\u0131 koyar. Mira Orkun\u2019a, bu konuyu fazla uzatma.<\/p>\n<p><a href=\"http:\/\/balcilar-blog.com\/wp-content\/uploads\/2014\/09\/MD40.28A.png\"><img loading=\"lazy\" decoding=\"async\" class=\"alignnone size-full wp-image-3429\" src=\"http:\/\/balcilar-blog.com\/wp-content\/uploads\/2014\/09\/MD40.28A.png\" alt=\"MD40.28A\" width=\"647\" height=\"349\" srcset=\"https:\/\/balcilar-blog.com\/wp-content\/uploads\/2014\/09\/MD40.28A.png 647w, https:\/\/balcilar-blog.com\/wp-content\/uploads\/2014\/09\/MD40.28A-300x161.png 300w\" sizes=\"auto, (max-width: 647px) 100vw, 647px\" \/><\/a><\/p>\n<p>Bu g\u00fczel g\u00f6steri sonunda Yaman\u2019\u0131n bravo diyerek alk\u0131\u015flamas\u0131 Mira\u2019n\u0131n g\u00f6z\u00fcnden ka\u00e7maz. Yaman, Elif\u2019in elini s\u0131karak tekrar tebrik eder.<\/p>\n<p><a href=\"http:\/\/balcilar-blog.com\/wp-content\/uploads\/2014\/09\/MD40.30.png\"><img loading=\"lazy\" decoding=\"async\" class=\"alignnone size-full wp-image-3431\" src=\"http:\/\/balcilar-blog.com\/wp-content\/uploads\/2014\/09\/MD40.30.png\" alt=\"MD40.30\" width=\"644\" height=\"349\" srcset=\"https:\/\/balcilar-blog.com\/wp-content\/uploads\/2014\/09\/MD40.30.png 644w, https:\/\/balcilar-blog.com\/wp-content\/uploads\/2014\/09\/MD40.30-300x162.png 300w\" sizes=\"auto, (max-width: 644px) 100vw, 644px\" \/><\/a><\/p>\n<p>Eyl\u00fcl\u2019\u00fcn \u00fcvey annesi ile Sedef de g\u00f6steriye gelirler. Gamze o g\u00fcn bu g\u00fcn diyerek, o da bu g\u00fcn bebe\u011fini do\u011furmaya kararl\u0131d\u0131r.<\/p>\n<p>Uzay Eyl\u00fcl ile konu\u015fur. Aradan \u00e7ekilmeye karar verir. Eyl\u00fcl Gamze Han\u0131m\u0131 g\u00f6r\u00fcnce \u015fa\u015f\u0131r\u0131r, bu kalabal\u0131\u011f\u0131 nas\u0131l gireceksin.<\/p>\n<p>Kenan, Tozludere \u015fantiyededir. Pe\u015finden gelen \u00fc\u00e7 ki\u015fi onu bir g\u00fczel d\u00f6verler. Y\u00fcz\u00fcn\u00fc g\u00f6z\u00fcn\u00fc kan i\u00e7erisinde b\u0131rak\u0131rlar. Cep telefonundan resimlerini \u00e7ekerek, As\u0131m Beye g\u00f6nderirler. Kenan bu adamlar\u0131 annesinin gazino patronu g\u00f6nderdi\u011fini zanneder.<br \/>\nSude Han\u0131m As\u0131m Beyin b\u00fcroya yan\u0131na gelir. As\u0131m Bey cep telefonundaki Kenan\u2019\u0131n g\u00f6r\u00fcnt\u00fclerini Sude\u2019ye g\u00f6sterir. Beni atlataca\u011f\u0131n\u0131 san\u0131yorsun ama, yan\u0131ld\u0131n. Benden gizlice bulu\u015ftu\u011fun o adam bu halde. Sude, ben senin k\u0131z\u0131n\u0131n pisli\u011fini temizlemeye \u00e7al\u0131\u015f\u0131yorum. Ben Sinan\u2019la bulu\u015ftum. Takip edenleri gazeteci zannettim. Ender ile Sinan\u2019\u0131n ili\u015fkisi var. As\u0131m Bey duyduklar\u0131ndan pek memnun olmaz.<br \/>\nElif Yaman\u2019a haydi bir de seni g\u00f6relim. Elif benden ne istiyorsun deyince, Yaman arkada\u015f olal\u0131m.<\/p>\n<p>Yaman sahneye gelir, yerini al\u0131r. Mira nota ka\u011f\u0131d\u0131n\u0131 vererek bunu \u00e7alaca\u011f\u0131z der. Yaman neden deyince Mira can\u0131m \u00f6yle istiyor.<br \/>\nLevent Y\u00fcksel\u2019in \u201cBeni benimle b\u0131rak\u201d adl\u0131 par\u00e7as\u0131na s\u00f6ylemeye ba\u015flarlar. Bu duygulu par\u00e7ay\u0131 birbirlerini bakarak s\u00f6ylerler. \u015eark\u0131 hislerinin terc\u00fcmesidir sanki.<\/p>\n<p><a href=\"http:\/\/balcilar-blog.com\/wp-content\/uploads\/2014\/09\/MD40.32.png\"><img loading=\"lazy\" decoding=\"async\" class=\"alignnone size-medium wp-image-3433\" src=\"http:\/\/balcilar-blog.com\/wp-content\/uploads\/2014\/09\/MD40.32-300x214.png\" alt=\"MD40.32\" width=\"300\" height=\"214\" srcset=\"https:\/\/balcilar-blog.com\/wp-content\/uploads\/2014\/09\/MD40.32-300x214.png 300w, https:\/\/balcilar-blog.com\/wp-content\/uploads\/2014\/09\/MD40.32.png 496w\" sizes=\"auto, (max-width: 300px) 100vw, 300px\" \/><\/a>\u00a0 <a href=\"http:\/\/balcilar-blog.com\/wp-content\/uploads\/2014\/09\/MD40.33.png\"><img loading=\"lazy\" decoding=\"async\" class=\"alignnone size-medium wp-image-3434\" src=\"http:\/\/balcilar-blog.com\/wp-content\/uploads\/2014\/09\/MD40.33-300x205.png\" alt=\"MD40.33\" width=\"300\" height=\"205\" srcset=\"https:\/\/balcilar-blog.com\/wp-content\/uploads\/2014\/09\/MD40.33-300x205.png 300w, https:\/\/balcilar-blog.com\/wp-content\/uploads\/2014\/09\/MD40.33.png 519w\" sizes=\"auto, (max-width: 300px) 100vw, 300px\" \/><\/a><\/p>\n<p>O s\u0131rda Gamze\u2019nin sanc\u0131s\u0131 tutar. Mert, Ekim geliyor diye \u00e7\u0131\u011fl\u0131k atar. Hemen acilen hastaneye giderler.<\/p>\n<p><a href=\"http:\/\/balcilar-blog.com\/wp-content\/uploads\/2014\/09\/MD40.34.png\"><img loading=\"lazy\" decoding=\"async\" class=\"alignnone size-full wp-image-3435\" src=\"http:\/\/balcilar-blog.com\/wp-content\/uploads\/2014\/09\/MD40.34.png\" alt=\"MD40.34\" width=\"634\" height=\"357\" srcset=\"https:\/\/balcilar-blog.com\/wp-content\/uploads\/2014\/09\/MD40.34.png 634w, https:\/\/balcilar-blog.com\/wp-content\/uploads\/2014\/09\/MD40.34-300x168.png 300w\" sizes=\"auto, (max-width: 634px) 100vw, 634px\" \/><\/a><\/p>\n<p>Selim Bey Sinan Beye gider, \u00e7alar kap\u0131y\u0131 i\u00e7eri girer. Kap\u0131y\u0131 a\u00e7an Sinan\u2019\u0131 i\u00e7eri iter. Yumru\u011fu patlat\u0131r.<\/p>\n<p><a href=\"http:\/\/balcilar-blog.com\/wp-content\/uploads\/2014\/09\/MD40.35.png\"><img loading=\"lazy\" decoding=\"async\" class=\"alignnone size-full wp-image-3436\" src=\"http:\/\/balcilar-blog.com\/wp-content\/uploads\/2014\/09\/MD40.35.png\" alt=\"MD40.35\" width=\"645\" height=\"363\" srcset=\"https:\/\/balcilar-blog.com\/wp-content\/uploads\/2014\/09\/MD40.35.png 645w, https:\/\/balcilar-blog.com\/wp-content\/uploads\/2014\/09\/MD40.35-300x168.png 300w\" sizes=\"auto, (max-width: 645px) 100vw, 645px\" \/><\/a><\/p>\n<p>Gamze Han\u0131m\u0131 hastaneye Yaman g\u00f6t\u00fcr, yan\u0131na \u00f6n koltu\u011fa Mira oturur. Arkada Mert, Gamze ve Eyl\u00fcl vard\u0131r.<\/p>\n<p><a href=\"http:\/\/balcilar-blog.com\/wp-content\/uploads\/2014\/09\/MD40.36.png\"><img loading=\"lazy\" decoding=\"async\" class=\"alignnone size-full wp-image-3437\" src=\"http:\/\/balcilar-blog.com\/wp-content\/uploads\/2014\/09\/MD40.36.png\" alt=\"MD40.36\" width=\"643\" height=\"357\" srcset=\"https:\/\/balcilar-blog.com\/wp-content\/uploads\/2014\/09\/MD40.36.png 643w, https:\/\/balcilar-blog.com\/wp-content\/uploads\/2014\/09\/MD40.36-300x166.png 300w\" sizes=\"auto, (max-width: 643px) 100vw, 643px\" \/><\/a><\/p>\n<p>Mira \u00f6nde do\u011fum sanc\u0131lar\u0131n\u0131 sanki o \u00e7ekiyormu\u015f gibi nefes al\u0131r, verir. Ara ara Yaman\u2019\u0131n y\u00fczene bakar, y\u00fcz\u00fcn\u00fc mutluluk g\u00fcl\u00fcmsemeleri gelir, gider. Ve 40.b\u00f6l\u00fcm burada sona erer.<\/p>\n<p>Medcezir\u2019in y\u0131ld\u0131zlar\u0131 \u00c7a\u011fatay Ulusoy ile Serenay Sar\u0131kaya oyunculuklar\u0131n\u0131 zirveye do\u011fru ta\u015f\u0131yorlar. Her ikisini de tebrikler. K\u00fcsl\u00fck bile onlara yak\u0131\u015f\u0131yor.<\/p>\n<p>Ay Yap\u0131m\u2019\u0131n bu s\u00fcper dizisi heyecan f\u0131rt\u0131nas\u0131 haftaya 41.b\u00f6l\u00fcmde devam edecek. Yaman ile Mira bu \u015fark\u0131 ile yumu\u015fad\u0131lar, bar\u0131\u015facaklar m\u0131? Selim Bey, Sinan\u2019\u0131 tokatlamas\u0131 ile hapishaneye d\u00fc\u015fecek mi? Kenan, kendisini d\u00f6vd\u00fcrenin As\u0131m \u015eakip Kaya oldu\u011funu \u00f6\u011frenince ne yapacak? Gamze Han\u0131m, Ekim\u2019i sa\u011fl\u0131kla d\u00fcnyaya getirebilecek mi?<\/p>\n<p>Hafta 26 Eyl\u00fcl Cuma ak\u015fam\u0131 hep birlikte g\u00f6rece\u011fiz.<\/p>\n<p>Keyifli seyirler.<\/p>\n<p>Sayg\u0131lar, sevgiler.<\/p>\n<p>Abdurrahman Balc\u0131lar<br \/>\nTwitter: abdurrahman balc\u0131lar@abbalcilar<br \/>\nMail : ab.balcilar@hotmail.com<br \/>\nBlog: milliyet.com.tr\/cansever<br \/>\nBlog: balcilar-blog.com<br \/>\nNot: G\u00f6rseller \u0130nternetten ve taraf\u0131mdan diziden kopyalanm\u0131\u015ft\u0131r.<\/p>\n","protected":false},"excerpt":{"rendered":"<p>Star Tv.in fenomen dizisi Medcezir yine ola\u011fan\u00fcst\u00fc performans\u0131 ile izleyenleri ekran ba\u015f\u0131na kilitledi. Bu b\u00f6l\u00fcmde Yaman-Mira gerginli\u011fi ve onlar\u0131 bar\u0131\u015ft\u0131rma \u00e7abalar\u0131 damgas\u0131n\u0131 vurdu. Yaman ile Mira biraz da emrivaki ile kendilerini sahnede buldular. S\u00f6yledikleri Levent Y\u00fcksel\u2019in \u201cBeni benimle b\u0131rak\u201d \u015fark\u0131s\u0131n\u0131n s\u00f6zleri hislerinin terc\u00fcman\u0131 oldu. Bu s\u00f6yledikleri d\u00fcet izleyenleri resmen ekran ba\u015f\u0131na kilitledi. Medcezir AB grubunda [&hellip;]<\/p>\n","protected":false},"author":3,"featured_media":0,"comment_status":"open","ping_status":"open","sticky":false,"template":"","format":"standard","meta":{"footnotes":""},"categories":[2],"tags":[26,16,25],"class_list":["post-3400","post","type-post","status-publish","format-standard","hentry","category-tv-programlari","tag-ay-yapim","tag-medcezir","tag-star-tv"],"views":5774,"blog_post_layout_featured_media_urls":{"thumbnail":"","full":""},"categories_names":{"2":{"name":"TV Programlar\u0131","link":"https:\/\/balcilar-blog.com\/?cat=2"}},"tags_names":{"26":{"name":"Ay Yap\u0131m","link":"https:\/\/balcilar-blog.com\/?tag=ay-yapim"},"16":{"name":"medcezir","link":"https:\/\/balcilar-blog.com\/?tag=medcezir"},"25":{"name":"Star Tv","link":"https:\/\/balcilar-blog.com\/?tag=star-tv"}},"comments_number":"0","wpmagazine_modules_lite_featured_media_urls":{"thumbnail":"","cvmm-medium":"","cvmm-medium-plus":"","cvmm-portrait":"","cvmm-medium-square":"","cvmm-large":"","cvmm-small":"","full":""},"_links":{"self":[{"href":"https:\/\/balcilar-blog.com\/index.php?rest_route=\/wp\/v2\/posts\/3400","targetHints":{"allow":["GET"]}}],"collection":[{"href":"https:\/\/balcilar-blog.com\/index.php?rest_route=\/wp\/v2\/posts"}],"about":[{"href":"https:\/\/balcilar-blog.com\/index.php?rest_route=\/wp\/v2\/types\/post"}],"author":[{"embeddable":true,"href":"https:\/\/balcilar-blog.com\/index.php?rest_route=\/wp\/v2\/users\/3"}],"replies":[{"embeddable":true,"href":"https:\/\/balcilar-blog.com\/index.php?rest_route=%2Fwp%2Fv2%2Fcomments&post=3400"}],"version-history":[{"count":5,"href":"https:\/\/balcilar-blog.com\/index.php?rest_route=\/wp\/v2\/posts\/3400\/revisions"}],"predecessor-version":[{"id":3445,"href":"https:\/\/balcilar-blog.com\/index.php?rest_route=\/wp\/v2\/posts\/3400\/revisions\/3445"}],"wp:attachment":[{"href":"https:\/\/balcilar-blog.com\/index.php?rest_route=%2Fwp%2Fv2%2Fmedia&parent=3400"}],"wp:term":[{"taxonomy":"category","embeddable":true,"href":"https:\/\/balcilar-blog.com\/index.php?rest_route=%2Fwp%2Fv2%2Fcategories&post=3400"},{"taxonomy":"post_tag","embeddable":true,"href":"https:\/\/balcilar-blog.com\/index.php?rest_route=%2Fwp%2Fv2%2Ftags&post=3400"}],"curies":[{"name":"wp","href":"https:\/\/api.w.org\/{rel}","templated":true}]}}