{"id":3349,"date":"2014-09-16T18:37:33","date_gmt":"2014-09-16T15:37:33","guid":{"rendered":"http:\/\/balcilar-blog.com\/?p=3349"},"modified":"2014-09-16T18:37:33","modified_gmt":"2014-09-16T15:37:33","slug":"kurt-seyit-ve-suradan-sirbistan-cikarmasi","status":"publish","type":"post","link":"https:\/\/balcilar-blog.com\/?p=3349","title":{"rendered":"KURT SEY\u0130T VE \u015eURA\u2019DAN SIRB\u0130STAN \u00c7IKARMASI."},"content":{"rendered":"<p><a href=\"http:\/\/balcilar-blog.com\/wp-content\/uploads\/2014\/09\/sapcoverr.jpg\"><img loading=\"lazy\" decoding=\"async\" class=\"alignnone size-medium wp-image-3350\" src=\"http:\/\/balcilar-blog.com\/wp-content\/uploads\/2014\/09\/sapcoverr-246x300.jpg\" alt=\"sapcoverr\" width=\"246\" height=\"300\" srcset=\"https:\/\/balcilar-blog.com\/wp-content\/uploads\/2014\/09\/sapcoverr-246x300.jpg 246w, https:\/\/balcilar-blog.com\/wp-content\/uploads\/2014\/09\/sapcoverr-841x1024.jpg 841w, https:\/\/balcilar-blog.com\/wp-content\/uploads\/2014\/09\/sapcoverr.jpg 1683w\" sizes=\"auto, (max-width: 246px) 100vw, 246px\" \/><\/a><\/p>\n<p><strong>Ay Yap\u0131m\u2019\u0131n\u00a0 iddial\u0131 dizisi, \u201cKurt Seyit ve \u015eura\u201d S\u0131rbistan\u2019\u0131n \u00fcnl\u00fc dergisi Sapunice\u2019ye kapak oldu.<\/strong><\/p>\n<p>Dergi, yak\u0131nda S\u0131rbistan\u2019da da yay\u0131nlanmas\u0131 s\u00f6z konusu olan dizinin ba\u015frol oyuncular\u0131 K\u0131van\u00e7 Tatl\u0131tu\u011f ve Farah Zeynep Abdullah\u2019\u0131n foto\u011fraflar\u0131na kapaktan yer vererek \u201cBuraya da gelin\u201d \u00e7a\u011fr\u0131s\u0131 yapt\u0131. \u015eu anda Ortado\u011fu\u2019nun en b\u00fcy\u00fck televizyon a\u011f\u0131 MBC\u2019de yay\u0131n\u0131 devam eden Kurt Seyit ve \u015eura ; Yunanistan, Rusya, Romanya, Macaristan, Balt\u0131k \u00fclkeleri, Ukrayna, G\u00fcrcistan gibi pek \u00e7ok \u00fclkede de \u00e7ok yak\u0131nda yay\u0131na ba\u015flayacak.<\/p>\n<p>Yeni sezona bir t\u00fcrl\u00fc ba\u015flayamayan Kurt Seyit ve \u015eura, \u015fu g\u00fcnlerde 14.b\u00f6l\u00fcm\u00fc \u00e7ekiliyor. \u0130ki tan\u0131t\u0131m fragman\u0131 yay\u0131nland\u0131 ama, Star Tv.de ne zaman yay\u0131na girdece\u011fi hen\u00fcz belli de\u011fil.\u00a0 Sal\u0131 ak\u015famlar\u0131 yay\u0131nlanan dizi, gene Sal\u0131 g\u00fcnlerimi yay\u0131nlanacak, yoksa ba\u015fka bir g\u00fcn m\u00fc yay\u0131nlanaca\u011f\u0131 netle\u015fmedi.<\/p>\n<p><a href=\"http:\/\/balcilar-blog.com\/wp-content\/uploads\/2014\/09\/12.jpg\"><img loading=\"lazy\" decoding=\"async\" class=\"alignnone size-medium wp-image-3245\" src=\"http:\/\/balcilar-blog.com\/wp-content\/uploads\/2014\/09\/12-300x280.jpg\" alt=\"1\" width=\"300\" height=\"280\" srcset=\"https:\/\/balcilar-blog.com\/wp-content\/uploads\/2014\/09\/12-300x280.jpg 300w, https:\/\/balcilar-blog.com\/wp-content\/uploads\/2014\/09\/12-1024x958.jpg 1024w\" sizes=\"auto, (max-width: 300px) 100vw, 300px\" \/><\/a><\/p>\n<p>Fahriye Evcen takviyeli dizi yurt d\u0131\u015f\u0131 reytinleri iyi. Ancak yurt i\u00e7inde bu yeni sezonda ba\u015far\u0131l\u0131 olaca\u011f\u0131n\u0131 tahmin ediyorum.<\/p>\n<p>Keyifli seyirler.<\/p>\n<p>Sayg\u0131lar ve sevgiler.<\/p>\n<p>Abdurrahman Balc\u0131lar<\/p>\n<p>Twitter: abdurrahman balc\u0131lar@abbalcilar<\/p>\n<p>Mail : <a href=\"mailto:ab.balcilar@hotmail.com\">ab.balcilar@hotmail.com<\/a><\/p>\n<p>Blog: milliyet.com.tr\/cansever<\/p>\n<p>&nbsp;<\/p>\n<p>Not: Kaynak haber ve g\u00f6rsel Ay Yap\u0131m (Perssona Sanat) Bas\u0131n B\u00fclteni\u2019nden al\u0131nm\u0131\u015ft\u0131r.<\/p>\n<p>&nbsp;<\/p>\n<p>&nbsp;<\/p>\n","protected":false},"excerpt":{"rendered":"<p>Ay Yap\u0131m\u2019\u0131n\u00a0 iddial\u0131 dizisi, \u201cKurt Seyit ve \u015eura\u201d S\u0131rbistan\u2019\u0131n \u00fcnl\u00fc dergisi Sapunice\u2019ye kapak oldu. Dergi, yak\u0131nda S\u0131rbistan\u2019da da yay\u0131nlanmas\u0131 s\u00f6z konusu olan dizinin ba\u015frol oyuncular\u0131 K\u0131van\u00e7 Tatl\u0131tu\u011f ve Farah Zeynep Abdullah\u2019\u0131n foto\u011fraflar\u0131na kapaktan yer vererek \u201cBuraya da gelin\u201d \u00e7a\u011fr\u0131s\u0131 yapt\u0131. \u015eu anda Ortado\u011fu\u2019nun en b\u00fcy\u00fck televizyon a\u011f\u0131 MBC\u2019de yay\u0131n\u0131 devam eden Kurt Seyit ve \u015eura [&hellip;]<\/p>\n","protected":false},"author":3,"featured_media":0,"comment_status":"open","ping_status":"open","sticky":false,"template":"","format":"standard","meta":{"footnotes":""},"categories":[2],"tags":[511,80,234,512],"class_list":["post-3349","post","type-post","status-publish","format-standard","hentry","category-tv-programlari","tag-fhariye-evcen","tag-kivanc-tatlitug","tag-kurt-seyit-ve-sura","tag-star-tv-ay-yapim"],"views":3584,"blog_post_layout_featured_media_urls":{"thumbnail":"","full":""},"categories_names":{"2":{"name":"TV Programlar\u0131","link":"https:\/\/balcilar-blog.com\/?cat=2"}},"tags_names":{"511":{"name":"Fhariye Evcen","link":"https:\/\/balcilar-blog.com\/?tag=fhariye-evcen"},"80":{"name":"K\u0131van\u00e7 Tatl\u0131tu\u011f","link":"https:\/\/balcilar-blog.com\/?tag=kivanc-tatlitug"},"234":{"name":"Kurt Seyit ve \u015eura","link":"https:\/\/balcilar-blog.com\/?tag=kurt-seyit-ve-sura"},"512":{"name":"Star Tv. Ay Yap\u0131m","link":"https:\/\/balcilar-blog.com\/?tag=star-tv-ay-yapim"}},"comments_number":"0","wpmagazine_modules_lite_featured_media_urls":{"thumbnail":"","cvmm-medium":"","cvmm-medium-plus":"","cvmm-portrait":"","cvmm-medium-square":"","cvmm-large":"","cvmm-small":"","full":""},"_links":{"self":[{"href":"https:\/\/balcilar-blog.com\/index.php?rest_route=\/wp\/v2\/posts\/3349","targetHints":{"allow":["GET"]}}],"collection":[{"href":"https:\/\/balcilar-blog.com\/index.php?rest_route=\/wp\/v2\/posts"}],"about":[{"href":"https:\/\/balcilar-blog.com\/index.php?rest_route=\/wp\/v2\/types\/post"}],"author":[{"embeddable":true,"href":"https:\/\/balcilar-blog.com\/index.php?rest_route=\/wp\/v2\/users\/3"}],"replies":[{"embeddable":true,"href":"https:\/\/balcilar-blog.com\/index.php?rest_route=%2Fwp%2Fv2%2Fcomments&post=3349"}],"version-history":[{"count":1,"href":"https:\/\/balcilar-blog.com\/index.php?rest_route=\/wp\/v2\/posts\/3349\/revisions"}],"predecessor-version":[{"id":3351,"href":"https:\/\/balcilar-blog.com\/index.php?rest_route=\/wp\/v2\/posts\/3349\/revisions\/3351"}],"wp:attachment":[{"href":"https:\/\/balcilar-blog.com\/index.php?rest_route=%2Fwp%2Fv2%2Fmedia&parent=3349"}],"wp:term":[{"taxonomy":"category","embeddable":true,"href":"https:\/\/balcilar-blog.com\/index.php?rest_route=%2Fwp%2Fv2%2Fcategories&post=3349"},{"taxonomy":"post_tag","embeddable":true,"href":"https:\/\/balcilar-blog.com\/index.php?rest_route=%2Fwp%2Fv2%2Ftags&post=3349"}],"curies":[{"name":"wp","href":"https:\/\/api.w.org\/{rel}","templated":true}]}}