{"id":3343,"date":"2014-09-15T18:44:57","date_gmt":"2014-09-15T15:44:57","guid":{"rendered":"http:\/\/balcilar-blog.com\/?p=3343"},"modified":"2014-09-17T22:43:48","modified_gmt":"2014-09-17T19:43:48","slug":"medcezir-40-bolumde-neler-olacak","status":"publish","type":"post","link":"https:\/\/balcilar-blog.com\/?p=3343","title":{"rendered":"Medcezir 40.B\u00f6l\u00fcmde neler olacak?"},"content":{"rendered":"<p><img decoding=\"async\" class=\"media-image\" src=\"https:\/\/pbs.twimg.com\/media\/Bxk2xCiIQAAL_XG.jpg:large\" alt=\"\" data-width=\"720\" data-height=\"405\" \/><\/p>\n<p>Ay Yap\u0131m&#8217;\u0131n s\u00fcper dizisi Medcezir&#8217;in 40.b\u00f6l\u00fcm\u00fc gene heyecan dolu ge\u00e7ecek gibi g\u00f6z\u00fck\u00fcyor. Yaman &#8211; Mira yak\u0131nla\u015facaklar\u0131na \u00a0gittik\u00e7e uzakla\u015f\u0131yorlar. 39.b\u00f6l\u00fcm sonunda Orkun Mira&#8217;ya yard\u0131m edeyim derken ortam\u0131 iyice gerdi. Amac\u0131 Yaman&#8217;\u0131 k\u0131skand\u0131rmakt\u0131. Belki amac\u0131na ula\u015ft\u0131 ama, Mira bu i\u015fe \u00e7ok bozuldu.<\/p>\n<p>Elif, Yaman&#8217;a bir \u015feyler oldu\u011funu anlar. &#8220;Hey arkada\u015f\u0131m sakin ol&#8221; diye uyar\u0131r. Elif, &#8220;Demek sadece sen k\u0131zlar\u0131n can\u0131n\u0131 yakm\u0131yorsun, belli oldu bu gece, senin can\u0131n\u0131 yakan da var.&#8221; G\u00f6r\u00fcp, hissettiklerini Yaman&#8217;\u0131n y\u00fcz\u00fcne s\u00f6yler.<\/p>\n<p>Mert ile Yaman yan yana oturup dertle\u015firler. Mert; &#8220;Tecr\u00fcbelerime dayanarak s\u00f6yl\u00fcyorum, dondurma, ara verme gibi eylemler kesinlikle ay\u0131l\u0131kla sonu\u00e7lan\u0131yor.&#8221;<\/p>\n<p>Elif de Yaman&#8217;a; &#8220;Sevgilinden ayr\u0131lm\u0131\u015fs\u0131n, k\u0131zlarla kafan\u0131 da\u011f\u0131t\u0131yorsun, sen yarana basacak tuz ar\u0131yorsun ama, ben sana ancak ac\u0131 biber olabilirim. O y\u00fczden fazla dolanma aya\u011f\u0131m\u0131n alt\u0131nda.&#8221; Der. Yaman bu s\u00f6zlerden hi\u00e7 ho\u015flanmaz. Mert; &#8220;Hayat\u0131mda ilk defa sana y\u00fcz vermeyen bir k\u0131zla kar\u015f\u0131la\u015ft\u0131m.&#8221; Der.<\/p>\n<p>Yaman, duyduklar\u0131ndan etkilenir, Elif&#8217;i tavlamak i\u00e7in kollar\u0131 s\u0131var. Elif&#8217;in bale \u00e7al\u0131\u015fmas\u0131n\u0131 uzaktan seyreder. Pek de keyif al\u0131r. Ba\u015far\u0131l\u0131 olacak m\u0131 dersiniz? \u00d6n\u00fcm\u00fczdeki b\u00f6l\u00fcmde hep birlikte g\u00f6rece\u011fiz.<\/p>\n<p><img decoding=\"async\" src=\"https:\/\/pbs.twimg.com\/media\/BxXXXSfIcAA9a0T.jpg\" alt=\"G\u00f6m\u00fcl\u00fc resim i\u00e7in kal\u0131c\u0131 ba\u011flant\u0131\" width=\"100%\" \/><\/p>\n<p>Mira bu ayr\u0131l\u0131\u011f\u0131 iyice kendisine dert edecek, kahr\u0131ndan hasta olacakt\u0131r. Arkada\u015flar\u0131 onun bu durumunu \u00e7ok \u00fcz\u00fcl\u00fcrler. Onlar\u0131 bir araya getirecek bir plan haz\u0131rlarlar. Mira eskiden oldu\u011fu gibi sahnede \u015fark\u0131 s\u00f6yleyecek, Yaman da ona gitar\u0131 ile e\u015flik edmek zorunda kalacakt\u0131r. Bu plan ba\u015far\u0131l\u0131 olacak m\u0131? Yaman ile Mira eski g\u00fcnlerine d\u00f6nebilecek mi?<\/p>\n<p><img decoding=\"async\" src=\"https:\/\/pbs.twimg.com\/media\/BxlVpbvIUAANZUS.jpg\" alt=\"G\u00f6m\u00fcl\u00fc resim i\u00e7in kal\u0131c\u0131 ba\u011flant\u0131\" width=\"100%\" \/><\/p>\n<p>Televizyoncu Deniz Han\u0131m, Selim Serez hakk\u0131nda etrafl\u0131ca bilgi toplar. \u00d6len kar\u0131s\u0131 Ender Serez ile Sinan Bey aras\u0131nda ge\u00e7enleri \u00e7\u00f6zer. Deniz Han\u0131m\u0131n \u00a0tek bir amac\u0131 vard\u0131r. Selim Serez ile s\u0131k\u0131 bir dostluk kurmak. Bu dostluk ilerleyen b\u00f6l\u00fcmlerde evlili\u011fe do\u011fru gidecektir.<\/p>\n<p><img loading=\"lazy\" decoding=\"async\" src=\"https:\/\/pbs.twimg.com\/media\/Bxb3EmZCQAA2FwX.jpg\" alt=\"G\u00f6m\u00fcl\u00fc resim i\u00e7in kal\u0131c\u0131 ba\u011flant\u0131\" width=\"490\" height=\"214\" \/><\/p>\n<p>Mert, Eyl\u00fcl&#8217;\u00fc \u00e7ok daha \u00e7abuk af edecektir. Ba\u015fka bir se\u00e7ene\u011fi de yoktur. Tek sevdi\u011fi Eyl\u00fcl&#8217;d\u00fcr.<\/p>\n<p>Fragman i\u00e7in t\u0131klay\u0131n.<\/p>\n<p><iframe loading=\"lazy\" title=\"Medcezir 40.B\u00f6l\u00fcm Fragman 1\" width=\"640\" height=\"360\" src=\"https:\/\/www.youtube.com\/embed\/hfw18srcGV4?feature=oembed\" frameborder=\"0\" allow=\"accelerometer; autoplay; clipboard-write; encrypted-media; gyroscope; picture-in-picture; web-share\" referrerpolicy=\"strict-origin-when-cross-origin\" allowfullscreen><\/iframe><\/p>\n<p>19 Eyl\u00fcl Cuma ak\u015fam\u0131 saat 20,30 Star Tv. ekran ba\u015f\u0131nda bulu\u015fmak \u00fczere&#8230;<\/p>\n<p>\u00c7ok keyifli bir b\u00f6l\u00fcm daha bizleri bekliyor.<\/p>\n<p>Abdurrahman Balc\u0131lar<\/p>\n<p>Twitter: abdurrahman balc\u0131lar@abbalcilar<\/p>\n<p>Mail : <a href=\"mailto:ab.balcilar@hotmail.com\">ab.balcilar@hotmail.com<\/a><\/p>\n<p>Blog: milliyet.com.tr\/cansever<\/p>\n<p>Not: G\u00f6rseller \u0130nternetten ve Medcezir Twitter sayfas\u0131ndan al\u0131nm\u0131\u015ft\u0131r.<\/p>\n","protected":false},"excerpt":{"rendered":"<p>Ay Yap\u0131m&#8217;\u0131n s\u00fcper dizisi Medcezir&#8217;in 40.b\u00f6l\u00fcm\u00fc gene heyecan dolu ge\u00e7ecek gibi g\u00f6z\u00fck\u00fcyor. Yaman &#8211; Mira yak\u0131nla\u015facaklar\u0131na \u00a0gittik\u00e7e uzakla\u015f\u0131yorlar. 39.b\u00f6l\u00fcm sonunda Orkun Mira&#8217;ya yard\u0131m edeyim derken ortam\u0131 iyice gerdi. Amac\u0131 Yaman&#8217;\u0131 k\u0131skand\u0131rmakt\u0131. Belki amac\u0131na ula\u015ft\u0131 ama, Mira bu i\u015fe \u00e7ok bozuldu. Elif, Yaman&#8217;a bir \u015feyler oldu\u011funu anlar. &#8220;Hey arkada\u015f\u0131m sakin ol&#8221; diye uyar\u0131r. Elif, &#8220;Demek sadece [&hellip;]<\/p>\n","protected":false},"author":3,"featured_media":0,"comment_status":"open","ping_status":"open","sticky":false,"template":"","format":"standard","meta":{"footnotes":""},"categories":[2],"tags":[26,16,25],"class_list":["post-3343","post","type-post","status-publish","format-standard","hentry","category-tv-programlari","tag-ay-yapim","tag-medcezir","tag-star-tv"],"views":3532,"blog_post_layout_featured_media_urls":{"thumbnail":"","full":""},"categories_names":{"2":{"name":"TV Programlar\u0131","link":"https:\/\/balcilar-blog.com\/?cat=2"}},"tags_names":{"26":{"name":"Ay Yap\u0131m","link":"https:\/\/balcilar-blog.com\/?tag=ay-yapim"},"16":{"name":"medcezir","link":"https:\/\/balcilar-blog.com\/?tag=medcezir"},"25":{"name":"Star Tv","link":"https:\/\/balcilar-blog.com\/?tag=star-tv"}},"comments_number":"0","wpmagazine_modules_lite_featured_media_urls":{"thumbnail":"","cvmm-medium":"","cvmm-medium-plus":"","cvmm-portrait":"","cvmm-medium-square":"","cvmm-large":"","cvmm-small":"","full":""},"_links":{"self":[{"href":"https:\/\/balcilar-blog.com\/index.php?rest_route=\/wp\/v2\/posts\/3343","targetHints":{"allow":["GET"]}}],"collection":[{"href":"https:\/\/balcilar-blog.com\/index.php?rest_route=\/wp\/v2\/posts"}],"about":[{"href":"https:\/\/balcilar-blog.com\/index.php?rest_route=\/wp\/v2\/types\/post"}],"author":[{"embeddable":true,"href":"https:\/\/balcilar-blog.com\/index.php?rest_route=\/wp\/v2\/users\/3"}],"replies":[{"embeddable":true,"href":"https:\/\/balcilar-blog.com\/index.php?rest_route=%2Fwp%2Fv2%2Fcomments&post=3343"}],"version-history":[{"count":6,"href":"https:\/\/balcilar-blog.com\/index.php?rest_route=\/wp\/v2\/posts\/3343\/revisions"}],"predecessor-version":[{"id":3375,"href":"https:\/\/balcilar-blog.com\/index.php?rest_route=\/wp\/v2\/posts\/3343\/revisions\/3375"}],"wp:attachment":[{"href":"https:\/\/balcilar-blog.com\/index.php?rest_route=%2Fwp%2Fv2%2Fmedia&parent=3343"}],"wp:term":[{"taxonomy":"category","embeddable":true,"href":"https:\/\/balcilar-blog.com\/index.php?rest_route=%2Fwp%2Fv2%2Fcategories&post=3343"},{"taxonomy":"post_tag","embeddable":true,"href":"https:\/\/balcilar-blog.com\/index.php?rest_route=%2Fwp%2Fv2%2Ftags&post=3343"}],"curies":[{"name":"wp","href":"https:\/\/api.w.org\/{rel}","templated":true}]}}