{"id":3292,"date":"2014-09-13T14:43:12","date_gmt":"2014-09-13T11:43:12","guid":{"rendered":"http:\/\/balcilar-blog.com\/?p=3292"},"modified":"2014-09-15T12:36:06","modified_gmt":"2014-09-15T09:36:06","slug":"medcezir-az-acili-salca-tadinda-her-seye-ragmen-yola-devam","status":"publish","type":"post","link":"https:\/\/balcilar-blog.com\/?p=3292","title":{"rendered":"Medcezir \/ Az ac\u0131l\u0131 sal\u00e7a tad\u0131nda, her \u015feye ra\u011fmen yola devam!"},"content":{"rendered":"<p><a href=\"http:\/\/balcilar-blog.com\/wp-content\/uploads\/2014\/09\/BxZSLvVCUAA8TZ6.jpg\"><img loading=\"lazy\" decoding=\"async\" class=\"alignnone size-full wp-image-3322\" src=\"http:\/\/balcilar-blog.com\/wp-content\/uploads\/2014\/09\/BxZSLvVCUAA8TZ6.jpg\" alt=\"BxZSLvVCUAA8TZ6\" width=\"555\" height=\"288\" srcset=\"https:\/\/balcilar-blog.com\/wp-content\/uploads\/2014\/09\/BxZSLvVCUAA8TZ6.jpg 555w, https:\/\/balcilar-blog.com\/wp-content\/uploads\/2014\/09\/BxZSLvVCUAA8TZ6-300x155.jpg 300w\" sizes=\"auto, (max-width: 555px) 100vw, 555px\" \/><\/a><\/p>\n<p>Star Tv.in fenomen dizisi Medcezir d\u00fcn ak\u015fam yeni sezonun ilk b\u00f6l\u00fcm\u00fcyle ekranlar\u0131m\u0131zdayd\u0131. S\u00fcper bir b\u00f6l\u00fcmle izleyenlerini merhaba dedi. Her\u015fey silba\u015ftan denilen b\u00f6l\u00fcm nefes kesti. Medcezir, reytinglerde bekledi\u011fim gibi her iki kategoride birinci oldu. AB\u2019de 8,87 ile 1.s\u0131rada, Total\u2019de 6,77 ile gene 1.s\u0131rada yer ald\u0131.<\/p>\n<p>O trafik kazas\u0131nda Mert annesi Ender Serez\u2019i kaybetti. Babas\u0131 Selim birka\u00e7 oparesyonla k\u0131r\u0131klar\u0131 iyile\u015fti, ard\u0131ndan bu ac\u0131y\u0131 unutmak i\u00e7in iki ayl\u0131k bir tekne turuna \u00e7\u0131kt\u0131lar. Yaman karde\u015fi gibi sevdi\u011fi Mert\u2019i ve babas\u0131 bildi\u011fi Selim Beyi yaln\u0131z b\u0131rakmad\u0131. Bu ac\u0131y\u0131 \u00fc\u00e7\u00fc tatil boyunca i\u00e7lerine sindirmek, unutmak istediler.<\/p>\n<p>Sedef Han\u0131m Selim beylerin k\u00f6\u015fk\u00fcnde bir \u0131\u015f\u0131k g\u00f6r\u00fcr. Faruk ile pe\u015flerinden kavalarlar. Faruk\u2019a bir sopa vuran h\u0131rs\u0131zlar, k\u0131y\u0131da tekneye binip ka\u00e7arlar.<\/p>\n<p>Mira ve Orkun Amerika\u2019dan d\u00f6nerler. Havaalan\u0131nda onlar\u0131 arkada\u015flar\u0131 kar\u015f\u0131lar. Eyl\u00fcl, Burak, Gaye, Doruk ve di\u011ferleri b\u00fcy\u00fck bir tezeh\u00fcratla kar\u015f\u0131larlar. Mira belli etmesede g\u00f6zleri Yaman\u2019\u0131 arar. Yaman \u00e7ok uzaklarda denizde teknededir. Eve d\u00f6nd\u00fc\u011f\u00fcnde hep Yaman&#8217;\u0131 d\u00fc\u015f\u00fcn\u00fcr. Derin d\u00fc\u015f\u00fcncelere dalar gider.<\/p>\n<p><img decoding=\"async\" src=\"http:\/\/www2.dizifilm.com\/newpics\/fotogaleri\/act\/5043_8735_10092014_5.jpg\" alt=\"\" \/><\/p>\n<p>Yaman bir limanda buldu\u011fu k\u0131z ile arkada\u015fl\u0131\u011f\u0131n\u0131 ilerletir, hatta onu \u00f6perek ay\u0131l\u0131r. Onlar\u0131 g\u00f6ren Mert, Yaman hadi diyerek onlar\u0131 taciz eder.<\/p>\n<p><a href=\"http:\/\/balcilar-blog.com\/wp-content\/uploads\/2014\/09\/Ekran-Al\u0131nt\u0131s\u0131-md.png\"><img loading=\"lazy\" decoding=\"async\" class=\"alignnone size-full wp-image-3328\" src=\"http:\/\/balcilar-blog.com\/wp-content\/uploads\/2014\/09\/Ekran-Al\u0131nt\u0131s\u0131-md.png\" alt=\"Ekran Al\u0131nt\u0131s\u0131 md\" width=\"652\" height=\"408\" srcset=\"https:\/\/balcilar-blog.com\/wp-content\/uploads\/2014\/09\/Ekran-Al\u0131nt\u0131s\u0131-md.png 652w, https:\/\/balcilar-blog.com\/wp-content\/uploads\/2014\/09\/Ekran-Al\u0131nt\u0131s\u0131-md-300x187.png 300w\" sizes=\"auto, (max-width: 652px) 100vw, 652px\" \/><\/a><\/p>\n<p>Kom\u015fu teknedeki di\u011fer bir k\u0131z vard\u0131r ki, Elif Yaman\u2019\u0131 ars\u0131z, kendini be\u011fenmi\u015f bulur, y\u00fcz vermez. Mert eski bildi\u011fimiz muzurluklar\u0131n\u0131 Yaman\u2019a yapar, tak\u0131l\u0131r durur.<\/p>\n<p><a href=\"http:\/\/balcilar-blog.com\/wp-content\/uploads\/2014\/09\/Ekran-Al\u0131nt\u0131s\u0131MD.39.1.png\"><img loading=\"lazy\" decoding=\"async\" class=\"alignnone size-full wp-image-3297\" src=\"http:\/\/balcilar-blog.com\/wp-content\/uploads\/2014\/09\/Ekran-Al\u0131nt\u0131s\u0131MD.39.1.png\" alt=\"Ekran Al\u0131nt\u0131s\u0131MD.39.1\" width=\"668\" height=\"417\" srcset=\"https:\/\/balcilar-blog.com\/wp-content\/uploads\/2014\/09\/Ekran-Al\u0131nt\u0131s\u0131MD.39.1.png 668w, https:\/\/balcilar-blog.com\/wp-content\/uploads\/2014\/09\/Ekran-Al\u0131nt\u0131s\u0131MD.39.1-300x187.png 300w\" sizes=\"auto, (max-width: 668px) 100vw, 668px\" \/><\/a><\/p>\n<p>Eyl\u00fcl, \u00fc\u00e7 ay i\u00e7inde Alt\u0131nkoy\u2019da olanlar\u0131, olup bitenleri heyecanla Mira\u2019ya anlat\u0131r. Mira, sessiz sakin onu dinler. Yaman\u2019\u0131n telefonu kapal\u0131 oldu\u011fu i\u00e7in onu arayamaz.<\/p>\n<p><a href=\"http:\/\/balcilar-blog.com\/wp-content\/uploads\/2014\/09\/Ekran-Al\u0131nt\u0131s\u0131MD.39.2.png\"><img loading=\"lazy\" decoding=\"async\" class=\"alignnone size-full wp-image-3298\" src=\"http:\/\/balcilar-blog.com\/wp-content\/uploads\/2014\/09\/Ekran-Al\u0131nt\u0131s\u0131MD.39.2.png\" alt=\"Ekran Al\u0131nt\u0131s\u0131MD.39.2\" width=\"687\" height=\"416\" srcset=\"https:\/\/balcilar-blog.com\/wp-content\/uploads\/2014\/09\/Ekran-Al\u0131nt\u0131s\u0131MD.39.2.png 687w, https:\/\/balcilar-blog.com\/wp-content\/uploads\/2014\/09\/Ekran-Al\u0131nt\u0131s\u0131MD.39.2-300x181.png 300w\" sizes=\"auto, (max-width: 687px) 100vw, 687px\" \/><\/a><\/p>\n<p>Mert bu i\u00e7ince hissetti\u011fi ac\u0131y\u0131 unutmak istercesine sakal b\u0131rakm\u0131\u015ft\u0131r. Hatta Eyl\u00fcl\u2019den bile uzak kalmay\u0131 ye\u011flemi\u015ftir.\u00a0 G\u00fczel koylarda Yaman ve babas\u0131 ile e\u011flenselerde o kaybetme ac\u0131s\u0131 hep i\u00e7lerindedir. Bu ac\u0131y\u0131 en a\u011f\u0131r ya\u015fayan Selim\u2019dir. Ara ara denizin mavi sular\u0131na bakar dalar gider, g\u00f6zya\u015flar\u0131n\u0131 tutmaz.<\/p>\n<p><a href=\"http:\/\/balcilar-blog.com\/wp-content\/uploads\/2014\/09\/Ekran-Al\u0131nt\u0131s\u0131MD.39.3.png\"><img loading=\"lazy\" decoding=\"async\" class=\"alignnone size-full wp-image-3299\" src=\"http:\/\/balcilar-blog.com\/wp-content\/uploads\/2014\/09\/Ekran-Al\u0131nt\u0131s\u0131MD.39.3.png\" alt=\"Ekran Al\u0131nt\u0131s\u0131MD.39.3\" width=\"667\" height=\"417\" srcset=\"https:\/\/balcilar-blog.com\/wp-content\/uploads\/2014\/09\/Ekran-Al\u0131nt\u0131s\u0131MD.39.3.png 667w, https:\/\/balcilar-blog.com\/wp-content\/uploads\/2014\/09\/Ekran-Al\u0131nt\u0131s\u0131MD.39.3-300x187.png 300w\" sizes=\"auto, (max-width: 667px) 100vw, 667px\" \/><\/a><\/p>\n<p>Selim Beyin evine giren h\u0131rs\u0131zlar, Turun\u00e7 Nadir\u2019in adamlar\u0131d\u0131r. Evden bir tak\u0131m bilgi h\u0131rs\u0131zl\u0131\u011f\u0131 yapm\u0131\u015flard\u0131r.<\/p>\n<p><a href=\"http:\/\/balcilar-blog.com\/wp-content\/uploads\/2014\/09\/Ekran-Al\u0131nt\u0131s\u0131MD.39.5.png\"><img loading=\"lazy\" decoding=\"async\" class=\"alignnone size-full wp-image-3300\" src=\"http:\/\/balcilar-blog.com\/wp-content\/uploads\/2014\/09\/Ekran-Al\u0131nt\u0131s\u0131MD.39.5.png\" alt=\"Ekran Al\u0131nt\u0131s\u0131MD.39.5\" width=\"681\" height=\"415\" srcset=\"https:\/\/balcilar-blog.com\/wp-content\/uploads\/2014\/09\/Ekran-Al\u0131nt\u0131s\u0131MD.39.5.png 681w, https:\/\/balcilar-blog.com\/wp-content\/uploads\/2014\/09\/Ekran-Al\u0131nt\u0131s\u0131MD.39.5-300x182.png 300w\" sizes=\"auto, (max-width: 681px) 100vw, 681px\" \/><\/a><\/p>\n<p>Mira evde babas\u0131 Faruk taraf\u0131ndan kar\u015f\u0131lan\u0131r. Baba-k\u0131z sar\u0131l\u0131rlar, hasret gidermeye \u00e7al\u0131\u015f\u0131rlar.<\/p>\n<p>As\u0131m Bey, Sude han\u0131m ve Beren de yurt d\u0131\u015f\u0131nda tatildedir. Beren bir hafta daha kalmak istese de, As\u0131m Bey i\u015fleri nedeniyle d\u00f6nmek ister.<\/p>\n<p><img decoding=\"async\" src=\"http:\/\/www2.dizifilm.com\/newpics\/fotogaleri\/act\/5043_8735_10092014_4.jpg\" alt=\"\" \/><\/p>\n<p>Eski dostlar Alt\u0131nkoy\u2019da bir arkada\u015flar\u0131n\u0131n evinin bah\u00e7esindeki havuzda\u00a0 hep beraber topla\u015f\u0131rlar. Uzay, Eyl\u00fcl ile il\u011filenmekte ondan ho\u015flanmaktad\u0131r.<\/p>\n<p><a href=\"http:\/\/balcilar-blog.com\/wp-content\/uploads\/2014\/09\/Ekran-Al\u0131nt\u0131s\u0131MD.39.6.png\"><img loading=\"lazy\" decoding=\"async\" class=\"alignnone size-thumbnail wp-image-3301\" src=\"http:\/\/balcilar-blog.com\/wp-content\/uploads\/2014\/09\/Ekran-Al\u0131nt\u0131s\u0131MD.39.6-150x150.png\" alt=\"Ekran Al\u0131nt\u0131s\u0131MD.39.6\" width=\"150\" height=\"150\" \/><\/a>\u00a0 \u00a0<a href=\"http:\/\/balcilar-blog.com\/wp-content\/uploads\/2014\/09\/Ekran-Al\u0131nt\u0131s\u0131MD.39.7.png\"><img loading=\"lazy\" decoding=\"async\" class=\"alignnone size-thumbnail wp-image-3302\" src=\"http:\/\/balcilar-blog.com\/wp-content\/uploads\/2014\/09\/Ekran-Al\u0131nt\u0131s\u0131MD.39.7-150x150.png\" alt=\"Ekran Al\u0131nt\u0131s\u0131MD.39.7\" width=\"150\" height=\"150\" \/><\/a>\u00a0 \u00a0<a href=\"http:\/\/balcilar-blog.com\/wp-content\/uploads\/2014\/09\/Ekran-Al\u0131nt\u0131s\u0131MD.39.8.png\"><img loading=\"lazy\" decoding=\"async\" class=\"alignnone size-thumbnail wp-image-3303\" src=\"http:\/\/balcilar-blog.com\/wp-content\/uploads\/2014\/09\/Ekran-Al\u0131nt\u0131s\u0131MD.39.8-150x150.png\" alt=\"Ekran Al\u0131nt\u0131s\u0131MD.39.8\" width=\"150\" height=\"150\" \/><\/a><\/p>\n<p>Kibariye\u2019nin arabesk \u015fark\u0131s\u0131 silba\u015ftan \u015fark\u0131s\u0131 \u00e7alar. Kibariye yumu\u015fak duy\u011fulu sesiyle \u015fark\u0131y\u0131 ba\u015ftan sona s\u00f6yler. Mira, Yaman, Mert ve herkes dugu seline kap\u0131l\u0131r.<\/p>\n<p><a href=\"http:\/\/balcilar-blog.com\/wp-content\/uploads\/2014\/09\/Ekran-Al\u0131nt\u0131s\u0131MD.39.9.png\"><img loading=\"lazy\" decoding=\"async\" class=\"alignnone size-full wp-image-3304\" src=\"http:\/\/balcilar-blog.com\/wp-content\/uploads\/2014\/09\/Ekran-Al\u0131nt\u0131s\u0131MD.39.9.png\" alt=\"Ekran Al\u0131nt\u0131s\u0131MD.39.9\" width=\"679\" height=\"408\" srcset=\"https:\/\/balcilar-blog.com\/wp-content\/uploads\/2014\/09\/Ekran-Al\u0131nt\u0131s\u0131MD.39.9.png 679w, https:\/\/balcilar-blog.com\/wp-content\/uploads\/2014\/09\/Ekran-Al\u0131nt\u0131s\u0131MD.39.9-300x180.png 300w\" sizes=\"auto, (max-width: 679px) 100vw, 679px\" \/><\/a><\/p>\n<p>Bu tatilin sonu yoktur. Sedef\u2019ten eve h\u0131rs\u0131z girdi telefonunu al\u0131nca d\u00f6nmeye karar verirler. Selim yeni bir eve ta\u015f\u0131nmak istemese de, Mert kar\u015f\u0131 \u00e7\u0131kar, nerede kald\u0131ysak, b\u0131rakt\u0131\u011f\u0131m\u0131z yerden ayn\u0131 evde ya\u015famaya devam etmek ister. Bu ac\u0131yla ya\u015famaya \u00f6\u011frenmeliyiz, der Mert. Yaman dilinin d\u00f6nd\u00fc\u011f\u00fcnce Selim abisine teselliye \u00e7al\u0131\u015f\u0131r. Selim Bey teknenin d\u00fcmeninde ufka bakarak dalar gider. Gelen dalgan\u0131n g\u00f6\u011fs\u00fcne \u00e7arpmas\u0131yla kendine gelir.<\/p>\n<p><img decoding=\"async\" src=\"http:\/\/www2.dizifilm.com\/newpics\/fotogaleri\/act\/5043_8735_10092014_2.jpg\" alt=\"\" \/><\/p>\n<p>Derin mavi sularda y\u00fczerek denizin tad\u0131n\u0131 \u00e7\u0131kart\u0131rlar. Kom\u015fu teknenin suyu kalmam\u0131\u015ft\u0131r. K\u0131zlar su almak i\u00e7in Yaman\u2019lar\u0131n teknesine gelirler.<\/p>\n<p><a href=\"http:\/\/balcilar-blog.com\/wp-content\/uploads\/2014\/09\/Ekran-Al\u0131nt\u0131s\u0131MD.39.10.png\"><img loading=\"lazy\" decoding=\"async\" class=\"alignnone size-full wp-image-3305\" src=\"http:\/\/balcilar-blog.com\/wp-content\/uploads\/2014\/09\/Ekran-Al\u0131nt\u0131s\u0131MD.39.10.png\" alt=\"Ekran Al\u0131nt\u0131s\u0131MD.39.10\" width=\"695\" height=\"412\" srcset=\"https:\/\/balcilar-blog.com\/wp-content\/uploads\/2014\/09\/Ekran-Al\u0131nt\u0131s\u0131MD.39.10.png 695w, https:\/\/balcilar-blog.com\/wp-content\/uploads\/2014\/09\/Ekran-Al\u0131nt\u0131s\u0131MD.39.10-300x177.png 300w\" sizes=\"auto, (max-width: 695px) 100vw, 695px\" \/><\/a><\/p>\n<p>Yaman gelen k\u0131za tak\u0131l\u0131r, teknede erkek yokmu ? Tan\u0131\u015f\u0131yormuyuz. Ad\u0131n\u0131n Elif oldu\u011funu \u00f6\u011frenir. Yaman, ismini sonsuza kadar saklayamazd\u0131n deyince;\u00a0 Elif, Yaman\u2019a &#8220;g\u0131c\u0131k&#8221; der ve giderler. Mert, bu g\u0131c\u0131k laf\u0131n\u0131 diline dolar. Yaman\u2019a, ne oldu ilk defa bir k\u0131z kapsama alan\u0131n d\u0131\u015f\u0131nda kald\u0131.<\/p>\n<p>Mira \u00fc\u00e7 ay Amerika\u2019da kald\u0131\u011f\u0131 s\u00fcre i\u00e7inde Orkun\u2019dan \u015fikayet\u00e7i olmam\u0131\u015ft\u0131r. K\u0131zlar seni rahts\u0131z etti mi diye Mira\u2019n\u0131n a\u011fz\u0131ndan laf almak isterler. Mira; Orkun Alt\u0131nkoy\u2019da ya\u015fad\u0131klar\u0131ndan ders alm\u0131\u015f, olgunla\u015fm\u0131\u015ft\u0131r.<\/p>\n<p>Mira, Selim beylerin evinin bah\u00e7esinde \u015fuursuzca dola\u015f\u0131r. Yaman\u2019\u0131n odas\u0131n\u0131n \u00f6n\u00fcne geline, Amerika\u2019ya gitmeden Yaman ile yapt\u0131klar\u0131 son konu\u015fmay\u0131 hat\u0131rlar.<\/p>\n<p><a href=\"http:\/\/balcilar-blog.com\/wp-content\/uploads\/2014\/09\/Ekran-Al\u0131nt\u0131s\u0131MD.39.11.png\"><img loading=\"lazy\" decoding=\"async\" class=\"alignnone size-full wp-image-3306\" src=\"http:\/\/balcilar-blog.com\/wp-content\/uploads\/2014\/09\/Ekran-Al\u0131nt\u0131s\u0131MD.39.11.png\" alt=\"Ekran Al\u0131nt\u0131s\u0131MD.39.11\" width=\"683\" height=\"420\" srcset=\"https:\/\/balcilar-blog.com\/wp-content\/uploads\/2014\/09\/Ekran-Al\u0131nt\u0131s\u0131MD.39.11.png 683w, https:\/\/balcilar-blog.com\/wp-content\/uploads\/2014\/09\/Ekran-Al\u0131nt\u0131s\u0131MD.39.11-300x184.png 300w\" sizes=\"auto, (max-width: 683px) 100vw, 683px\" \/><\/a><\/p>\n<p>Yapt\u0131klar\u0131 bu konu\u015fmalar zihninde canlan\u0131r. Mira, art\u0131k seni rahat b\u0131rakaca\u011f\u0131m, yakandan d\u00fc\u015fece\u011fim. Bu s\u00fcrede d\u00fc\u015f\u00fcnme f\u0131rsat\u0131m\u0131z olacak. Yaman, yok \u00f6yle \u015fey. Bu i\u015fin ortas\u0131 yok. Bir ili\u015fki ya vard\u0131r ya yoktur.Ben senin aynadaki aksin de\u011filim, ben senin aynada g\u00f6rmek istedi\u011fin adam de\u011filim. \u0130kimiz de \u00e7ok farkl\u0131y\u0131z. Yanl\u0131\u015f burada\u2026<\/p>\n<p><a href=\"http:\/\/balcilar-blog.com\/wp-content\/uploads\/2014\/09\/Ekran-Al\u0131nt\u0131s\u0131MD39.12.png\"><img loading=\"lazy\" decoding=\"async\" class=\"alignnone size-full wp-image-3316\" src=\"http:\/\/balcilar-blog.com\/wp-content\/uploads\/2014\/09\/Ekran-Al\u0131nt\u0131s\u0131MD39.12.png\" alt=\"Ekran Al\u0131nt\u0131s\u0131MD39.12\" width=\"682\" height=\"418\" srcset=\"https:\/\/balcilar-blog.com\/wp-content\/uploads\/2014\/09\/Ekran-Al\u0131nt\u0131s\u0131MD39.12.png 682w, https:\/\/balcilar-blog.com\/wp-content\/uploads\/2014\/09\/Ekran-Al\u0131nt\u0131s\u0131MD39.12-300x183.png 300w\" sizes=\"auto, (max-width: 682px) 100vw, 682px\" \/><\/a><\/p>\n<p>Yaman ile Mert teknede dertle\u015firler. Mert, herkes birbirine oynuyor, \u00fc\u00e7\u00fcm\u00fcz birbirimize oynuyoruz. Laf Mira\u2019ya gelince; Mert, siz Mira ile ka\u011f\u0131t ile kalem gibisiniz, daha yazacak cizecek \u00e7ok hikayeniz var. Yaman, gitmeden \u00f6nce son s\u00f6zler s\u00f6ylendi. Bitti. Mira giderken son s\u00f6z\u00fcn\u00fc s\u00f6ylemi\u015ftir.\u00a0 Yaman\u2019a art\u0131k \u00f6zg\u00fcrs\u00fcn, bundan sonra sadece arkada\u015f\u0131z Yaman&#8217;c\u0131\u011f\u0131m, demi\u015ftir.<\/p>\n<p>Yaman tekneyi temizler, paspas yapar. Bir Mi\u00e7o gibi \u00e7al\u0131\u015f\u0131r.<\/p>\n<p><a href=\"http:\/\/balcilar-blog.com\/wp-content\/uploads\/2014\/09\/BxZC8oBCQAAcq4H.jpg\"><img loading=\"lazy\" decoding=\"async\" class=\"alignnone size-full wp-image-3320\" src=\"http:\/\/balcilar-blog.com\/wp-content\/uploads\/2014\/09\/BxZC8oBCQAAcq4H.jpg\" alt=\"BxZC8oBCQAAcq4H\" width=\"497\" height=\"400\" srcset=\"https:\/\/balcilar-blog.com\/wp-content\/uploads\/2014\/09\/BxZC8oBCQAAcq4H.jpg 497w, https:\/\/balcilar-blog.com\/wp-content\/uploads\/2014\/09\/BxZC8oBCQAAcq4H-300x241.jpg 300w\" sizes=\"auto, (max-width: 497px) 100vw, 497px\" \/><\/a><\/p>\n<p>Mira ile Eyl\u00fcl telefonda konu\u015furlar. Mira art\u0131k hi\u00e7bir \u015fey eskisi gibi olamaz. Eyl\u00fcl; Yaman d\u00f6nd\u00fckten sonra kald\u0131\u011f\u0131n\u0131z yerden devam edeceksiniz. Uzatmay\u0131n.<\/p>\n<p>Selim Bey ilac\u0131 bitti\u011fi i\u00e7in sahile \u00e7\u0131kar, doktora g\u00f6z\u00fck\u00fcr. \u00c7\u0131k\u0131\u015ft\u0131 televizcu kad\u0131n ile kar\u015f\u0131la\u015f\u0131r. Selim Bey sinirlenir. Kar\u0131n\u0131z ile foto\u011fraflar\u0131n\u0131z var, vermek istedim. Bu kad\u0131m As\u0131m Beyin d\u00fc\u011f\u00fcn\u00fcnde \u00e7ekmi\u015ftir bu foto\u011fraflar\u0131. Bu televizyoncu kad\u0131n, ilerleyen b\u00f6l\u00fcmlerde Mert\u2019in cici annesi olabilir diyorum.<\/p>\n<p><a href=\"http:\/\/balcilar-blog.com\/wp-content\/uploads\/2014\/09\/Ekran-Al\u0131nt\u0131s\u0131MD39.13.png\"><img loading=\"lazy\" decoding=\"async\" class=\"alignnone size-full wp-image-3317\" src=\"http:\/\/balcilar-blog.com\/wp-content\/uploads\/2014\/09\/Ekran-Al\u0131nt\u0131s\u0131MD39.13.png\" alt=\"Ekran Al\u0131nt\u0131s\u0131MD39.13\" width=\"684\" height=\"410\" srcset=\"https:\/\/balcilar-blog.com\/wp-content\/uploads\/2014\/09\/Ekran-Al\u0131nt\u0131s\u0131MD39.13.png 684w, https:\/\/balcilar-blog.com\/wp-content\/uploads\/2014\/09\/Ekran-Al\u0131nt\u0131s\u0131MD39.13-300x179.png 300w\" sizes=\"auto, (max-width: 684px) 100vw, 684px\" \/><\/a><\/p>\n<p>Selim Bey, Mert ve Yaman o ak\u015fam eve d\u00f6nerler. Hepsi de buruk, h\u00fcz\u00fcn i\u00e7inde eve girerler. Suzan Han\u0131m onlar\u0131 a\u011flayarak kar\u015f\u0131lar. Sedef, Mert\u2019in sakall\u0131 halini \u00e7ok yad\u0131rgar, sar\u0131l\u0131r. Selim Bey yatak odalar\u0131na girince olduk\u00e7a duygulan\u0131r. pe\u015finden Mert de gelir. Mert&#8217;in annesinin elbisesini \u00f6p\u00fcp, i\u00e7in i\u00e7in a\u011flamas\u0131 hepimizin i\u00e7ini da\u011flad\u0131.<\/p>\n<p><a href=\"http:\/\/balcilar-blog.com\/wp-content\/uploads\/2014\/09\/Ekran-Al\u0131nt\u0131s\u0131MD39.14.png\"><img loading=\"lazy\" decoding=\"async\" class=\"alignnone size-full wp-image-3318\" src=\"http:\/\/balcilar-blog.com\/wp-content\/uploads\/2014\/09\/Ekran-Al\u0131nt\u0131s\u0131MD39.14.png\" alt=\"Ekran Al\u0131nt\u0131s\u0131MD39.14\" width=\"674\" height=\"415\" srcset=\"https:\/\/balcilar-blog.com\/wp-content\/uploads\/2014\/09\/Ekran-Al\u0131nt\u0131s\u0131MD39.14.png 674w, https:\/\/balcilar-blog.com\/wp-content\/uploads\/2014\/09\/Ekran-Al\u0131nt\u0131s\u0131MD39.14-300x184.png 300w\" sizes=\"auto, (max-width: 674px) 100vw, 674px\" \/><\/a><\/p>\n<p>Baba-o\u011ful sar\u0131l\u0131p bu ac\u0131y\u0131 i\u00e7lerine sindirmeye \u00e7al\u0131\u015f\u0131rlar. Sedef kap\u0131dan bakar onlar\u0131 o halde g\u00f6r\u00fcnce geri d\u00f6ner.<\/p>\n<p><a href=\"http:\/\/balcilar-blog.com\/wp-content\/uploads\/2014\/09\/Ekran-Al\u0131nt\u0131s\u0131MD39.15.png\"><img loading=\"lazy\" decoding=\"async\" class=\"alignnone size-full wp-image-3319\" src=\"http:\/\/balcilar-blog.com\/wp-content\/uploads\/2014\/09\/Ekran-Al\u0131nt\u0131s\u0131MD39.15.png\" alt=\"Ekran Al\u0131nt\u0131s\u0131MD39.15\" width=\"674\" height=\"417\" srcset=\"https:\/\/balcilar-blog.com\/wp-content\/uploads\/2014\/09\/Ekran-Al\u0131nt\u0131s\u0131MD39.15.png 674w, https:\/\/balcilar-blog.com\/wp-content\/uploads\/2014\/09\/Ekran-Al\u0131nt\u0131s\u0131MD39.15-300x185.png 300w\" sizes=\"auto, (max-width: 674px) 100vw, 674px\" \/><\/a><\/p>\n<p>Yaman, Ender han\u0131ma hediye olarak ald\u0131\u011f\u0131 kitab\u0131 g\u00f6r\u00fcnce \u00e7ok duygulan\u0131r. Mert ile Yaman, sahile Mert\u2019in teknesini bakmaya giderler. O S\u0131rada site gen\u00e7leri adadan d\u00f6n\u00fcyorlard\u0131r. Kar\u015f\u0131la\u015fma pek iyi olmaz. Yaman, Mira ile Orkun\u2019nu kol kola, Mert de Eyl\u00fcl\u2019\u00fc Uzay\u2019\u0131n kuca\u011f\u0131nda g\u00f6r\u00fcnce \u00e7ok bozulurlar.<\/p>\n<p><a href=\"http:\/\/balcilar-blog.com\/wp-content\/uploads\/2014\/09\/Ekran-Al\u0131nt\u0131s\u0131MD.39.16.png\"><img loading=\"lazy\" decoding=\"async\" class=\"alignnone size-full wp-image-3307\" src=\"http:\/\/balcilar-blog.com\/wp-content\/uploads\/2014\/09\/Ekran-Al\u0131nt\u0131s\u0131MD.39.16.png\" alt=\"Ekran Al\u0131nt\u0131s\u0131MD.39.16\" width=\"709\" height=\"421\" srcset=\"https:\/\/balcilar-blog.com\/wp-content\/uploads\/2014\/09\/Ekran-Al\u0131nt\u0131s\u0131MD.39.16.png 709w, https:\/\/balcilar-blog.com\/wp-content\/uploads\/2014\/09\/Ekran-Al\u0131nt\u0131s\u0131MD.39.16-300x178.png 300w\" sizes=\"auto, (max-width: 709px) 100vw, 709px\" \/><\/a><\/p>\n<p>Herkes Mert ve Yaman ile sar\u0131l\u0131r. Mira, Mert&#8217;e sar\u0131l\u0131r \u00e7ok \u00f6zledim seni. Yaman&#8217;a s\u00f6yleyemedi\u011fi bir s\u00f6zd\u00fc bu laf. \u00a0Yaman\u2019a sar\u0131lamaz. Sadece kuru bir \u015fekilde ne haber der. Yaman da iyidir, senden diyerek cevap verir. Eyl\u00fcl Mert\u2019e sar\u0131l\u0131r. Sakall\u0131 halini \u015fa\u015f\u0131r\u0131r. Mert, \u00e7ok ma\u011fara m\u0131 olmu\u015fum diye espri yapar. Eyl\u00fcl d\u00f6nd\u00fc\u011f\u00fcne \u00e7ok sevindim. Mert, ger\u00e7ekten mi? Diye cevap verir. Orkun, kar\u015f\u0131dan parmaklar\u0131yla zafer i\u015fareti yapar. Yaman\u2019a art\u0131k Mira benim, ben kazand\u0131m demek istemi\u015ftir. Mira, isterseniz bizim restauranta gidebiliriz. Yaman, b enim i\u015flerim var, siz gidin. Mert benim de diye ilave eder. Mira, giderken i\u00e7i burkulur, d\u00f6ner Yaman&#8217;a bir daha bakar.<\/p>\n<p><a href=\"http:\/\/balcilar-blog.com\/wp-content\/uploads\/2014\/09\/Ekran-Al\u0131nt\u0131s\u0131MD.39.156A.png\"><img loading=\"lazy\" decoding=\"async\" class=\"alignnone size-full wp-image-3314\" src=\"http:\/\/balcilar-blog.com\/wp-content\/uploads\/2014\/09\/Ekran-Al\u0131nt\u0131s\u0131MD.39.156A.png\" alt=\"Ekran Al\u0131nt\u0131s\u0131MD.39.156A\" width=\"687\" height=\"406\" srcset=\"https:\/\/balcilar-blog.com\/wp-content\/uploads\/2014\/09\/Ekran-Al\u0131nt\u0131s\u0131MD.39.156A.png 687w, https:\/\/balcilar-blog.com\/wp-content\/uploads\/2014\/09\/Ekran-Al\u0131nt\u0131s\u0131MD.39.156A-300x177.png 300w\" sizes=\"auto, (max-width: 687px) 100vw, 687px\" \/><\/a><\/p>\n<p>Sedef Han\u0131m, babas\u0131n\u0131n Ender Serez ad\u0131na yap\u0131lacak geceden bahseder. Onun ad\u0131na \u00fc\u00e7 bin \u00e7ocu\u011fa burs verilecektir. Eve giren h\u0131rs\u0131zlar bir ip ucu gibi anahtarl\u0131k par\u00e7as\u0131 d\u00fc\u015f\u00fcrm\u00fc\u015flerdir. Selim Bey olay\u0131 \u00e7z\u00f6meye \u00e7al\u0131\u015f\u0131r.<\/p>\n<p><a href=\"http:\/\/balcilar-blog.com\/wp-content\/uploads\/2014\/09\/Ekran-Al\u0131nt\u0131s\u0131MD.39.17.png\"><img loading=\"lazy\" decoding=\"async\" class=\"alignnone size-full wp-image-3308\" src=\"http:\/\/balcilar-blog.com\/wp-content\/uploads\/2014\/09\/Ekran-Al\u0131nt\u0131s\u0131MD.39.17.png\" alt=\"Ekran Al\u0131nt\u0131s\u0131MD.39.17\" width=\"687\" height=\"418\" srcset=\"https:\/\/balcilar-blog.com\/wp-content\/uploads\/2014\/09\/Ekran-Al\u0131nt\u0131s\u0131MD.39.17.png 687w, https:\/\/balcilar-blog.com\/wp-content\/uploads\/2014\/09\/Ekran-Al\u0131nt\u0131s\u0131MD.39.17-300x182.png 300w\" sizes=\"auto, (max-width: 687px) 100vw, 687px\" \/><\/a><\/p>\n<p>Ertesi sabah Yaman market d\u00f6n\u00fc\u015fl\u00fcnde Mira ile kar\u015f\u0131la\u015f\u0131r. Selamla\u015f\u0131rlar, Yaman Newyork\u2019u sorar. Mira telefonunu de\u011fi\u015ftirmi\u015fsin. Mira, dinginim, huzurluyum. Mira tatili sorar, Burak\u2019lardan \u00f6\u011frendim k\u0131z arkad\u0131\u015f\u0131n varm\u0131\u015f deyince Yaman; Hangisi acaba, diye cevap verir. Mira, yani birden fazla var \u00f6yle mi, deyince Yaman \u015fu an yok diye cevap verir. Mira, iyi bari \u00e7abuk d\u00fc\u015fm\u00fc\u015fler yakandan. Yaman, gazetelerden okuduk Orkun\u2019la mutlu son ger\u00e7ekle\u015fmi\u015f. Beklentileri bo\u015fa \u00e7\u0131karmam\u0131\u015fs\u0131n, tebrik ederim. Mira ayr\u0131ld\u0131\u011f\u0131m\u0131za g\u00f6re kimin ne oldu\u011funun \u00f6nemi yok herhalde.<\/p>\n<p><a href=\"http:\/\/balcilar-blog.com\/wp-content\/uploads\/2014\/09\/Ekran-Al\u0131nt\u0131s\u0131MD.39.18.png\"><img loading=\"lazy\" decoding=\"async\" class=\"alignnone size-full wp-image-3309\" src=\"http:\/\/balcilar-blog.com\/wp-content\/uploads\/2014\/09\/Ekran-Al\u0131nt\u0131s\u0131MD.39.18.png\" alt=\"Ekran Al\u0131nt\u0131s\u0131MD.39.18\" width=\"666\" height=\"420\" srcset=\"https:\/\/balcilar-blog.com\/wp-content\/uploads\/2014\/09\/Ekran-Al\u0131nt\u0131s\u0131MD.39.18.png 666w, https:\/\/balcilar-blog.com\/wp-content\/uploads\/2014\/09\/Ekran-Al\u0131nt\u0131s\u0131MD.39.18-300x189.png 300w\" sizes=\"auto, (max-width: 666px) 100vw, 666px\" \/><\/a><\/p>\n<p>Yaman ellerini kald\u0131rak, konuyu ben a\u00e7mad\u0131m, deyince Mira manas\u0131z bir konu\u015fmayd\u0131 zaten. Yaman bence de der ve gider.<\/p>\n<p><a href=\"http:\/\/balcilar-blog.com\/wp-content\/uploads\/2014\/09\/MD.39.19.png\"><img loading=\"lazy\" decoding=\"async\" class=\"alignnone size-full wp-image-3294\" src=\"http:\/\/balcilar-blog.com\/wp-content\/uploads\/2014\/09\/MD.39.19.png\" alt=\"MD.39.19\" width=\"682\" height=\"415\" srcset=\"https:\/\/balcilar-blog.com\/wp-content\/uploads\/2014\/09\/MD.39.19.png 682w, https:\/\/balcilar-blog.com\/wp-content\/uploads\/2014\/09\/MD.39.19-300x182.png 300w\" sizes=\"auto, (max-width: 682px) 100vw, 682px\" \/><\/a><\/p>\n<p>Mert Eyl\u00fcl\u2019lerin kap\u0131s\u0131na gider. Gamze Han\u0131m ile kar\u015f\u0131la\u015f\u0131r. Eyl\u00fcl Mert\u2019i kar\u015f\u0131\u0131nda g\u00f6r\u00fcnce \u015fa\u015f\u0131r\u0131r. Mert durumu fark edince gidiyorum, der. Mert ne yap\u0131yorsun bir bakay\u0131m dedim. Eyl\u00fcl, sen bana s\u0131\u011f\u0131naca\u011f\u0131n\u0131 benden ka\u00e7t\u0131n Mert, diye dertlenir. Sen beni terk ettin. Sana k\u0131zg\u0131n de\u011filim, k\u0131rg\u0131n\u0131m der. O s\u0131rada gelen Uzay, elinde de Mert\u2019in eski \u00e7izim defterlerini g\u00f6r\u00fcnce, Mert \u00e7ok sinirlenir. Ka\u00e7arcas\u0131na evden \u00e7\u0131kar. Pe\u015finden gelen Eyl\u00fcl\u2019e; Hayat\u0131 s\u0131f\u0131rlamak laz\u0131m bazen, en do\u011frusu bu s\u0131f\u0131rlamak laz\u0131m. Yaman hakl\u0131ym\u0131\u015f, bitmi\u015ftir. Geri d\u00f6n\u00fc\u015f yoktur. Eyl\u00fcl, ba\u011f\u0131r\u0131r. B\u00f6yle devam edin.<\/p>\n<p>Ertesi g\u00fcn okulda Yaman ile Mert kantinde konu\u015furlar. Mert, Eyl\u00fcl ile olanlar\u0131 anlat\u0131r. O s\u0131rada arkas\u0131na d\u00f6n\u00fcnce Elif ile \u00e7arp\u0131\u015f\u0131r. Yere d\u00fc\u015fen \u00e7antas\u0131n\u0131 toplamaya \u00e7al\u0131\u015f\u0131r. Aralar\u0131nda tart\u0131\u015fma ge\u00e7er. Elif, bir daha kar\u015f\u0131ma \u00e7\u0131kmazsan daha iyi olaca\u011f\u0131m.<\/p>\n<p><a href=\"http:\/\/balcilar-blog.com\/wp-content\/uploads\/2014\/09\/Ekran-Al\u0131nt\u0131s\u0131MD.39.20.png\"><img loading=\"lazy\" decoding=\"async\" class=\"alignnone size-full wp-image-3310\" src=\"http:\/\/balcilar-blog.com\/wp-content\/uploads\/2014\/09\/Ekran-Al\u0131nt\u0131s\u0131MD.39.20.png\" alt=\"Ekran Al\u0131nt\u0131s\u0131MD.39.20\" width=\"673\" height=\"423\" srcset=\"https:\/\/balcilar-blog.com\/wp-content\/uploads\/2014\/09\/Ekran-Al\u0131nt\u0131s\u0131MD.39.20.png 673w, https:\/\/balcilar-blog.com\/wp-content\/uploads\/2014\/09\/Ekran-Al\u0131nt\u0131s\u0131MD.39.20-300x188.png 300w\" sizes=\"auto, (max-width: 673px) 100vw, 673px\" \/><\/a><\/p>\n<p>O s\u0131rada Mert ak\u015fam Elif\u2019i \u00e7a\u011f\u0131rsak m\u0131 diye Yaman\u2019a sorar. Mert, benim i\u00e7in sor der. Yaman bu k\u0131z pek sana g\u00f6re de\u011fil. Sonra da tamam der. Elif tuvalete girmi\u015ftir. Yaman\u2019\u0131 kap\u0131da g\u00f6ren Hale, hayrola Yaman Mira\u2019y\u0131 kaybettikten sonra \u015fans\u0131n\u0131 k\u0131zlar\u0131n tuvalet kap\u0131s\u0131nda m\u0131 deniyorsun diyerek tak\u0131l\u0131r.<\/p>\n<p>Sude Han\u0131mlar eve d\u00f6nerler. As\u0131m Beyin evinde onlar\u0131 Mira kar\u015f\u0131lar. Sevin\u00e7le hasret giderirler. As\u0131m Bey k\u0131z\u0131 Sedef\u2019i arar, k\u0131z\u0131m ben geldim, seni \u00e7ok \u00f6zledim diyerek duygusal bir telefon konu\u015fmas\u0131 yapar.<\/p>\n<p>Bu defa Yaman ile Elif s\u0131n\u0131fta kar\u015f\u0131la\u015f\u0131rlar.\u00a0 S\u0131nav \u00e7\u0131k\u0131\u015f\u0131 Yaman hakk\u0131nda her\u015feyi \u00f6\u011frenir Elif. Yaman\u2019\u0131n Selim beyin o\u011flu olmad\u0131\u011f\u0131n\u0131, kim oldu\u011funu anlat\u0131r. Yaman hadi baltan ba\u015flayal\u0131m deyip elini uzat\u0131r. O s\u0131rada gelen Mira onlar\u0131 \u00f6yle g\u00f6r\u00fcr. Yaman, Mira\u2019n\u0131n kendisini bakt\u0131\u011f\u0131n\u0131 g\u00f6r\u00fcnce Elif\u2019in sa\u00e7lar\u0131n\u0131 d\u00fczeltir. Mira\u2019\u0131n yan\u0131ndaki Orkun onu teselli etmek ister.<\/p>\n<p><img decoding=\"async\" src=\"http:\/\/www2.dizifilm.com\/newpics\/fotogaleri\/act\/5043_8735_10092014_6.jpg\" alt=\"\" \/><\/p>\n<p>Yaman Elif\u2019i Mert i\u00e7in o ak\u015famki t\u00f6rene davet eder. Yan yana y\u00fcr\u00fcrler. Mira h\u0131rs\u0131ndan i\u00e7in i\u00e7ini yer. Orkun, bir teklifte bulunur, Yaman\u2019\u0131 benimle k\u0131skand\u0131r, der. Mira bu teklifi cazip kar\u015f\u0131lamaz. Aptal aptal konu\u015fma diye Orkun\u2019u azarlar.<\/p>\n<p>Selim Bey b\u00fcrosuna gider. Sekreteri Burcu postalar\u0131 getirir. Televizyoncu \u00a0Deniz Han\u0131m bir mektup ile birlikte resimleri g\u00f6ndermi\u015ftir. Ender Han\u0131mla olan a\u015fklar\u0131n\u0131 peri masallar\u0131na benzeterek, a\u015fk\u0131n\u0131z \u00f6l\u00fcms\u00fczd\u00fc, e\u015finizin g\u00f6zlerinde buldu\u011funuz d\u00fcnya \u00f6l\u00fcms\u00fczd\u00fc. . Deniz Han\u0131m duygu dolu bir mektubu yazm\u0131\u015ft\u0131r.<\/p>\n<p><a href=\"http:\/\/balcilar-blog.com\/wp-content\/uploads\/2014\/09\/Ekran-Al\u0131nt\u0131s\u0131-MD.39.22.png\"><img loading=\"lazy\" decoding=\"async\" class=\"alignnone size-full wp-image-3295\" src=\"http:\/\/balcilar-blog.com\/wp-content\/uploads\/2014\/09\/Ekran-Al\u0131nt\u0131s\u0131-MD.39.22.png\" alt=\"Ekran Al\u0131nt\u0131s\u0131 MD.39.22\" width=\"679\" height=\"411\" srcset=\"https:\/\/balcilar-blog.com\/wp-content\/uploads\/2014\/09\/Ekran-Al\u0131nt\u0131s\u0131-MD.39.22.png 679w, https:\/\/balcilar-blog.com\/wp-content\/uploads\/2014\/09\/Ekran-Al\u0131nt\u0131s\u0131-MD.39.22-300x181.png 300w\" sizes=\"auto, (max-width: 679px) 100vw, 679px\" \/><\/a><\/p>\n<p>Selim Bey, kar\u0131s\u0131 Ender\u2019in mezar\u0131n\u0131 ziyarete gider. Duygulu anlar ya\u015far. Oradan te\u015fekk\u00fcr i\u00e7in Deniz Han\u0131m\u0131 telefon eder. Deniz Han\u0131m bu ak\u015fam ben de olaca\u011f\u0131m t\u00f6rende , der.<\/p>\n<p><a href=\"http:\/\/balcilar-blog.com\/wp-content\/uploads\/2014\/09\/Ekran-Al\u0131nt\u0131s\u0131MD.39.23.png\"><img loading=\"lazy\" decoding=\"async\" class=\"alignnone size-full wp-image-3311\" src=\"http:\/\/balcilar-blog.com\/wp-content\/uploads\/2014\/09\/Ekran-Al\u0131nt\u0131s\u0131MD.39.23.png\" alt=\"Ekran Al\u0131nt\u0131s\u0131MD.39.23\" width=\"678\" height=\"407\" srcset=\"https:\/\/balcilar-blog.com\/wp-content\/uploads\/2014\/09\/Ekran-Al\u0131nt\u0131s\u0131MD.39.23.png 678w, https:\/\/balcilar-blog.com\/wp-content\/uploads\/2014\/09\/Ekran-Al\u0131nt\u0131s\u0131MD.39.23-300x180.png 300w\" sizes=\"auto, (max-width: 678px) 100vw, 678px\" \/><\/a><\/p>\n<p>O geceye Selim Bey, Mert ile Yaman\u2019\u0131n kollar\u0131na girerek iki o\u011fluyla kat\u0131ld\u0131. Gecenin ilk konu\u015fmas\u0131n\u0131 vak\u0131f ba\u015fkan\u0131 As\u0131m \u015eekip Kaya yapt\u0131.\u00a0As\u0131m Bey\u00a0konu\u015fmas\u0131 bitince,\u00a0konu\u015fma yapmas\u0131 i\u00e7in damad\u0131m, o\u011flum Selim Serez\u2019i davet ediyorum, dedi. Bu hitap Selim Beyi duyguland\u0131rd\u0131.<\/p>\n<p><a href=\"http:\/\/balcilar-blog.com\/wp-content\/uploads\/2014\/09\/Ekran-Al\u0131nt\u0131s\u0131-as\u0131m.png\"><img loading=\"lazy\" decoding=\"async\" class=\"alignnone size-full wp-image-3330\" src=\"http:\/\/balcilar-blog.com\/wp-content\/uploads\/2014\/09\/Ekran-Al\u0131nt\u0131s\u0131-as\u0131m.png\" alt=\"Ekran Al\u0131nt\u0131s\u0131 as\u0131m\" width=\"628\" height=\"388\" srcset=\"https:\/\/balcilar-blog.com\/wp-content\/uploads\/2014\/09\/Ekran-Al\u0131nt\u0131s\u0131-as\u0131m.png 628w, https:\/\/balcilar-blog.com\/wp-content\/uploads\/2014\/09\/Ekran-Al\u0131nt\u0131s\u0131-as\u0131m-300x185.png 300w\" sizes=\"auto, (max-width: 628px) 100vw, 628px\" \/><\/a><\/p>\n<p>Eyl\u00fcl, Mert\u2019in yan\u0131nda Elif\u2019i g\u00f6r\u00fcnce; Uzay\u2019a benden ho\u015flan\u0131yor musun diye sorar ve o halde devam et.<\/p>\n<p>Orkun, yeni gelen Mira\u2019ya teklifim ge\u00e7erli. Yaman yeni k\u0131z arkada\u015f\u0131n\u0131 buraya davet etmi\u015f. Mira onlar\u0131 g\u00f6r\u00fcnce \u00e7ok bozulur.<\/p>\n<p><a href=\"http:\/\/balcilar-blog.com\/wp-content\/uploads\/2014\/09\/Ekran-Al\u0131nt\u0131s\u013139.24.png\"><img loading=\"lazy\" decoding=\"async\" class=\"alignnone size-full wp-image-3296\" src=\"http:\/\/balcilar-blog.com\/wp-content\/uploads\/2014\/09\/Ekran-Al\u0131nt\u0131s\u013139.24.png\" alt=\"Ekran Al\u0131nt\u0131s\u013139.24\" width=\"698\" height=\"417\" srcset=\"https:\/\/balcilar-blog.com\/wp-content\/uploads\/2014\/09\/Ekran-Al\u0131nt\u0131s\u013139.24.png 698w, https:\/\/balcilar-blog.com\/wp-content\/uploads\/2014\/09\/Ekran-Al\u0131nt\u0131s\u013139.24-300x179.png 300w\" sizes=\"auto, (max-width: 698px) 100vw, 698px\" \/><\/a><\/p>\n<p>Selim Bey inan\u0131lmaz duygusal bir konu\u015fma yapar. Ender benim \u00e7oculu\u011fumun bahar kokusuydu. \u0130\u00e7ime \u00e7ekmeye doyamazd\u0131m. Bu s\u00f6zler ba\u015fta Sude Han\u0131m olmak \u00fczere herkesi a\u011flat\u0131r.<\/p>\n<p><img loading=\"lazy\" decoding=\"async\" src=\"https:\/\/pbs.twimg.com\/media\/BxXIBw3IQAA_JKp.jpg\" alt=\"G\u00f6m\u00fcl\u00fc resim i\u00e7in kal\u0131c\u0131 ba\u011flant\u0131\" width=\"537\" height=\"362\" \/><\/p>\n<p>Sude Han\u0131m, Sinan Beyi g\u00f6r\u00fcnce ne i\u015fin var burada diye s\u00f6ylenir. Sarho\u015fmusun, hemen git buradan. Bu haks\u0131zl\u0131\u011f\u0131 yapamazs\u0131n bu aileye<\/p>\n<p><a href=\"http:\/\/balcilar-blog.com\/wp-content\/uploads\/2014\/09\/Ekran-Al\u0131nt\u0131s\u0131-sude.png\"><img loading=\"lazy\" decoding=\"async\" class=\"alignnone size-full wp-image-3329\" src=\"http:\/\/balcilar-blog.com\/wp-content\/uploads\/2014\/09\/Ekran-Al\u0131nt\u0131s\u0131-sude.png\" alt=\"Ekran Al\u0131nt\u0131s\u0131 sude\" width=\"654\" height=\"398\" srcset=\"https:\/\/balcilar-blog.com\/wp-content\/uploads\/2014\/09\/Ekran-Al\u0131nt\u0131s\u0131-sude.png 654w, https:\/\/balcilar-blog.com\/wp-content\/uploads\/2014\/09\/Ekran-Al\u0131nt\u0131s\u0131-sude-300x182.png 300w\" sizes=\"auto, (max-width: 654px) 100vw, 654px\" \/><\/a><\/p>\n<p>Bu s\u0131ra Selim Bey birini Sinan\u2019a benzetir, kolundan \u00e7eki\u015ftirir. Sinan Beyi g\u00f6rseydi, o \u00fcz\u00fcnt\u00fcs\u00fc ile tekrar bir yumrukla yere indirirdi. B\u00fct\u00fcn o olanlar\u0131 televizyoncu Deniz Han\u0131m kenardan izler. Sonra da Selim Beyin yan\u0131na gider, g\u00fczel bir konu\u015fmayd\u0131 diyerek Selim Beye tebrik eder.<\/p>\n<p><a href=\"http:\/\/balcilar-blog.com\/wp-content\/uploads\/2014\/09\/Ekran-Al\u0131nt\u0131s\u0131-mira.png\"><img loading=\"lazy\" decoding=\"async\" class=\"alignnone size-full wp-image-3331\" src=\"http:\/\/balcilar-blog.com\/wp-content\/uploads\/2014\/09\/Ekran-Al\u0131nt\u0131s\u0131-mira.png\" alt=\"Ekran Al\u0131nt\u0131s\u0131 mira\" width=\"475\" height=\"276\" srcset=\"https:\/\/balcilar-blog.com\/wp-content\/uploads\/2014\/09\/Ekran-Al\u0131nt\u0131s\u0131-mira.png 475w, https:\/\/balcilar-blog.com\/wp-content\/uploads\/2014\/09\/Ekran-Al\u0131nt\u0131s\u0131-mira-300x174.png 300w\" sizes=\"auto, (max-width: 475px) 100vw, 475px\" \/><\/a><\/p>\n<p>Mert Elif ile konu\u015furken sa\u00e7malar. Bir t\u00fcrl\u00fc zevkleri tutmaz. Mira, Yaman\u2019n\u0131n yan\u0131na giderek sorar; \u015fu k\u0131z hanginiz k\u0131z arkada\u015f\u0131. Senin mi, Mert\u2019in mi? Yaman niye merak ediyorsun. Mira, hi\u00e7 uzaktan bizi k\u0131skand\u0131rmaya \u00e7al\u0131\u015f\u0131yorsunuz gibi g\u00f6r\u00fcn\u00fcyor. Yaman, bu merakla sen nas\u0131l g\u00f6z\u00fck\u00fcyorsun. Elif tuvalte gider. Mert, bu i\u015f \u00e7ok zor, aram\u0131zda kan uyu\u015fmazl\u0131\u011f\u0131 var, hi\u00e7bir ortak noktam\u0131z yok. Yaman\u2019a g\u00f6z\u00fcn\u00fc seveyim bir\u015feyler yap.<\/p>\n<p><a href=\"http:\/\/balcilar-blog.com\/wp-content\/uploads\/2014\/09\/Ekran-Al\u0131nt\u0131s\u0131MD.39.25.png\"><img loading=\"lazy\" decoding=\"async\" class=\"alignnone size-full wp-image-3312\" src=\"http:\/\/balcilar-blog.com\/wp-content\/uploads\/2014\/09\/Ekran-Al\u0131nt\u0131s\u0131MD.39.25.png\" alt=\"Ekran Al\u0131nt\u0131s\u0131MD.39.25\" width=\"671\" height=\"415\" srcset=\"https:\/\/balcilar-blog.com\/wp-content\/uploads\/2014\/09\/Ekran-Al\u0131nt\u0131s\u0131MD.39.25.png 671w, https:\/\/balcilar-blog.com\/wp-content\/uploads\/2014\/09\/Ekran-Al\u0131nt\u0131s\u0131MD.39.25-300x185.png 300w\" sizes=\"auto, (max-width: 671px) 100vw, 671px\" \/><\/a><\/p>\n<p>Elif\u2019in giiti\u011fini g\u00f6ren Yaman pe\u015finden ko\u015far. Yaman ne nereye diye sorar. Elif, eve,s\u0131k\u0131ld\u0131m, der. Yaman, ne oldu Mert ne yapt\u0131 sana, k\u0131zm\u0131\u015fs\u0131n sen bana. \u00a0Mert\u2019i bana ayarlamaya \u00e7al\u0131\u015ft\u0131\u011f\u0131n\u0131n Mert&#8217;in haberi bar m\u0131? . Yaman, ne oldu ki diye sorar. Elif, neye b\u00f6yle \u015fey yapt\u0131n. Yaman, zarfa bakma, der. Elif ben zarla ilgilenmiyorum.Elini Yaman\u2019\u0131n g\u00f6\u011fs\u00fcne koyar, i\u00e7indekilerle ilgileniyorum, der. Mira, bu hareketi o anda g\u00f6r\u00fcr.<\/p>\n<p><a href=\"http:\/\/balcilar-blog.com\/wp-content\/uploads\/2014\/09\/Ekran-Al\u0131nt\u0131s\u0131-orkun.png\"><img loading=\"lazy\" decoding=\"async\" class=\"alignnone size-full wp-image-3332\" src=\"http:\/\/balcilar-blog.com\/wp-content\/uploads\/2014\/09\/Ekran-Al\u0131nt\u0131s\u0131-orkun.png\" alt=\"Ekran Al\u0131nt\u0131s\u0131 orkun\" width=\"451\" height=\"264\" srcset=\"https:\/\/balcilar-blog.com\/wp-content\/uploads\/2014\/09\/Ekran-Al\u0131nt\u0131s\u0131-orkun.png 451w, https:\/\/balcilar-blog.com\/wp-content\/uploads\/2014\/09\/Ekran-Al\u0131nt\u0131s\u0131-orkun-300x175.png 300w\" sizes=\"auto, (max-width: 451px) 100vw, 451px\" \/><\/a><\/p>\n<p>Mira g\u00f6rd\u00fcklerinden huzursuz olur. Orkun o s\u0131rada gitmek isteyen Mira\u2019y\u0131 kendisine \u00e7eker, dudaklar\u0131ndan \u00f6per. Yaman da bu kar\u015f\u0131 hareketi g\u00f6r\u00fcr, bakar kal\u0131r. Ve 39.b\u00f6l\u00fcm burada biter.<\/p>\n<p><a href=\"http:\/\/balcilar-blog.com\/wp-content\/uploads\/2014\/09\/Ekran-Al\u0131nt\u0131s\u0131MD39SON.png\"><img loading=\"lazy\" decoding=\"async\" class=\"alignnone size-full wp-image-3315\" src=\"http:\/\/balcilar-blog.com\/wp-content\/uploads\/2014\/09\/Ekran-Al\u0131nt\u0131s\u0131MD39SON.png\" alt=\"Ekran Al\u0131nt\u0131s\u0131MD39,SON\" width=\"682\" height=\"417\" srcset=\"https:\/\/balcilar-blog.com\/wp-content\/uploads\/2014\/09\/Ekran-Al\u0131nt\u0131s\u0131MD39SON.png 682w, https:\/\/balcilar-blog.com\/wp-content\/uploads\/2014\/09\/Ekran-Al\u0131nt\u0131s\u0131MD39SON-300x183.png 300w\" sizes=\"auto, (max-width: 682px) 100vw, 682px\" \/><\/a><\/p>\n<p>Bu \u015fahane b\u00f6l\u00fcm gecenin reyting birincisi oldu\u011funa g\u00f6re t\u00fcm izleyenler taraf\u0131ndan \u00e7ok be\u011fenildi. Yaman-Mira k\u0131skand\u0131rma sahneleri ile ge\u00e7ti. A\u015fklar\u0131n ve ac\u0131 kayb\u0131n getirti\u011fi duygusal sahneler. Ben bu b\u00f6l\u00fcm\u00fc \u201cAz ac\u0131l\u0131 sal\u00e7a tad\u0131nda\u201d diyorum. Ben kendi ad\u0131ma bu b\u00f6l\u00fcm\u00fc s\u00fcper buldum. Yer yer duyguland\u0131m, g\u00fcl\u00fcmsedim. \u0130\u00e7imin ac\u0131d\u0131\u011f\u0131 sahneler de oldu. Gelecek b\u00f6l\u00fcmler ne getirecek kestirmek g\u00fc\u00e7 Yaman-Mira a\u015fk \u00e7\u0131kmaz\u0131 nereye gidecek. B\u00fct\u00fcn bu kar\u015f\u0131l\u0131kl\u0131 k\u0131skan\u00e7l\u0131k sahneleri i\u015fleri yoluna sokacak m\u0131? O eski g\u00fcnlerdeki gibi ihtirasl\u0131 a\u015fk \u00f6p\u00fcc\u00fcklerini g\u00f6rebilecek miyiz?<\/p>\n<p><a href=\"http:\/\/balcilar-blog.com\/wp-content\/uploads\/2014\/06\/Ekran-Al\u0131nt\u0131s\u0131.PNGmd_.lp_.1a.png\"><img loading=\"lazy\" decoding=\"async\" class=\"alignnone size-full wp-image-2571\" src=\"http:\/\/balcilar-blog.com\/wp-content\/uploads\/2014\/06\/Ekran-Al\u0131nt\u0131s\u0131.PNGmd_.lp_.1a.png\" alt=\"Ekran Al\u0131nt\u0131s\u0131.PNGmd.lp.1a\" width=\"444\" height=\"307\" srcset=\"https:\/\/balcilar-blog.com\/wp-content\/uploads\/2014\/06\/Ekran-Al\u0131nt\u0131s\u0131.PNGmd_.lp_.1a.png 444w, https:\/\/balcilar-blog.com\/wp-content\/uploads\/2014\/06\/Ekran-Al\u0131nt\u0131s\u0131.PNGmd_.lp_.1a-300x207.png 300w\" sizes=\"auto, (max-width: 444px) 100vw, 444px\" \/><\/a><\/p>\n<p>Laf s\u0131ras\u0131 gelmi\u015fken \u00f6ceki g\u00fcnk\u00fc ma\u011fazin bas\u0131n\u0131n fla\u015f haberi, \u00c7a\u011fatay Ulusoy\u2019un &#8220;Serenay ile \u00f6p\u00fc\u015fmem&#8221; haberiydi. Ulusoy dizi y\u00f6netimine, dizinin yeni b\u00f6l\u00fcmlerinde Serenay Sar\u0131kaya ile \u00f6p\u00fc\u015fme sahnelerinin olmamas\u0131n\u0131 istemi\u015f. Ben bu habere inanamad\u0131m. \u00c7a\u011fatay Ulusoy\u2019un Menajeri Engin Aykanat\u2019a defaten telefonla arad\u0131m, ula\u015famad\u0131\u011f\u0131m i\u00e7in haberin do\u011frulu\u011f\u0131una teyit alamad\u0131m. Bu haber ya yalan, ya da yanl\u0131\u015f. Benim tan\u0131d\u0131m\u0131n \u00c7a\u011fatay Ulusoy b\u00f6yle bir \u015fart ko\u015fmaz. O bir profesyoneldir. &#8220;Rol i\u00e7inse neden olmas\u0131n, her \u015fey yapar\u0131m&#8221; diyen biri kendi bindi\u011fi dal\u0131 kesmez. B\u00f6yle bir kapris yapmaz. Dilerim ilerleyen g\u00fcnlerde b\u00f6yle bir \u015fey olmad\u0131\u011f\u0131 ortaya \u00e7\u0131kar. Varsa bile annesi kadar sevdi\u011fi senarist Ece Y\u00f6ren\u00e7&#8217;i k\u0131rmaz, senaryo neyse onu oynamay\u0131 kabul eder.<\/p>\n<p>Medcezir bana g\u00f6re bu y\u0131l\u0131n da dizisi olacakt\u0131r. Ben ge\u00e7en yaz\u0131lar\u0131mda hep s\u00f6ylemi\u015fimdir. Dizi a\u015fk\u0131 ekran d\u0131\u015f\u0131na ta\u015farsa, k\u00fcsk\u00fcnl\u00fck olursa o dizi zarar g\u00f6r\u00fcr. Dilerim \u00c7a\u011fatay Ulusoy bunu yapmaz. Medcezir demek ziyadesiyle \u00c7a\u011fatay Ulusoy demektir. Yoksa izleyenleri onu asla af etmez. Medcezir, her \u015feye ra\u011fmen devam edecektir.<\/p>\n<p>Burada diziye yeni giren T\u00fcrkiye 3.g\u00fczeli Ayb\u00fcke Pusat&#8217;\u0131 da ba\u015far\u0131l\u0131 buldum. Oyunculukta istikbal vad ediyor. Hem de \u00e7ok g\u00fczel ve de sempatik.<\/p>\n<p>Medcezir, D\u00fcnya dizileri aras\u0131nda G\u00fcney Kore&#8217;de Seoul&#8217;de \u00f6d\u00fcl alm\u0131\u015f bir dizi. Bu y\u0131l yurt i\u00e7i ve yurt d\u0131\u015f\u0131 yeni \u00f6d\u00fcller onu bekliyor.<\/p>\n<p>Keyifli seyirler.<\/p>\n<p>Sayg\u0131lar, sevgiler.<\/p>\n<p>Abdurrahman Balc\u0131lar<\/p>\n<p>Twitter: abdurrahman balc\u0131lar@abbalcilar<\/p>\n<p>Mail : ab.balcilar@hotmail.com<\/p>\n<p>Blog: milliyet.com.tr\/cansever<\/p>\n<p>Blog: balcilar-blog.com<\/p>\n<p>Not: G\u00f6rseller \u0130nternetten, dizifilm.com&#8217;dan, Medcezir Twitter sayfas\u0131ndan ve taraf\u0131mdan diziden kopyalanm\u0131\u015ft\u0131r<\/p>\n","protected":false},"excerpt":{"rendered":"<p>Star Tv.in fenomen dizisi Medcezir d\u00fcn ak\u015fam yeni sezonun ilk b\u00f6l\u00fcm\u00fcyle ekranlar\u0131m\u0131zdayd\u0131. S\u00fcper bir b\u00f6l\u00fcmle izleyenlerini merhaba dedi. Her\u015fey silba\u015ftan denilen b\u00f6l\u00fcm nefes kesti. Medcezir, reytinglerde bekledi\u011fim gibi her iki kategoride birinci oldu. AB\u2019de 8,87 ile 1.s\u0131rada, Total\u2019de 6,77 ile gene 1.s\u0131rada yer ald\u0131. O trafik kazas\u0131nda Mert annesi Ender Serez\u2019i kaybetti. Babas\u0131 Selim birka\u00e7 [&hellip;]<\/p>\n","protected":false},"author":3,"featured_media":0,"comment_status":"open","ping_status":"open","sticky":false,"template":"","format":"standard","meta":{"footnotes":""},"categories":[2],"tags":[15,29,16,27,25],"class_list":["post-3292","post","type-post","status-publish","format-standard","hentry","category-tv-programlari","tag-cagatay-ulusoy","tag-ece-yorenc","tag-medcezir","tag-serenay-sarikaya","tag-star-tv"],"views":9716,"blog_post_layout_featured_media_urls":{"thumbnail":"","full":""},"categories_names":{"2":{"name":"TV Programlar\u0131","link":"https:\/\/balcilar-blog.com\/?cat=2"}},"tags_names":{"15":{"name":"\u00e7a\u011fatay ulusoy","link":"https:\/\/balcilar-blog.com\/?tag=cagatay-ulusoy"},"29":{"name":"Ece Y\u00f6ren\u00e7","link":"https:\/\/balcilar-blog.com\/?tag=ece-yorenc"},"16":{"name":"medcezir","link":"https:\/\/balcilar-blog.com\/?tag=medcezir"},"27":{"name":"Serenay Sar\u0131kaya","link":"https:\/\/balcilar-blog.com\/?tag=serenay-sarikaya"},"25":{"name":"Star Tv","link":"https:\/\/balcilar-blog.com\/?tag=star-tv"}},"comments_number":"0","wpmagazine_modules_lite_featured_media_urls":{"thumbnail":"","cvmm-medium":"","cvmm-medium-plus":"","cvmm-portrait":"","cvmm-medium-square":"","cvmm-large":"","cvmm-small":"","full":""},"_links":{"self":[{"href":"https:\/\/balcilar-blog.com\/index.php?rest_route=\/wp\/v2\/posts\/3292","targetHints":{"allow":["GET"]}}],"collection":[{"href":"https:\/\/balcilar-blog.com\/index.php?rest_route=\/wp\/v2\/posts"}],"about":[{"href":"https:\/\/balcilar-blog.com\/index.php?rest_route=\/wp\/v2\/types\/post"}],"author":[{"embeddable":true,"href":"https:\/\/balcilar-blog.com\/index.php?rest_route=\/wp\/v2\/users\/3"}],"replies":[{"embeddable":true,"href":"https:\/\/balcilar-blog.com\/index.php?rest_route=%2Fwp%2Fv2%2Fcomments&post=3292"}],"version-history":[{"count":12,"href":"https:\/\/balcilar-blog.com\/index.php?rest_route=\/wp\/v2\/posts\/3292\/revisions"}],"predecessor-version":[{"id":3341,"href":"https:\/\/balcilar-blog.com\/index.php?rest_route=\/wp\/v2\/posts\/3292\/revisions\/3341"}],"wp:attachment":[{"href":"https:\/\/balcilar-blog.com\/index.php?rest_route=%2Fwp%2Fv2%2Fmedia&parent=3292"}],"wp:term":[{"taxonomy":"category","embeddable":true,"href":"https:\/\/balcilar-blog.com\/index.php?rest_route=%2Fwp%2Fv2%2Fcategories&post=3292"},{"taxonomy":"post_tag","embeddable":true,"href":"https:\/\/balcilar-blog.com\/index.php?rest_route=%2Fwp%2Fv2%2Ftags&post=3292"}],"curies":[{"name":"wp","href":"https:\/\/api.w.org\/{rel}","templated":true}]}}