{"id":3275,"date":"2014-09-11T15:00:57","date_gmt":"2014-09-11T12:00:57","guid":{"rendered":"http:\/\/balcilar-blog.com\/?p=3275"},"modified":"2014-09-11T15:00:57","modified_gmt":"2014-09-11T12:00:57","slug":"hazal-kaya-neden-yeni-dizilerde-yok","status":"publish","type":"post","link":"https:\/\/balcilar-blog.com\/?p=3275","title":{"rendered":"Hazal Kaya, neden yeni dizilerde yok?"},"content":{"rendered":"<p>Hazal Kaya, neden yeni dizilerde yok? \/ Magazin \/ Milliyet Blog<script src=\"http:\/\/www.google-analytics.com\/ga.js\" type=\"text\/javascript\"><\/script><script src=\"http:\/\/www.google-analytics.com\/ga.js\" type=\"text\/javascript\"><\/script><script src=\"http:\/\/www.googletagservices.com\/tag\/js\/gpt.js\" type=\"text\/javascript\"><\/script><script src=\"http:\/\/b.scorecardresearch.com\/beacon.js\"><\/script><script src=\"http:\/\/blog.milliyet.com.tr\/d\/js\/jquery.min1.4.2.js\" type=\"text\/javascript\" language=\"javascript\"><\/script><script src=\"http:\/\/blog.milliyet.com.tr\/d\/js\/jquery.timeago.js\" type=\"text\/javascript\" language=\"javascript\"><\/script><script src=\"http:\/\/blog.milliyet.com.tr\/d\/js\/functions.js\" type=\"text\/javascript\" language=\"javascript\"><\/script><script src=\"http:\/\/blog.milliyet.com.tr\/d\/js\/lazyLoad.js\" type=\"text\/javascript\" language=\"javascript\"><\/script><script src=\"http:\/\/blog.milliyet.com.tr\/d\/js\/FaceLib.js?v4\" type=\"text\/javascript\" language=\"javascript\"><\/script><script src=\"http:\/\/blog.milliyet.com.tr\/d\/js\/FacebookBlog.js?v=4\" type=\"text\/javascript\" language=\"javascript\"><\/script><script src=\"http:\/\/blog.milliyet.com.tr\/d\/js\/Blog.js?v=48\" type=\"text\/javascript\" language=\"javascript\"><\/script><script src=\"http:\/\/blog.milliyet.com.tr\/d\/js\/share.js?v=20100342\" type=\"text\/javascript\"><\/script><script src=\"http:\/\/blog.milliyet.com.tr\/d\/fckeditor\/fckeditor.js\" type=\"text\/javascript\"><\/script><script>\/\/ <![CDATA[\n            var _comscore = _comscore || [];\n            _comscore.push({ c1: \"2\", c2: \"7848742\" });\n            (function () {\n                var s = document.createElement(\"script\"), el = document.getElementsByTagName(\"script\")[0]; s.async = true;\n                s.src = (document.location.protocol == \"https:\" ? \"https:\/\/sb\" : \"http:\/\/b\") + \".scorecardresearch.com\/beacon.js\";\n                el.parentNode.insertBefore(s, el);\n            })();\n        \n\/\/ ]]><\/script><noscript>            &amp;lt;img src=&#8221;http:\/\/b.scorecardresearch.com\/p?c1=2&amp;amp;c2=7848742&amp;amp;cv=2.0&amp;amp;cj=1&#8243; \/&amp;gt;         <\/noscript><script src=\"http:\/\/blog.milliyet.com.tr\/ashx\/GoogleBanner.ashx?a=BlogDetay&amp;c=&amp;b=0&amp;t=1&amp;sfc=\" type=\"text\/javascript\"><\/script><script src=\"http:\/\/blog.milliyet.com.tr\/ashx\/GoogleBanner.ashx?a=BlogDetay&amp;c=&amp;b=0&amp;sfc=\" type=\"text\/javascript\"><\/script><script src=\"http:\/\/partner.googleadservices.com\/gpt\/pubads_impl_48.js\" type=\"text\/javascript\"><\/script><script src=\"http:\/\/www.facebook.com\/rsrc.php\/z5U08\/hash\/3amdinr3.js\" language=\"javascript\"><\/script><script src=\"http:\/\/pagead2.googlesyndication.com\/pagead\/osd.js\" type=\"text\/javascript\"><\/script><\/p>\n<div id=\"_pageBody\" class=\"pageContainer\">\n<div id=\"_content\" class=\"content\">\n<div id=\"_middle_content_bottom\" class=\"innerContent innerContent2\">\n<div id=\"_middle_content_bottom_child2\" class=\"colA\">\n<div class=\"row\">\n<div class=\"bloggerYazi\">\n<div class=\"topLine\">\n<div class=\"tarih\">\n<h4>10 Eyl\u00fcl &#8217;14<\/h4>\n<\/div>\n<div class=\"clear\">\u00a0<strong><a href=\"http:\/\/blog.milliyet.com.tr\/magazin\/Kategori\/?KategoriNo=312\">Magazin<\/a><\/strong><\/div>\n<\/div>\n<div class=\"yaziDetay detailClass\">\n<div class=\"clear\"><\/div>\n<div class=\"details\">\n<div class=\"makaleImg\"><img loading=\"lazy\" decoding=\"async\" src=\"http:\/\/iblog.milliyet.com.tr\/imgroot\/blogv7\/Blog333\/2014\/09\/10\/35\/473468-3-4-6afda.jpg\" alt=\"Hazal Kaya, neden yeni dizilerde yok?\" width=\"333\" height=\"240\" \/><\/p>\n<div class=\"clear\"><\/div>\n<\/div>\n<div id=\"BlogDetail\">\n<p>G\u00fcn yok ki, <a class=\"Blogkeyword\" href=\"http:\/\/blog.milliyet.com.tr\/AramaBlog\/?search=Hazal Kaya\" rel=\"external nofollow\">Hazal Kaya<\/a> ilgili bir haber \u00e7\u0131kmas\u0131n. 2014 Eyl\u00fcl yeni sezonda herhangi bir dizide g\u00f6r\u00fclmeyen Hazal Kaya ile il\u011fili ard\u0131 arkas\u0131 kesilmeyen haberler. Dizilerin aranan ismi Hazal Kaya\u2019ya her g\u00fcn teklif ya\u011f\u0131yor. Son olarak yap\u0131mc\u0131lar <a class=\"Blogkeyword\" href=\"http:\/\/blog.milliyet.com.tr\/AramaBlog\/?search=Burak \u00d6z\u00e7ivit\" rel=\"external nofollow\">Burak \u00d6z\u00e7ivit<\/a> ve <a class=\"Blogkeyword\" href=\"http:\/\/blog.milliyet.com.tr\/AramaBlog\/?search=Aras Bulut \u0130yinemli\" rel=\"external nofollow\">Aras Bulut \u0130yinemli<\/a> ile oynamas\u0131 i\u00e7in yeni projeler sunuyor, teklif \u00fcst\u00fcne teklif yap\u0131yorlar.<\/p>\n<p>G\u00fczelli\u011fi, oyunculuktaki ba\u015far\u0131s\u0131 ve de en \u00f6nemlisi arkas\u0131nda binlerce hayran kitlesi olmas\u0131 onu aranan bir isim yap\u0131yor.<\/p>\n<p>Hazal Kaya, A\u015fk-\u0131 Memnu ve arkas\u0131ndan <a class=\"Blogkeyword\" href=\"http:\/\/blog.milliyet.com.tr\/AramaBlog\/?search=\u00c7a\u011fatay Ulusoy\" rel=\"external nofollow\">\u00c7a\u011fatay Ulusoy<\/a> ile oynad\u0131\u011f\u0131 \u201cAd\u0131n\u0131 Feriha Koydum\u201d dizisi ile ad\u0131n\u0131 duyurdu. AFK\u2019daki \u201cFeriha\u201d rol\u00fcndeki inan\u0131lmaz ba\u015far\u0131s\u0131 ve Emir Sarrfo\u011flu ile ya\u015fad\u0131\u011f\u0131 \u00f6l\u00fcmsu\u0131z dizi a\u015fk\u0131 onu izleyenlerinin g\u00f6z\u00fcnde fenomen yapt\u0131.<\/p>\n<p>Daha sonra, \u201cSon Yaz Balkanlar 1912\u201d ve \u201cA.\u015e.K.\u201d dizilerinde oynad\u0131. \u015eanss\u0131zl\u0131k m\u0131 diyelim, her iki dizi erken final yapt\u0131. Bir t\u00fcrl\u00fc AFK\u2019daki \u00c7a\u011fatay Ulusoy ile oldu\u011fu gibi bir uyum yakalamad\u0131.<img loading=\"lazy\" decoding=\"async\" id=\"irc_mi\" src=\"http:\/\/imgz.pivol.com\/dizifilm\/imgsdisk\/2012\/05\/26\/260520121058005831482.jpg\" alt=\"\" width=\"635\" height=\"331\" \/><\/p>\n<p>Bu nedenle \u00fc\u00e7\u00fcnc\u00fc bir dizide oynay\u0131p, ba\u015far\u0131z olmaya tahamm\u00fcl\u00fc yok. \u00d6n\u00fcne gelen projeleri \u00e7ok titiz davran\u0131p, ince eleyip s\u0131k dokuyor. Bir laf vard\u0131r ya; S\u00fctten a\u011fz\u0131 yand\u0131, yo\u011furdu \u00fcfleyerek i\u00e7iyor.<\/p>\n<p>Sadece iyi bir proje olmas\u0131 yetmiyor, oynayaca\u011f\u0131 erkek partneri de \u00e7ok \u00f6nemli. Hem yak\u0131\u015f\u0131kl\u0131 olacak, hem de oyunculu\u011fu \u00e7ok iyi olmal\u0131.<\/p>\n<p>\u015eayet kar\u015f\u0131s\u0131na iyi bir proje ve partner \u00e7\u0131kmazsa, bekleyecek tabiri yerindeyse y\u00fcz\u00fcn\u00fc dinlendirmeye devam edecektir.<\/p>\n<p>Ancak binlerce yurt i\u00e7i ve yurt d\u0131\u015f\u0131 sevenlerinin beklemeye tahamm\u00fcl\u00fc yok. Fanlar\u0131 Sosyal medyada bo\u015f durmuyorlar, twit atarak, facbokta yazarak, yada bizler gibi yazarlara mail atarak seslerini duyurmaya \u00e7al\u0131yorlar.<\/p>\n<p>B\u00f6yle at\u0131lm\u0131\u015f bir mailden \u00f6rnek verirsek: \u201cHazall malegimiz biz seni \u00e7ok \u00f6zledik art\u0131k ekranlara d\u00f6n l\u00fctfen b\u00f6yle g\u00fczel bi senaryo saglam bi kadro ve yak\u0131\u015f\u0131kl\u0131 bi partnerle d\u00f6n art\u0131k ekrana seni \u00e7ok \u00f6zledik ve hep arkanda olaca\u011f\u0131z ye\u015fil g\u00f6zl\u00fc dev.\u201d Bu k\u0131sa mail her \u015feyi birka\u00e7 c\u00fcmle ile \u00f6zetliyor.<\/p>\n<p><img loading=\"lazy\" decoding=\"async\" id=\"irc_mi\" src=\"http:\/\/hd-filmsitesi.com\/wp-content\/uploads\/Aras-Bulut-%C4%B0ynemli.jpg\" alt=\"\" width=\"550\" height=\"393\" \/><\/p>\n<p>Hazal Kaya\u2019dan bir ses \u00e7\u0131kmay\u0131nca Aras Bulut \u0130yinemli Ekim Ay\u0131nda <a class=\"Blogkeyword\" href=\"http:\/\/blog.milliyet.com.tr\/AramaBlog\/?search=Star Tv\" rel=\"external nofollow\">Star Tv<\/a>.de yeni bir dizi ile ekranlarda olacakm\u0131\u015f. Dizinin ad\u0131 ve bayan partneri \u015fimdilik belli de\u011fil.<\/p>\n<p><img loading=\"lazy\" decoding=\"async\" id=\"irc_mi\" src=\"http:\/\/biyografiara.com\/wp-content\/uploads\/2014\/03\/Burak-%C3%96z%C3%A7ivit-3.jpg\" alt=\"\" width=\"524\" height=\"393\" \/><\/p>\n<p>Burak \u00d6z\u00e7ivit de \u015fu g\u00fcnlerde <a class=\"Blogkeyword\" href=\"http:\/\/blog.milliyet.com.tr\/AramaBlog\/?search=Fahriye Evcen\" rel=\"external nofollow\">Fahriye Evcen<\/a> ile bir sinema filmi olan \u201cA\u015fk Sana Benzer\u201d\u00a0 filmi \u00fczerinde \u00e7al\u0131\u015f\u0131yorlar. Bir taraftan yeni dizi i\u00e7in <a class=\"Blogkeyword\" href=\"http:\/\/blog.milliyet.com.tr\/AramaBlog\/?search=Ay Yap\u0131m\" rel=\"external nofollow\">Ay Yap\u0131m<\/a>\u2019la masaya oturan Burak \u00d6z\u00e7ivit bu dizide Nebahat \u00c7ahre ve Hande Do\u011fandemir ile Ekim ay\u0131nda bir dizi yapacaklarm\u0131\u015f.<\/p>\n<p>Hazal Kaya\u2019n\u0131n demek oluyor ki, Burak \u00d6z\u00e7ivit ve Arsa Bulut \u0130yinemli ile bir dizide oynama ihtimali ortadan kalk\u0131yor.<\/p>\n<p><img loading=\"lazy\" decoding=\"async\" id=\"irc_mi\" src=\"http:\/\/www.medyabey.com\/wp-content\/uploads\/2014\/01\/HAZAL-KAYA.jpg\" alt=\"\" width=\"500\" height=\"375\" \/><\/p>\n<p>Hazal kaya, 2015\u2019in Ocak ay\u0131nda kendisine iyi bir partner ile g\u00fc\u00e7l\u00fc bir senerya sunulursa ekranlara gelebilir. Yoksa 2015 yeni sezonu olan Eyl\u00fcl\u2019e kadar, sevenlerinin Hazal Kaya \u00f6zlemi s\u00fcrecektir.<\/p>\n<p>Hazal Kaya\u2019n\u0131n ba\u011fl\u0131 bulndu\u011fu meajerlik firmas\u0131ndan ald\u0131\u011f\u0131m bil\u011fiye g\u00f6re \u015fimdilik Hazal Kaya cephesinde bir ses yok.<\/p>\n<p>Gene de temkinli konu\u015fursak, her an bir s\u00fcrpriz geli\u015fme olabilir. Hazal Kaya \u00f6n\u00fcne gelen bir projeyi ve partneri okey verip kar\u015f\u0131m\u0131za \u00e7\u0131kabilir. Ocak 2015 de yeni bir dizide oynayabilir. Yoksa bu i\u015f ba\u015fka bir bahara kalm\u0131\u015ft\u0131r. Sab\u0131rla sevenleri Hazal Kaya\u2019y\u0131 daha da \u00f6zleyip 2015 yeni sezonu Eyl\u00fcl ay\u0131n\u0131 bekliyecekler.<\/p>\n<p>Ben gene 2015 yaz\u0131nda Hazal kaya&#8217;dan bir g\u00fczellik yap\u0131p \u00c7a\u011fatay Ulusoy ile bir sinema filminde oynas\u0131n\u0131 istiyorum. Bu benim de\u011fil her ikisinin ortak fanlar\u0131n\u0131n iste\u011fidir.<\/p>\n<p>G\u00fczel k\u0131z\u0131m\u0131z Hazal Kaya\u2019ya okey verece\u011fi yeni projesinde bizler \u015fimdiden ba\u015far\u0131lar dileyelim.<\/p>\n<p>&nbsp;<\/p>\n<p>Sayg\u0131lar, sevgiler.<\/p>\n<p>Abdurrahman Balc\u0131lar<\/p>\n<p>Twitter: abdurrahman balc\u0131lar@abbalcilar<\/p>\n<p>Mail : <a href=\"mailto:ab.balcilar@hotmail.com\" target=\"_blank\">ab.balcilar@hotmail.com<\/a><\/p>\n<div>\n<p>Blog: milliyet.com.tr\/cansever<\/p>\n<p>Not: G\u00f6rseller internetten al\u0131nm\u0131\u015ft\u0131r.<\/p>\n<\/div>\n<\/div>\n<\/div>\n<\/div>\n<\/div>\n<\/div>\n<\/div>\n<\/div>\n<\/div>\n<\/div>\n","protected":false},"excerpt":{"rendered":"<p>Hazal Kaya, neden yeni dizilerde yok? \/ Magazin \/ Milliyet Blog &amp;lt;img src=&#8221;http:\/\/b.scorecardresearch.com\/p?c1=2&amp;amp;c2=7848742&amp;amp;cv=2.0&amp;amp;cj=1&#8243; \/&amp;gt; 10 Eyl\u00fcl &#8217;14 \u00a0Magazin G\u00fcn yok ki, Hazal Kaya ilgili bir haber \u00e7\u0131kmas\u0131n. 2014 Eyl\u00fcl yeni sezonda herhangi bir dizide g\u00f6r\u00fclmeyen Hazal Kaya ile il\u011fili ard\u0131 arkas\u0131 kesilmeyen haberler. Dizilerin aranan ismi Hazal Kaya\u2019ya her g\u00fcn teklif ya\u011f\u0131yor. Son olarak yap\u0131mc\u0131lar [&hellip;]<\/p>\n","protected":false},"author":3,"featured_media":0,"comment_status":"open","ping_status":"open","sticky":false,"template":"","format":"standard","meta":{"footnotes":""},"categories":[7],"tags":[509,26,409,19,510,25],"class_list":["post-3275","post","type-post","status-publish","format-standard","hentry","category-magazin","tag-aras-bulut","tag-ay-yapim","tag-burak-ozcivit","tag-hazal-kaya","tag-iyinemli","tag-star-tv"],"views":3785,"blog_post_layout_featured_media_urls":{"thumbnail":"","full":""},"categories_names":{"7":{"name":"Magazin","link":"https:\/\/balcilar-blog.com\/?cat=7"}},"tags_names":{"509":{"name":"Aras Bulut","link":"https:\/\/balcilar-blog.com\/?tag=aras-bulut"},"26":{"name":"Ay Yap\u0131m","link":"https:\/\/balcilar-blog.com\/?tag=ay-yapim"},"409":{"name":"Burak \u00d6z\u00e7ivit","link":"https:\/\/balcilar-blog.com\/?tag=burak-ozcivit"},"19":{"name":"Hazal Kaya","link":"https:\/\/balcilar-blog.com\/?tag=hazal-kaya"},"510":{"name":"\u0130yinemli","link":"https:\/\/balcilar-blog.com\/?tag=iyinemli"},"25":{"name":"Star Tv","link":"https:\/\/balcilar-blog.com\/?tag=star-tv"}},"comments_number":"0","wpmagazine_modules_lite_featured_media_urls":{"thumbnail":"","cvmm-medium":"","cvmm-medium-plus":"","cvmm-portrait":"","cvmm-medium-square":"","cvmm-large":"","cvmm-small":"","full":""},"_links":{"self":[{"href":"https:\/\/balcilar-blog.com\/index.php?rest_route=\/wp\/v2\/posts\/3275","targetHints":{"allow":["GET"]}}],"collection":[{"href":"https:\/\/balcilar-blog.com\/index.php?rest_route=\/wp\/v2\/posts"}],"about":[{"href":"https:\/\/balcilar-blog.com\/index.php?rest_route=\/wp\/v2\/types\/post"}],"author":[{"embeddable":true,"href":"https:\/\/balcilar-blog.com\/index.php?rest_route=\/wp\/v2\/users\/3"}],"replies":[{"embeddable":true,"href":"https:\/\/balcilar-blog.com\/index.php?rest_route=%2Fwp%2Fv2%2Fcomments&post=3275"}],"version-history":[{"count":1,"href":"https:\/\/balcilar-blog.com\/index.php?rest_route=\/wp\/v2\/posts\/3275\/revisions"}],"predecessor-version":[{"id":3276,"href":"https:\/\/balcilar-blog.com\/index.php?rest_route=\/wp\/v2\/posts\/3275\/revisions\/3276"}],"wp:attachment":[{"href":"https:\/\/balcilar-blog.com\/index.php?rest_route=%2Fwp%2Fv2%2Fmedia&parent=3275"}],"wp:term":[{"taxonomy":"category","embeddable":true,"href":"https:\/\/balcilar-blog.com\/index.php?rest_route=%2Fwp%2Fv2%2Fcategories&post=3275"},{"taxonomy":"post_tag","embeddable":true,"href":"https:\/\/balcilar-blog.com\/index.php?rest_route=%2Fwp%2Fv2%2Ftags&post=3275"}],"curies":[{"name":"wp","href":"https:\/\/api.w.org\/{rel}","templated":true}]}}