{"id":3235,"date":"2014-09-08T15:04:28","date_gmt":"2014-09-08T12:04:28","guid":{"rendered":"http:\/\/balcilar-blog.com\/?p=3235"},"modified":"2014-09-08T18:16:43","modified_gmt":"2014-09-08T15:16:43","slug":"kurt-seyit-ve-sura-seyit-murvetle-imam-nikahi-ile-evleniyor","status":"publish","type":"post","link":"https:\/\/balcilar-blog.com\/?p=3235","title":{"rendered":"Kurt Seyit ve \u015eura \/ Seyit M\u00fcrvet&#8217;le imam nikah\u0131 ile evleniyor!"},"content":{"rendered":"<p class=\"ecxMsoNormal\" style=\"font: 15px\/21.29px Calibri, sans-serif; margin: 0px 0px 1.35em; color: #444444; text-transform: none; text-indent: 0px; letter-spacing: normal; word-spacing: 0px; white-space: normal; background-color: #ffffff; -webkit-text-stroke-width: 0px;\">\u00a0<a href=\"http:\/\/balcilar-blog.com\/wp-content\/uploads\/2014\/09\/12.jpg\"><img loading=\"lazy\" decoding=\"async\" class=\"alignnone size-large wp-image-3245\" src=\"http:\/\/balcilar-blog.com\/wp-content\/uploads\/2014\/09\/12-1024x958.jpg\" alt=\"1\" width=\"1024\" height=\"958\" srcset=\"https:\/\/balcilar-blog.com\/wp-content\/uploads\/2014\/09\/12-1024x958.jpg 1024w, https:\/\/balcilar-blog.com\/wp-content\/uploads\/2014\/09\/12-300x280.jpg 300w\" sizes=\"auto, (max-width: 1024px) 100vw, 1024px\" \/><\/a><\/p>\n<p class=\"ecxMsoNormal\" style=\"font: 15px\/21.29px Calibri, sans-serif; margin: 0px 0px 1.35em; color: #444444; text-transform: none; text-indent: 0px; letter-spacing: normal; word-spacing: 0px; white-space: normal; background-color: #ffffff; -webkit-text-stroke-width: 0px;\"><span lang=\"EN-US\" style=\"line-height: 30.29px; font-family: Cambria, serif; font-size: 16pt;\">Ay Yap\u0131m imzal\u0131, Star tv.in super dizisi Kurt Seyit ve \u015eura \u0130stanbul&#8217;un yay\u0131nlanan yeni sezon tan\u0131t\u0131m\u0131nda\u00a0 Fahriye Evcen, M\u00fcrvet karakteriyle ilk kez ekrana geldi. Diziye yeni kat\u0131lan Fahriye Evcen, Kurt Seyit ile imam nikah\u0131 ile evlendiklerini g\u00f6rd\u00fck. Ayr\u0131ca bu tan\u0131t\u0131mda K\u0131van\u00e7 Tatl\u0131tu\u011f imaj de\u011fi\u015ftirdi\u011fini, sakallar\u0131 ve sa\u00e7lar\u0131n\u0131 k\u0131satt\u0131\u011f\u0131 g\u00f6rd\u00fck.<\/span><\/p>\n<p class=\"ecxMsoNormal\" style=\"font: 15px\/21.29px Calibri, sans-serif; margin: 0px 0px 1.35em; color: #444444; text-transform: none; text-indent: 0px; letter-spacing: normal; word-spacing: 0px; white-space: normal; background-color: #ffffff; -webkit-text-stroke-width: 0px;\"><a href=\"http:\/\/balcilar-blog.com\/wp-content\/uploads\/2014\/09\/11.jpg\">\u00a0<\/a><\/p>\n<p class=\"ecxMsoNormal\" style=\"font: 15px\/21.29px Calibri, sans-serif; margin: 0px 0px 1.35em; color: #444444; text-transform: none; text-indent: 0px; letter-spacing: normal; word-spacing: 0px; white-space: normal; background-color: #ffffff; -webkit-text-stroke-width: 0px;\"><span lang=\"EN-US\" style=\"line-height: 30.29px; font-family: Cambria, serif; font-size: 16pt;\">\u00a0<\/span><b style=\"line-height: 21.29px; font-weight: bold;\"><span lang=\"EN-US\" style=\"line-height: 37.86px; font-size: 20pt;\">YEN\u0130 SEZONUN B\u00dcY\u00dcK S\u00dcRPR\u0130Z\u0130!<\/span><\/b><\/p>\n<p class=\"ecxMsoNormal\" style=\"font: 15px\/21.29px Calibri, sans-serif; margin: 0px 0px 1.35em; text-align: center; color: #444444; text-transform: none; text-indent: 0px; letter-spacing: normal; word-spacing: 0px; white-space: normal; background-color: #ffffff; -webkit-text-stroke-width: 0px;\" align=\"center\"><b style=\"line-height: 21.29px; font-weight: bold;\"><span lang=\"EN-US\" style=\"line-height: 30.29px; font-size: 16pt;\">Kurt Seyit ve \u015eura \u0130stanbul\u2019un ge\u00e7ti\u011fimiz ak\u015fam (5 Eyl\u00fcl Cuma) yay\u0131nlanan sezon tan\u0131t\u0131m\u0131 b\u00fcy\u00fck yank\u0131 uyand\u0131rd\u0131. Fahriye Evcen\u2019in M\u00fcrvet karakteriyle ilk defa ekrana geldi\u011fi tan\u0131t\u0131mda, Kurt Seyit, M\u00fcrvet\u2019le imam nikah\u0131yla evleniyor. \u015eura&#8217;n\u0131n g\u00f6zya\u015flar\u0131n\u0131 tutamad\u0131\u011f\u0131 bu sahneler Seyit ve \u015eura a\u015fk\u0131n\u0131n ya\u015fayaca\u011f\u0131 b\u00fcy\u00fck \u00e7\u0131kmaz\u0131 i\u015faret ediyor<\/span><\/b><\/p>\n<p class=\"ecxMsoNormal\" style=\"font: 15px\/21.29px Calibri, sans-serif; margin: 0px 0px 1.35em; text-align: center; color: #444444; text-transform: none; text-indent: 0px; letter-spacing: normal; word-spacing: 0px; white-space: normal; background-color: #ffffff; -webkit-text-stroke-width: 0px;\" align=\"center\"><a href=\"http:\/\/balcilar-blog.com\/wp-content\/uploads\/2014\/09\/41.jpg\"><img loading=\"lazy\" decoding=\"async\" class=\"alignnone size-medium wp-image-3247\" src=\"http:\/\/balcilar-blog.com\/wp-content\/uploads\/2014\/09\/41-300x250.jpg\" alt=\"4\" width=\"300\" height=\"250\" srcset=\"https:\/\/balcilar-blog.com\/wp-content\/uploads\/2014\/09\/41-300x250.jpg 300w, https:\/\/balcilar-blog.com\/wp-content\/uploads\/2014\/09\/41-1024x855.jpg 1024w\" sizes=\"auto, (max-width: 300px) 100vw, 300px\" \/><\/a>\u00a0\u00a0 <a href=\"http:\/\/balcilar-blog.com\/wp-content\/uploads\/2014\/09\/31.jpg\"><img loading=\"lazy\" decoding=\"async\" class=\"alignnone size-medium wp-image-3242\" src=\"http:\/\/balcilar-blog.com\/wp-content\/uploads\/2014\/09\/31-300x242.jpg\" alt=\"3\" width=\"300\" height=\"242\" srcset=\"https:\/\/balcilar-blog.com\/wp-content\/uploads\/2014\/09\/31-300x242.jpg 300w, https:\/\/balcilar-blog.com\/wp-content\/uploads\/2014\/09\/31-1024x829.jpg 1024w\" sizes=\"auto, (max-width: 300px) 100vw, 300px\" \/><\/a><\/p>\n<p class=\"ecxMsoNormal\" style=\"font: 15px\/21.29px Calibri, sans-serif; margin: 0px 0px 1.35em; text-align: center; color: #444444; text-transform: none; text-indent: 0px; letter-spacing: normal; word-spacing: 0px; white-space: normal; background-color: #ffffff; -webkit-text-stroke-width: 0px;\" align=\"center\"><span lang=\"EN-US\" style=\"line-height: 30.29px; font-size: 16pt;\">Yeni sezonda s\u00fcrprizlerle izleyici kar\u015f\u0131s\u0131na \u00e7\u0131kmaya haz\u0131rlanan Kurt Seyit ve \u015eura\u2019da \u015fa\u015f\u0131rt\u0131c\u0131 geli\u015fmeler ya\u015fanacak. Sezon finalinde Petro ve Billy\u2019nin haz\u0131rlad\u0131\u011f\u0131 tuzakla hapse mahkum edilen Seyit, Barones\u2019i \u00f6ld\u00fcrenin kendisinin olmad\u0131\u011f\u0131 anla\u015f\u0131l\u0131nca mahkumiyetten kurtulacak. <\/span><\/p>\n<p class=\"ecxMsoNormal\" style=\"font: 15px\/21.29px Calibri, sans-serif; margin: 0px 0px 1.35em; text-align: center; color: #444444; text-transform: none; text-indent: 0px; letter-spacing: normal; word-spacing: 0px; white-space: normal; background-color: #ffffff; -webkit-text-stroke-width: 0px;\" align=\"center\"><a href=\"http:\/\/balcilar-blog.com\/wp-content\/uploads\/2014\/09\/6.jpg\"><img loading=\"lazy\" decoding=\"async\" class=\"alignnone size-medium wp-image-3248\" src=\"http:\/\/balcilar-blog.com\/wp-content\/uploads\/2014\/09\/6-300x227.jpg\" alt=\"6\" width=\"300\" height=\"227\" srcset=\"https:\/\/balcilar-blog.com\/wp-content\/uploads\/2014\/09\/6-300x227.jpg 300w, https:\/\/balcilar-blog.com\/wp-content\/uploads\/2014\/09\/6.jpg 904w\" sizes=\"auto, (max-width: 300px) 100vw, 300px\" \/><\/a><\/p>\n<p class=\"ecxMsoNormal\" style=\"font: 15px\/21.29px Calibri, sans-serif; margin: 0px 0px 1.35em; text-align: center; color: #444444; text-transform: none; text-indent: 0px; letter-spacing: normal; word-spacing: 0px; white-space: normal; background-color: #ffffff; -webkit-text-stroke-width: 0px;\" align=\"center\"><span lang=\"EN-US\" style=\"line-height: 30.29px; font-size: 16pt;\">Seyit\u2019le kavu\u015fmaya dair \u00fcmidini hi\u00e7 yitirmeyen \u015eura ise eskisinden \u00e7ok daha g\u00fc\u00e7l\u00fc bir kad\u0131n olarak izleyici kar\u015f\u0131s\u0131na \u00e7\u0131kacak. Birbirlerine duyduklar\u0131 a\u015fktan ba\u015fka hi\u00e7bir \u015feyleri olmayan Seyit ve \u00a0\u015eura\u2019n\u0131n yollar\u0131 s\u00fcrpriz bir \u015fekilde M\u00fcrvet ve annesi ile kesi\u015fecek ve bu kesi\u015fme hi\u00e7 hesapta olmayan geli\u015fmelerin ya\u015fanmas\u0131na yol a\u00e7acak.<\/span><\/p>\n<p class=\"ecxMsoNormal\" style=\"font: 15px\/21.29px Calibri, sans-serif; margin: 0px 0px 1.35em; text-align: center; color: #444444; text-transform: none; text-indent: 0px; letter-spacing: normal; word-spacing: 0px; white-space: normal; background-color: #ffffff; -webkit-text-stroke-width: 0px;\" align=\"center\"><b style=\"line-height: 21.29px; font-weight: bold;\"><span lang=\"EN-US\" style=\"line-height: 30.29px; font-size: 16pt;\">\u00a0<\/span><\/b><\/p>\n<p class=\"ecxMsoNormal\" style=\"font: 15px\/21.29px Calibri, sans-serif; margin: 0px 0px 1.35em; text-align: center; color: #444444; text-transform: none; text-indent: 0px; letter-spacing: normal; word-spacing: 0px; white-space: normal; background-color: #ffffff; -webkit-text-stroke-width: 0px;\" align=\"center\"><b style=\"line-height: 21.29px; font-weight: bold;\"><span lang=\"EN-US\" style=\"line-height: 30.29px; font-size: 16pt;\">KURT SEY\u0130T\u2019\u0130N ZOR KARARI<\/span><\/b><\/p>\n<p class=\"ecxMsoNormal\" style=\"font: 15px\/21.29px Calibri, sans-serif; margin: 0px 0px 1.35em; text-align: center; color: #444444; text-transform: none; text-indent: 0px; letter-spacing: normal; word-spacing: 0px; white-space: normal; background-color: #ffffff; -webkit-text-stroke-width: 0px;\" align=\"center\"><span lang=\"EN-US\" style=\"line-height: 30.29px; font-size: 16pt;\"><a href=\"http:\/\/balcilar-blog.com\/wp-content\/uploads\/2014\/09\/21.jpg\"><img loading=\"lazy\" decoding=\"async\" class=\"alignnone size-medium wp-image-3241\" src=\"http:\/\/balcilar-blog.com\/wp-content\/uploads\/2014\/09\/21-205x300.jpg\" alt=\"2\" width=\"205\" height=\"300\" srcset=\"https:\/\/balcilar-blog.com\/wp-content\/uploads\/2014\/09\/21-205x300.jpg 205w, https:\/\/balcilar-blog.com\/wp-content\/uploads\/2014\/09\/21-702x1024.jpg 702w, https:\/\/balcilar-blog.com\/wp-content\/uploads\/2014\/09\/21.jpg 1857w\" sizes=\"auto, (max-width: 205px) 100vw, 205px\" \/><\/a> \u00a0\u00a0<a href=\"http:\/\/balcilar-blog.com\/wp-content\/uploads\/2014\/09\/5.jpg\"><img loading=\"lazy\" decoding=\"async\" class=\"alignnone size-medium wp-image-3250\" src=\"http:\/\/balcilar-blog.com\/wp-content\/uploads\/2014\/09\/5-221x300.jpg\" alt=\"5\" width=\"221\" height=\"300\" srcset=\"https:\/\/balcilar-blog.com\/wp-content\/uploads\/2014\/09\/5-221x300.jpg 221w, https:\/\/balcilar-blog.com\/wp-content\/uploads\/2014\/09\/5-756x1024.jpg 756w\" sizes=\"auto, (max-width: 221px) 100vw, 221px\" \/><\/a><br \/>\n<\/span><\/p>\n<p class=\"ecxMsoNormal\" style=\"font: 15px\/21.29px Calibri, sans-serif; margin: 0px 0px 1.35em; text-align: center; color: #444444; text-transform: none; text-indent: 0px; letter-spacing: normal; word-spacing: 0px; white-space: normal; background-color: #ffffff; -webkit-text-stroke-width: 0px;\" align=\"center\"><span lang=\"EN-US\" style=\"line-height: 30.29px; font-size: 16pt;\">Fahriye Evcen\u2019in canland\u0131raca\u011f\u0131 M\u00fcrvet, Bulgar g\u00f6\u00e7meni bir T\u00fcrk K\u0131z\u0131. Bulgaristan\u2019daki sava\u015f y\u0131llar\u0131nda annesinden ayr\u0131lmak zorunda kalan M\u00fcrvet, y\u0131llar sonra \u0130stanbul\u2019da annesine kavu\u015facak.<\/span><\/p>\n<p class=\"ecxMsoNormal\" style=\"font: 15px\/21.29px Calibri, sans-serif; margin: 0px 0px 1.35em; text-align: center; color: #444444; text-transform: none; text-indent: 0px; letter-spacing: normal; word-spacing: 0px; white-space: normal; background-color: #ffffff; -webkit-text-stroke-width: 0px;\" align=\"center\"><span lang=\"EN-US\" style=\"line-height: 30.29px; font-size: 16pt;\">Ay Yap\u0131m yap\u0131mc\u0131l\u0131\u011f\u0131nda ger\u00e7ekle\u015fen; K\u0131van\u00e7 Tatl\u0131tu\u011f, Farah Zeynep Abdullah ve Fahriye Evcen\u2019in rol ald\u0131\u011f\u0131 Kurt Seyit ve \u015eura Eyl\u00fcl\u2019de Star Tv. ekranlar\u0131nda olacak.<\/span><\/p>\n<p class=\"ecxMsoNormal\" style=\"font: 15px\/21.29px Calibri, sans-serif; margin: 0px 0px 1.35em; text-align: center; color: #444444; text-transform: none; text-indent: 0px; letter-spacing: normal; word-spacing: 0px; white-space: normal; background-color: #ffffff; -webkit-text-stroke-width: 0px;\" align=\"center\"><a href=\"http:\/\/balcilar-blog.com\/wp-content\/uploads\/2014\/09\/k\u0131van\u00e7-tatl\u0131tu\u011f-yeni-imaj\u0131.jpg\"><img loading=\"lazy\" decoding=\"async\" class=\"alignnone size-full wp-image-3249\" src=\"http:\/\/balcilar-blog.com\/wp-content\/uploads\/2014\/09\/k\u0131van\u00e7-tatl\u0131tu\u011f-yeni-imaj\u0131.jpg\" alt=\"k\u0131van\u00e7 tatl\u0131tu\u011f yeni imaj\u0131\" width=\"604\" height=\"365\" srcset=\"https:\/\/balcilar-blog.com\/wp-content\/uploads\/2014\/09\/k\u0131van\u00e7-tatl\u0131tu\u011f-yeni-imaj\u0131.jpg 604w, https:\/\/balcilar-blog.com\/wp-content\/uploads\/2014\/09\/k\u0131van\u00e7-tatl\u0131tu\u011f-yeni-imaj\u0131-300x181.jpg 300w\" sizes=\"auto, (max-width: 604px) 100vw, 604px\" \/><\/a><\/p>\n<p>K\u0131van\u00e7 Tatl\u0131tu\u011f farketti\u011finiz gibi yeni sezon i\u00e7in Seyit\u2019in imaj\u0131n\u0131 de\u011fi\u015ftirmi\u015f. Sa\u00e7lar\u0131n\u0131 ve sakal\u0131n\u0131 k\u0131saltm\u0131\u015f. O d\u00f6nemin milli m\u00fccadele hareketine uygun olan bir tip ortaya \u00e7\u0131km\u0131\u015f.<br \/>\nYeni sezona olduk\u00e7a iddial\u0131 giren Kurt Seyit ve \u015eura, sevilen oyuncu Fahriye Evcen\u2019in dizieye kat\u0131lmasiyle izleyiciden beklenen il\u011fiyi \u015fimdiden g\u00f6rm\u00fc\u015f bulunuyor.<br \/>\nKurt Seyit ve \u015eura, muhtemelen 16 Eyl\u00fcl Sal\u0131 ak\u015fam\u0131 Star ekranlar\u0131nda izleyisi ile bulu\u015facak.<\/p>\n<p>Keyifli seyirler.<\/p>\n<p>Sayg\u0131lar ve sevgiler.<\/p>\n<p>Abdurrahman Balc\u0131lar<\/p>\n<p>Twitter: abdurrahman balc\u0131lar@abbalcilar<br \/>\nMail : ab.balcilar@hotmail.com<br \/>\nBlog: milliyet.com.tr\/cansever<\/p>\n<p>Not: Kaynak haber ve g\u00f6rseller Ay Yap\u0131m bas\u0131n b\u00fclteninden al\u0131nm\u0131\u015ft\u0131r.<br \/>\nNot: Burada yaz\u0131lan t\u00fcm yaz\u0131lar\u0131n elektronik imza ve zaman damgas\u0131 g\u00fcvencesi alt\u0131nda yasal haklar\u0131 korunmaktad\u0131r. Hi\u00e7bir \u015fekilde bas\u0131l\u0131 ya da elektronik bir ortamda (CD, internet vs.) kaynak g\u00f6sterilmeksizin izin al\u0131nmadan kullan\u0131lmaz.<\/p>\n","protected":false},"excerpt":{"rendered":"<p>\u00a0 Ay Yap\u0131m imzal\u0131, Star tv.in super dizisi Kurt Seyit ve \u015eura \u0130stanbul&#8217;un yay\u0131nlanan yeni sezon tan\u0131t\u0131m\u0131nda\u00a0 Fahriye Evcen, M\u00fcrvet karakteriyle ilk kez ekrana geldi. Diziye yeni kat\u0131lan Fahriye Evcen, Kurt Seyit ile imam nikah\u0131 ile evlendiklerini g\u00f6rd\u00fck. Ayr\u0131ca bu tan\u0131t\u0131mda K\u0131van\u00e7 Tatl\u0131tu\u011f imaj de\u011fi\u015ftirdi\u011fini, sakallar\u0131 ve sa\u00e7lar\u0131n\u0131 k\u0131satt\u0131\u011f\u0131 g\u00f6rd\u00fck. \u00a0 \u00a0YEN\u0130 SEZONUN B\u00dcY\u00dcK S\u00dcRPR\u0130Z\u0130! [&hellip;]<\/p>\n","protected":false},"author":3,"featured_media":0,"comment_status":"open","ping_status":"open","sticky":false,"template":"","format":"standard","meta":{"footnotes":""},"categories":[2],"tags":[26,408,234,507,25],"class_list":["post-3235","post","type-post","status-publish","format-standard","hentry","category-tv-programlari","tag-ay-yapim","tag-fahriye-evcen","tag-kurt-seyit-ve-sura","tag-kvanc-tatitu","tag-star-tv"],"views":6074,"blog_post_layout_featured_media_urls":{"thumbnail":"","full":""},"categories_names":{"2":{"name":"TV Programlar\u0131","link":"https:\/\/balcilar-blog.com\/?cat=2"}},"tags_names":{"26":{"name":"Ay Yap\u0131m","link":"https:\/\/balcilar-blog.com\/?tag=ay-yapim"},"408":{"name":"Fahriye Evcen","link":"https:\/\/balcilar-blog.com\/?tag=fahriye-evcen"},"234":{"name":"Kurt Seyit ve \u015eura","link":"https:\/\/balcilar-blog.com\/?tag=kurt-seyit-ve-sura"},"507":{"name":"Kvan\u00e7 Tat\u0131tu","link":"https:\/\/balcilar-blog.com\/?tag=kvanc-tatitu"},"25":{"name":"Star Tv","link":"https:\/\/balcilar-blog.com\/?tag=star-tv"}},"comments_number":"0","wpmagazine_modules_lite_featured_media_urls":{"thumbnail":"","cvmm-medium":"","cvmm-medium-plus":"","cvmm-portrait":"","cvmm-medium-square":"","cvmm-large":"","cvmm-small":"","full":""},"_links":{"self":[{"href":"https:\/\/balcilar-blog.com\/index.php?rest_route=\/wp\/v2\/posts\/3235","targetHints":{"allow":["GET"]}}],"collection":[{"href":"https:\/\/balcilar-blog.com\/index.php?rest_route=\/wp\/v2\/posts"}],"about":[{"href":"https:\/\/balcilar-blog.com\/index.php?rest_route=\/wp\/v2\/types\/post"}],"author":[{"embeddable":true,"href":"https:\/\/balcilar-blog.com\/index.php?rest_route=\/wp\/v2\/users\/3"}],"replies":[{"embeddable":true,"href":"https:\/\/balcilar-blog.com\/index.php?rest_route=%2Fwp%2Fv2%2Fcomments&post=3235"}],"version-history":[{"count":6,"href":"https:\/\/balcilar-blog.com\/index.php?rest_route=\/wp\/v2\/posts\/3235\/revisions"}],"predecessor-version":[{"id":3253,"href":"https:\/\/balcilar-blog.com\/index.php?rest_route=\/wp\/v2\/posts\/3235\/revisions\/3253"}],"wp:attachment":[{"href":"https:\/\/balcilar-blog.com\/index.php?rest_route=%2Fwp%2Fv2%2Fmedia&parent=3235"}],"wp:term":[{"taxonomy":"category","embeddable":true,"href":"https:\/\/balcilar-blog.com\/index.php?rest_route=%2Fwp%2Fv2%2Fcategories&post=3235"},{"taxonomy":"post_tag","embeddable":true,"href":"https:\/\/balcilar-blog.com\/index.php?rest_route=%2Fwp%2Fv2%2Ftags&post=3235"}],"curies":[{"name":"wp","href":"https:\/\/api.w.org\/{rel}","templated":true}]}}