{"id":3143,"date":"2014-09-02T16:33:53","date_gmt":"2014-09-02T13:33:53","guid":{"rendered":"http:\/\/balcilar-blog.com\/?p=3143"},"modified":"2014-09-02T16:33:53","modified_gmt":"2014-09-02T13:33:53","slug":"kara-para-ask-yarin-aksama-damga-vuracak","status":"publish","type":"post","link":"https:\/\/balcilar-blog.com\/?p=3143","title":{"rendered":"Kara Para A\u015fk \/ Yar\u0131n ak\u015fama damga vuracak!"},"content":{"rendered":"<p><a href=\"http:\/\/balcilar-blog.com\/wp-content\/uploads\/2014\/09\/kpa-14.bolum_1.jpg\"><img loading=\"lazy\" decoding=\"async\" class=\"alignnone size-medium wp-image-3146\" src=\"http:\/\/balcilar-blog.com\/wp-content\/uploads\/2014\/09\/kpa-14.bolum_1-264x300.jpg\" alt=\"kpa 14.bolum\" width=\"264\" height=\"300\" srcset=\"https:\/\/balcilar-blog.com\/wp-content\/uploads\/2014\/09\/kpa-14.bolum_1-264x300.jpg 264w, https:\/\/balcilar-blog.com\/wp-content\/uploads\/2014\/09\/kpa-14.bolum_1-901x1024.jpg 901w, https:\/\/balcilar-blog.com\/wp-content\/uploads\/2014\/09\/kpa-14.bolum_1.jpg 1240w\" sizes=\"auto, (max-width: 264px) 100vw, 264px\" \/><\/a><\/p>\n<p>Tuba B\u00fcy\u00fck\u00fcst\u00fcn ve Engin Aky\u00fcrek&#8217;in rol ald\u0131\u011f\u0131 Kara Para A\u015fk, \u00c7ar\u015famba ak\u015fam\u0131 damga vuracak yeni b\u00f6l\u00fcm\u00fcyle ekrana geliyor.<\/p>\n<p>KARA PARA A\u015eK GER\u0130 SAYIM&#8217;DA!<\/p>\n<p>3 EYL\u00dcL \u00c7AR\u015eAMBA SAAT 20:00&#8217;DA ATV&#8217;DE!<\/p>\n<p>Yeni b\u00f6l\u00fcmde neler olacak?<\/p>\n<p>Elif yalans\u0131z temiz bir a\u015fk i\u00e7in \u00d6mer\u2019e kara para aklad\u0131\u011f\u0131n\u0131 itiraf etmi\u015ftir. \u00d6mer\u2019den bekledi\u011fi tepkiyi alamaz ve y\u0131k\u0131l\u0131r. \u00d6mer, Elif\u2019in att\u0131\u011f\u0131 sessiz yard\u0131m \u00e7\u0131\u011fl\u0131n\u0131 duymam\u0131\u015f \u00f6\u011frendikleri kar\u015f\u0131s\u0131nda da b\u00fcy\u00fck bir hayal k\u0131r\u0131kl\u0131\u011f\u0131na u\u011fram\u0131\u015ft\u0131r. \u00d6mer\u2019e g\u00f6re a\u015fk bir kez daha g\u00f6zlerini k\u00f6r etmi\u015f, ger\u00e7ekleri g\u00f6rmesine engel olmu\u015ftur.<\/p>\n<p>\u00d6mer\u2019in Elif\u2019e kar\u015f\u0131 nas\u0131l bir tav\u0131r tak\u0131naca\u011f\u0131 b\u00fcy\u00fck bir merak konusuyken ac\u0131 haber gelir. Zerrin \u00f6lm\u00fc\u015ft\u00fcr. Annesini topra\u011fa veren Elif bir kez daha y\u0131k\u0131l\u0131r. Tayyar Zerrin\u2019in \u00f6l\u00fcm\u00fc ard\u0131ndan olaylar\u0131 istedi\u011fi gibi organize edecek ve bu \u00f6l\u00fcmden Elif\u2019e kar\u015f\u0131 kullanmak \u00fczere b\u00fcy\u00fck bir koz kazanacakt\u0131r.<\/p>\n<p><img decoding=\"async\" src=\"http:\/\/www2.dizifilm.com\/newpics\/fotogaleri\/act\/5018_5852_02092014_7.jpg\" alt=\"\" \/><\/p>\n<p>Elif\u2019ten uzak durmaya \u00e7al\u0131\u015fan \u00d6mer cinayeti \u00e7\u00f6zmek i\u00e7in ara\u015ft\u0131rma yapmaya devam eder. Ahmet Denizer ve Sibel Anda\u00e7 cinayetlerinden tutuklanan Taner\u2019le g\u00f6r\u00fc\u015fmeye gider. Taner \u00d6mer\u2019e kendisini kurtarmas\u0131 kar\u015f\u0131l\u0131\u011f\u0131nda elmaslar\u0131n as\u0131l sahibinin ismini verece\u011fini s\u00f6yler. \u00d6mer, Taner\u2019den katilin ismini \u00f6\u011frenebilecek midir?<\/p>\n<p><a href=\"http:\/\/balcilar-blog.com\/wp-content\/uploads\/2014\/09\/kpa-14.bolum_.jpg\"><img loading=\"lazy\" decoding=\"async\" class=\"alignnone size-medium wp-image-3144\" src=\"http:\/\/balcilar-blog.com\/wp-content\/uploads\/2014\/09\/kpa-14.bolum_-300x199.jpg\" alt=\"kpa 14.bolum_\" width=\"300\" height=\"199\" srcset=\"https:\/\/balcilar-blog.com\/wp-content\/uploads\/2014\/09\/kpa-14.bolum_-300x199.jpg 300w, https:\/\/balcilar-blog.com\/wp-content\/uploads\/2014\/09\/kpa-14.bolum_-1024x682.jpg 1024w, https:\/\/balcilar-blog.com\/wp-content\/uploads\/2014\/09\/kpa-14.bolum_.jpg 2000w\" sizes=\"auto, (max-width: 300px) 100vw, 300px\" \/><\/a><\/p>\n<p>\u00d6mer\u2019in mesafeli ve so\u011fuk tav\u0131rlar\u0131ndan hi\u00e7bir \u015feyin eskisi gibi olamayaca\u011f\u0131na karar veren Elif \u00e7ok k\u00f6t\u00fc durumdad\u0131r. Bu s\u0131rada Nil\u00fcfer ve Metin hakk\u0131nda b\u00fcy\u00fck bir bilgiye ula\u015fm\u0131\u015ft\u0131r. Metin taraf\u0131ndan hala tehdit edilmektedir \u00fcstelik karde\u015fi Nil\u00fcfer de tehlikeli bir oyunun i\u00e7indedir. Elif herkesi korumak ve kurtarmak ad\u0131na polise teslim olmaya karar verir. Oysa Tayyar\u2019\u0131n ve \u00d6mer\u2019in onun i\u00e7in ba\u015fka planlar\u0131 vard\u0131r. Elif planlad\u0131\u011f\u0131 gibi teslim olup her \u015feyden kurtulabilecek midir?<\/p>\n<p><img decoding=\"async\" src=\"http:\/\/www2.dizifilm.com\/newpics\/fotogaleri\/act\/5018_5852_02092014_3.jpg\" alt=\"\" \/><\/p>\n<p>Yap\u0131mc\u0131l\u0131\u011f\u0131n\u0131 Ay Yap\u0131m\u2019\u0131n, y\u00f6netmenli\u011fini Ahmet Kat\u0131ks\u0131z\u2019\u0131n \u00fcstlendi\u011fi, senaryosunu Eylem Canpolat &amp; Sema Ergenekon\u2019un yazd\u0131\u011f\u0131 \u201cKARA PARA A\u015eK\u201d 14. b\u00f6l\u00fcm\u00fcyle 3 Eyl\u00fcl \u00c7ar\u015famba ak\u015fam\u0131 saat 20.00\u2019de Atv\u2019de&#8230;<\/p>\n<p><img decoding=\"async\" src=\"http:\/\/www2.dizifilm.com\/newpics\/fotogaleri\/act\/5018_5852_02092014_1.jpg\" alt=\"\" \/><\/p>\n<p>Benim keyifle izledi\u011fim favori dizilerimden biri Kara Para A\u015fk. Tugba B\u00fcy\u00fck\u00fcst\u00fcn&#8217;\u00fcn oyunculu\u011funa bay\u0131l\u0131yorum. Sab\u0131rs\u0131zl\u0131kla yar\u0131n aka\u015fam\u0131 14.b\u00f6l\u00fcm\u00fc bekliyorum, sizleri bilemem!<\/p>\n<p>Keyifli seyirler.<\/p>\n<p>Sayg\u0131lar, sevgiler.<\/p>\n<p>Abdurrahman Balc\u0131lar<\/p>\n<p>Twitter: abdurrahman balc\u0131lar@abbalcilar<br \/>\nMail : ab.balcilar@hotmail.com<br \/>\nBlog: milliyet.com.tr\/cansever<br \/>\nBlog: balcilar-blog.com<\/p>\n<p>Not: G\u00f6rseller \u0130nternetten, dizifilm.com\u2019dan ve diziden taraf\u0131mdan kopyalanm\u0131\u015ft\u0131r.<\/p>\n<p>Kaynak Haber: Ay Yap\u0131m bas\u0131n b\u00fclteni.<\/p>\n","protected":false},"excerpt":{"rendered":"<p>Tuba B\u00fcy\u00fck\u00fcst\u00fcn ve Engin Aky\u00fcrek&#8217;in rol ald\u0131\u011f\u0131 Kara Para A\u015fk, \u00c7ar\u015famba ak\u015fam\u0131 damga vuracak yeni b\u00f6l\u00fcm\u00fcyle ekrana geliyor. KARA PARA A\u015eK GER\u0130 SAYIM&#8217;DA! 3 EYL\u00dcL \u00c7AR\u015eAMBA SAAT 20:00&#8217;DA ATV&#8217;DE! Yeni b\u00f6l\u00fcmde neler olacak? Elif yalans\u0131z temiz bir a\u015fk i\u00e7in \u00d6mer\u2019e kara para aklad\u0131\u011f\u0131n\u0131 itiraf etmi\u015ftir. \u00d6mer\u2019den bekledi\u011fi tepkiyi alamaz ve y\u0131k\u0131l\u0131r. \u00d6mer, Elif\u2019in att\u0131\u011f\u0131 sessiz [&hellip;]<\/p>\n","protected":false},"author":3,"featured_media":0,"comment_status":"open","ping_status":"open","sticky":false,"template":"","format":"standard","meta":{"footnotes":""},"categories":[2],"tags":[48,304,506],"class_list":["post-3143","post","type-post","status-publish","format-standard","hentry","category-tv-programlari","tag-atv","tag-kara-para-ask","tag-tuba-buyukutun"],"views":6662,"blog_post_layout_featured_media_urls":{"thumbnail":"","full":""},"categories_names":{"2":{"name":"TV Programlar\u0131","link":"https:\/\/balcilar-blog.com\/?cat=2"}},"tags_names":{"48":{"name":"ATV","link":"https:\/\/balcilar-blog.com\/?tag=atv"},"304":{"name":"Kara Para A\u015fk","link":"https:\/\/balcilar-blog.com\/?tag=kara-para-ask"},"506":{"name":"Tuba B\u00fcy\u00fck\u00fct\u00fcn","link":"https:\/\/balcilar-blog.com\/?tag=tuba-buyukutun"}},"comments_number":"0","wpmagazine_modules_lite_featured_media_urls":{"thumbnail":"","cvmm-medium":"","cvmm-medium-plus":"","cvmm-portrait":"","cvmm-medium-square":"","cvmm-large":"","cvmm-small":"","full":""},"_links":{"self":[{"href":"https:\/\/balcilar-blog.com\/index.php?rest_route=\/wp\/v2\/posts\/3143","targetHints":{"allow":["GET"]}}],"collection":[{"href":"https:\/\/balcilar-blog.com\/index.php?rest_route=\/wp\/v2\/posts"}],"about":[{"href":"https:\/\/balcilar-blog.com\/index.php?rest_route=\/wp\/v2\/types\/post"}],"author":[{"embeddable":true,"href":"https:\/\/balcilar-blog.com\/index.php?rest_route=\/wp\/v2\/users\/3"}],"replies":[{"embeddable":true,"href":"https:\/\/balcilar-blog.com\/index.php?rest_route=%2Fwp%2Fv2%2Fcomments&post=3143"}],"version-history":[{"count":2,"href":"https:\/\/balcilar-blog.com\/index.php?rest_route=\/wp\/v2\/posts\/3143\/revisions"}],"predecessor-version":[{"id":3152,"href":"https:\/\/balcilar-blog.com\/index.php?rest_route=\/wp\/v2\/posts\/3143\/revisions\/3152"}],"wp:attachment":[{"href":"https:\/\/balcilar-blog.com\/index.php?rest_route=%2Fwp%2Fv2%2Fmedia&parent=3143"}],"wp:term":[{"taxonomy":"category","embeddable":true,"href":"https:\/\/balcilar-blog.com\/index.php?rest_route=%2Fwp%2Fv2%2Fcategories&post=3143"},{"taxonomy":"post_tag","embeddable":true,"href":"https:\/\/balcilar-blog.com\/index.php?rest_route=%2Fwp%2Fv2%2Ftags&post=3143"}],"curies":[{"name":"wp","href":"https:\/\/api.w.org\/{rel}","templated":true}]}}