{"id":30146,"date":"2025-08-23T16:53:41","date_gmt":"2025-08-23T13:53:41","guid":{"rendered":"https:\/\/balcilar-blog.com\/?p=30146"},"modified":"2025-09-17T11:58:29","modified_gmt":"2025-09-17T08:58:29","slug":"dagyeni-koyu-osmanlidan-gelen-koklerimiz","status":"publish","type":"post","link":"https:\/\/balcilar-blog.com\/?p=30146","title":{"rendered":"DA\u011eYEN\u0130 K\u00d6Y\u00dc OSMANLI D\u00d6NEM\u0130NDEN GELEN K\u00d6KLER\u0130M\u0130Z"},"content":{"rendered":"<p><a href=\"https:\/\/balcilar-blog.com\/wp-content\/uploads\/2025\/08\/images.jpg\"><img loading=\"lazy\" decoding=\"async\" class=\"alignnone size-full wp-image-30147\" src=\"https:\/\/balcilar-blog.com\/wp-content\/uploads\/2025\/08\/images.jpg\" alt=\"\" width=\"275\" height=\"183\" \/><\/a><\/p>\n<p>Da\u011fyeni K\u00f6y\u00fcm\u00fczde ya\u015fayan ailerin \u00e7o\u011funun k\u00f6kleri Osmanl\u0131 d\u00f6neminden gelmektedir.\u00a0 100 &#8211; 200 y\u0131ll\u0131k s\u00fclaleler vard\u0131r. G\u00fcn\u00fcm\u00fczde Soya\u011fac\u0131n\u0131z\u0131 E devletten bulabilir 4 nesil, 1860 y\u0131l\u0131na kadar g\u00f6rbilirsiniz.<\/p>\n<p>Alfabetik olarak bu aileri s\u0131ralayal\u0131m. Bu y\u0131llarda ya\u015fayan bir ki\u015fiyi de paraztez i\u00e7inde ad\u0131n\u0131 yazd\u0131m.<\/p>\n<p><span style=\"color: #ff0000\">\u0130\u015eTE O ESK\u0130 S\u00dcLALELER\u00a0<\/span><\/p>\n<ul>\n<li><span style=\"color: #0000ff\">Alao\u011fullar<\/span> &#8211; (Hasan H\u00fcseyin Y\u0131ld\u0131z)<\/li>\n<li><span style=\"color: #0000ff\">Alc\u0131klar\u00a0<\/span> &#8211; (Mahmut Girgin)<\/li>\n<li><span style=\"color: #0000ff\">Arpazlar<\/span> &#8211;\u00a0 (H\u00fcseyin Arpazl\u0131)<\/li>\n<li><span style=\"color: #0000ff\">Ayd\u0131nlar<\/span> &#8211; (H\u00fcseyin Ayd\u0131n)<\/li>\n<li><span style=\"color: #0000ff\">Balc\u0131lar<\/span> &#8211; (Abdurrahman Balc\u0131lar)<\/li>\n<li><span style=\"color: #0000ff\">Ceneller<\/span> &#8211; (Durmu\u015f Uslu)<\/li>\n<li><span style=\"color: #0000ff\">Cennetler<\/span> &#8211; (Mehmet Ko\u015fmaz)<\/li>\n<li><span style=\"color: #0000ff\">\u00c7avdarlar<\/span> &#8211; (Muzaffer Efe)<\/li>\n<li><span style=\"color: #0000ff\">\u00c7\u0131p\u0131rozlar<\/span> &#8211; (Veli Selbes)<\/li>\n<li><span style=\"color: #0000ff\">Dizginler<\/span> &#8211; (Muammer G\u00f6k\u00e7en)<\/li>\n<li><span style=\"color: #0000ff\">D\u0131kanlar<\/span> &#8211; (Hasan Demirta\u015f)<\/li>\n<li><span style=\"color: #0000ff\">\u0130nceo\u011flanlar<\/span> &#8211; (Zafer \u0130nceer)<\/li>\n<li><span style=\"color: #0000ff\">Hac\u0131amadlar<\/span> &#8211; (Muzaffer Selbes)<\/li>\n<li><a href=\"https:\/\/balcilar-blog.com\/wp-content\/uploads\/2025\/08\/537559060_10223464664403478_3692222544682735945_n.jpg\"><img loading=\"lazy\" decoding=\"async\" class=\"alignnone size-medium wp-image-30152\" src=\"https:\/\/balcilar-blog.com\/wp-content\/uploads\/2025\/08\/537559060_10223464664403478_3692222544682735945_n-300x224.jpg\" alt=\"\" width=\"300\" height=\"224\" srcset=\"https:\/\/balcilar-blog.com\/wp-content\/uploads\/2025\/08\/537559060_10223464664403478_3692222544682735945_n-300x224.jpg 300w, https:\/\/balcilar-blog.com\/wp-content\/uploads\/2025\/08\/537559060_10223464664403478_3692222544682735945_n-1024x763.jpg 1024w, https:\/\/balcilar-blog.com\/wp-content\/uploads\/2025\/08\/537559060_10223464664403478_3692222544682735945_n-768x572.jpg 768w, https:\/\/balcilar-blog.com\/wp-content\/uploads\/2025\/08\/537559060_10223464664403478_3692222544682735945_n-1536x1144.jpg 1536w, https:\/\/balcilar-blog.com\/wp-content\/uploads\/2025\/08\/537559060_10223464664403478_3692222544682735945_n-136x102.jpg 136w, https:\/\/balcilar-blog.com\/wp-content\/uploads\/2025\/08\/537559060_10223464664403478_3692222544682735945_n.jpg 1832w\" sizes=\"auto, (max-width: 300px) 100vw, 300px\" \/><\/a><\/li>\n<li><span style=\"color: #ff00ff\">Eski s\u00fclalerden kalan bir g\u00f6r\u00fcnt\u00fc.<\/span><\/li>\n<li><\/li>\n<li><span style=\"color: #0000ff\">Hac\u0131eller\u00a0<\/span> &#8211; (Muzaffer Avcu)<\/li>\n<li><span style=\"color: #0000ff\">Hac\u0131ailer<\/span> (H\u00fcseyin Korkmaz)<\/li>\n<li><span style=\"color: #0000ff\">Hac\u0131hasanlar<\/span> &#8211; (Nazmi Durmu\u015f)<\/li>\n<li><span style=\"color: #0000ff\">H\u00fcseyinKayalar\u00a0<\/span> &#8211; (Hasan Y\u0131lmaz)<\/li>\n<li><span style=\"color: #0000ff\">Kabaklar<\/span> &#8211; (Ali Afacan)<\/li>\n<li><span style=\"color: #0000ff\">Kad\u0131lar<\/span> &#8211; (Metin Varol)<\/li>\n<li><span style=\"color: #0000ff\">Kayalar<\/span> &#8211; (Necati Kaya)<\/li>\n<li><span style=\"color: #0000ff\">Karaismail<\/span> &#8211;\u00a0 (Hediye Ayd\u0131n)<\/li>\n<li><span style=\"color: #0000ff\">K\u0131ro\u011flanlar<\/span> &#8211; (Turgut Ye\u015fil)<\/li>\n<li><span style=\"color: #0000ff\">K\u0131rl\u0131osmanlar<\/span> &#8211; (Mehmet Turan)<\/li>\n<li><span style=\"color: #0000ff\">Kocaamadlar<\/span> &#8211; (H.H\u00fcseyin Y\u0131ld\u0131z)<\/li>\n<li><span style=\"color: #0000ff\">Mehmeta\u011falar<\/span> &#8211; (Mehmet Bircan)<\/li>\n<li><span style=\"color: #0000ff\">Mollaismailler<\/span> &#8211; (Ziya Avcu)<\/li>\n<li><span style=\"color: #0000ff\">Muso\u011fular<\/span> &#8211; (Hasan H\u00fcseyin Yaman)<\/li>\n<li><span style=\"color: #0000ff\">Osmanl\u0131lar<\/span> &#8211; (Mustafa \u00c7etin)<\/li>\n<li><a href=\"https:\/\/balcilar-blog.com\/wp-content\/uploads\/2025\/08\/4a678ed5-a6e4-45f5-9bc7-15de0d36504d-rotated.jpg\"><img loading=\"lazy\" decoding=\"async\" class=\"alignnone size-medium wp-image-30153\" src=\"https:\/\/balcilar-blog.com\/wp-content\/uploads\/2025\/08\/4a678ed5-a6e4-45f5-9bc7-15de0d36504d-300x181.jpg\" alt=\"\" width=\"300\" height=\"181\" srcset=\"https:\/\/balcilar-blog.com\/wp-content\/uploads\/2025\/08\/4a678ed5-a6e4-45f5-9bc7-15de0d36504d-300x181.jpg 300w, https:\/\/balcilar-blog.com\/wp-content\/uploads\/2025\/08\/4a678ed5-a6e4-45f5-9bc7-15de0d36504d-1024x619.jpg 1024w, https:\/\/balcilar-blog.com\/wp-content\/uploads\/2025\/08\/4a678ed5-a6e4-45f5-9bc7-15de0d36504d-768x464.jpg 768w, https:\/\/balcilar-blog.com\/wp-content\/uploads\/2025\/08\/4a678ed5-a6e4-45f5-9bc7-15de0d36504d-1536x928.jpg 1536w, https:\/\/balcilar-blog.com\/wp-content\/uploads\/2025\/08\/4a678ed5-a6e4-45f5-9bc7-15de0d36504d-rotated.jpg 1600w\" sizes=\"auto, (max-width: 300px) 100vw, 300px\" \/><\/a><\/li>\n<li><span style=\"color: #ff00ff\">Ge\u00e7mi\u015ften kalanlardan baz\u0131lar\u0131<\/span><\/li>\n<li><span style=\"color: #0000ff\">Tavullar<\/span> &#8211; (Hasan Keskin)<\/li>\n<li><span style=\"color: #0000ff\">Yitimler<\/span> &#8211; (Salih Y\u0131ld\u0131z)<\/li>\n<li><span style=\"color: #0000ff\">Yorganc\u0131lar<\/span> &#8211; (Sabahattin \u00c7al\u0131\u015fkan)<\/li>\n<li><span style=\"color: #0000ff\">Y\u00f6r\u00fckler<\/span> &#8211; (Osman Bircan)<\/li>\n<li><span style=\"color: #0000ff\">Y\u00f6r\u00fckmemetler<\/span> &#8211; (Mehmet G\u00fcldiken)<\/li>\n<\/ul>\n<p>G\u00f6rd\u00fc\u011f\u00fcn\u00fcz gibi k\u00f6k\u00fc eskiye dayanan ailelerden akl\u0131m\u0131za gelen, 32 s\u00fclale\u00a0 bulunmaktad\u0131r.<\/p>\n<p>Cumhuriyet d\u00f6neminde, 1935 soyad\u0131 kanundan sonra gelenler bura yer verilmemi\u015ftir.<\/p>\n<p>Bu d\u00fcnyadan g\u00f6\u00e7enlere Allah rahmet eylesim, ya\u015fayanlara da sa\u011f\u0131kl\u0131 uzun \u00f6m\u00fcrler versin.<\/p>\n<p>Abdurrahman Balc\u0131lar<\/p>\n<p>Not: Bu s\u00fclaleri, Muso\u011flu Hasan H\u00fcseyin Yaman ile t\u00fcm k\u00f6y evlerinde ya\u015fayanlar\u0131 g\u00f6z \u00f6n\u00fcne getirerek tesbit ettik. Kendisine ayr\u0131ca te\u015fekk\u00fcr ederim.<\/p>\n","protected":false},"excerpt":{"rendered":"<p>Da\u011fyeni K\u00f6y\u00fcm\u00fczde ya\u015fayan ailerin \u00e7o\u011funun k\u00f6kleri Osmanl\u0131 d\u00f6neminden gelmektedir.\u00a0 100 &#8211; 200 y\u0131ll\u0131k s\u00fclaleler vard\u0131r. G\u00fcn\u00fcm\u00fczde Soya\u011fac\u0131n\u0131z\u0131 E devletten bulabilir 4 nesil, 1860 y\u0131l\u0131na kadar g\u00f6rbilirsiniz. Alfabetik olarak bu aileri s\u0131ralayal\u0131m. Bu y\u0131llarda ya\u015fayan bir ki\u015fiyi de paraztez i\u00e7inde ad\u0131n\u0131 yazd\u0131m. \u0130\u015eTE O ESK\u0130 S\u00dcLALELER\u00a0 Alao\u011fullar &#8211; (Hasan H\u00fcseyin Y\u0131ld\u0131z) Alc\u0131klar\u00a0 &#8211; (Mahmut Girgin) Arpazlar [&hellip;]<\/p>\n","protected":false},"author":3,"featured_media":30147,"comment_status":"open","ping_status":"closed","sticky":false,"template":"","format":"standard","meta":{"footnotes":""},"categories":[340],"tags":[2698,125,2702,2699,2700,2697,2701],"class_list":["post-30146","post","type-post","status-publish","format-standard","has-post-thumbnail","hentry","category-anilar","tag-cavdarlar","tag-dagyeni","tag-edevlet","tag-kadilar","tag-kayalar","tag-soyagaci","tag-yorukler"],"views":870,"blog_post_layout_featured_media_urls":{"thumbnail":["https:\/\/balcilar-blog.com\/wp-content\/uploads\/2025\/08\/images-150x150.jpg",150,150,true],"full":["https:\/\/balcilar-blog.com\/wp-content\/uploads\/2025\/08\/images.jpg",275,183,false]},"categories_names":{"340":{"name":"An\u0131lar","link":"https:\/\/balcilar-blog.com\/?cat=340"}},"tags_names":{"2698":{"name":"\u00c7avdarlar","link":"https:\/\/balcilar-blog.com\/?tag=cavdarlar"},"125":{"name":"Da\u011fyeni","link":"https:\/\/balcilar-blog.com\/?tag=dagyeni"},"2702":{"name":"Edevlet","link":"https:\/\/balcilar-blog.com\/?tag=edevlet"},"2699":{"name":"Kad\u0131lar","link":"https:\/\/balcilar-blog.com\/?tag=kadilar"},"2700":{"name":"Kayalar","link":"https:\/\/balcilar-blog.com\/?tag=kayalar"},"2697":{"name":"soya\u011fac\u0131","link":"https:\/\/balcilar-blog.com\/?tag=soyagaci"},"2701":{"name":"Y\u00f6r\u00fckler","link":"https:\/\/balcilar-blog.com\/?tag=yorukler"}},"comments_number":"0","wpmagazine_modules_lite_featured_media_urls":{"thumbnail":["https:\/\/balcilar-blog.com\/wp-content\/uploads\/2025\/08\/images-150x150.jpg",150,150,true],"cvmm-medium":["https:\/\/balcilar-blog.com\/wp-content\/uploads\/2025\/08\/images.jpg",275,183,false],"cvmm-medium-plus":["https:\/\/balcilar-blog.com\/wp-content\/uploads\/2025\/08\/images.jpg",275,183,false],"cvmm-portrait":["https:\/\/balcilar-blog.com\/wp-content\/uploads\/2025\/08\/images.jpg",275,183,false],"cvmm-medium-square":["https:\/\/balcilar-blog.com\/wp-content\/uploads\/2025\/08\/images.jpg",275,183,false],"cvmm-large":["https:\/\/balcilar-blog.com\/wp-content\/uploads\/2025\/08\/images.jpg",275,183,false],"cvmm-small":["https:\/\/balcilar-blog.com\/wp-content\/uploads\/2025\/08\/images-130x95.jpg",130,95,true],"full":["https:\/\/balcilar-blog.com\/wp-content\/uploads\/2025\/08\/images.jpg",275,183,false]},"_links":{"self":[{"href":"https:\/\/balcilar-blog.com\/index.php?rest_route=\/wp\/v2\/posts\/30146","targetHints":{"allow":["GET"]}}],"collection":[{"href":"https:\/\/balcilar-blog.com\/index.php?rest_route=\/wp\/v2\/posts"}],"about":[{"href":"https:\/\/balcilar-blog.com\/index.php?rest_route=\/wp\/v2\/types\/post"}],"author":[{"embeddable":true,"href":"https:\/\/balcilar-blog.com\/index.php?rest_route=\/wp\/v2\/users\/3"}],"replies":[{"embeddable":true,"href":"https:\/\/balcilar-blog.com\/index.php?rest_route=%2Fwp%2Fv2%2Fcomments&post=30146"}],"version-history":[{"count":13,"href":"https:\/\/balcilar-blog.com\/index.php?rest_route=\/wp\/v2\/posts\/30146\/revisions"}],"predecessor-version":[{"id":30169,"href":"https:\/\/balcilar-blog.com\/index.php?rest_route=\/wp\/v2\/posts\/30146\/revisions\/30169"}],"wp:featuredmedia":[{"embeddable":true,"href":"https:\/\/balcilar-blog.com\/index.php?rest_route=\/wp\/v2\/media\/30147"}],"wp:attachment":[{"href":"https:\/\/balcilar-blog.com\/index.php?rest_route=%2Fwp%2Fv2%2Fmedia&parent=30146"}],"wp:term":[{"taxonomy":"category","embeddable":true,"href":"https:\/\/balcilar-blog.com\/index.php?rest_route=%2Fwp%2Fv2%2Fcategories&post=30146"},{"taxonomy":"post_tag","embeddable":true,"href":"https:\/\/balcilar-blog.com\/index.php?rest_route=%2Fwp%2Fv2%2Ftags&post=30146"}],"curies":[{"name":"wp","href":"https:\/\/api.w.org\/{rel}","templated":true}]}}