{"id":29308,"date":"2024-11-05T17:38:40","date_gmt":"2024-11-05T14:38:40","guid":{"rendered":"https:\/\/balcilar-blog.com\/?p=29308"},"modified":"2024-11-05T17:55:33","modified_gmt":"2024-11-05T14:55:33","slug":"cagatay-ulusoyun-2025-dizisi-geliyor","status":"publish","type":"post","link":"https:\/\/balcilar-blog.com\/?p=29308","title":{"rendered":"\u00c7a\u011fatay Ulusoy&#8217;un 2025 Dizisi Geliyor!"},"content":{"rendered":"<p><a href=\"https:\/\/balcilar-blog.com\/wp-content\/uploads\/2024\/11\/Esref-Ruya-dizi.jpg\"><img loading=\"lazy\" decoding=\"async\" class=\"alignnone size-medium wp-image-29314\" src=\"https:\/\/balcilar-blog.com\/wp-content\/uploads\/2024\/11\/Esref-Ruya-dizi-300x237.jpg\" alt=\"\" width=\"300\" height=\"237\" srcset=\"https:\/\/balcilar-blog.com\/wp-content\/uploads\/2024\/11\/Esref-Ruya-dizi-300x237.jpg 300w, https:\/\/balcilar-blog.com\/wp-content\/uploads\/2024\/11\/Esref-Ruya-dizi.jpg 526w\" sizes=\"auto, (max-width: 300px) 100vw, 300px\" \/><\/a><\/p>\n<p><strong><span style=\"color: #ff0000\">\u00c7a\u011fatay Ulusoy<\/span><\/strong>, \u0130nternet dizileri yan\u0131nda Tv. dizilerine devam ediyor. 2024 Ocak &#8211; Haziran ras\u0131nda 20 b\u00f6l\u00fcm ekranlara gelmi\u015f, olduk\u00e7a sevilen bir dizi olmu\u015f, ne yaz\u0131k ki devam\u0131 gelmemi\u015ftir. Bu g\u00fcnlerde \u00c7a\u011fatay&#8217;\u0131n yeni bir Tv dizisi ile ekranlar\u0131 gelecek olmas\u0131 sevenlerini \u00e7ok sevindirmi\u015ftir.<\/p>\n<p><span style=\"color: #0000ff\">Tims &amp;B<\/span> (Timur Savc\u0131 &#8211; Burak Sa\u011fya\u015far) Prod\u00fccsions yap\u0131mc\u0131s\u0131 ile anla\u015fm\u0131\u015ft\u0131r. Dizinin ad\u0131; <span style=\"color: #ff0000\">E\u015fref &#8211; R\u00fcya<\/span>&#8216;d\u0131r.<\/p>\n<p>Bu dizide; Ulusoy&#8217;un ald\u0131\u011f\u0131 b\u00f6l\u00fcm ba\u015f\u0131 (3,5 Milyon) \u00fccrete bakarsak, oldukca maliyetli ve dev bir yap\u0131m olaca\u011f\u0131n\u0131 tahmin ediyorum. Dizinin yanetmeni Ulu\u00e7 Bayraktar. Deneyimli y\u00f6netmenimiz,in Karaday\u0131, Ezel ve \u0130\u00e7erde gibi sevilen dizilerin y\u00f6netmenidir.<\/p>\n<p>Senaryoyu da Ethem \u00d6z\u0131\u015f\u0131k yaz\u0131yor. \u00d6z\u0131\u015f\u0131k, 1977 Almanya do\u011f\u0131mlu, Marmara \u00dcniversitesi Radyo Tv Sinema B\u00f6l\u00fcm\u00fc mezuna, deneyimli bir senaristimiz olup, Poyraz Karayel, S\u00f6z, Yar\u0131m Kalan A\u015fklar, ve Mara\u015fl\u0131 gibi sevilen dizilerin senaryolar\u0131na yazm\u0131\u015ft\u0131r.<\/p>\n<p>\u00c7a\u011fatay Ulusoy dizide E\u015fref karakterini hayat veriyor. 14 ya\u015flar\u0131nda bir tamirhanede \u00e7al\u0131\u015f\u0131rken bir k\u0131za a\u015f\u0131k olur. Ad\u0131 R\u00fcya olan bu k\u0131z y\u0131llar sonra kar\u015f\u0131s\u0131na \u015fark\u0131c\u0131 olarak \u00e7\u0131kar. E\u015fref de i\u015finde ilerlemi\u015f, yak\u0131\u015f\u0131kl\u0131 makam sahibi bir\u0130 olmu\u015ftur. Bu ili\u015fki de\u011fi\u015fik boyutlarda devam eder.<\/p>\n<p><a href=\"https:\/\/balcilar-blog.com\/wp-content\/uploads\/2024\/11\/kapak-113030.jpg\"><img loading=\"lazy\" decoding=\"async\" class=\"alignnone size-medium wp-image-29311\" src=\"https:\/\/balcilar-blog.com\/wp-content\/uploads\/2024\/11\/kapak-113030-300x169.jpg\" alt=\"\" width=\"300\" height=\"169\" srcset=\"https:\/\/balcilar-blog.com\/wp-content\/uploads\/2024\/11\/kapak-113030-300x169.jpg 300w, https:\/\/balcilar-blog.com\/wp-content\/uploads\/2024\/11\/kapak-113030.jpg 346w\" sizes=\"auto, (max-width: 300px) 100vw, 300px\" \/><\/a><\/p>\n<p>\u00c7a\u011fatay Ulusoy&#8217;un kar\u015f\u0131s\u0131nda oynayacak oyuncu Ay\u00e7a Ay\u015fin Turan&#8217;\u0131n ad\u0131 ge\u00e7se de, partneri kimin olaca\u011f\u0131 hen\u00fcz belli de\u011fil&#8230; Kesinle\u015fince ayr\u0131ca duyururuz. Dizinin yay\u0131nc\u0131 kurulu\u015f olarak, Kanal D&#8217;nin ad\u0131 ge\u00e7iyor. \u00c7ar\u015famba ya da Per\u015fembe gecelerinden birinde yay\u0131nlanacakm\u0131\u015f.<\/p>\n<p>Oyuncu kadrosunda \u00c7a\u011fatay&#8217;\u0131n \u00f6nceki dizilerde birlikte \u00e7al\u0131\u015ft\u0131\u011f\u0131 bir \u00e7ok tan\u0131d\u0131k, g\u00fc\u00e7l\u00fc oyuncular yer alacakt\u0131r. Kadronun\u00a0 tamamlanmas\u0131 ile, bu y\u0131l sonu \u00e7ekimlerine ba\u015flanacak olan dizi, 2025 Ocak &#8211; \u015eubat aylar\u0131nda ekranlar\u0131m\u0131zda olacak.<\/p>\n<p>Ben kendi ad\u0131ma olduk\u00e7a ses getirecek bir yap\u0131m olaca\u011f\u0131n\u0131 tahmin ediyorum. Yakinen tan\u0131d\u0131\u011f\u0131m, bil\u011fim \u00c7a\u011fatay Ulusoy&#8217;un E\u015fref R\u00fcya dizisi 2025 y\u0131l\u0131 boyunca milyonlar\u0131 ekran ba\u015f\u0131na oturtackt\u0131r.<\/p>\n<p>T\u00fcm E\u015fref &#8211; R\u00fcya ekibinde yer alacaklara, \u015fimdiden ba\u015far\u0131lar dliyorum.<\/p>\n<p>Sayg\u0131lar\u0131mla<\/p>\n<p>Abdurrahman Balc\u0131lar<\/p>\n","protected":false},"excerpt":{"rendered":"<p>\u00c7a\u011fatay Ulusoy, \u0130nternet dizileri yan\u0131nda Tv. dizilerine devam ediyor. 2024 Ocak &#8211; Haziran ras\u0131nda 20 b\u00f6l\u00fcm ekranlara gelmi\u015f, olduk\u00e7a sevilen bir dizi olmu\u015f, ne yaz\u0131k ki devam\u0131 gelmemi\u015ftir. Bu g\u00fcnlerde \u00c7a\u011fatay&#8217;\u0131n yeni bir Tv dizisi ile ekranlar\u0131 gelecek olmas\u0131 sevenlerini \u00e7ok sevindirmi\u015ftir. Tims &amp;B (Timur Savc\u0131 &#8211; Burak Sa\u011fya\u015far) Prod\u00fccsions yap\u0131mc\u0131s\u0131 ile anla\u015fm\u0131\u015ft\u0131r. Dizinin ad\u0131; [&hellip;]<\/p>\n","protected":false},"author":3,"featured_media":29314,"comment_status":"open","ping_status":"closed","sticky":false,"template":"","format":"standard","meta":{"footnotes":""},"categories":[2],"tags":[2617,2603,2619,2618,1167],"class_list":["post-29308","post","type-post","status-publish","format-standard","has-post-thumbnail","hentry","category-tv-programlari","tag-cagatay-ulusoy-2","tag-esref-ruya","tag-ethem-ozisik","tag-tims-2","tag-uluc-bayraktar"],"views":2179,"blog_post_layout_featured_media_urls":{"thumbnail":["https:\/\/balcilar-blog.com\/wp-content\/uploads\/2024\/11\/Esref-Ruya-dizi-150x150.jpg",150,150,true],"full":["https:\/\/balcilar-blog.com\/wp-content\/uploads\/2024\/11\/Esref-Ruya-dizi.jpg",526,415,false]},"categories_names":{"2":{"name":"TV Programlar\u0131","link":"https:\/\/balcilar-blog.com\/?cat=2"}},"tags_names":{"2617":{"name":"\u00c7a\u011fatay Ulusoy","link":"https:\/\/balcilar-blog.com\/?tag=cagatay-ulusoy-2"},"2603":{"name":"E\u015fref R\u00fcya","link":"https:\/\/balcilar-blog.com\/?tag=esref-ruya"},"2619":{"name":"Ethem \u00d6z\u0131\u015f\u0131k","link":"https:\/\/balcilar-blog.com\/?tag=ethem-ozisik"},"2618":{"name":"Tims&amp;","link":"https:\/\/balcilar-blog.com\/?tag=tims-2"},"1167":{"name":"Ulu\u00e7 Bayraktar","link":"https:\/\/balcilar-blog.com\/?tag=uluc-bayraktar"}},"comments_number":"0","wpmagazine_modules_lite_featured_media_urls":{"thumbnail":["https:\/\/balcilar-blog.com\/wp-content\/uploads\/2024\/11\/Esref-Ruya-dizi-150x150.jpg",150,150,true],"cvmm-medium":["https:\/\/balcilar-blog.com\/wp-content\/uploads\/2024\/11\/Esref-Ruya-dizi-300x300.jpg",300,300,true],"cvmm-medium-plus":["https:\/\/balcilar-blog.com\/wp-content\/uploads\/2024\/11\/Esref-Ruya-dizi-305x207.jpg",305,207,true],"cvmm-portrait":["https:\/\/balcilar-blog.com\/wp-content\/uploads\/2024\/11\/Esref-Ruya-dizi-400x415.jpg",400,415,true],"cvmm-medium-square":["https:\/\/balcilar-blog.com\/wp-content\/uploads\/2024\/11\/Esref-Ruya-dizi.jpg",526,415,false],"cvmm-large":["https:\/\/balcilar-blog.com\/wp-content\/uploads\/2024\/11\/Esref-Ruya-dizi.jpg",526,415,false],"cvmm-small":["https:\/\/balcilar-blog.com\/wp-content\/uploads\/2024\/11\/Esref-Ruya-dizi-130x95.jpg",130,95,true],"full":["https:\/\/balcilar-blog.com\/wp-content\/uploads\/2024\/11\/Esref-Ruya-dizi.jpg",526,415,false]},"_links":{"self":[{"href":"https:\/\/balcilar-blog.com\/index.php?rest_route=\/wp\/v2\/posts\/29308","targetHints":{"allow":["GET"]}}],"collection":[{"href":"https:\/\/balcilar-blog.com\/index.php?rest_route=\/wp\/v2\/posts"}],"about":[{"href":"https:\/\/balcilar-blog.com\/index.php?rest_route=\/wp\/v2\/types\/post"}],"author":[{"embeddable":true,"href":"https:\/\/balcilar-blog.com\/index.php?rest_route=\/wp\/v2\/users\/3"}],"replies":[{"embeddable":true,"href":"https:\/\/balcilar-blog.com\/index.php?rest_route=%2Fwp%2Fv2%2Fcomments&post=29308"}],"version-history":[{"count":3,"href":"https:\/\/balcilar-blog.com\/index.php?rest_route=\/wp\/v2\/posts\/29308\/revisions"}],"predecessor-version":[{"id":29318,"href":"https:\/\/balcilar-blog.com\/index.php?rest_route=\/wp\/v2\/posts\/29308\/revisions\/29318"}],"wp:featuredmedia":[{"embeddable":true,"href":"https:\/\/balcilar-blog.com\/index.php?rest_route=\/wp\/v2\/media\/29314"}],"wp:attachment":[{"href":"https:\/\/balcilar-blog.com\/index.php?rest_route=%2Fwp%2Fv2%2Fmedia&parent=29308"}],"wp:term":[{"taxonomy":"category","embeddable":true,"href":"https:\/\/balcilar-blog.com\/index.php?rest_route=%2Fwp%2Fv2%2Fcategories&post=29308"},{"taxonomy":"post_tag","embeddable":true,"href":"https:\/\/balcilar-blog.com\/index.php?rest_route=%2Fwp%2Fv2%2Ftags&post=29308"}],"curies":[{"name":"wp","href":"https:\/\/api.w.org\/{rel}","templated":true}]}}