{"id":2922,"date":"2014-08-16T15:35:02","date_gmt":"2014-08-16T12:35:02","guid":{"rendered":"http:\/\/balcilar-blog.com\/?p=2922"},"modified":"2014-08-17T09:28:53","modified_gmt":"2014-08-17T06:28:53","slug":"medcezir-yeni-sezon-39-bolumde-neler-olacak","status":"publish","type":"post","link":"https:\/\/balcilar-blog.com\/?p=2922","title":{"rendered":"Medcezir \/ Yeni sezon 39.b\u00f6l\u00fcmde neler olacak!"},"content":{"rendered":"<p><img loading=\"lazy\" decoding=\"async\" id=\"irc_mi\" src=\"http:\/\/static.tvyo.com\/img\/general_b\/13-08\/15\/medcezir_cover.jpg\" alt=\"\" width=\"650\" height=\"365\" \/><\/p>\n<p>Medcezir, \u015fu g\u00fcnlerde yeni sezon 39.b\u00f6l\u00fcm \u00e7ekimleri ba\u015flad\u0131. Ge\u00e7ti\u011fimiz 13 Haziran Cuma ak\u015fam\u0131 38.b\u00f6l\u00fcm ile sezon finali yapm\u0131\u015f, oyuncular\u0131 ve t\u00fcm ekip iki ayl\u0131k bir tatile \u00e7\u0131km\u0131\u015flard\u0131. As\u0131m \u015fekip Kaya ile Sude Beylice&#8217;nin d\u00fc\u011f\u00fcn gecesinde istenmeyen olaylar olmu\u015ftu. Selim Serez ile Ender Serez \u00a0d\u00fc\u011f\u00fcne s\u00fcrpriz bir \u015fekilde gelen Sinan Bey y\u00fcz\u00fcnden kar\u0131-koca kavgas\u0131 etmi\u015fler. Oradan h\u0131zla uzakla\u015f\u0131rken, arabalar\u0131 \u00fc\u00e7 takla atm\u0131\u015flard\u0131. Pe\u015flerinden gelen Yaman ile Mira olaya \u015fahit olmu\u015flar, hemen araban\u0131n ba\u015f\u0131na gitmi\u015fler ve 38.b\u00f6l\u00fcm burada ac\u0131 sonla bitmi\u015fti.<\/p>\n<p><a href=\"http:\/\/balcilar-blog.com\/wp-content\/uploads\/2014\/08\/tumblr_n345ns32xj1tt83lno1_500-ender.png\"><img loading=\"lazy\" decoding=\"async\" class=\"alignnone size-full wp-image-2932\" src=\"http:\/\/balcilar-blog.com\/wp-content\/uploads\/2014\/08\/tumblr_n345ns32xj1tt83lno1_500-ender.png\" alt=\"tumblr_n345ns32xj1tt83lno1_500 ender\" width=\"399\" height=\"387\" srcset=\"https:\/\/balcilar-blog.com\/wp-content\/uploads\/2014\/08\/tumblr_n345ns32xj1tt83lno1_500-ender.png 399w, https:\/\/balcilar-blog.com\/wp-content\/uploads\/2014\/08\/tumblr_n345ns32xj1tt83lno1_500-ender-300x290.png 300w\" sizes=\"auto, (max-width: 399px) 100vw, 399px\" \/><\/a><\/p>\n<p>Kaza sonunda neler oldu\u011funu bu yeni b\u00f6l\u00fcmde g\u00f6rece\u011fiz. Ender Serez karakterini can veren Mine Tugay diziden resmen ayr\u0131ld\u0131. \u015eimdi biz onun cenaze merasimini \u015fahit olaca\u011f\u0131z ve \u00f6ld\u00fcr\u00fclerek diziden \u00e7\u0131kar\u0131lm\u0131\u015f olacak. Benim arzum Ender Serez karakterinin \u00f6ld\u00fcr\u00fclmemesi, a\u011f\u0131r yaral\u0131 olarak hastaneye kald\u0131r\u0131l\u0131p, uzun bir nekahat d\u00f6neminden sonra, estetik ameliyat\u0131 ge\u00e7irip yeni bir y\u00fczle, yeni\u015f bir oyuncu ile Ender Serez karakterinin devam etmesi. Bu karakter i\u00e7in diziye yeni giren Asl\u0131 Orcan \u00e7ok uygun. Son b\u00f6l\u00fcmde gazeteci olarak \u00e7ok az g\u00f6z\u00fckm\u00fc\u015ft\u00fc, Bir \u00e7ok izleyicimiz fark\u0131nda bile de\u011fildir.<\/p>\n<p>Serez&#8217;lerin kocaman k\u00f6\u015fk\u00fcnde \u00fc\u00e7 bekar erke\u011fi d\u00fc\u015f\u00fcnemiyorum. Selim Serez, Mert ve Yaman evin kad\u0131n\u0131 yok. Selim Serez&#8217;in evlenmesi laz\u0131m, Mert&#8217;e yeni bir cici anne. Muhtemelen \u00e7evresindeki gazeteci kad\u0131n (Asl\u0131 Orcan) ile evlendirilecektir. Art\u0131k \u00e7ok sevdi\u011fi eski kar\u0131s\u0131 Ender Han\u0131m\u0131n \u00fcst\u00fcne bir a\u015fk evlili\u011fi olur mu bilemem.<\/p>\n<p>Bu karar\u0131 verecek olan, senaristimiz Ece Y\u00f6ren\u00e7. Bu b\u00f6l\u00fcm\u00fc yazd\u0131 bile. \u015eu s\u0131ralarda Teaser \u00e7ekimleri yap\u0131l\u0131yor. \u00a0Setten ilk g\u00f6r\u00fcnt\u00fc. oyuncular toplu halde.<\/p>\n<p><a href=\"http:\/\/balcilar-blog.com\/wp-content\/uploads\/2014\/08\/BvHSwMDCYAArbV3-MEDCES\u0130R.jpg\"><img loading=\"lazy\" decoding=\"async\" class=\"alignnone size-full wp-image-2921\" src=\"http:\/\/balcilar-blog.com\/wp-content\/uploads\/2014\/08\/BvHSwMDCYAArbV3-MEDCES\u0130R.jpg\" alt=\"BvHSwMDCYAArbV3 MEDCES\u0130R\" width=\"478\" height=\"303\" srcset=\"https:\/\/balcilar-blog.com\/wp-content\/uploads\/2014\/08\/BvHSwMDCYAArbV3-MEDCES\u0130R.jpg 478w, https:\/\/balcilar-blog.com\/wp-content\/uploads\/2014\/08\/BvHSwMDCYAArbV3-MEDCES\u0130R-300x190.jpg 300w\" sizes=\"auto, (max-width: 478px) 100vw, 478px\" \/><\/a><\/p>\n<p>Selim Serez a\u011f\u0131r yaral\u0131 olarak hastaneye kald\u0131r\u0131lacak. Yaman, \u00f6z babas\u0131 kadar sevdi\u011fi Selim Bey&#8217;in ba\u015f\u0131nda bu yaz\u0131 ge\u00e7irecek. \u0130zmir&#8217;e annesinin yan\u0131na gitmekten vazge\u00e7ecek. Karde\u015fi kadar sevdi\u011fi Mert&#8217;i de yaln\u0131z b\u0131rakmayacakt\u0131r.<\/p>\n<p>Mira daha \u00f6nce anne-babas\u0131n\u0131n karar\u0131 ile Amerika&#8217;ya gidecek. Bir m\u00fcddet sonra \u00e7ok sevdi\u011fi Yaman&#8217;a kavu\u015facakt\u0131r. Bu b\u00f6l\u00fcmde s\u00fcrpriz olarak Amerika \u00e7ekimleri de yer alacakt\u0131r.<\/p>\n<p>Bu y\u0131l\u0131n T\u00fcrkliye g\u00fczeli Amine G\u00fcl\u015fe Medcezir&#8217;e kat\u0131ld\u0131. Zengin bir k\u0131z olarak Yaman&#8217;\u0131n etraf\u0131nda dola\u015facak, Yaman&#8217;\u0131n kalbini hoplatacak. Mira&#8217;n\u0131n da tepesinin tas\u0131n\u0131 att\u0131racakt\u0131r. Bir m\u00fcddet Yaman-Mira gerginli\u011fi ya\u015fayaca\u011f\u0131z.<\/p>\n<p><a href=\"http:\/\/balcilar-blog.com\/wp-content\/uploads\/2014\/08\/BuwDC3xIAAAbCh5-yaman-mira.jpg\"><img loading=\"lazy\" decoding=\"async\" class=\"alignnone size-full wp-image-2926\" src=\"http:\/\/balcilar-blog.com\/wp-content\/uploads\/2014\/08\/BuwDC3xIAAAbCh5-yaman-mira.jpg\" alt=\"BuwDC3xIAAAbCh5 yaman-mira\" width=\"500\" height=\"337\" srcset=\"https:\/\/balcilar-blog.com\/wp-content\/uploads\/2014\/08\/BuwDC3xIAAAbCh5-yaman-mira.jpg 500w, https:\/\/balcilar-blog.com\/wp-content\/uploads\/2014\/08\/BuwDC3xIAAAbCh5-yaman-mira-300x202.jpg 300w\" sizes=\"auto, (max-width: 500px) 100vw, 500px\" \/><\/a><\/p>\n<p>\u00c7a\u011fatay Ulusoy ile Serenay Sar\u0131kaya ayr\u0131 ayr\u0131 da olsa bu yaz \u00e7ok g\u00fczel tatil yapt\u0131lar. Serenay Bodrum&#8217;da annesi ile birlikte uzun bir tatil yapt\u0131. \u00c7a\u011fatay da \u00f6nce Ayval\u0131k&#8217;da, daha sonra \u00c7e\u015fme&#8217;de g\u00fcn\u00fcn\u00fc g\u00fcn etti.<\/p>\n<p>Ay Yap\u0131m her iki ba\u015frol oyuncusunun \u00fccretlerini s\u00fcper zam yaparak \u00f6d\u00fcllendirdi. \u00c7a\u011fatay&#8217;\u0131n \u00fccreti 25 binden 40 bine, Serenay&#8217;\u0131n \u00fccreti de 20 binden 30 bine \u00e7\u0131kart\u0131ld\u0131. Bu \u00fccret dopingi ile yeni sezonda \u00e7ok g\u00fczel i\u015fer \u00e7\u0131kartacaklard\u0131r.<\/p>\n<p><a href=\"http:\/\/balcilar-blog.com\/wp-content\/uploads\/2014\/08\/Bu6zPKlIIAAna3G-MEDCEZ\u0130R-2.jpg\"><img loading=\"lazy\" decoding=\"async\" class=\"alignnone size-full wp-image-2931\" src=\"http:\/\/balcilar-blog.com\/wp-content\/uploads\/2014\/08\/Bu6zPKlIIAAna3G-MEDCEZ\u0130R-2.jpg\" alt=\"Bu6zPKlIIAAna3G MEDCEZ\u0130R 2\" width=\"600\" height=\"600\" srcset=\"https:\/\/balcilar-blog.com\/wp-content\/uploads\/2014\/08\/Bu6zPKlIIAAna3G-MEDCEZ\u0130R-2.jpg 600w, https:\/\/balcilar-blog.com\/wp-content\/uploads\/2014\/08\/Bu6zPKlIIAAna3G-MEDCEZ\u0130R-2-150x150.jpg 150w, https:\/\/balcilar-blog.com\/wp-content\/uploads\/2014\/08\/Bu6zPKlIIAAna3G-MEDCEZ\u0130R-2-300x300.jpg 300w\" sizes=\"auto, (max-width: 600px) 100vw, 600px\" \/><\/a><\/p>\n<p>Milyonca izleyici \u015fimdi muhtemelen 12 Eyl\u00fcl Cuma ak\u015fam\u0131 ba\u015flayacak olan Medcezir&#8217;in 39.b\u00f6l\u00fcm\u00fcn\u00fc Star ekranlar\u0131nda bekliyor. Yaman &#8211; Mira a\u015fk\u0131 kald\u0131\u011f\u0131 yerden devam edecek.<\/p>\n<p><a href=\"http:\/\/balcilar-blog.com\/wp-content\/uploads\/2014\/08\/Buve7fZCIAEu0wP-yaman.jpg\"><img loading=\"lazy\" decoding=\"async\" class=\"alignnone size-full wp-image-2925\" src=\"http:\/\/balcilar-blog.com\/wp-content\/uploads\/2014\/08\/Buve7fZCIAEu0wP-yaman.jpg\" alt=\"Buve7fZCIAEu0wP yaman\" width=\"538\" height=\"399\" srcset=\"https:\/\/balcilar-blog.com\/wp-content\/uploads\/2014\/08\/Buve7fZCIAEu0wP-yaman.jpg 538w, https:\/\/balcilar-blog.com\/wp-content\/uploads\/2014\/08\/Buve7fZCIAEu0wP-yaman-300x222.jpg 300w, https:\/\/balcilar-blog.com\/wp-content\/uploads\/2014\/08\/Buve7fZCIAEu0wP-yaman-210x155.jpg 210w\" sizes=\"auto, (max-width: 538px) 100vw, 538px\" \/><\/a><\/p>\n<p>Medcezir yeni sezonda gene Cuma ak\u015famlar\u0131n her iki kategoride reytinglerin birincisi olmaya aday. Fox Tv.in Karag\u00fcl dizisi Cumartesi&#8217;ye al\u0131nd\u0131, yeni dizisi Kiraz Mevsimi Cuma ak\u015fam\u0131nda Medcezir&#8217;in en ciddi rakibi gibi g\u00f6z\u00fck\u00fcyor.<\/p>\n<p>Medcezir&#8217;in yeni b\u00f6l\u00fcmlerinde, Star ekranlar\u0131nda bulu\u015fmak \u00fczere&#8230;<\/p>\n<p>Keyifli Seyirler.<\/p>\n<p>Sayg\u0131lar, sevgiler.<\/p>\n<p>Abdurrahman Balc\u0131lar<\/p>\n<p>Twitter: abdurrahman balc\u0131lar@abbalcilar<\/p>\n<p>Face : <a href=\"mailto:ab.balcilar@hotmail.com\">ab.balcilar@hotmail.com<\/a><\/p>\n<p>Blog: milliyet.com.tr\/cansever<\/p>\n<p>Blog: balcilar-blog.com<\/p>\n<p>Not: G\u00f6rseller internettenve Medcezir Twitter sayfas\u0131ndan kopyalanm\u0131\u015ft\u0131r<\/p>\n<p>&nbsp;<\/p>\n<p>Not: Burada yaz\u0131lan t\u00fcm yaz\u0131lar\u0131n elektronik imza ve zaman damgas\u0131 g\u00fcvencesi alt\u0131nda yasal haklar\u0131 korunmaktad\u0131r. Hi\u00e7bir \u015fekilde bas\u0131l\u0131 ya da elektronik bir ortamda (CD, \u0130nternet vs.) kaynak g\u00f6sterilmeksizin izin al\u0131nmadan kullan\u0131lmaz.<\/p>\n","protected":false},"excerpt":{"rendered":"<p>Medcezir, \u015fu g\u00fcnlerde yeni sezon 39.b\u00f6l\u00fcm \u00e7ekimleri ba\u015flad\u0131. Ge\u00e7ti\u011fimiz 13 Haziran Cuma ak\u015fam\u0131 38.b\u00f6l\u00fcm ile sezon finali yapm\u0131\u015f, oyuncular\u0131 ve t\u00fcm ekip iki ayl\u0131k bir tatile \u00e7\u0131km\u0131\u015flard\u0131. As\u0131m \u015fekip Kaya ile Sude Beylice&#8217;nin d\u00fc\u011f\u00fcn gecesinde istenmeyen olaylar olmu\u015ftu. Selim Serez ile Ender Serez \u00a0d\u00fc\u011f\u00fcne s\u00fcrpriz bir \u015fekilde gelen Sinan Bey y\u00fcz\u00fcnden kar\u0131-koca kavgas\u0131 etmi\u015fler. Oradan [&hellip;]<\/p>\n","protected":false},"author":3,"featured_media":0,"comment_status":"open","ping_status":"open","sticky":false,"template":"","format":"standard","meta":{"footnotes":""},"categories":[2],"tags":[26,15,29,16,339,27,25],"class_list":["post-2922","post","type-post","status-publish","format-standard","hentry","category-tv-programlari","tag-ay-yapim","tag-cagatay-ulusoy","tag-ece-yorenc","tag-medcezir","tag-mine-tugay","tag-serenay-sarikaya","tag-star-tv"],"views":7560,"blog_post_layout_featured_media_urls":{"thumbnail":"","full":""},"categories_names":{"2":{"name":"TV Programlar\u0131","link":"https:\/\/balcilar-blog.com\/?cat=2"}},"tags_names":{"26":{"name":"Ay Yap\u0131m","link":"https:\/\/balcilar-blog.com\/?tag=ay-yapim"},"15":{"name":"\u00e7a\u011fatay ulusoy","link":"https:\/\/balcilar-blog.com\/?tag=cagatay-ulusoy"},"29":{"name":"Ece Y\u00f6ren\u00e7","link":"https:\/\/balcilar-blog.com\/?tag=ece-yorenc"},"16":{"name":"medcezir","link":"https:\/\/balcilar-blog.com\/?tag=medcezir"},"339":{"name":"Mine Tugay","link":"https:\/\/balcilar-blog.com\/?tag=mine-tugay"},"27":{"name":"Serenay Sar\u0131kaya","link":"https:\/\/balcilar-blog.com\/?tag=serenay-sarikaya"},"25":{"name":"Star Tv","link":"https:\/\/balcilar-blog.com\/?tag=star-tv"}},"comments_number":"0","wpmagazine_modules_lite_featured_media_urls":{"thumbnail":"","cvmm-medium":"","cvmm-medium-plus":"","cvmm-portrait":"","cvmm-medium-square":"","cvmm-large":"","cvmm-small":"","full":""},"_links":{"self":[{"href":"https:\/\/balcilar-blog.com\/index.php?rest_route=\/wp\/v2\/posts\/2922","targetHints":{"allow":["GET"]}}],"collection":[{"href":"https:\/\/balcilar-blog.com\/index.php?rest_route=\/wp\/v2\/posts"}],"about":[{"href":"https:\/\/balcilar-blog.com\/index.php?rest_route=\/wp\/v2\/types\/post"}],"author":[{"embeddable":true,"href":"https:\/\/balcilar-blog.com\/index.php?rest_route=\/wp\/v2\/users\/3"}],"replies":[{"embeddable":true,"href":"https:\/\/balcilar-blog.com\/index.php?rest_route=%2Fwp%2Fv2%2Fcomments&post=2922"}],"version-history":[{"count":10,"href":"https:\/\/balcilar-blog.com\/index.php?rest_route=\/wp\/v2\/posts\/2922\/revisions"}],"predecessor-version":[{"id":2936,"href":"https:\/\/balcilar-blog.com\/index.php?rest_route=\/wp\/v2\/posts\/2922\/revisions\/2936"}],"wp:attachment":[{"href":"https:\/\/balcilar-blog.com\/index.php?rest_route=%2Fwp%2Fv2%2Fmedia&parent=2922"}],"wp:term":[{"taxonomy":"category","embeddable":true,"href":"https:\/\/balcilar-blog.com\/index.php?rest_route=%2Fwp%2Fv2%2Fcategories&post=2922"},{"taxonomy":"post_tag","embeddable":true,"href":"https:\/\/balcilar-blog.com\/index.php?rest_route=%2Fwp%2Fv2%2Ftags&post=2922"}],"curies":[{"name":"wp","href":"https:\/\/api.w.org\/{rel}","templated":true}]}}