{"id":29115,"date":"2024-06-10T20:14:32","date_gmt":"2024-06-10T17:14:32","guid":{"rendered":"https:\/\/balcilar-blog.com\/?p=29115"},"modified":"2024-06-10T21:24:57","modified_gmt":"2024-06-10T18:24:57","slug":"bu-adam-benim-babam-balci-kara-memed","status":"publish","type":"post","link":"https:\/\/balcilar-blog.com\/?p=29115","title":{"rendered":"Bu Adam Benim Babam &#8211; Balc\u0131 Kara Memed!"},"content":{"rendered":"<p><a href=\"https:\/\/balcilar-blog.com\/wp-content\/uploads\/2024\/06\/Resim-2.jpg\"><img loading=\"lazy\" decoding=\"async\" class=\"alignnone size-medium wp-image-29116\" src=\"https:\/\/balcilar-blog.com\/wp-content\/uploads\/2024\/06\/Resim-2-205x300.jpg\" alt=\"\" width=\"205\" height=\"300\" srcset=\"https:\/\/balcilar-blog.com\/wp-content\/uploads\/2024\/06\/Resim-2-205x300.jpg 205w, https:\/\/balcilar-blog.com\/wp-content\/uploads\/2024\/06\/Resim-2.jpg 437w\" sizes=\"auto, (max-width: 205px) 100vw, 205px\" \/><\/a><\/p>\n<div dir=\"auto\"><span style=\"color: #ff0000\"><strong>BU ADAM BEN\u0130M BABAM\u00a0<\/strong><\/span><\/div>\n<div dir=\"auto\"><strong>Ba\u015f\u0131nda sekiz k\u00f6\u015fe kasketi, a\u011fz\u0131nda sigaras\u0131, elinde Tesbih, \u0130ngiliz K\u00fclot pantolonu, K\u00f6r\u00fckl\u00fc \u00e7izmeleri ile tam 25 ya\u015f\u0131nda (1947), filinta gibi&#8230; Bu adam benim Babam! Balc\u0131 Kara Memed.<\/strong><\/div>\n<div dir=\"auto\"><\/div>\n<div dir=\"auto\">Bu foto\u011fraf\u0131 ve yaz\u0131y\u0131 Facabook&#8217;tan bir hafta \u00f6nce payla\u015fm\u0131\u015ft\u0131m. Takip\u00e7ilerimden 103 ki\u015fi taraf\u0131ndan t\u0131kland\u0131.<\/div>\n<div dir=\"auto\">Halk m\u00fczi\u011fi sanat\u00e7\u0131s\u0131 <span style=\"color: #0000ff\"><strong>Fatih K\u0131saparmak<\/strong><\/span>&#8216;\u0131n bilenler bilir, dinlemi\u015fsinizdir. &#8216;<span style=\"color: #0000ff\">Bu Adam<\/span>&#8216; t\u00fcrk\u00fcs\u00fc vard\u0131r. Dinler, rahmetli babam\u0131 hat\u0131rlar, duygu dolu anlar ya\u015far\u0131m. O t\u00fcrk\u00fcden esinlenmi\u015f, elime ge\u00e7en gen\u00e7lik resminin alt\u0131na yazm\u0131\u015ft\u0131m.<\/div>\n<div dir=\"auto\"><\/div>\n<div dir=\"auto\"><span style=\"color: #0000ff\"><strong>Fatih K\u0131saparmak T\u00fcrk\u00fcs\u00fc s\u00f6zleri<\/strong><\/span><\/div>\n<div dir=\"auto\">\n<p>Bu adam benim babam, sekiz k\u00f6\u015fe kasketiyle,<br \/>\nOmuzunda sakosuyla hey hey<br \/>\nCebinde yok paras\u0131, Bafrad\u0131r c\u0131garas\u0131,<br \/>\nY\u00fcre\u011findedir yaras\u0131<br \/>\nAlt\u0131 \u00e7ocuk b\u00fcy\u00fctm\u00fc\u015f bir i\u015f\u00e7i maa\u015f\u0131yla<br \/>\nBu adam benim babam hey.<\/p>\n<p>A\u011flama benim babam,<br \/>\nA\u011flama na\u00e7ar babam<br \/>\nKara g\u00fcn ge\u00e7er babam hey<br \/>\nBir kap\u0131y\u0131 kapayan gene a\u00e7ar babam<br \/>\nA\u011flama benim babam hey<br \/>\n( Allah b\u00fcy\u00fck babam hey ) Devam edip gider.<\/p>\n<p><span style=\"color: #ff0000\"><strong>BURADA SIRASI GELM\u0130\u015eKEN BABAMIN HAYATINI KISACA ANLATMAK \u0130ST\u0130YORUM<\/strong><\/span><\/p>\n<p><a href=\"https:\/\/balcilar-blog.com\/wp-content\/uploads\/2024\/06\/M.BALCI_.jpg\"><img loading=\"lazy\" decoding=\"async\" class=\"alignnone size-medium wp-image-29120\" src=\"https:\/\/balcilar-blog.com\/wp-content\/uploads\/2024\/06\/M.BALCI_-232x300.jpg\" alt=\"\" width=\"232\" height=\"300\" srcset=\"https:\/\/balcilar-blog.com\/wp-content\/uploads\/2024\/06\/M.BALCI_-232x300.jpg 232w, https:\/\/balcilar-blog.com\/wp-content\/uploads\/2024\/06\/M.BALCI_.jpg 480w\" sizes=\"auto, (max-width: 232px) 100vw, 232px\" \/><\/a><\/p>\n<p>Veli &#8211; Han\u0131m o\u011flu Mehmet Mart 1922 y\u0131l\u0131nda Da\u011fyeni k\u00f6y\u00fcnde do\u011fmu\u015ftur. 6 karde\u015flerdir. 5 erkek karde\u015fim en b\u00fcy\u00fc\u011f\u00fcd\u00fcr. Arada \u015e\u00fck\u00fcrnaz Halam 1934 do\u011fumlu olup, gen\u00e7 ya\u015fta 6 ayl\u0131k gelin iken 1956 y\u0131l\u0131nda \u00f6lm\u00fc\u015ft\u00fcr.<\/p>\n<p>5 gen\u00e7 ; ne i\u015f yapar 1950 y\u0131llarda Veli dedem rahmetli Kiremit Oca\u011f\u0131 a\u00e7m\u0131\u015ft\u0131r. \u00c7at\u0131 i\u00e7in oluklu eski tip kiremit, Duvar i\u00e7in dolu tu\u011fla imalat\u0131na ba\u015flam\u0131\u015flar. \u00c7al\u0131\u015fm\u0131\u015flar, \u00e7al\u0131\u015fm\u0131\u015flar.<\/p>\n<p>Babam askerden gelince annem (sevdi\u011fi k\u0131z Emine) ba\u015fkas\u0131 ile ni\u015fanlanm\u0131\u015f. Babam onu ka\u00e7\u0131rmak zorunda kalm\u0131\u015ft\u0131r. Bu nedenle hapis yatm\u0131\u015flar,\u00a0 annem a\u011fabeyim \u015eerafettin&#8217;i hapishanede do\u011furdu\u011fu s\u00f6ylenir.<\/p>\n<p>\u00c7ok s\u0131k\u0131nt\u0131l\u0131 g\u00fcnleri ge\u00e7mi\u015f, Ayr\u0131da\u011f&#8217;da Germencik&#8217;li Durmu\u015f Ali dedenin \u0130ncir bah\u00e7esinde senelerce Kantarc\u0131l\u0131k yapm\u0131\u015flard\u0131r. Ben o y\u0131llarda k\u00fc\u00e7\u00fck \u00e7ocuktum, \u00e7ok az hat\u0131rl\u0131yorum. Akl\u0131mda kalan Durmu\u015f Ali Dede ak beygiri \u00fcst\u00fcnde A\u011fustos-Eyl\u00fcl aylar\u0131nda Germencik&#8217;ten gelirdi. Ak sakall\u0131 nur y\u00fczl\u00fc bir adamd\u0131. Beni sevmek ister, ben korkar ka\u00e7ard\u0131m. 1958 y\u0131l\u0131nda Yaranderesi&#8217;deki kendi incir bah\u00e7emizi dikmi\u015f, yeti\u015fmesi ile oraya g\u00f6\u00e7m\u00fc\u015f\u00fczd\u00fcr.<\/p>\n<p>27 May\u0131s 1960 ihtilali yaz\u0131yd\u0131. Yaranderesi&#8217;ndeki bah\u00e7e evimizde A\u011fustos ay\u0131 sonlar\u0131na pilli masa radyomuzdan ak\u015fam haberlerini dinliyoruz. Babam koyu bir Adnan Menderes hayran\u0131 ve Adalet partili idi. Yass\u0131 Ada yarg\u0131lama haberlerini duygulanarak izlerdi.<\/p>\n<p><a href=\"https:\/\/balcilar-blog.com\/wp-content\/uploads\/2024\/06\/448136478_10220014036939948_2022061973321699576_n-555.jpg\"><img loading=\"lazy\" decoding=\"async\" class=\"alignnone size-medium wp-image-29125\" src=\"https:\/\/balcilar-blog.com\/wp-content\/uploads\/2024\/06\/448136478_10220014036939948_2022061973321699576_n-555-300x280.jpg\" alt=\"\" width=\"300\" height=\"280\" srcset=\"https:\/\/balcilar-blog.com\/wp-content\/uploads\/2024\/06\/448136478_10220014036939948_2022061973321699576_n-555-300x280.jpg 300w, https:\/\/balcilar-blog.com\/wp-content\/uploads\/2024\/06\/448136478_10220014036939948_2022061973321699576_n-555-340x316.jpg 340w, https:\/\/balcilar-blog.com\/wp-content\/uploads\/2024\/06\/448136478_10220014036939948_2022061973321699576_n-555.jpg 515w\" sizes=\"auto, (max-width: 300px) 100vw, 300px\" \/><\/a><\/p>\n<p>Babam g\u00fcnd\u00fczleri omuzunda kantar\u0131 ile \u0130ncir bah\u00e7elerini dola\u015f\u0131r kuru \u0130ncir al\u0131rd\u0131. Germencik&#8217;li \u0130stanbul Ak\u0131\u015flar firmas\u0131 i\u00e7in yapard\u0131 bu i\u015fi. Ben de yan\u0131nda dola\u015f\u0131r, Germencik&#8217;ten gelen Deve Kervan\u0131na bu ,incir \u00e7uvallar\u0131n\u0131n y\u00fcklemesinin yap\u0131lmas\u0131n\u0131 sa\u011flard\u0131m.<\/p>\n<p>Germencik Orta Okulunda okuyordum. \u00c7amk\u00f6yl\u00fc Sefa Kabaday\u0131 ile bir evde kal\u0131rd\u0131k. Is\u0131nma i\u00e7in k\u0131\u015f g\u00fcnlerinden k\u00f6yden e\u015fek s\u0131rt\u0131nda odun getirirdi. O nedenle babam\u0131n hakk\u0131n\u0131 \u00f6deyemem. K\u0131\u015f aylar\u0131nda Ortaklar Mehmet Delgen zeytinya\u011f\u0131 i\u015fletmesi i\u00e7in zeytin al\u0131rd\u0131. Mehmet Delgen ile \u00e7ok \u00f6zel dostlu\u011fu vard\u0131. Delgen babam\u0131 \u00e7ok sever, Balc\u0131 diye hitap ederdi. Babam Delgen ile bu dostlu\u011fundan dolay\u0131 A\u011fabeyim \u015eerafettin&#8217;in iki o\u011flu torununa, Mehmet Delgen&#8217;in 2 o\u011flunun ad\u0131n\u0131 vermi\u015ftir.\u00a0 Metin ve \u00c7etin.<\/p>\n<p>\u00c7avdar H\u00fcseyin Efe ile iyi bir dost ve arkada\u015ft\u0131. Onun muhtarl\u0131\u011f\u0131nda yan\u0131nda azal\u0131k yapm\u0131\u015ft\u0131r.<\/p>\n<p>&nbsp;<\/p>\n<p><a href=\"https:\/\/balcilar-blog.com\/wp-content\/uploads\/2024\/06\/M.BALCI-2.jpg\"><img loading=\"lazy\" decoding=\"async\" class=\"alignnone size-medium wp-image-29121\" src=\"https:\/\/balcilar-blog.com\/wp-content\/uploads\/2024\/06\/M.BALCI-2-300x207.jpg\" alt=\"\" width=\"300\" height=\"207\" srcset=\"https:\/\/balcilar-blog.com\/wp-content\/uploads\/2024\/06\/M.BALCI-2-300x207.jpg 300w, https:\/\/balcilar-blog.com\/wp-content\/uploads\/2024\/06\/M.BALCI-2.jpg 640w\" sizes=\"auto, (max-width: 300px) 100vw, 300px\" \/><\/a><\/p>\n<p>Annem Emine ile birlikte. O kadar ince d\u00fc\u015f\u00fcnceliydi ve beyefendi bir adamd\u0131. Yakas\u0131nda hep bir \u00e7i\u00e7ek takard\u0131.<\/p>\n<p><a href=\"https:\/\/balcilar-blog.com\/wp-content\/uploads\/2024\/06\/448183545_10220014016339433_4646411906747302372_n22.jpg\"><img loading=\"lazy\" decoding=\"async\" class=\"alignnone size-medium wp-image-29122\" src=\"https:\/\/balcilar-blog.com\/wp-content\/uploads\/2024\/06\/448183545_10220014016339433_4646411906747302372_n22-300x218.jpg\" alt=\"\" width=\"300\" height=\"218\" srcset=\"https:\/\/balcilar-blog.com\/wp-content\/uploads\/2024\/06\/448183545_10220014016339433_4646411906747302372_n22-300x218.jpg 300w, https:\/\/balcilar-blog.com\/wp-content\/uploads\/2024\/06\/448183545_10220014016339433_4646411906747302372_n22-130x95.jpg 130w, https:\/\/balcilar-blog.com\/wp-content\/uploads\/2024\/06\/448183545_10220014016339433_4646411906747302372_n22.jpg 640w\" sizes=\"auto, (max-width: 300px) 100vw, 300px\" \/><\/a><\/p>\n<p>1977 y\u0131l\u0131nda benim evlili\u011fimi g\u00f6rd\u00fc.<\/p>\n<p>Laf\u0131 uzatmak istemiyorum. Bu iyi insan babam, Balc\u0131 Kara Memedi 1986 y\u0131l\u0131 kas\u0131m ay\u0131 ba\u015f\u0131nda \u00e7ok gen\u00e7 ya\u015fta, geniz kanseri hastal\u0131\u011f\u0131ndan kaybettik. 63 ya\u015f\u0131nda kaybettik.<\/p>\n<p>Ne yapsam, beni orta-Lise ve \u00dcniversite okutan babam\u0131n hakk\u0131n\u0131 \u00f6deyemem.<\/p>\n<p>Allah rahmet eylesin, topra\u011f\u0131 bol olsun.<\/p>\n<p>Abdurrahman Balc\u0131lar<\/p>\n<\/div>\n<div dir=\"auto\"><\/div>\n","protected":false},"excerpt":{"rendered":"<p>BU ADAM BEN\u0130M BABAM\u00a0 Ba\u015f\u0131nda sekiz k\u00f6\u015fe kasketi, a\u011fz\u0131nda sigaras\u0131, elinde Tesbih, \u0130ngiliz K\u00fclot pantolonu, K\u00f6r\u00fckl\u00fc \u00e7izmeleri ile tam 25 ya\u015f\u0131nda (1947), filinta gibi&#8230; Bu adam benim Babam! Balc\u0131 Kara Memed. Bu foto\u011fraf\u0131 ve yaz\u0131y\u0131 Facabook&#8217;tan bir hafta \u00f6nce payla\u015fm\u0131\u015ft\u0131m. Takip\u00e7ilerimden 103 ki\u015fi taraf\u0131ndan t\u0131kland\u0131. Halk m\u00fczi\u011fi sanat\u00e7\u0131s\u0131 Fatih K\u0131saparmak&#8216;\u0131n bilenler bilir, dinlemi\u015fsinizdir. &#8216;Bu Adam&#8216; [&hellip;]<\/p>\n","protected":false},"author":3,"featured_media":29116,"comment_status":"open","ping_status":"closed","sticky":false,"template":"","format":"standard","meta":{"footnotes":""},"categories":[1],"tags":[2599,342,2598],"class_list":["post-29115","post","type-post","status-publish","format-standard","has-post-thumbnail","hentry","category-genel","tag-fatih-kisaparmak","tag-mehmet-balcilar","tag-mehmet-delgen"],"views":1814,"blog_post_layout_featured_media_urls":{"thumbnail":["https:\/\/balcilar-blog.com\/wp-content\/uploads\/2024\/06\/Resim-2-150x150.jpg",150,150,true],"full":["https:\/\/balcilar-blog.com\/wp-content\/uploads\/2024\/06\/Resim-2.jpg",437,640,false]},"categories_names":{"1":{"name":"Genel","link":"https:\/\/balcilar-blog.com\/?cat=1"}},"tags_names":{"2599":{"name":"Fatih K\u0131saparmak","link":"https:\/\/balcilar-blog.com\/?tag=fatih-kisaparmak"},"342":{"name":"Mehmet Balc\u0131lar","link":"https:\/\/balcilar-blog.com\/?tag=mehmet-balcilar"},"2598":{"name":"Mehmet Delgen","link":"https:\/\/balcilar-blog.com\/?tag=mehmet-delgen"}},"comments_number":"0","wpmagazine_modules_lite_featured_media_urls":{"thumbnail":["https:\/\/balcilar-blog.com\/wp-content\/uploads\/2024\/06\/Resim-2-150x150.jpg",150,150,true],"cvmm-medium":["https:\/\/balcilar-blog.com\/wp-content\/uploads\/2024\/06\/Resim-2-300x300.jpg",300,300,true],"cvmm-medium-plus":["https:\/\/balcilar-blog.com\/wp-content\/uploads\/2024\/06\/Resim-2-305x207.jpg",305,207,true],"cvmm-portrait":["https:\/\/balcilar-blog.com\/wp-content\/uploads\/2024\/06\/Resim-2-400x600.jpg",400,600,true],"cvmm-medium-square":["https:\/\/balcilar-blog.com\/wp-content\/uploads\/2024\/06\/Resim-2-437x600.jpg",437,600,true],"cvmm-large":["https:\/\/balcilar-blog.com\/wp-content\/uploads\/2024\/06\/Resim-2.jpg",437,640,false],"cvmm-small":["https:\/\/balcilar-blog.com\/wp-content\/uploads\/2024\/06\/Resim-2-130x95.jpg",130,95,true],"full":["https:\/\/balcilar-blog.com\/wp-content\/uploads\/2024\/06\/Resim-2.jpg",437,640,false]},"_links":{"self":[{"href":"https:\/\/balcilar-blog.com\/index.php?rest_route=\/wp\/v2\/posts\/29115","targetHints":{"allow":["GET"]}}],"collection":[{"href":"https:\/\/balcilar-blog.com\/index.php?rest_route=\/wp\/v2\/posts"}],"about":[{"href":"https:\/\/balcilar-blog.com\/index.php?rest_route=\/wp\/v2\/types\/post"}],"author":[{"embeddable":true,"href":"https:\/\/balcilar-blog.com\/index.php?rest_route=\/wp\/v2\/users\/3"}],"replies":[{"embeddable":true,"href":"https:\/\/balcilar-blog.com\/index.php?rest_route=%2Fwp%2Fv2%2Fcomments&post=29115"}],"version-history":[{"count":5,"href":"https:\/\/balcilar-blog.com\/index.php?rest_route=\/wp\/v2\/posts\/29115\/revisions"}],"predecessor-version":[{"id":29128,"href":"https:\/\/balcilar-blog.com\/index.php?rest_route=\/wp\/v2\/posts\/29115\/revisions\/29128"}],"wp:featuredmedia":[{"embeddable":true,"href":"https:\/\/balcilar-blog.com\/index.php?rest_route=\/wp\/v2\/media\/29116"}],"wp:attachment":[{"href":"https:\/\/balcilar-blog.com\/index.php?rest_route=%2Fwp%2Fv2%2Fmedia&parent=29115"}],"wp:term":[{"taxonomy":"category","embeddable":true,"href":"https:\/\/balcilar-blog.com\/index.php?rest_route=%2Fwp%2Fv2%2Fcategories&post=29115"},{"taxonomy":"post_tag","embeddable":true,"href":"https:\/\/balcilar-blog.com\/index.php?rest_route=%2Fwp%2Fv2%2Ftags&post=29115"}],"curies":[{"name":"wp","href":"https:\/\/api.w.org\/{rel}","templated":true}]}}