{"id":291,"date":"2014-03-01T18:18:38","date_gmt":"2014-03-01T16:18:38","guid":{"rendered":"http:\/\/balcilar-blog.com\/?p=291"},"modified":"2014-03-03T09:51:11","modified_gmt":"2014-03-03T07:51:11","slug":"cagatay-ulusoy-serenay-sarikaya-geceyarisi-corba-keyfi","status":"publish","type":"post","link":"https:\/\/balcilar-blog.com\/?p=291","title":{"rendered":"\u00c7a\u011fatay Ulusoy &#8211; Serenay Sar\u0131kaya geceyar\u0131s\u0131 \u00e7orba keyfi!"},"content":{"rendered":"<p><img decoding=\"async\" alt=\"photo\" src=\"http:\/\/s.acunn.com\/upload\/galeri\/2_7557652015311610bbb510.jpg\" \/><\/p>\n<h1 itemprop=\"name\"><\/h1>\n<p>\u00c7a\u011fatay Ulusoy ve Serenay Sar\u0131kaya Medcezir&#8217;deki dizi a\u015fklar\u0131yla g\u00fcndeme geldiler. Daha sonra bu a\u015fk\u0131 \u00f6zel hayatlar\u0131na da ta\u015f\u0131d\u0131r. Bu a\u015fk\u0131 bas\u0131ndan ve sevenlerinden saklamak isteseler de, ba\u015faramad\u0131lar. Her f\u0131rsatta yalanlad\u0131lar, sorulan sorulara cevaps\u0131z b\u0131rakt\u0131lar. Ge\u00e7ti\u011fimiz hafta bir arkada\u015flar\u0131n\u0131n do\u011fum g\u00fcn\u00fc partisine kat\u0131lm\u0131\u015flar, bu mekandan ayr\u0131 ayr\u0131 \u00e7\u0131km\u0131\u015flard\u0131. \u00d6nceki gece ilk kez yan yana g\u00f6r\u00fcnt\u00fclendiler.\u00a0 Etiler&#8217;de \u00c7orbac\u0131 Sar\u0131han Gusto&#8217;da ba\u015f ba\u015fa yemek yiyip, \u00e7orba i\u00e7en iki sevgili, sabaha kar\u015f\u0131 04,30 da mekan\u0131 \u00a0terk etmi\u015fler.\u00a0 \u00c7\u0131k\u0131\u015fta da g\u00f6r\u00fcnt\u00fclenmi\u015fler. \u00c7a\u011fatay Ulusoy&#8217;un ba\u015f\u0131nda her zaman olu\u011fu gibi me\u015fhur \u015fapkas\u0131 vard\u0131. Tan\u0131nmamak i\u00e7in mi takt\u0131, yoksa uzun sa\u00e7lar\u0131n\u0131 korumak i\u00e7in mi bilmiyoruz. Serenay Sar\u0131kaya&#8217;ya g\u00f6re son derece \u015f\u0131k olan \u00c7a\u011fatay, \u015fapkas\u0131ndan ayakkab\u0131s\u0131na kadar renkler \u00e7ok uyumluydu.<\/p>\n<p><img decoding=\"async\" alt=\"photo\" src=\"http:\/\/s.acunn.com\/upload\/galeri\/1_16550169805311610b32815.jpg\" \/><\/p>\n<p>&nbsp;<\/p>\n<p><em>Lokanta\u00a0g\u00f6revlilerinin bas\u0131n var, foto\u011fraflar\u0131n\u0131z\u0131 \u00e7ekiyorlar demesi \u00fczerine \u00e7ok ne\u015feli olan \u00e7ift, bilhassa \u00c7a\u011fatay&#8217;\u0131n surat\u0131 as\u0131lm\u0131\u015f. Yeni ald\u0131\u011f\u0131 Mersedes\u00a0G 500 marka 2.el jeepi ile\u00a0Etiler&#8217;den ayr\u0131lm\u0131\u015flar. Sorulan sorulara cevaps\u0131z b\u0131rakan \u00e7ift sadece &#8220;\u0130yi ak\u015famlar&#8221; deyip gittiler.\u00a0<\/em><\/p>\n<p><img decoding=\"async\" alt=\"photo\" src=\"http:\/\/s.acunn.com\/upload\/galeri\/3_5841015365311610c2f7c7.jpg\" \/><\/p>\n<p>B\u00f6ylece ilk defa \u00c7a\u011fatay Ulusoy &#8211; Seranay Sar\u0131kaya birlikte yakalanm\u0131\u015f oldular. Her ne kadar Ay Yap\u0131m&#8217;\u0131n patronu Kerem \u00c7atay bas\u0131na malzeme olmaktan ka\u00e7\u0131nmalar\u0131n\u0131 istese de olmad\u0131.<\/p>\n<p>\u00c7a\u011fatay Ulusoy&#8217;un ge\u00e7mi\u015f y\u0131llarda canl\u0131 bir r\u00f6portajda sarf etti\u011fi bir s\u00f6z\u00fc var, yenilir yutulur gibi de\u011fildir. &#8220;Allah belam\u0131 versin bu \u00e7evreden biriyle ili\u015fki ya\u015famam&#8221;\u00a0 demi\u015fti. Bu ne demek sen dizi \u00e7evrenden, hem de\u00a0rol arkada\u015f\u0131nla bir aradas\u0131n.\u00a0 Sevdiklerin nazar\u0131nda bir hayli puan kaybettin. E\u011fer bir yerlere gelmek istiyorsan, \u015f\u00f6hretin bedelini \u00f6demelisin. \u015e\u00f6hret fedakarl\u0131k ister. Unutma&#8230;<\/p>\n<p>Not: G\u00f6rseller internetten al\u0131nm\u0131\u015ft\u0131r.<\/p>\n<h1 itemprop=\"name\"><\/h1>\n","protected":false},"excerpt":{"rendered":"<p>\u00c7a\u011fatay Ulusoy ve Serenay Sar\u0131kaya Medcezir&#8217;deki dizi a\u015fklar\u0131yla g\u00fcndeme geldiler. Daha sonra bu a\u015fk\u0131 \u00f6zel hayatlar\u0131na da ta\u015f\u0131d\u0131r. Bu a\u015fk\u0131 bas\u0131ndan ve sevenlerinden saklamak isteseler de, ba\u015faramad\u0131lar. Her f\u0131rsatta yalanlad\u0131lar, sorulan sorulara cevaps\u0131z b\u0131rakt\u0131lar. Ge\u00e7ti\u011fimiz hafta bir arkada\u015flar\u0131n\u0131n do\u011fum g\u00fcn\u00fc partisine kat\u0131lm\u0131\u015flar, bu mekandan ayr\u0131 ayr\u0131 \u00e7\u0131km\u0131\u015flard\u0131. \u00d6nceki gece ilk kez yan yana g\u00f6r\u00fcnt\u00fclendiler.\u00a0 Etiler&#8217;de [&hellip;]<\/p>\n","protected":false},"author":3,"featured_media":0,"comment_status":"open","ping_status":"open","sticky":false,"template":"","format":"standard","meta":{"footnotes":""},"categories":[7],"tags":[15,39,27],"class_list":["post-291","post","type-post","status-publish","format-standard","hentry","category-magazin","tag-cagatay-ulusoy","tag-kerem-catay","tag-serenay-sarikaya"],"views":4052,"blog_post_layout_featured_media_urls":{"thumbnail":"","full":""},"categories_names":{"7":{"name":"Magazin","link":"https:\/\/balcilar-blog.com\/?cat=7"}},"tags_names":{"15":{"name":"\u00e7a\u011fatay ulusoy","link":"https:\/\/balcilar-blog.com\/?tag=cagatay-ulusoy"},"39":{"name":"Kerem \u00c7atay","link":"https:\/\/balcilar-blog.com\/?tag=kerem-catay"},"27":{"name":"Serenay Sar\u0131kaya","link":"https:\/\/balcilar-blog.com\/?tag=serenay-sarikaya"}},"comments_number":"0","wpmagazine_modules_lite_featured_media_urls":{"thumbnail":"","cvmm-medium":"","cvmm-medium-plus":"","cvmm-portrait":"","cvmm-medium-square":"","cvmm-large":"","cvmm-small":"","full":""},"_links":{"self":[{"href":"https:\/\/balcilar-blog.com\/index.php?rest_route=\/wp\/v2\/posts\/291","targetHints":{"allow":["GET"]}}],"collection":[{"href":"https:\/\/balcilar-blog.com\/index.php?rest_route=\/wp\/v2\/posts"}],"about":[{"href":"https:\/\/balcilar-blog.com\/index.php?rest_route=\/wp\/v2\/types\/post"}],"author":[{"embeddable":true,"href":"https:\/\/balcilar-blog.com\/index.php?rest_route=\/wp\/v2\/users\/3"}],"replies":[{"embeddable":true,"href":"https:\/\/balcilar-blog.com\/index.php?rest_route=%2Fwp%2Fv2%2Fcomments&post=291"}],"version-history":[{"count":9,"href":"https:\/\/balcilar-blog.com\/index.php?rest_route=\/wp\/v2\/posts\/291\/revisions"}],"predecessor-version":[{"id":328,"href":"https:\/\/balcilar-blog.com\/index.php?rest_route=\/wp\/v2\/posts\/291\/revisions\/328"}],"wp:attachment":[{"href":"https:\/\/balcilar-blog.com\/index.php?rest_route=%2Fwp%2Fv2%2Fmedia&parent=291"}],"wp:term":[{"taxonomy":"category","embeddable":true,"href":"https:\/\/balcilar-blog.com\/index.php?rest_route=%2Fwp%2Fv2%2Fcategories&post=291"},{"taxonomy":"post_tag","embeddable":true,"href":"https:\/\/balcilar-blog.com\/index.php?rest_route=%2Fwp%2Fv2%2Ftags&post=291"}],"curies":[{"name":"wp","href":"https:\/\/api.w.org\/{rel}","templated":true}]}}